{"id":89486,"date":"2025-10-09T00:19:01","date_gmt":"2025-10-08T22:19:01","guid":{"rendered":"https:\/\/www.infokuryr.cz\/n\/?p=89486"},"modified":"2025-10-08T13:13:21","modified_gmt":"2025-10-08T11:13:21","slug":"jiri-paroubek-esence-nenavisti-po-prohranych-volbach","status":"publish","type":"post","link":"https:\/\/www.infokuryr.cz\/n\/2025\/10\/09\/jiri-paroubek-esence-nenavisti-po-prohranych-volbach\/","title":{"rendered":"Ji\u0159\u00ed Paroubek: Esence nen\u00e1visti po prohran\u00fdch volb\u00e1ch"},"content":{"rendered":"<div id=\"fb-root\"><\/div>\n<p><strong>Samoz\u0159ejm\u011b, \u017ee m\u00e1m na mysli n\u011bkter\u00e9 nen\u00e1vistn\u00e9 v\u00fdroky politik\u016f a p\u0159\u00edznivc\u016f pravice, kter\u00e9 se objevily v m\u00e9di\u00edch ihned po vyhl\u00e1\u0161en\u00ed v\u00fdsledk\u016fm voleb. Takov\u00fdm standardn\u00edm nositelem esence nen\u00e1visti a jedn\u00edm z hlavn\u00edch politick\u00fdch \u010dinitel\u016f, kte\u0159\u00ed v posledn\u00edch 20 letech prohlubovali p\u0159\u00edkopy mezi jednotliv\u00fdmi \u010d\u00e1stmi rozd\u011blen\u00e9 \u010desk\u00e9 spole\u010dnosti, je dne\u0161n\u00ed sen\u00e1torka N\u011bmcov\u00e1. Ne nadarmo t\u00e9to absolventce st\u0159edn\u00ed knihovnick\u00e9 \u0161koly n\u011bkte\u0159\u00ed ve sn\u011bmovn\u011b \u0159\u00edkali Ilza Koch pro jej\u00ed \u00fato\u010dnou jedovatost a n\u011bkdy i v\u00fdrazovou brutalitu.<\/strong><\/p>\n<p style=\"font-weight: 400;\">Tu projevila i tentokr\u00e1t, kdy\u017e se vyj\u00e1d\u0159ila, \u017ee by se \u0161t\u00edtila dotknout (rozum\u011bj: podat ruku) Tomio Okamury. Myslela t\u00edm mo\u017enost, \u017ee\u00a0 T. Okamura by se stal p\u0159edsedou Poslaneck\u00e9 sn\u011bmovny. A ona by byla teoreticky zvolenou poslankyn\u00ed a skl\u00e1dala by slib do rukou p\u0159edsedy Poslaneck\u00e9 sn\u011bmovny. To se v\u0161ak nestane, proto\u017ee pan\u00ed sen\u00e1torka je dob\u0159e up\u00edchnut\u00e1 v Sen\u00e1tu, pob\u00edr\u00e1 tam hezk\u00fd plat a je tam jako na rekreaci. Na rozd\u00edl od n\u00ed, kter\u00e1 politick\u00fdm protivn\u00edk\u016fm nep\u0159eje, j\u00e1 j\u00ed to p\u0159eji.\u00a0 Vyj\u00e1d\u0159en\u00ed, kter\u00e9 poskytla m\u00e9di\u00edm pr\u00e1v\u011b dlouholet\u00e1 sen\u00e1torka a jedna z tv\u00e1\u0159\u00ed ODS, a to a\u0165 ODS chce nebo nechce, je nechutn\u00e9 a prost\u011b fujtajbl. U pan\u00ed sen\u00e1torky ostatn\u011b takov\u00fdto v\u00fdron prav\u00fdch cit\u016f nen\u00ed poprv\u00e9.\u00a0 Pokud dopadnou volby pro ODS, respektive pravici jinak ne\u017eli ona o\u010dek\u00e1vala, za\u010dne \u0159\u00e1dit. Setkal jsem se s t\u00edm konec konc\u016f i j\u00e1 osobn\u011b po volb\u00e1ch do sn\u011bmovny v roce 2006, kdy se do jej\u00edho ryze osobn\u00edho \u00fatoku v\u016f\u010di mn\u011b prom\u00edtlo ohromn\u00e9 zklam\u00e1n\u00ed z v\u00fdsledku voleb do sn\u011bmovny, kter\u00e9 neskon\u010dily grandi\u00f3zn\u00edm v\u00edt\u011bzstv\u00edm ODS, jak ona si p\u0159edstavovala, ale rem\u00edzou. Zkr\u00e1tka, je to ryt\u00ed\u0159ka smutn\u00e9 postavy a smutn\u00fdch politick\u00fdch n\u00e1zor\u016f.<\/p>\n<p style=\"font-weight: 400;\">\u00a0Jin\u00fd frustrovan\u00fd &#8222;hrdina&#8220;\u00a0 za\u00fato\u010dil na ne\u00fasp\u011b\u0161n\u011b kandiduj\u00edc\u00ed p\u0159edsedkyni SocDem Mal\u00e1\u010dovou tak hrub\u00fdmi slovy, \u017ee se to opravdu \u0161t\u00edt\u00edm p\u0159epsat do sv\u00e9ho \u010dl\u00e1nku Je to hnus. A up\u0159\u00edmn\u011b \u0159e\u010deno: u lid\u00ed, kte\u0159\u00ed maj\u00ed tak siln\u011b\u00a0 komunisto\u017eroutsk\u00e9 n\u00e1zory jako je pr\u00e1v\u011b Etzler,\u00a0 se nab\u00edz\u00ed\u00a0 ot\u00e1zka, jestli pr\u00e1v\u011b on byl schopen p\u0159ed\u00e1vat objektivn\u00ed informace z \u010c\u00edny jako dlouholet\u00fd zpravodaj \u010cT v t\u00e9to zemi, proto\u017ee byl nutn\u011b determinov\u00e1n sv\u00fdmi n\u00e1zory.\u00a0 \u00a0A proto si \u0159ada na\u0161ich ob\u010dan\u016f\u00a0 dodnes mysl\u00ed, \u017ee \u010c\u00edna je zaostalou rozvojovou zem\u00ed, zat\u00edmco ona je v \u0159ad\u011b sm\u011br\u016f ve sv\u011bt\u011b technologickou \u0161pi\u010dkou. Chov\u00e1n\u00ed takov\u00fdchto lid\u00ed v\u016f\u010di politik\u016fm z jin\u00e9ho politick\u00e9ho t\u00e1bora je prost\u011b nep\u0159ijateln\u00e9. A m\u011bli by se pou\u010dit i ze sv\u00e9ho\u00a0 sou\u010dasn\u00e9ho volebn\u00edho v\u00fdsledku.\u00a0 Proto\u017ee pr\u00e1v\u011b takov\u00e1to nen\u00e1vistn\u00e1 p\u0159edvolebn\u00ed r\u00e9torika mohla odradit \u0159adu\u00a0 swingov\u00fdch voli\u010d\u016f, kte\u0159\u00ed by mo\u017en\u00e1 uva\u017eovali o volb\u011b pravicov\u00fdch stran&#8230;Ov\u0161em, pokud by se tyto partaje chovaly norm\u00e1ln\u011b. A proto\u017ee se norm\u00e1ln\u011b nechovaly, tak jim Andrej Babi\u0161 vypr\u00e1\u0161il ko\u017eich m\u011brou opravdu vrchovatou.<\/p>\n<p style=\"font-weight: 400;\">Zvl\u00e1\u0161tn\u00ed kapitolou v ur\u00e1\u017ek\u00e1ch je M Kalousek, kter\u00fd mluv\u00ed n\u011bco &#8222;o jid\u00e1\u0161sk\u00e9m gro\u0161i&#8220; v souvislosti s J. Mal\u00e1\u010dovou. J. Mal\u00e1\u010dov\u00e1 prost\u011b vstupem do Sta\u010dilo! zvolila politick\u00fd postup,\u00a0 o kter\u00e9m si myslela, \u017ee je optim\u00e1ln\u00ed z hlediska z\u00e1jm\u016f jej\u00ed strany. Nev\u00edm, pro\u010d je do \u017eeny, kter\u00e1 pro\u0161la v posledn\u00edch hodin\u00e1ch ohromn\u00fdm osobn\u00edm a politick\u00fdm zklam\u00e1n\u00edm je\u0161t\u011b pot\u0159eba kopat. Mysl\u00edm, \u017ee M. Kalousek b\u00fdval v minulost v lep\u0161\u00ed du\u0161evn\u00ed form\u011b. Tak se gentleman prost\u011b nechov\u00e1.<\/p>\n<p><a href=\"https:\/\/vasevec.info\/domaci-politika\/esence-nenavisti-po-prohranych-volbach\">Ji\u0159\u00ed Paroubek<\/a><\/p>\n<p><img decoding=\"async\" loading=\"lazy\" class=\"alignnone size-medium wp-image-2342\" src=\"http:\/\/www.infokuryr.cz\/n\/wp-content\/uploads\/2021\/06\/paroubek-300x208.jpg\" alt=\"\" width=\"300\" height=\"208\" srcset=\"https:\/\/www.infokuryr.cz\/n\/wp-content\/uploads\/2021\/06\/paroubek-300x208.jpg 300w, https:\/\/www.infokuryr.cz\/n\/wp-content\/uploads\/2021\/06\/paroubek.jpg 318w\" sizes=\"(max-width: 300px) 100vw, 300px\" \/><\/p>\n<p>&nbsp;<\/p>\n","protected":false},"excerpt":{"rendered":"<p>Samoz\u0159ejm\u011b, \u017ee m\u00e1m na mysli n\u011bkter\u00e9 nen\u00e1vistn\u00e9 v\u00fdroky politik\u016f a p\u0159\u00edznivc\u016f pravice, kter\u00e9 se objevily&#8230;<\/p>\n","protected":false},"author":2,"featured_media":71684,"comment_status":"closed","ping_status":"closed","sticky":false,"template":"","format":"standard","meta":[],"categories":[6],"tags":[1503,864,896,27],"_links":{"self":[{"href":"https:\/\/www.infokuryr.cz\/n\/wp-json\/wp\/v2\/posts\/89486"}],"collection":[{"href":"https:\/\/www.infokuryr.cz\/n\/wp-json\/wp\/v2\/posts"}],"about":[{"href":"https:\/\/www.infokuryr.cz\/n\/wp-json\/wp\/v2\/types\/post"}],"author":[{"embeddable":true,"href":"https:\/\/www.infokuryr.cz\/n\/wp-json\/wp\/v2\/users\/2"}],"replies":[{"embeddable":true,"href":"https:\/\/www.infokuryr.cz\/n\/wp-json\/wp\/v2\/comments?post=89486"}],"version-history":[{"count":0,"href":"https:\/\/www.infokuryr.cz\/n\/wp-json\/wp\/v2\/posts\/89486\/revisions"}],"wp:featuredmedia":[{"embeddable":true,"href":"https:\/\/www.infokuryr.cz\/n\/wp-json\/wp\/v2\/media\/71684"}],"wp:attachment":[{"href":"https:\/\/www.infokuryr.cz\/n\/wp-json\/wp\/v2\/media?parent=89486"}],"wp:term":[{"taxonomy":"category","embeddable":true,"href":"https:\/\/www.infokuryr.cz\/n\/wp-json\/wp\/v2\/categories?post=89486"},{"taxonomy":"post_tag","embeddable":true,"href":"https:\/\/www.infokuryr.cz\/n\/wp-json\/wp\/v2\/tags?post=89486"}],"curies":[{"name":"wp","href":"https:\/\/api.w.org\/{rel}","templated":true}]}}