{"id":89485,"date":"2025-10-09T00:16:29","date_gmt":"2025-10-08T22:16:29","guid":{"rendered":"https:\/\/www.infokuryr.cz\/n\/?p=89485"},"modified":"2025-10-08T13:09:00","modified_gmt":"2025-10-08T11:09:00","slug":"erik-best-lobbovani-u-babise-za-podporu-ukrajiny","status":"publish","type":"post","link":"https:\/\/www.infokuryr.cz\/n\/2025\/10\/09\/erik-best-lobbovani-u-babise-za-podporu-ukrajiny\/","title":{"rendered":"Erik Best: Lobbov\u00e1n\u00ed u Babi\u0161e za podporu Ukrajiny"},"content":{"rendered":"<div id=\"fb-root\"><\/div>\n<p>Zbroja\u0159\u0161t\u00ed lobbist\u00e9\u00a0<a href=\"https:\/\/www.novinky.cz\/clanek\/volby-do-poslanecke-snemovny-kolar-skladani-vlady-se-muze-vyvinout-prekvapivym-zpusobem-40542525\" target=\"_blank\" rel=\"noopener\">Petr Kol\u00e1\u0159<\/a>\u00a0a\u00a0<a href=\"https:\/\/www.ceskatelevize.cz\/porady\/1096898594-udalosti-komentare\/225411000371006\/cast\/1142736\/\" target=\"_blank\" rel=\"noopener\">Miroslav Kalousek<\/a>\u00a0jsou dva z\u00a0n\u00e1zorov\u00fdch v\u016fdc\u016f, kte\u0159\u00ed nejv\u00edce tla\u010d\u00ed na novou parlamentn\u00ed opozici, aby se dohodla na\u00a0<a href=\"https:\/\/www.fsfinalword.cz\/?page=archive&amp;show=1&amp;day=2025-10-6\" target=\"_blank\" rel=\"noopener\">n\u011bjak\u00e9 form\u011b spolupr\u00e1ce<\/a>\u00a0s\u00a0p\u0159edsedou ANO Andrejem Babi\u0161em a\u00a0umo\u017enila tak marginalizaci patn\u00e1cti hlas\u016f SPD.<\/p>\n<p>Kalousek apeloval na odch\u00e1zej\u00edc\u00ed koalici, aby dodr\u017eela sv\u016fj slib voli\u010d\u016fm ohledn\u011b zachov\u00e1n\u00ed zahrani\u010dn\u011bpolitick\u00e9ho sm\u011b\u0159ov\u00e1n\u00ed zem\u011b. Kol\u00e1\u0159 \u0159ekl, \u017ee v\u011b\u0159\u00ed, \u017ee Babi\u0161 si vyhodnot\u00ed, jak je muni\u010dn\u00ed iniciativa pro \u010ceskou republiku u\u017eite\u010dn\u00e1, a\u00a0to jak z\u00a0hlediska mezin\u00e1rodn\u00edho image, tak dom\u00e1c\u00edho byznysu. Poselstv\u00ed je jasn\u00e9, ale Kol\u00e1\u0159 (zastupuj\u00edc\u00ed\u00a0<a href=\"https:\/\/www.coltczgroup.com\/file\/1457\" target=\"_blank\" rel=\"noopener\">Colt CZ<\/a>) a\u00a0Kalousek (<a href=\"https:\/\/www.e15.cz\/domaci\/kalousek-ma-nove-zamestnani-zacal-pracovat-jako-poradce-pro-zbrojarske-stv-group-1422551\" target=\"_blank\" rel=\"noopener\">STV<\/a>) nejsou ti prav\u00ed, kdo by ho m\u011bli vys\u00edlat.<\/p>\n<p>Lobbist\u00e9, kte\u0159\u00ed pravd\u011bpodobn\u011b obdr\u017e\u00ed tu\u010dn\u00e9 bonusy, pokud pomohou zajistit kontinuitu \u010desk\u00e9 zahrani\u010dn\u00ed politiky z\u00a0Bidenovy \u00e9ry, by m\u00edsto toho mohli vyvolat opa\u010dnou reakci. Kdyby byl Babi\u0161 vn\u00edm\u00e1n jako n\u011bkdo, kdo si zad\u00e1v\u00e1 s\u00a0obrann\u00fdm pr\u016fmyslem, kter\u00fd je\u0161t\u011b ned\u00e1vno tolik\u00a0<a href=\"https:\/\/www.idnes.cz\/volby\/andrej-babis-hnuti-ano-volby-do-poslanecke-snemovny-rozhovor.A251001_184653_volby_misl\" target=\"_blank\" rel=\"noopener\">kritizoval<\/a>, mohl by b\u00fdt sv\u00fdmi voli\u010di donucen zaujmout v\u016f\u010di Ukrajin\u011b je\u0161t\u011b tvrd\u0161\u00ed postoj.<\/p>\n<p><a href=\"https:\/\/www.fsfinalword.cz\/?page=archive&amp;day=2025-10-08\">Erik Best<\/a><\/p>\n<p><img decoding=\"async\" loading=\"lazy\" class=\"alignnone  wp-image-1179\" src=\"http:\/\/www.infokuryr.cz\/n\/wp-content\/uploads\/2021\/04\/erik-best.jpg\" alt=\"\" width=\"127\" height=\"143\" \/><\/p>\n","protected":false},"excerpt":{"rendered":"<p>Zbroja\u0159\u0161t\u00ed lobbist\u00e9\u00a0Petr Kol\u00e1\u0159\u00a0a\u00a0Miroslav Kalousek\u00a0jsou dva z\u00a0n\u00e1zorov\u00fdch v\u016fdc\u016f, kte\u0159\u00ed nejv\u00edce tla\u010d\u00ed na novou parlamentn\u00ed opozici, aby&#8230;<\/p>\n","protected":false},"author":2,"featured_media":898,"comment_status":"closed","ping_status":"closed","sticky":false,"template":"","format":"standard","meta":[],"categories":[6],"tags":[126,8853,26,9872],"_links":{"self":[{"href":"https:\/\/www.infokuryr.cz\/n\/wp-json\/wp\/v2\/posts\/89485"}],"collection":[{"href":"https:\/\/www.infokuryr.cz\/n\/wp-json\/wp\/v2\/posts"}],"about":[{"href":"https:\/\/www.infokuryr.cz\/n\/wp-json\/wp\/v2\/types\/post"}],"author":[{"embeddable":true,"href":"https:\/\/www.infokuryr.cz\/n\/wp-json\/wp\/v2\/users\/2"}],"replies":[{"embeddable":true,"href":"https:\/\/www.infokuryr.cz\/n\/wp-json\/wp\/v2\/comments?post=89485"}],"version-history":[{"count":0,"href":"https:\/\/www.infokuryr.cz\/n\/wp-json\/wp\/v2\/posts\/89485\/revisions"}],"wp:featuredmedia":[{"embeddable":true,"href":"https:\/\/www.infokuryr.cz\/n\/wp-json\/wp\/v2\/media\/898"}],"wp:attachment":[{"href":"https:\/\/www.infokuryr.cz\/n\/wp-json\/wp\/v2\/media?parent=89485"}],"wp:term":[{"taxonomy":"category","embeddable":true,"href":"https:\/\/www.infokuryr.cz\/n\/wp-json\/wp\/v2\/categories?post=89485"},{"taxonomy":"post_tag","embeddable":true,"href":"https:\/\/www.infokuryr.cz\/n\/wp-json\/wp\/v2\/tags?post=89485"}],"curies":[{"name":"wp","href":"https:\/\/api.w.org\/{rel}","templated":true}]}}