{"id":89415,"date":"2025-10-08T00:16:33","date_gmt":"2025-10-07T22:16:33","guid":{"rendered":"https:\/\/www.infokuryr.cz\/n\/?p=89415"},"modified":"2025-10-07T12:47:52","modified_gmt":"2025-10-07T10:47:52","slug":"erik-best-o-spd-rozhodnou-babisovi-bankeri","status":"publish","type":"post","link":"https:\/\/www.infokuryr.cz\/n\/2025\/10\/08\/erik-best-o-spd-rozhodnou-babisovi-bankeri\/","title":{"rendered":"Erik Best: O SPD rozhodnou Babi\u0161ovi bank\u00e9\u0159i"},"content":{"rendered":"<div id=\"fb-root\"><\/div>\n<p>Ladislav Barton\u00ed\u010dek, kter\u00fd se stal\u00a0<a href=\"https:\/\/www.ppf.eu\/tiskova-zprava\/oznameni-skupiny-ppf\" target=\"_blank\" rel=\"noopener\">gener\u00e1ln\u00edm \u0159editelem PPF<\/a>\u00a0po smrti Petra Kellnera p\u0159i nehod\u011b vrtuln\u00edku na Alja\u0161ce v\u00a0b\u0159eznu 2021, pro \u010cesk\u00fd rozhlas uvedl, \u017ee jeho \u00fakolem bylo zajistit, aby v\u0161echno b\u011b\u017eelo d\u00e1l, nic nespadlo pod st\u016fl a\u00a0<a href=\"https:\/\/www.youtube.com\/watch?v=0wv-VXylfJk&amp;t=695s\" target=\"_blank\" rel=\"noopener\">banky nezesplatnily \u00fav\u011bry<\/a>, proto\u017ee tak\u0159ka stoprocentn\u00ed vlastn\u00edk zmizel.<\/p>\n<p>Ne\u0159ekl, jak\u00e9 podm\u00ednky banky PPF stanovily pro zachov\u00e1n\u00ed otev\u0159en\u00fdch \u00fav\u011brov\u00fdch linek, ale skupina PPF od t\u00e9 doby zrychlila svoji oto\u010dku na Z\u00e1pad. Spr\u00e1vci Agrofertu by se mohli ocitnout v\u00a0podobn\u00e9 situaci, pokud by stoprocentn\u00ed vlastn\u00edk Andrej Babi\u0161 zmizel v\u00a0koalici s\u00a0Motoristy a\u00a0SPD a\u00a0kurs \u010cesk\u00e9 republiky za\u010dal ot\u00e1\u010det sm\u011brem ke Slovensku, Ma\u010farsku \u010di je\u0161t\u011b d\u00e1l.<\/p>\n<p>Ke konci roku 2024 m\u011bl Agrofert\u00a0<a href=\"https:\/\/www.agrofert.cz\/sites\/default\/files\/prilohy\/agrofert_vyrocni-zprava-2024-konsolidovana.pdf\" target=\"_blank\" rel=\"noopener\">bankovn\u00ed a\u00a0jin\u00e9 \u00fav\u011bry v\u00a0celkov\u00e9 v\u00fd\u0161i 39,6 miliardy K\u010d<\/a>, z\u00a0nich\u017e v\u00edce ne\u017e 80 % od pobo\u010dek z\u00e1padoevropsk\u00fdch bank, jako jsou Soci\u00e9t\u00e9 G\u00e9n\u00e9rale, Erste, Raiffeisen, UniCredit, KBC a\u00a0Commerzbank. Sestav\u00ed-li Babi\u0161 vl\u00e1du op\u00edraj\u00edc\u00ed se o\u00a0\u201eextremisty\u201c z\u00a0SPD, stane se tak s\u00a0pln\u00fdm souhlasem euroz\u00f3nn\u00edch bank\u00e9\u0159\u016f Agrofertu.<\/p>\n<p><a href=\"https:\/\/www.fsfinalword.cz\/?page=archive&amp;day=2025-10-07&amp;utm_source=utm_source%3Dnewsletter&amp;utm_medium=utm_medium%3De-mail&amp;utm_campaign=utm_campaign%3Dfinal_word_7.10.2025\">Erik Best<\/a><\/p>\n<p><img decoding=\"async\" loading=\"lazy\" class=\"alignnone  wp-image-1179\" src=\"http:\/\/www.infokuryr.cz\/n\/wp-content\/uploads\/2021\/04\/erik-best.jpg\" alt=\"\" width=\"110\" height=\"124\" \/><\/p>\n<p>&nbsp;<\/p>\n","protected":false},"excerpt":{"rendered":"<p>Ladislav Barton\u00ed\u010dek, kter\u00fd se stal\u00a0gener\u00e1ln\u00edm \u0159editelem PPF\u00a0po smrti Petra Kellnera p\u0159i nehod\u011b vrtuln\u00edku na Alja\u0161ce&#8230;<\/p>\n","protected":false},"author":2,"featured_media":7805,"comment_status":"closed","ping_status":"closed","sticky":false,"template":"","format":"standard","meta":[],"categories":[6],"tags":[126,3638,1503,176],"_links":{"self":[{"href":"https:\/\/www.infokuryr.cz\/n\/wp-json\/wp\/v2\/posts\/89415"}],"collection":[{"href":"https:\/\/www.infokuryr.cz\/n\/wp-json\/wp\/v2\/posts"}],"about":[{"href":"https:\/\/www.infokuryr.cz\/n\/wp-json\/wp\/v2\/types\/post"}],"author":[{"embeddable":true,"href":"https:\/\/www.infokuryr.cz\/n\/wp-json\/wp\/v2\/users\/2"}],"replies":[{"embeddable":true,"href":"https:\/\/www.infokuryr.cz\/n\/wp-json\/wp\/v2\/comments?post=89415"}],"version-history":[{"count":0,"href":"https:\/\/www.infokuryr.cz\/n\/wp-json\/wp\/v2\/posts\/89415\/revisions"}],"wp:featuredmedia":[{"embeddable":true,"href":"https:\/\/www.infokuryr.cz\/n\/wp-json\/wp\/v2\/media\/7805"}],"wp:attachment":[{"href":"https:\/\/www.infokuryr.cz\/n\/wp-json\/wp\/v2\/media?parent=89415"}],"wp:term":[{"taxonomy":"category","embeddable":true,"href":"https:\/\/www.infokuryr.cz\/n\/wp-json\/wp\/v2\/categories?post=89415"},{"taxonomy":"post_tag","embeddable":true,"href":"https:\/\/www.infokuryr.cz\/n\/wp-json\/wp\/v2\/tags?post=89415"}],"curies":[{"name":"wp","href":"https:\/\/api.w.org\/{rel}","templated":true}]}}