{"id":89411,"date":"2025-10-08T00:13:58","date_gmt":"2025-10-07T22:13:58","guid":{"rendered":"https:\/\/www.infokuryr.cz\/n\/?p=89411"},"modified":"2025-10-07T12:44:42","modified_gmt":"2025-10-07T10:44:42","slug":"dalsich-185-zamestnancu-vstoupilo-do-albertova-prestizniho-klubu-25","status":"publish","type":"post","link":"https:\/\/www.infokuryr.cz\/n\/2025\/10\/08\/dalsich-185-zamestnancu-vstoupilo-do-albertova-prestizniho-klubu-25\/","title":{"rendered":"Dal\u0161\u00edch 185 zam\u011bstnanc\u016f vstoupilo do Albertova presti\u017en\u00edho Klubu 25"},"content":{"rendered":"<div id=\"fb-root\"><\/div>\n<p><strong>Albert i letos vzdal hold sv\u00fdm dlouholet\u00fdm zam\u011bstnankyn\u00edm a zam\u011bstnanc\u016fm. B\u011bhem slavnostn\u00edho galave\u010dera ocenil p\u0159es stovku kolegy\u0148 a koleg\u016f z prodejen, distribu\u010dn\u00edch center i centr\u00e1ly, kte\u0159\u00ed v tomto roce dos\u00e1hli v\u00fdznamn\u00e9ho pracovn\u00edho jubilea \u2013 25 let ve spole\u010dnosti. Stali se tak nov\u00fdmi \u010dleny exkluzivn\u00edho Klubu 25.<\/strong><\/p>\n<p>Klub 25 vznikl v roce 2018 jako pocta zam\u011bstnanc\u016fm, kte\u0159\u00ed po \u010dtvrt stolet\u00ed spojuj\u00ed sv\u016fj profesn\u00ed \u017eivot s Albertem. Letos se jeho \u0159ady roz\u0161\u00ed\u0159ily o 185 nov\u00fdch \u010dlen\u016f, kte\u0159\u00ed se p\u0159ipojili k v\u00edce ne\u017e t\u0159em stovk\u00e1m koleg\u016f nap\u0159\u00ed\u010d profesemi, od prodava\u010d\u016f, peka\u0159\u016f a \u0159ezn\u00edk\u016f p\u0159es skladn\u00edky a\u017e po pracovn\u00edky z\u00a0centr\u00e1ly.<\/p>\n<p>\u201e<em>\u010ctvrt stolet\u00ed u jedn\u00e9 firmy je obdivuhodn\u00fd z\u00e1vazek a velk\u00fd d\u016fkaz v\u011brnosti i spokojenosti. Klub 25 jsme p\u0159ed sedmi lety zalo\u017eili pr\u00e1v\u011b proto, abychom takovou oddanost ocenili a pod\u011bkovali lidem, kte\u0159\u00ed Albertu v\u011bnovali kus sv\u00e9ho \u017eivota<\/em>,\u201c uvedl <strong>Ji\u0159\u00ed Mare\u010dek, \u0159editel komunikace obchod\u016f Albert<\/strong>.<\/p>\n<p>Pro jubilanty byl p\u0159ipraven bohat\u00fd celodenn\u00ed program v Praze, jeho\u017e vyvrcholen\u00edm bylo slavnostn\u00ed p\u0159ed\u00e1v\u00e1n\u00ed v pal\u00e1ci \u017dof\u00edn na Slovansk\u00e9m ostrov\u011b. Ocen\u011bn\u00ed obdr\u017eeli od veden\u00ed spole\u010dnosti osobn\u00ed pod\u011bkov\u00e1n\u00ed, finan\u010dn\u00ed odm\u011bnu i k\u0159i\u0161\u0165\u00e1lovou v\u00e1zu \u010desk\u00e9 v\u00fdroby jako trvalou vzpom\u00ednku na toto v\u00fdznamn\u00e9 \u017eivotn\u00ed jubileum.<\/p>\n<p><img decoding=\"async\" loading=\"lazy\" class=\"wp-image-89413 aligncenter\" src=\"http:\/\/www.infokuryr.cz\/n\/wp-content\/uploads\/2025\/10\/Vyvrcholenim-programu-bylo-slavnostni-predavani-oceneni-v-palaci-Zofin-300x200.jpg\" alt=\"\" width=\"936\" height=\"623\" srcset=\"https:\/\/www.infokuryr.cz\/n\/wp-content\/uploads\/2025\/10\/Vyvrcholenim-programu-bylo-slavnostni-predavani-oceneni-v-palaci-Zofin-300x200.jpg 300w, https:\/\/www.infokuryr.cz\/n\/wp-content\/uploads\/2025\/10\/Vyvrcholenim-programu-bylo-slavnostni-predavani-oceneni-v-palaci-Zofin-1024x683.jpg 1024w, https:\/\/www.infokuryr.cz\/n\/wp-content\/uploads\/2025\/10\/Vyvrcholenim-programu-bylo-slavnostni-predavani-oceneni-v-palaci-Zofin-768x512.jpg 768w, https:\/\/www.infokuryr.cz\/n\/wp-content\/uploads\/2025\/10\/Vyvrcholenim-programu-bylo-slavnostni-predavani-oceneni-v-palaci-Zofin-1536x1024.jpg 1536w, https:\/\/www.infokuryr.cz\/n\/wp-content\/uploads\/2025\/10\/Vyvrcholenim-programu-bylo-slavnostni-predavani-oceneni-v-palaci-Zofin-2048x1365.jpg 2048w\" sizes=\"(max-width: 936px) 100vw, 936px\" \/><\/p>\n<h3><strong>T\u00fdmovost, p\u00e9\u010de i humor<\/strong><\/h3>\n<p>Vedle dlouholet\u00e9 loajality Albert ka\u017edoro\u010dn\u011b vyzdvihuje tak\u00e9 mimo\u0159\u00e1dn\u00e9 v\u00fdkony a osobn\u00ed p\u0159\u00ednos zam\u011bstnanc\u016f prost\u0159ednictv\u00edm ocen\u011bn\u00ed Zlat\u00fd Albert. Ten je ud\u011blov\u00e1n kolegyn\u00edm a\u00a0koleg\u016fm, kte\u0159\u00ed sv\u00fdm p\u0159\u00edkladem napl\u0148uj\u00ed hodnoty spole\u010dnosti, mezi n\u011b\u017e pat\u0159\u00ed t\u00fdmovost, p\u00e9\u010de, odvaha, \u010destnost a humor. V\u00a0tomto roce spole\u010dnost ocenila Zlat\u00fdm Albertem celkem 11 zam\u011bstnanc\u016f a dal\u0161\u00edch 9 z\u00a0nich bylo ocen\u011bno za mimo\u0159\u00e1dn\u00e9 nasazen\u00ed p\u0159i lo\u0148sk\u00fdch ni\u010div\u00fdch povodn\u00edch.<\/p>\n<p><img decoding=\"async\" loading=\"lazy\" class=\"alignnone size-full wp-image-1185\" src=\"http:\/\/www.infokuryr.cz\/n\/wp-content\/uploads\/2021\/04\/kuryr-podpis.png\" alt=\"\" width=\"84\" height=\"24\" \/><\/p>\n<p>&nbsp;<\/p>\n","protected":false},"excerpt":{"rendered":"<p>Albert i letos vzdal hold sv\u00fdm dlouholet\u00fdm zam\u011bstnankyn\u00edm a zam\u011bstnanc\u016fm. B\u011bhem slavnostn\u00edho galave\u010dera ocenil p\u0159es&#8230;<\/p>\n","protected":false},"author":2,"featured_media":89412,"comment_status":"closed","ping_status":"closed","sticky":false,"template":"","format":"standard","meta":[],"categories":[6],"tags":[7032,331,674],"_links":{"self":[{"href":"https:\/\/www.infokuryr.cz\/n\/wp-json\/wp\/v2\/posts\/89411"}],"collection":[{"href":"https:\/\/www.infokuryr.cz\/n\/wp-json\/wp\/v2\/posts"}],"about":[{"href":"https:\/\/www.infokuryr.cz\/n\/wp-json\/wp\/v2\/types\/post"}],"author":[{"embeddable":true,"href":"https:\/\/www.infokuryr.cz\/n\/wp-json\/wp\/v2\/users\/2"}],"replies":[{"embeddable":true,"href":"https:\/\/www.infokuryr.cz\/n\/wp-json\/wp\/v2\/comments?post=89411"}],"version-history":[{"count":1,"href":"https:\/\/www.infokuryr.cz\/n\/wp-json\/wp\/v2\/posts\/89411\/revisions"}],"predecessor-version":[{"id":89414,"href":"https:\/\/www.infokuryr.cz\/n\/wp-json\/wp\/v2\/posts\/89411\/revisions\/89414"}],"wp:featuredmedia":[{"embeddable":true,"href":"https:\/\/www.infokuryr.cz\/n\/wp-json\/wp\/v2\/media\/89412"}],"wp:attachment":[{"href":"https:\/\/www.infokuryr.cz\/n\/wp-json\/wp\/v2\/media?parent=89411"}],"wp:term":[{"taxonomy":"category","embeddable":true,"href":"https:\/\/www.infokuryr.cz\/n\/wp-json\/wp\/v2\/categories?post=89411"},{"taxonomy":"post_tag","embeddable":true,"href":"https:\/\/www.infokuryr.cz\/n\/wp-json\/wp\/v2\/tags?post=89411"}],"curies":[{"name":"wp","href":"https:\/\/api.w.org\/{rel}","templated":true}]}}