{"id":89403,"date":"2025-10-08T00:22:17","date_gmt":"2025-10-07T22:22:17","guid":{"rendered":"https:\/\/www.infokuryr.cz\/n\/?p=89403"},"modified":"2025-10-07T12:29:33","modified_gmt":"2025-10-07T10:29:33","slug":"protiustavni-brusel-pripravuje-totalni-kontrolu-komunikace","status":"publish","type":"post","link":"https:\/\/www.infokuryr.cz\/n\/2025\/10\/08\/protiustavni-brusel-pripravuje-totalni-kontrolu-komunikace\/","title":{"rendered":"Proti\u00fastavn\u00ed \u2013 Brusel p\u0159ipravuje tot\u00e1ln\u00ed kontrolu komunikace"},"content":{"rendered":"<div id=\"fb-root\"><\/div>\n<p><strong><span dir=\"auto\">Brusel\u0161t\u00ed eurokrat\u00e9 cht\u011bj\u00ed podkopat z\u00e1kladn\u00ed pr\u00e1va. Pl\u00e1novan\u00e9 na\u0159\u00edzen\u00ed o sledov\u00e1n\u00ed chatu je v rozporu s \u00fastavn\u00edmi ustanoven\u00edmi N\u011bmecka a Rakouska (v \u010detn\u011b \u010cesk\u00e9 republiky), stejn\u011b jako s Evropskou \u00famluvou o lidsk\u00fdch pr\u00e1vech. Kdo jsou zde skute\u010dn\u00ed nep\u0159\u00e1tel\u00e9 \u00fastavy?<\/span><\/strong><\/p>\n<p><span dir=\"auto\">Za technokratick\u00fdm n\u00e1zvem \u201eNa\u0159\u00edzen\u00ed o prevenci a boji proti pohlavn\u00edmu zneu\u017e\u00edv\u00e1n\u00ed d\u011bt\u00ed\u201c (\u00a0<\/span><a href=\"https:\/\/eur-lex.europa.eu\/legal-content\/EN\/TXT\/?uri=CELEX%3A52022PC0209\"><span dir=\"auto\">COM\/2022\/209 final<\/span><\/a><span dir=\"auto\"> ) se skr\u00fdv\u00e1 nic men\u0161\u00edho ne\u017e pokus o demont\u00e1\u017e posledn\u00ed ba\u0161ty soukrom\u00e9 komunikace. Ofici\u00e1ln\u011b m\u00e1 nov\u00fd z\u00e1kon EU chr\u00e1nit d\u011bti p\u0159ed z\u00e1b\u011bry zneu\u017e\u00edv\u00e1n\u00ed d\u011bt\u00ed. Ve skute\u010dnosti v\u0161ak pokl\u00e1d\u00e1 z\u00e1klady pro komplexn\u00ed dohled nad ve\u0161kerou digit\u00e1ln\u00ed komunikac\u00ed.<\/span><\/p>\n<p><span dir=\"auto\">V budoucnu by poskytovatel\u00e9 aplikac\u00ed pro zas\u00edl\u00e1n\u00ed zpr\u00e1v, e-mailov\u00fdch slu\u017eeb a cloudov\u00fdch \u00falo\u017ei\u0161\u0165 mohli b\u00fdt povinni prohled\u00e1vat v\u0161echny zpr\u00e1vy, fotografie a videa sv\u00fdch u\u017eivatel\u016f a vyhled\u00e1vat \u00fadajn\u011b podez\u0159el\u00fd materi\u00e1l. Evropsk\u00e1 komise to ozna\u010duje jako \u201edetekci, hl\u00e1\u0161en\u00ed, odstran\u011bn\u00ed a blokov\u00e1n\u00ed\u201c. Ve skute\u010dnosti to znamen\u00e1, \u017ee ka\u017ed\u00e1 soukrom\u00e1 zpr\u00e1va by byla monitorov\u00e1na \u2013 bez soudn\u00edho p\u0159\u00edkazu, ale automaticky, trvale a \u201epreventivn\u011b\u201c.<\/span><\/p>\n<figure class=\"wp-block-embed is-type-rich is-provider-twitter wp-block-embed-twitter\">\n<div class=\"wp-block-embed__wrapper\">\n<div class=\"twitter-tweet twitter-tweet-rendered\"><iframe id=\"twitter-widget-0\" class=\"\" title=\"X P\u0159\u00edsp\u011bvek\" src=\"https:\/\/platform.twitter.com\/embed\/Tweet.html?dnt=true&amp;embedId=twitter-widget-0&amp;features=eyJ0ZndfdGltZWxpbmVfbGlzdCI6eyJidWNrZXQiOltdLCJ2ZXJzaW9uIjpudWxsfSwidGZ3X2ZvbGxvd2VyX2NvdW50X3N1bnNldCI6eyJidWNrZXQiOnRydWUsInZlcnNpb24iOm51bGx9LCJ0ZndfdHdlZXRfZWRpdF9iYWNrZW5kIjp7ImJ1Y2tldCI6Im9uIiwidmVyc2lvbiI6bnVsbH0sInRmd19yZWZzcmNfc2Vzc2lvbiI6eyJidWNrZXQiOiJvbiIsInZlcnNpb24iOm51bGx9LCJ0ZndfZm9zbnJfc29mdF9pbnRlcnZlbnRpb25zX2VuYWJsZWQiOnsiYnVja2V0Ijoib24iLCJ2ZXJzaW9uIjpudWxsfSwidGZ3X21peGVkX21lZGlhXzE1ODk3Ijp7ImJ1Y2tldCI6InRyZWF0bWVudCIsInZlcnNpb24iOm51bGx9LCJ0ZndfZXhwZXJpbWVudHNfY29va2llX2V4cGlyYXRpb24iOnsiYnVja2V0IjoxMjA5NjAwLCJ2ZXJzaW9uIjpudWxsfSwidGZ3X3Nob3dfYmlyZHdhdGNoX3Bpdm90c19lbmFibGVkIjp7ImJ1Y2tldCI6Im9uIiwidmVyc2lvbiI6bnVsbH0sInRmd19kdXBsaWNhdGVfc2NyaWJlc190b19zZXR0aW5ncyI6eyJidWNrZXQiOiJvbiIsInZlcnNpb24iOm51bGx9LCJ0ZndfdXNlX3Byb2ZpbGVfaW1hZ2Vfc2hhcGVfZW5hYmxlZCI6eyJidWNrZXQiOiJvbiIsInZlcnNpb24iOm51bGx9LCJ0ZndfdmlkZW9faGxzX2R5bmFtaWNfbWFuaWZlc3RzXzE1MDgyIjp7ImJ1Y2tldCI6InRydWVfYml0cmF0ZSIsInZlcnNpb24iOm51bGx9LCJ0ZndfbGVnYWN5X3RpbWVsaW5lX3N1bnNldCI6eyJidWNrZXQiOnRydWUsInZlcnNpb24iOm51bGx9LCJ0ZndfdHdlZXRfZWRpdF9mcm9udGVuZCI6eyJidWNrZXQiOiJvbiIsInZlcnNpb24iOm51bGx9fQ%3D%3D&amp;frame=false&amp;hideCard=false&amp;hideThread=false&amp;id=1975199176100061472&amp;lang=cs&amp;origin=https%3A%2F%2Freport24.news%2Fverfassungsfeindlich-bruessel-bereitet-die-totale-kommunikationskontrolle-vor%2F&amp;sessionId=744689d8e43ca5a20639a3d4529a42a9f677704b&amp;theme=light&amp;widgetsVersion=2615f7e52b7e0%3A1702314776716&amp;width=550px\" frameborder=\"0\" scrolling=\"no\" allowfullscreen=\"allowfullscreen\" data-tweet-id=\"1975199176100061472\" data-mce-fragment=\"1\"><\/iframe><\/div>\n<\/div>\n<\/figure>\n<p><span dir=\"auto\">J\u00e1drem sledovac\u00edho syst\u00e9mu jsou tzv. \u201edetek\u010dn\u00ed p\u0159\u00edkazy\u201c. \u00da\u0159ady by je mohly pou\u017e\u00edt k tomu, aby poskytovatel\u016fm na\u0159\u00eddily skenovat ve\u0161kerou komunikaci konkr\u00e9tn\u00edch osob \u2013 a to i tu, kter\u00e1 je ve skute\u010dnosti \u0161ifrov\u00e1na od za\u010d\u00e1tku do konce. Vzhledem k tomu, \u017ee poskytovatel\u00e9 technicky nejsou schopni \u010d\u00edst \u0161ifrovan\u00fd obsah, m\u00e1 skenov\u00e1n\u00ed prob\u00edhat p\u0159\u00edmo na za\u0159\u00edzen\u00edch ob\u010dan\u016f. Term\u00edn je \u201eskenov\u00e1n\u00ed na stran\u011b klienta\u201c. Ve skute\u010dnosti se jedn\u00e1 o ekvivalent digit\u00e1ln\u00edho p\u0159\u00edkazu k prohl\u00eddce a prov\u00e1d\u00ed se bez soudn\u00edho p\u0159\u00edkazu.<\/span><\/p>\n<p><span dir=\"auto\">T\u00edm se vyvrac\u00ed stalet\u00ed star\u00e1 z\u00e1sada: soukrom\u00ed korespondence a telekomunikac\u00ed. \u010cl\u00e1nek 10 n\u011bmeck\u00e9 \u00fastavy jednozna\u010dn\u011b stanov\u00ed: \u201eSoukrom\u00ed korespondence, jako\u017e i soukrom\u00ed po\u0161tovn\u00ed a telekomunika\u010dn\u00ed komunikace, je nedotknuteln\u00e9.\u201c Toto z\u00e1kladn\u00ed pr\u00e1vo chr\u00e1n\u00ed soukromou komunikaci \u2013 bez v\u00fdjimky a bez v\u00fdhrad. Lze jej zru\u0161it pouze na z\u00e1klad\u011b soudn\u00edho p\u0159\u00edkazu. Na\u0159\u00edzen\u00ed EU se v\u0161ak sna\u017e\u00ed tento vztah zvr\u00e1tit.<\/span><\/p>\n<figure class=\"wp-block-embed is-type-rich is-provider-twitter wp-block-embed-twitter\">\n<div class=\"wp-block-embed__wrapper\">\n<div class=\"twitter-tweet twitter-tweet-rendered\"><iframe id=\"twitter-widget-1\" class=\"\" title=\"X P\u0159\u00edsp\u011bvek\" src=\"https:\/\/platform.twitter.com\/embed\/Tweet.html?dnt=true&amp;embedId=twitter-widget-1&amp;features=eyJ0ZndfdGltZWxpbmVfbGlzdCI6eyJidWNrZXQiOltdLCJ2ZXJzaW9uIjpudWxsfSwidGZ3X2ZvbGxvd2VyX2NvdW50X3N1bnNldCI6eyJidWNrZXQiOnRydWUsInZlcnNpb24iOm51bGx9LCJ0ZndfdHdlZXRfZWRpdF9iYWNrZW5kIjp7ImJ1Y2tldCI6Im9uIiwidmVyc2lvbiI6bnVsbH0sInRmd19yZWZzcmNfc2Vzc2lvbiI6eyJidWNrZXQiOiJvbiIsInZlcnNpb24iOm51bGx9LCJ0ZndfZm9zbnJfc29mdF9pbnRlcnZlbnRpb25zX2VuYWJsZWQiOnsiYnVja2V0Ijoib24iLCJ2ZXJzaW9uIjpudWxsfSwidGZ3X21peGVkX21lZGlhXzE1ODk3Ijp7ImJ1Y2tldCI6InRyZWF0bWVudCIsInZlcnNpb24iOm51bGx9LCJ0ZndfZXhwZXJpbWVudHNfY29va2llX2V4cGlyYXRpb24iOnsiYnVja2V0IjoxMjA5NjAwLCJ2ZXJzaW9uIjpudWxsfSwidGZ3X3Nob3dfYmlyZHdhdGNoX3Bpdm90c19lbmFibGVkIjp7ImJ1Y2tldCI6Im9uIiwidmVyc2lvbiI6bnVsbH0sInRmd19kdXBsaWNhdGVfc2NyaWJlc190b19zZXR0aW5ncyI6eyJidWNrZXQiOiJvbiIsInZlcnNpb24iOm51bGx9LCJ0ZndfdXNlX3Byb2ZpbGVfaW1hZ2Vfc2hhcGVfZW5hYmxlZCI6eyJidWNrZXQiOiJvbiIsInZlcnNpb24iOm51bGx9LCJ0ZndfdmlkZW9faGxzX2R5bmFtaWNfbWFuaWZlc3RzXzE1MDgyIjp7ImJ1Y2tldCI6InRydWVfYml0cmF0ZSIsInZlcnNpb24iOm51bGx9LCJ0ZndfbGVnYWN5X3RpbWVsaW5lX3N1bnNldCI6eyJidWNrZXQiOnRydWUsInZlcnNpb24iOm51bGx9LCJ0ZndfdHdlZXRfZWRpdF9mcm9udGVuZCI6eyJidWNrZXQiOiJvbiIsInZlcnNpb24iOm51bGx9fQ%3D%3D&amp;frame=false&amp;hideCard=false&amp;hideThread=false&amp;id=1803541790441492696&amp;lang=cs&amp;origin=https%3A%2F%2Freport24.news%2Fverfassungsfeindlich-bruessel-bereitet-die-totale-kommunikationskontrolle-vor%2F&amp;sessionId=744689d8e43ca5a20639a3d4529a42a9f677704b&amp;theme=light&amp;widgetsVersion=2615f7e52b7e0%3A1702314776716&amp;width=550px\" frameborder=\"0\" scrolling=\"no\" allowfullscreen=\"allowfullscreen\" data-tweet-id=\"1803541790441492696\" data-mce-fragment=\"1\"><\/iframe><\/div>\n<\/div>\n<\/figure>\n<p><span dir=\"auto\">I v Rakousku je tato ochrana pevn\u011b zakotvena v \u00fastav\u011b. \u010cl\u00e1nek 10a Z\u00e1kladn\u00edho z\u00e1kona z roku 1867 zaru\u010duje ml\u010denlivost o korespondenci a \u010dl\u00e1nek 8 Evropsk\u00e9 \u00famluvy o lidsk\u00fdch pr\u00e1vech \u2013 kter\u00fd m\u00e1 v Rakousku \u00fastavn\u00ed status \u2013 chr\u00e1n\u00ed korespondenci ka\u017ed\u00e9 osoby p\u0159ed zasahov\u00e1n\u00edm st\u00e1tu. Tyto normy tvo\u0159\u00ed z\u00e1klad liber\u00e1ln\u00ed demokracie. Ka\u017ed\u00fd, kdo je podkop\u00e1v\u00e1, ne\u00fato\u010d\u00ed jen na pr\u00e1vo, ale na samotn\u00fd z\u00e1klad pr\u00e1vn\u00edho st\u00e1tu.<\/span><\/p>\n<p><span dir=\"auto\">Ale p\u0159esn\u011b to Brusel pl\u00e1nuje. Evropsk\u00e1 komise chce zav\u00e9st infrastrukturu, kter\u00e1 z technick\u00e9ho sledov\u00e1n\u00ed ud\u011bl\u00e1 standardn\u00ed praxi. Tak\u017ee zat\u00edmco mainstreamov\u00e9 strany tvrd\u00ed, \u017ee AfD je \u201eproti\u00fastavn\u00ed\u201c, prakticky p\u0159ihl\u00ed\u017eej\u00ed, jak se Brusel sna\u017e\u00ed podkopat z\u00e1kladn\u00ed pr\u00e1va. N\u011bmeck\u00e1 a rakousk\u00e1 feder\u00e1ln\u00ed vl\u00e1da zat\u00edm neozn\u00e1mily \u017e\u00e1dn\u00e9 veto, pouze \u010d\u00e1ste\u010dnou kritiku. Bez takov\u00e9ho veta by se v\u0161ak CDU\/CSU a SPD, respektive \u00d6VP, SP\u00d6 a NEOS, uk\u00e1zaly jako komplici v proti\u00fastavn\u00ed operaci EU. A to jsou strany, kter\u00e9 se vyd\u00e1vaj\u00ed za superdemokraty a cht\u011bj\u00ed vyu\u017e\u00edt v\u0161ech dostupn\u00fdch prost\u0159edk\u016f k boji proti skute\u010dn\u011b demokratick\u00fdm stran\u00e1m, jako je AfD nebo FP\u00d6, kter\u00e9 prosazuj\u00ed v\u011bt\u0161\u00ed p\u0159\u00edmou demokratickou \u00fa\u010dast ob\u010dan\u016f. Kdo jsou tedy skute\u010dn\u00ed nep\u0159\u00e1tel\u00e9 \u00fastavy?<\/span><\/p>\n<p><img decoding=\"async\" loading=\"lazy\" class=\"alignnone size-full wp-image-1185\" src=\"http:\/\/www.infokuryr.cz\/n\/wp-content\/uploads\/2021\/04\/kuryr-podpis.png\" alt=\"\" width=\"84\" height=\"24\" \/><\/p>\n<p>&nbsp;<\/p>\n","protected":false},"excerpt":{"rendered":"<p>Brusel\u0161t\u00ed eurokrat\u00e9 cht\u011bj\u00ed podkopat z\u00e1kladn\u00ed pr\u00e1va. Pl\u00e1novan\u00e9 na\u0159\u00edzen\u00ed o sledov\u00e1n\u00ed chatu je v rozporu s&#8230;<\/p>\n","protected":false},"author":2,"featured_media":89404,"comment_status":"closed","ping_status":"closed","sticky":false,"template":"","format":"standard","meta":[],"categories":[7],"tags":[63,41,144,1430,117,48],"_links":{"self":[{"href":"https:\/\/www.infokuryr.cz\/n\/wp-json\/wp\/v2\/posts\/89403"}],"collection":[{"href":"https:\/\/www.infokuryr.cz\/n\/wp-json\/wp\/v2\/posts"}],"about":[{"href":"https:\/\/www.infokuryr.cz\/n\/wp-json\/wp\/v2\/types\/post"}],"author":[{"embeddable":true,"href":"https:\/\/www.infokuryr.cz\/n\/wp-json\/wp\/v2\/users\/2"}],"replies":[{"embeddable":true,"href":"https:\/\/www.infokuryr.cz\/n\/wp-json\/wp\/v2\/comments?post=89403"}],"version-history":[{"count":0,"href":"https:\/\/www.infokuryr.cz\/n\/wp-json\/wp\/v2\/posts\/89403\/revisions"}],"wp:featuredmedia":[{"embeddable":true,"href":"https:\/\/www.infokuryr.cz\/n\/wp-json\/wp\/v2\/media\/89404"}],"wp:attachment":[{"href":"https:\/\/www.infokuryr.cz\/n\/wp-json\/wp\/v2\/media?parent=89403"}],"wp:term":[{"taxonomy":"category","embeddable":true,"href":"https:\/\/www.infokuryr.cz\/n\/wp-json\/wp\/v2\/categories?post=89403"},{"taxonomy":"post_tag","embeddable":true,"href":"https:\/\/www.infokuryr.cz\/n\/wp-json\/wp\/v2\/tags?post=89403"}],"curies":[{"name":"wp","href":"https:\/\/api.w.org\/{rel}","templated":true}]}}