{"id":89372,"date":"2025-10-07T06:29:30","date_gmt":"2025-10-07T04:29:30","guid":{"rendered":"https:\/\/www.infokuryr.cz\/n\/?p=89372"},"modified":"2025-10-07T06:29:30","modified_gmt":"2025-10-07T04:29:30","slug":"jindrich-kulhavy-ohlednuti-a-zamysleni","status":"publish","type":"post","link":"https:\/\/www.infokuryr.cz\/n\/2025\/10\/07\/jindrich-kulhavy-ohlednuti-a-zamysleni\/","title":{"rendered":"Jind\u0159ich Kulhav\u00fd: Ohl\u00e9dnut\u00ed a zamy\u0161len\u00ed"},"content":{"rendered":"<div id=\"fb-root\"><\/div>\n<p><span class=\"anotation\">Povolebn\u00ed n\u00e1lady se r\u016fzn\u00ed. V\u00edt\u011bzov\u00e9 maj\u00ed euforii, pora\u017een\u00ed jsou zklaman\u00ed, ve STA\u010cILO p\u0159em\u00fd\u0161l\u00ed, co se vlastn\u011b stalo. A my s\u00a0nimi. P\u0159edvolebn\u00ed v\u00fdzkumy hovo\u0159ily v\u011bt\u0161inou o tom, \u017ee Kone\u010dn\u00e1 &amp; spol. budou ve Sn\u011bmovn\u011b a ot\u00e1zkou bylo, kolik k\u0159esel z\u00edskaj\u00ed. Tak\u00e9 propad SPD byl v\u011bt\u0161\u00ed, ne\u017e se d\u00e1 pochopit, naopak n\u00e1vrat Pir\u00e1t\u016f je a\u017e triumf\u00e1ln\u00ed. Opravdu je v\u0161e v\u00a0po\u0159\u00e1dku?<\/span><\/p>\n<div id=\"pagetext\">\n<p>\u00a0 Zp\u016fsob s\u010d\u00edt\u00e1n\u00ed hlas\u016f i dvoudenn\u00ed syst\u00e9m voleb je atypick\u00fd a v\u00a0podstat\u011b nekontrolovateln\u00fd. V\u00a0mal\u00fdch obc\u00edch \u00fadajn\u011b do\u0161lo k\u00a0situac\u00edm, kdy voli\u010di volili n\u011bkterou z\u00a0m\u00e9n\u011b frekventovan\u00fdch stran a v\u00a0kone\u010dn\u00e9m sou\u010dtu v obci se jejich hlas v\u016fbec neuk\u00e1zal. U t\u011bch s\u00a0v\u011bt\u0161\u00ed popularitou se nic nezjist\u00ed, ale jste li voli\u010dem kohokoliv, u koho je zaznamenateln\u00fd jeden jedin\u00fd hlas v\u00a0dan\u00e9 lokalit\u011b a on se nakonec nikde neuk\u00e1\u017ee, je vcelku jasn\u00e9, \u017ee n\u011bco nen\u00ed v\u00a0po\u0159\u00e1dku. Ve velk\u00fdch volebn\u00edch obvodech pot\u00e9 lze s\u00a0volebn\u00edmi l\u00edstky \u0161achovat pom\u011brn\u011b snadno.<\/p>\n<p>M\u016f\u017eete nyn\u00ed oponovat, \u017ee ANO z\u00edskalo p\u0159ibli\u017en\u011b tolik mand\u00e1t\u016f, kolik se \u010dekalo. To souhlas\u00ed, nicm\u00e9n\u011b kdyby se poda\u0159ilo eliminovat hlasy pro STA\u010cILO a SPD, mohlo doj\u00edt k\u00a0podobn\u00e9mu sc\u00e9n\u00e1\u0159i, jako tomu bylo v\u00a0minul\u00fdch volb\u00e1ch. Babi\u0161 vyhr\u00e1l, ale vl\u00e1du d\u00edky P\u011btikoalici sestavil nakonec prolhan\u00fd Fiala. A letos k\u00a0tomu nebylo daleko. Kdyby Motorist\u00e9 sob\u011b cht\u011bli, mohli p\u0159ej\u00edt na Fial\u016fv b\u0159eh a situace by se opakovala. Hradn\u00ed liber\u00e1l Pavel ostatn\u011b ot\u00e1l\u00ed s\u00a0vyhl\u00e1\u0161en\u00edm d\u016fv\u011bry Babi\u0161ovi a jsme si skoro jisti, \u017ee poslov\u00e9 z\u00a0ODS u Macinky s\u00a0Turkem zazvonili.<\/p>\n<p>Je t\u0159eba si pov\u0161imnout, \u017ee v\u00a0posledn\u00edch t\u00fddnech p\u0159ed volbami pr\u016fzkumy, o jejich\u017e cinknut\u00ed si \u0161t\u011bbetaj\u00ed vrabci na st\u0159e\u0161e, d\u00e1valy STA\u010cILO t\u00e9m\u011b\u0159 jistotu \u00fa\u010dasti na parlamentn\u00edch jedn\u00e1n\u00edch, z\u00e1rove\u0148 ale vyst\u0159elily Pir\u00e1ty nad hranici 5% a u SPOLU a STAN ignorovaly dopady obrovsk\u00fdch kauz. V\u00a0ka\u017ed\u00e9 norm\u00e1ln\u00ed spole\u010dnosti by veden\u00ed ODS a STAN muselo je\u0161t\u011b p\u0159ed volbami rezignovat a kriminalist\u00e9 by zasahovali v\u00a0s\u00eddlech stran. Voli\u010di by vz\u00e1p\u011bt\u00ed reagovali a jejich vysok\u00fd po\u010det by se p\u0159esunul jinam. To se v\u0161ak nestalo. Naopak v\u00a0nejv\u011bt\u0161\u00edch dvou metropol\u00edch, kde je kontrola hlasovac\u00edch l\u00edstk\u016f nejslo\u017eit\u011bj\u0161\u00ed, vyhr\u00e1lo SPOLU a \u00fasp\u011bch zaznamenali i STAN a Pir\u00e1ti. Mo\u017en\u00e1 v\u016fbec ne\u0161lo o n\u00e1zory Pra\u017ean\u016f a Br\u0148\u00e1k\u016f, ale poda\u0159ila se pr\u00e1v\u011b zde eliminace SPD a STA\u010cILO. A proto\u017ee jde o velk\u00e9 aglomerace, zah\u00fdbalo to celkov\u00fdmi v\u00fdsledky.<\/p>\n<p>Jen naprost\u00fd hlup\u00e1k si nepov\u0161imnul raketov\u00e9ho vzestupu \u201eobliby\u201c Pir\u00e1t\u016f v\u00a0posledn\u00edm m\u011bs\u00edci p\u0159ed volbami, systematick\u00e9ho vyml\u010dov\u00e1n\u00ed bitcoin\u016f, IKEMu a Dozimetru. \u00dalohou pro vl\u00e1dn\u00ed liber\u00e1ly nebylo porazit Babi\u0161e, to by bylo okat\u00e9, ale nepustit ho k\u00a0vl\u00e1d\u011b. Nemo\u017enost \u0161irokou ve\u0159ejnost\u00ed zkontrolovat skute\u010dn\u00e9 v\u00fdsledky doch\u00e1z\u00edme op\u011bt k\u00a0pravd\u011b, kterou je v\u00fdrok o tom, \u017ee nen\u00ed d\u016fle\u017eit\u00e9, jak n\u00e1rod hlasuje, ale to, kdo hlasy po\u010d\u00edt\u00e1. Babi\u0161 s\u00e1m vl\u00e1dnou nem\u016f\u017ee a v\u00a0podstat\u011b se t\u00e9m\u011b\u0159 poda\u0159ilo vr\u00e1tit Fialu zp\u011bt do Strakovky. Nevy\u0161lo to jen t\u011bsn\u011b. Diskvalifikace Kone\u010dn\u00e9 odstranila realistick\u00e9ho kritika Bruselu, ubr\u00e1n\u00ed s\u00edly SPD znamen\u00e1 dal\u0161\u00ed oslaben\u00ed po\u010dtu euroskeptik\u016f a jak ANO, tak i Motorist\u00e9 jsou de facto probruselsk\u00fdmi subjekty vyzdvihuj\u00edc\u00edmi pot\u0159ebu z\u016fstat v\u00a0NATO. Kdy\u017e se to vezme kolem a kolem, EU nakonec zase tak moc na sv\u00e9m vlivu v\u00a0\u010cesk\u00e9 republice neztratila, tak\u017ee intervence typu Moldavsko \u010di Rumunsko nebyla t\u0159eba. Fiala byl tragick\u00fd, cel\u00e1 jeho vl\u00e1da t\u011b\u017eko udr\u017eiteln\u00e1 a v\u00a0podstat\u011b se o\u010dek\u00e1v\u00e1 konec Leyenov\u00e9, jej\u00ed\u017e n\u00e1stupce bude muset zm\u011bnit trochu filozofii, k\u00a0\u010demu\u017e bude na\u0161e nov\u00e1 vl\u00e1da p\u0159\u00edstupn\u00e1.<\/p>\n<p>STA\u010cILO se tak s\u00a0SPD staly ob\u011btn\u00edmi ber\u00e1nky. I p\u0159es opr\u00e1vn\u011bn\u00e9 nad\u011bje jejich hlasy ne\u0161ly do ANO, ale dle na\u0161eho n\u00e1zoru byly p\u0159esunuty k\u00a0Pir\u00e1t\u016fm, STAN, ale i k\u00a0ODS. A aby to vypadalo d\u016fv\u011bryhodn\u011b, byl \u00fadajn\u011b nejv\u00edce krou\u017ekov\u00e1n Lipavsk\u00fd, tedy nestran\u00edk za SPOLU. Z\u00a0na\u0161eho pohledu by se Pir\u00e1ti do Sn\u011bmovny nedostali, STAN m\u011bli m\u00edt kolem 6% a naopak SPD p\u0159i\u0161lo o 7% a STA\u010cILO bylo okradeno o cca 5%. Co\u017e p\u0159i syst\u00e9mu s\u010d\u00edt\u00e1n\u00ed voleb a mizern\u00e9 kontrolovatelnosti nen\u00ed nere\u00e1ln\u00e9. Upozor\u0148ujeme, \u017ee jde o na\u0161i pouhou \u00favahu a dedukci, z\u00e1rove\u0148 o v\u00fdzvu k\u00a0tomu, aby se volby staly v\u00edce v\u011bc\u00ed ve\u0159ejnou a schopnou b\u00fdt m\u00e9n\u011b manipulovatelnou. Nev\u011b\u0159\u00edme tomu, \u017ee by lid\u00e9 ignorovali krimin\u00e1ln\u00ed kauzy ODS a STAN, tragick\u00e9 v\u00fdsledky vl\u00e1dy Petra Fialy, destrukci Prahy pir\u00e1tsk\u00fdm p\u0159edsedou H\u0159ibem a p\u0159ijali bez protestu ukrajinizaci \u010cesk\u00e9 republiky.<\/p>\n<p>Nakonec je\u0161t\u011b dv\u011b mali\u010dkosti. Spole\u010dn\u011b se z\u00e1stupci STAN slavila parti\u010dka kolem Oganesjana terorizuj\u00edc\u00ed m\u011bs\u00edce p\u0159edstavitele STA\u010cILO. T\u00edm je jasn\u00e9, kdo je motivoval.\u00a0 A m\u00e9dia si za\u010dala v\u0161\u00edmat i po volb\u00e1ch Vidl\u00e1ka Sterzika. Ten jako autor blogu Vidl\u00e1kovy kydy uve\u0159ej\u0148oval pod \u010dl\u00e1nky \u010d\u00edslo sv\u00e9ho \u00fa\u010dtu a \u017e\u00e1dal o podporu. Ud\u011blal to i po volb\u00e1ch s\u00a0t\u00edm, \u017ee mus\u00ed \u017eivit rodinu a m\u00e1 li pokra\u010dovat, bude r\u00e1d za pokra\u010duj\u00edc\u00ed finan\u010dn\u00ed v\u00fdpomoc. Jako profesion\u00e1ln\u00ed politik by to d\u011blat nemusel, ale vypadnut\u00edm z\u00a0boje o Sn\u011bmovnu nad\u00e1le z\u016fst\u00e1v\u00e1 \u201esamo\u017eivitelem\u201c. Jen m\u00e1lokdo z\u00a0v\u00e1s tu\u0161\u00ed, kolik \u010dasu a energie sebere i jen pouh\u00e9 psan\u00ed \u010dl\u00e1nk\u016f. On toho d\u011bl\u00e1 mnohem v\u00edce a v\u011bnuje tomu mnoho \u010dasu. Kritizovat ho tedy za \u017e\u00e1dost o dal\u0161\u00ed podporu je zbyte\u010dn\u00e9. Je na ka\u017ed\u00e9m z\u00a0v\u00e1s, kdo to ud\u011bl\u00e1 a kdo nikoliv. A on teprve pot\u00e9 pozn\u00e1, nakolik ho lid\u00e9 berou a vn\u00edmaj\u00ed. Ud\u011blal hodn\u011b pr\u00e1ce, STA\u010cILO bylo ale vid\u011bt nejv\u00edce d\u00edky Kone\u010dn\u00e9. Ta rozhodn\u011b neskon\u010d\u00ed. Vidl\u00e1k mo\u017en\u00e1 do\u0161el do bodu, kdy se bude rozhodovat, co d\u00e1le. Je to jen na n\u011bm. Ostatn\u011b podobnou situaci neza\u017e\u00edv\u00e1 jen on. Jen ne ka\u017ed\u00fd vsadil na jednu notu. S\u00a0t\u00edm se mus\u00ed poprat s\u00e1m.<\/p>\n<p><a href=\"https:\/\/www.inadhled.live\/uvaha-dne\/ohlednuti-a-zamysleni\/\">Jind\u0159ich Kulhav\u00fd<\/a><\/p>\n<p><img decoding=\"async\" loading=\"lazy\" class=\"alignnone size-full wp-image-48136\" src=\"http:\/\/www.infokuryr.cz\/n\/wp-content\/uploads\/2024\/02\/kulhavy-jindrich.jpg\" alt=\"\" width=\"219\" height=\"221\" srcset=\"https:\/\/www.infokuryr.cz\/n\/wp-content\/uploads\/2024\/02\/kulhavy-jindrich.jpg 219w, https:\/\/www.infokuryr.cz\/n\/wp-content\/uploads\/2024\/02\/kulhavy-jindrich-150x150.jpg 150w\" sizes=\"(max-width: 219px) 100vw, 219px\" \/><\/p>\n<p>&nbsp;<\/p>\n<\/div>\n","protected":false},"excerpt":{"rendered":"<p>Povolebn\u00ed n\u00e1lady se r\u016fzn\u00ed. V\u00edt\u011bzov\u00e9 maj\u00ed euforii, pora\u017een\u00ed jsou zklaman\u00ed, ve STA\u010cILO p\u0159em\u00fd\u0161l\u00ed, co se&#8230;<\/p>\n","protected":false},"author":2,"featured_media":89373,"comment_status":"closed","ping_status":"closed","sticky":false,"template":"","format":"standard","meta":[],"categories":[6],"tags":[1503,122,27],"_links":{"self":[{"href":"https:\/\/www.infokuryr.cz\/n\/wp-json\/wp\/v2\/posts\/89372"}],"collection":[{"href":"https:\/\/www.infokuryr.cz\/n\/wp-json\/wp\/v2\/posts"}],"about":[{"href":"https:\/\/www.infokuryr.cz\/n\/wp-json\/wp\/v2\/types\/post"}],"author":[{"embeddable":true,"href":"https:\/\/www.infokuryr.cz\/n\/wp-json\/wp\/v2\/users\/2"}],"replies":[{"embeddable":true,"href":"https:\/\/www.infokuryr.cz\/n\/wp-json\/wp\/v2\/comments?post=89372"}],"version-history":[{"count":0,"href":"https:\/\/www.infokuryr.cz\/n\/wp-json\/wp\/v2\/posts\/89372\/revisions"}],"wp:featuredmedia":[{"embeddable":true,"href":"https:\/\/www.infokuryr.cz\/n\/wp-json\/wp\/v2\/media\/89373"}],"wp:attachment":[{"href":"https:\/\/www.infokuryr.cz\/n\/wp-json\/wp\/v2\/media?parent=89372"}],"wp:term":[{"taxonomy":"category","embeddable":true,"href":"https:\/\/www.infokuryr.cz\/n\/wp-json\/wp\/v2\/categories?post=89372"},{"taxonomy":"post_tag","embeddable":true,"href":"https:\/\/www.infokuryr.cz\/n\/wp-json\/wp\/v2\/tags?post=89372"}],"curies":[{"name":"wp","href":"https:\/\/api.w.org\/{rel}","templated":true}]}}