{"id":89369,"date":"2025-10-07T06:23:49","date_gmt":"2025-10-07T04:23:49","guid":{"rendered":"https:\/\/www.infokuryr.cz\/n\/?p=89369"},"modified":"2025-10-07T06:23:49","modified_gmt":"2025-10-07T04:23:49","slug":"izrael-deportuje-gretu-thunbergovou","status":"publish","type":"post","link":"https:\/\/www.infokuryr.cz\/n\/2025\/10\/07\/izrael-deportuje-gretu-thunbergovou\/","title":{"rendered":"Izrael deportuje Gretu Thunbergovou"},"content":{"rendered":"<div id=\"fb-root\"><\/div>\n<h3>\u0160v\u00e9dsk\u00e1 aktivistka a stovky dal\u0161\u00edch byli minul\u00fd t\u00fdden zat\u010deni, kdy\u017e se jejich humanit\u00e1rn\u00ed flotila bl\u00ed\u017eila k Gaze<\/h3>\n<p><span dir=\"auto\">Izraelsk\u00e9 \u00fa\u0159ady potvrdily deportaci aktivistky Grety Thunbergov\u00e9. Ona a stovky dal\u0161\u00edch byly minul\u00fd t\u00fdden zadr\u017eeny pot\u00e9, co se pokusily dostat do Gazy na palub\u011b humanit\u00e1rn\u00ed flotily.<\/span><\/p>\n<p><span dir=\"auto\">Thunbergov\u00e1 byla sou\u010d\u00e1st\u00ed skupiny v\u00edce ne\u017e 170 aktivist\u016f deportovan\u00fdch do \u0158ecka a Slovenska v pond\u011bl\u00ed, uvedlo izraelsk\u00e9 ministerstvo zahrani\u010d\u00ed v\u00a0<\/span><a href=\"https:\/\/x.com\/i\/web\/status\/1975171094991503716\" target=\"_blank\" rel=\"noopener noreferrer\"><span dir=\"auto\">p\u0159\u00edsp\u011bvku<\/span><\/a><span dir=\"auto\">\u00a0na X. Zve\u0159ejnilo tak\u00e9 fotografii n\u00ed a dvou dal\u0161\u00edch \u017een na leti\u0161ti Ben Guriona.<\/span><\/p>\n<p><span dir=\"auto\">Podle ministerstva byli ve skupin\u011b ob\u010dan\u00e9 celkem 19 zem\u00ed, v\u010detn\u011b USA, Velk\u00e9 Brit\u00e1nie, N\u011bmecka a Francie.<\/span><\/p>\n<p><em><span dir=\"auto\">\u201eV\u0161echna z\u00e1konn\u00e1 pr\u00e1va \u00fa\u010dastn\u00edk\u016f tohoto PR triku byla a budou i nad\u00e1le pln\u011b dodr\u017eov\u00e1na,\u201c<\/span><\/em><span dir=\"auto\">\u00a0uvedlo ministerstvo o aktivistech a jejich humanit\u00e1rn\u00ed flotilu ozna\u010dilo za provokaci. Ministerstvo vyu\u017eilo t\u00e9to p\u0159\u00edle\u017eitosti k obvin\u011bn\u00ed skupiny z\u00a0<\/span><em><span dir=\"auto\">\u201e\u0161\u00ed\u0159en\u00ed l\u017e\u00ed\u201c<\/span><\/em><span dir=\"auto\">\u00a0v r\u00e1mci toho, co ozna\u010dilo za\u00a0<\/span><em><span dir=\"auto\">\u201ep\u0159edem napl\u00e1novanou kampa\u0148 s fale\u0161n\u00fdmi zpr\u00e1vami\u201c.<\/span><\/em><\/p>\n<p><span dir=\"auto\">Ministerstvo se odvol\u00e1valo na d\u0159\u00edv\u011bj\u0161\u00ed obvin\u011bn\u00ed vznesen\u00e1 \u0159adou novin\u00e1\u0159\u016f a aktivist\u016f, kte\u0159\u00ed uvedli, \u017ee s Thunbergovou bylo v izraelsk\u00e9 vazb\u011b \u0161patn\u011b zach\u00e1zeno.\u00a0<\/span><em><span dir=\"auto\">\u201eP\u0159ed na\u0161ima o\u010dima t\u00e1hli malou Gretu za vlasy, bili ji a nutili ji pol\u00edbit izraelskou vlajku,\u201c<\/span><\/em><span dir=\"auto\">\u00a0\u0159ekl tiskov\u00e9 agentu\u0159e Anadolu tureck\u00fd novin\u00e1\u0159 Ersin Celik.<\/span><\/p>\n<p><span dir=\"auto\">\u0160v\u00e9dsk\u00e9 velvyslanectv\u00ed v Tel Avivu \u00fadajn\u011b uvedlo, \u017ee si Thunbergov\u00e1 st\u011b\u017eovala na\u00a0<\/span><em><span dir=\"auto\">\u201edrsn\u00e9 zach\u00e1zen\u00ed\u201c<\/span><\/em><span dir=\"auto\">\u00a0a na to, \u017ee nedost\u00e1vala dostatek j\u00eddla a vody, jak uv\u00e1d\u00ed e-mail citovan\u00fd den\u00edkem The Guardian. Z\u00e1padn\u00ed Jeruzal\u00e9m tato obvin\u011bn\u00ed pop\u0159el a ozna\u010dil je za\u00a0<\/span><em><span dir=\"auto\">\u201enestoudn\u00e9 l\u017ei\u201c.<\/span><\/em><\/p>\n<p><span dir=\"auto\">Izraelsk\u00e9 n\u00e1mo\u0159nictvo v p\u00e1tek zadr\u017eelo p\u0159es 400 aktivist\u016f na palub\u011b asi 50 lod\u00ed, kte\u0159\u00ed se pokou\u0161eli prolomit blok\u00e1du Gazy po mo\u0159i. V\u00edce ne\u017e 130 z nich bylo o v\u00edkendu deportov\u00e1no do Turecka.<\/span><\/p>\n<p><span dir=\"auto\">V\u011bt\u0161ina zadr\u017een\u00fdch byla odvezena do v\u011bznice Ketziot v Negevsk\u00e9 pou\u0161ti; izraelsk\u00fd ministr n\u00e1rodn\u00ed bezpe\u010dnosti Itamar Ben Gvir prohl\u00e1sil, \u017ee je\u00a0<\/span><em><span dir=\"auto\">\u201ehrd\u00fd\u201c<\/span><\/em><span dir=\"auto\">\u00a0na drsn\u00e9 podm\u00ednky, ve kter\u00fdch byli dr\u017eeni.<\/span><\/p>\n<p><span dir=\"auto\">\u010ciny z\u00e1padn\u00edho Jeruzal\u00e9ma vyvolaly vlnu protest\u016f v Evrop\u011b, Latinsk\u00e9 Americe i mimo ni.<\/span><\/p>\n<h2 class=\"article__heading\"><span dir=\"auto\">\u201eJe to jen pot\u00ed\u017eistka,\u201c \u0159ekl Trump o zat\u010den\u00ed Thunbergov\u00e9 v Izraeli<\/span><\/h2>\n<p><img decoding=\"async\" loading=\"lazy\" class=\"aligncenter\" src=\"https:\/\/mf.b37mrtl.ru\/files\/2025.10\/xxs\/68e43d4520302712906721f2.jpg\" alt=\"\u201eJe to jen pot\u00ed\u017eistka,\u201c \u0159ekl Trump o zat\u010den\u00ed Thunbergov\u00e9 v Izraeli.\" width=\"614\" height=\"344\" \/><\/p>\n<p><strong>Americk\u00fd prezident se vyj\u00e1d\u0159il uprost\u0159ed pokusu aktivisty dostat se do Gazy na palub\u011b humanit\u00e1rn\u00ed flotily a n\u00e1sledn\u00e9 deportace.<\/strong><\/p>\n<p data-pm-slice=\"0 0 []\"><span dir=\"auto\">Americk\u00fd prezident Donald Trump se vysm\u00e1l aktivistce Gret\u011b Thunbergov\u00e9 za pokus dostat se do Gazy na palub\u011b humanit\u00e1rn\u00ed flotily, n\u00e1sledn\u00e9 zat\u010den\u00ed a deportaci.<\/span><\/p>\n<p><span dir=\"auto\">Izraelsk\u00e9 n\u00e1mo\u0159nictvo v p\u00e1tek zadr\u017eelo p\u0159es 400 aktivist\u016f, mezi nimi\u017e byla i Thunbergov\u00e1, kdy\u017e se pokou\u0161eli prolomit blok\u00e1du enkl\u00e1vy po mo\u0159i. V\u00edce ne\u017e 130 z nich bylo o v\u00edkendu deportov\u00e1no do Turecka. Thunbergov\u00e1 se v pond\u011bl\u00ed stala sou\u010d\u00e1st\u00ed skupiny aktivist\u016f deportovan\u00fdch do \u0158ecka a na Slovensko.<\/span><\/p>\n<p><span dir=\"auto\">Kdy\u017e se Trumpa ptali na \u0161v\u00e9dskou aktivistku, odpov\u011bd\u011bl:\u00a0<\/span><em><span dir=\"auto\">\u201eJe to pot\u00ed\u017eistka.\u201c\u00a0<\/span><\/em>\u00a0<em><span dir=\"auto\">\u201eU\u017e ji nezaj\u00edm\u00e1 prost\u0159ed\u00ed, te\u010f se zab\u00fdv\u00e1 t\u00edmhle\u2026 Pot\u0159ebuje nav\u0161t\u00edvit l\u00e9ka\u0159e. M\u00e1 probl\u00e9m se zvl\u00e1d\u00e1n\u00edm hn\u011bvu,\u201c<\/span><\/em><span dir=\"auto\">\u00a0\u0159ekl v pond\u011bl\u00ed novin\u00e1\u0159\u016fm v Ov\u00e1ln\u00e9 pracovn\u011b.<\/span><\/p>\n<p><span dir=\"auto\">V sobotu dal\u0161\u00ed aktivist\u00e9 a pr\u00e1vn\u00edci tvrdili, \u017ee Thunbergov\u00e1 a dal\u0161\u00ed byli po zat\u010den\u00ed v izraelsk\u00e9 v\u011bznici\u00a0podrobeni\u00a0<\/span><em><span dir=\"auto\">\u201emu\u010den\u00ed\u201c<\/span><\/em><span dir=\"auto\">\u00a0a\u00a0<\/span><em><span dir=\"auto\">\u201edrsn\u00e9mu zach\u00e1zen\u00ed\u201c . Z\u00e1padn\u00ed Jeruzal\u00e9m pozd\u011bji tato tvrzen\u00ed odm\u00edtl, zat\u00edmco ministr n\u00e1rodn\u00ed bezpe\u010dnosti Itamar Ben Gvir uvedl, \u017ee je\u00a0<\/span><\/em><em><span dir=\"auto\">\u201ehrd\u00fd\u201c<\/span><\/em><span dir=\"auto\">\u00a0na drsn\u00e9 podm\u00ednky, v nich\u017e jsou aktivist\u00e9 dr\u017eeni.<\/span><\/p>\n<p><span dir=\"auto\">Thunbergov\u00e1 a Trump spolu bojuj\u00ed u\u017e l\u00e9ta, p\u0159i\u010dem\u017e si vz\u00e1jemn\u011b opl\u00e1cej\u00ed sv\u00e1 vlastn\u00ed slova. V roce 2019 se\u00a0po vyhl\u00e1\u0161en\u00ed Osobnosti roku \u010dasopisu Time vyj\u00e1d\u0159il k jej\u00edmu\u00a0<\/span><em><span dir=\"auto\">\u201eprobl\u00e9mu se zvl\u00e1d\u00e1n\u00edm hn\u011bvu\u201c . Thunbergov\u00e1 reagovala aktualizac\u00ed sv\u00e9ho \u017eivotopisu na Twitteru (nyn\u00ed X), kter\u00fd obsahuje:\u00a0<\/span><\/em><em><span dir=\"auto\">\u201eTeenagerka pracuj\u00edc\u00ed na sv\u00e9m probl\u00e9mu se zvl\u00e1d\u00e1n\u00edm hn\u011bvu.\u201c<\/span><\/em><\/p>\n<p><img decoding=\"async\" loading=\"lazy\" class=\"alignnone size-full wp-image-1185\" src=\"http:\/\/www.infokuryr.cz\/n\/wp-content\/uploads\/2021\/04\/kuryr-podpis.png\" alt=\"\" width=\"84\" height=\"24\" \/><\/p>\n<p>&nbsp;<\/p>\n","protected":false},"excerpt":{"rendered":"<p>\u0160v\u00e9dsk\u00e1 aktivistka a stovky dal\u0161\u00edch byli minul\u00fd t\u00fdden zat\u010deni, kdy\u017e se jejich humanit\u00e1rn\u00ed flotila bl\u00ed\u017eila&#8230;<\/p>\n","protected":false},"author":2,"featured_media":89370,"comment_status":"closed","ping_status":"closed","sticky":false,"template":"","format":"standard","meta":[],"categories":[7],"tags":[7284,107,452],"_links":{"self":[{"href":"https:\/\/www.infokuryr.cz\/n\/wp-json\/wp\/v2\/posts\/89369"}],"collection":[{"href":"https:\/\/www.infokuryr.cz\/n\/wp-json\/wp\/v2\/posts"}],"about":[{"href":"https:\/\/www.infokuryr.cz\/n\/wp-json\/wp\/v2\/types\/post"}],"author":[{"embeddable":true,"href":"https:\/\/www.infokuryr.cz\/n\/wp-json\/wp\/v2\/users\/2"}],"replies":[{"embeddable":true,"href":"https:\/\/www.infokuryr.cz\/n\/wp-json\/wp\/v2\/comments?post=89369"}],"version-history":[{"count":1,"href":"https:\/\/www.infokuryr.cz\/n\/wp-json\/wp\/v2\/posts\/89369\/revisions"}],"predecessor-version":[{"id":89371,"href":"https:\/\/www.infokuryr.cz\/n\/wp-json\/wp\/v2\/posts\/89369\/revisions\/89371"}],"wp:featuredmedia":[{"embeddable":true,"href":"https:\/\/www.infokuryr.cz\/n\/wp-json\/wp\/v2\/media\/89370"}],"wp:attachment":[{"href":"https:\/\/www.infokuryr.cz\/n\/wp-json\/wp\/v2\/media?parent=89369"}],"wp:term":[{"taxonomy":"category","embeddable":true,"href":"https:\/\/www.infokuryr.cz\/n\/wp-json\/wp\/v2\/categories?post=89369"},{"taxonomy":"post_tag","embeddable":true,"href":"https:\/\/www.infokuryr.cz\/n\/wp-json\/wp\/v2\/tags?post=89369"}],"curies":[{"name":"wp","href":"https:\/\/api.w.org\/{rel}","templated":true}]}}