{"id":89367,"date":"2025-10-07T06:20:28","date_gmt":"2025-10-07T04:20:28","guid":{"rendered":"https:\/\/www.infokuryr.cz\/n\/?p=89367"},"modified":"2025-10-07T06:20:28","modified_gmt":"2025-10-07T04:20:28","slug":"v-syrii-vypukly-nasilne-strety","status":"publish","type":"post","link":"https:\/\/www.infokuryr.cz\/n\/2025\/10\/07\/v-syrii-vypukly-nasilne-strety\/","title":{"rendered":"V S\u00fdrii vypukly n\u00e1siln\u00e9 st\u0159ety"},"content":{"rendered":"<div id=\"fb-root\"><\/div>\n<h3>Podle m\u00e9di\u00ed do\u0161lo v Aleppu k p\u0159est\u0159elce mezi kurdsk\u00fdmi a syrsk\u00fdmi vl\u00e1dn\u00edmi silami<\/h3>\n<p data-pm-slice=\"0 0 []\"><span dir=\"auto\">Podle n\u011bkolika m\u00e9di\u00ed do\u0161lo v pond\u011bl\u00ed ve\u010der k n\u00e1siln\u00fdm st\u0159et\u016fm mezi kurdsk\u00fdmi bojovn\u00edky, v\u010detn\u011b Syrsk\u00fdch demokratick\u00fdch sil (SDF), a vl\u00e1dn\u00edmi silami v Aleppu.<\/span><\/p>\n<p><span dir=\"auto\">Tiskov\u00e1 agentura North Press Agency uvedla, \u017ee p\u0159i p\u0159est\u0159elk\u00e1ch bylo zabito nejm\u00e9n\u011b 7 lid\u00ed a des\u00edtky zran\u011bny. Podle agentury se n\u011bkte\u0159\u00ed lid\u00e9 v r\u016fzn\u00fdch \u010dtvrt\u00edch Aleppa postavili proti vl\u00e1d\u011b.<\/span><\/p>\n<p><span dir=\"auto\">Stanice Al Arabiya s odvol\u00e1n\u00edm na syrsk\u00e9 ministerstvo obrany uvedla, \u017ee vl\u00e1da\u00a0<\/span><em><span dir=\"auto\">\u201ese p\u0159esouv\u00e1 v r\u00e1mci sv\u00e9ho pl\u00e1nu na p\u0159esun vojsk\u201c.<\/span><\/em><\/p>\n<p><em><span dir=\"auto\">\u201eJsme odhodl\u00e1ni dodr\u017eovat na\u0161i dohodu s [SDF] a nem\u00e1me v \u00famyslu prov\u00e1d\u011bt \u017e\u00e1dn\u00e9 vojensk\u00e9 operace,\u201c<\/span><\/em><span dir=\"auto\">\u00a0uv\u00e1d\u00ed se v cit\u00e1tu.<\/span><\/p>\n<div class=\"rtcode\">\n<div class=\"twitter-tweet twitter-tweet-rendered\"><iframe id=\"twitter-widget-0\" class=\"\" title=\"X P\u0159\u00edsp\u011bvek\" src=\"https:\/\/platform.twitter.com\/embed\/Tweet.html?creatorScreenName=RT_com&amp;dnt=false&amp;embedId=twitter-widget-0&amp;features=eyJ0ZndfdGltZWxpbmVfbGlzdCI6eyJidWNrZXQiOltdLCJ2ZXJzaW9uIjpudWxsfSwidGZ3X2ZvbGxvd2VyX2NvdW50X3N1bnNldCI6eyJidWNrZXQiOnRydWUsInZlcnNpb24iOm51bGx9LCJ0ZndfdHdlZXRfZWRpdF9iYWNrZW5kIjp7ImJ1Y2tldCI6Im9uIiwidmVyc2lvbiI6bnVsbH0sInRmd19yZWZzcmNfc2Vzc2lvbiI6eyJidWNrZXQiOiJvbiIsInZlcnNpb24iOm51bGx9LCJ0ZndfZm9zbnJfc29mdF9pbnRlcnZlbnRpb25zX2VuYWJsZWQiOnsiYnVja2V0Ijoib24iLCJ2ZXJzaW9uIjpudWxsfSwidGZ3X21peGVkX21lZGlhXzE1ODk3Ijp7ImJ1Y2tldCI6InRyZWF0bWVudCIsInZlcnNpb24iOm51bGx9LCJ0ZndfZXhwZXJpbWVudHNfY29va2llX2V4cGlyYXRpb24iOnsiYnVja2V0IjoxMjA5NjAwLCJ2ZXJzaW9uIjpudWxsfSwidGZ3X3Nob3dfYmlyZHdhdGNoX3Bpdm90c19lbmFibGVkIjp7ImJ1Y2tldCI6Im9uIiwidmVyc2lvbiI6bnVsbH0sInRmd19kdXBsaWNhdGVfc2NyaWJlc190b19zZXR0aW5ncyI6eyJidWNrZXQiOiJvbiIsInZlcnNpb24iOm51bGx9LCJ0ZndfdXNlX3Byb2ZpbGVfaW1hZ2Vfc2hhcGVfZW5hYmxlZCI6eyJidWNrZXQiOiJvbiIsInZlcnNpb24iOm51bGx9LCJ0ZndfdmlkZW9faGxzX2R5bmFtaWNfbWFuaWZlc3RzXzE1MDgyIjp7ImJ1Y2tldCI6InRydWVfYml0cmF0ZSIsInZlcnNpb24iOm51bGx9LCJ0ZndfbGVnYWN5X3RpbWVsaW5lX3N1bnNldCI6eyJidWNrZXQiOnRydWUsInZlcnNpb24iOm51bGx9LCJ0ZndfdHdlZXRfZWRpdF9mcm9udGVuZCI6eyJidWNrZXQiOiJvbiIsInZlcnNpb24iOm51bGx9fQ%3D%3D&amp;frame=false&amp;hideCard=false&amp;hideThread=false&amp;id=1975290233290957312&amp;lang=cs&amp;origin=https%3A%2F%2Fwww.rt.com%2Fnews%2F626008-violent-clashes-break-out-syria-kurdish-forces%2F&amp;sessionId=ebf315375e993cc85bb451a8418e4637793e5cc6&amp;siteScreenName=RT_com&amp;theme=light&amp;widgetsVersion=2615f7e52b7e0%3A1702314776716&amp;width=550px\" frameborder=\"0\" scrolling=\"no\" allowfullscreen=\"allowfullscreen\" data-tweet-id=\"1975290233290957312\" data-mce-fragment=\"1\"><\/iframe><\/div>\n<\/div>\n<p><span dir=\"auto\">SDF tvrdily, \u017ee st\u0159ety byly p\u0159\u00edm\u00fdm d\u016fsledkem\u00a0<\/span><em><span dir=\"auto\">\u201eprovokac\u00ed frakc\u00ed prozat\u00edmn\u00ed vl\u00e1dy a jejich pokus\u016f o postup s tanky\u201c.<\/span><\/em><\/p>\n<div class=\"rtcode\">\n<div class=\"twitter-tweet twitter-tweet-rendered\"><iframe id=\"twitter-widget-1\" class=\"\" title=\"X P\u0159\u00edsp\u011bvek\" src=\"https:\/\/platform.twitter.com\/embed\/Tweet.html?creatorScreenName=RT_com&amp;dnt=false&amp;embedId=twitter-widget-1&amp;features=eyJ0ZndfdGltZWxpbmVfbGlzdCI6eyJidWNrZXQiOltdLCJ2ZXJzaW9uIjpudWxsfSwidGZ3X2ZvbGxvd2VyX2NvdW50X3N1bnNldCI6eyJidWNrZXQiOnRydWUsInZlcnNpb24iOm51bGx9LCJ0ZndfdHdlZXRfZWRpdF9iYWNrZW5kIjp7ImJ1Y2tldCI6Im9uIiwidmVyc2lvbiI6bnVsbH0sInRmd19yZWZzcmNfc2Vzc2lvbiI6eyJidWNrZXQiOiJvbiIsInZlcnNpb24iOm51bGx9LCJ0ZndfZm9zbnJfc29mdF9pbnRlcnZlbnRpb25zX2VuYWJsZWQiOnsiYnVja2V0Ijoib24iLCJ2ZXJzaW9uIjpudWxsfSwidGZ3X21peGVkX21lZGlhXzE1ODk3Ijp7ImJ1Y2tldCI6InRyZWF0bWVudCIsInZlcnNpb24iOm51bGx9LCJ0ZndfZXhwZXJpbWVudHNfY29va2llX2V4cGlyYXRpb24iOnsiYnVja2V0IjoxMjA5NjAwLCJ2ZXJzaW9uIjpudWxsfSwidGZ3X3Nob3dfYmlyZHdhdGNoX3Bpdm90c19lbmFibGVkIjp7ImJ1Y2tldCI6Im9uIiwidmVyc2lvbiI6bnVsbH0sInRmd19kdXBsaWNhdGVfc2NyaWJlc190b19zZXR0aW5ncyI6eyJidWNrZXQiOiJvbiIsInZlcnNpb24iOm51bGx9LCJ0ZndfdXNlX3Byb2ZpbGVfaW1hZ2Vfc2hhcGVfZW5hYmxlZCI6eyJidWNrZXQiOiJvbiIsInZlcnNpb24iOm51bGx9LCJ0ZndfdmlkZW9faGxzX2R5bmFtaWNfbWFuaWZlc3RzXzE1MDgyIjp7ImJ1Y2tldCI6InRydWVfYml0cmF0ZSIsInZlcnNpb24iOm51bGx9LCJ0ZndfbGVnYWN5X3RpbWVsaW5lX3N1bnNldCI6eyJidWNrZXQiOnRydWUsInZlcnNpb24iOm51bGx9LCJ0ZndfdHdlZXRfZWRpdF9mcm9udGVuZCI6eyJidWNrZXQiOiJvbiIsInZlcnNpb24iOm51bGx9fQ%3D%3D&amp;frame=false&amp;hideCard=false&amp;hideThread=false&amp;id=1975324593356480723&amp;lang=cs&amp;maxWidth=560px&amp;origin=https%3A%2F%2Fwww.rt.com%2Fnews%2F626008-violent-clashes-break-out-syria-kurdish-forces%2F&amp;sessionId=ebf315375e993cc85bb451a8418e4637793e5cc6&amp;siteScreenName=RT_com&amp;theme=light&amp;widgetsVersion=2615f7e52b7e0%3A1702314776716&amp;width=550px\" frameborder=\"0\" scrolling=\"no\" allowfullscreen=\"allowfullscreen\" data-tweet-id=\"1975324593356480723\" data-mce-fragment=\"1\"><\/iframe><\/div>\n<\/div>\n<p><span dir=\"auto\">V dubnu podepsala syrsk\u00e1 vl\u00e1da a m\u00edstn\u00ed rada kurdsk\u00fdch \u010dtvrt\u00ed Aleppa dohodu, kter\u00e1 tyto \u010dtvrti za\u0159adila pod spr\u00e1vu Dama\u0161ku a z\u00e1rove\u0148 zachovala ur\u010ditou m\u00edru autonomie kurdsk\u00fdch instituc\u00ed.<\/span><\/p>\n<p><span dir=\"auto\">Dal\u0161\u00ed dohoda stanovila, \u017ee kurdsk\u00e9 civiln\u00ed a vojensk\u00e9 struktury budou do konce roku 2025 integrov\u00e1ny do \u00fast\u0159edn\u00ed vl\u00e1dy.<\/span><\/p>\n<div class=\"rtcode\">\n<div class=\"twitter-tweet twitter-tweet-rendered\"><iframe id=\"twitter-widget-2\" class=\"\" title=\"X P\u0159\u00edsp\u011bvek\" src=\"https:\/\/platform.twitter.com\/embed\/Tweet.html?creatorScreenName=RT_com&amp;dnt=false&amp;embedId=twitter-widget-2&amp;features=eyJ0ZndfdGltZWxpbmVfbGlzdCI6eyJidWNrZXQiOltdLCJ2ZXJzaW9uIjpudWxsfSwidGZ3X2ZvbGxvd2VyX2NvdW50X3N1bnNldCI6eyJidWNrZXQiOnRydWUsInZlcnNpb24iOm51bGx9LCJ0ZndfdHdlZXRfZWRpdF9iYWNrZW5kIjp7ImJ1Y2tldCI6Im9uIiwidmVyc2lvbiI6bnVsbH0sInRmd19yZWZzcmNfc2Vzc2lvbiI6eyJidWNrZXQiOiJvbiIsInZlcnNpb24iOm51bGx9LCJ0ZndfZm9zbnJfc29mdF9pbnRlcnZlbnRpb25zX2VuYWJsZWQiOnsiYnVja2V0Ijoib24iLCJ2ZXJzaW9uIjpudWxsfSwidGZ3X21peGVkX21lZGlhXzE1ODk3Ijp7ImJ1Y2tldCI6InRyZWF0bWVudCIsInZlcnNpb24iOm51bGx9LCJ0ZndfZXhwZXJpbWVudHNfY29va2llX2V4cGlyYXRpb24iOnsiYnVja2V0IjoxMjA5NjAwLCJ2ZXJzaW9uIjpudWxsfSwidGZ3X3Nob3dfYmlyZHdhdGNoX3Bpdm90c19lbmFibGVkIjp7ImJ1Y2tldCI6Im9uIiwidmVyc2lvbiI6bnVsbH0sInRmd19kdXBsaWNhdGVfc2NyaWJlc190b19zZXR0aW5ncyI6eyJidWNrZXQiOiJvbiIsInZlcnNpb24iOm51bGx9LCJ0ZndfdXNlX3Byb2ZpbGVfaW1hZ2Vfc2hhcGVfZW5hYmxlZCI6eyJidWNrZXQiOiJvbiIsInZlcnNpb24iOm51bGx9LCJ0ZndfdmlkZW9faGxzX2R5bmFtaWNfbWFuaWZlc3RzXzE1MDgyIjp7ImJ1Y2tldCI6InRydWVfYml0cmF0ZSIsInZlcnNpb24iOm51bGx9LCJ0ZndfbGVnYWN5X3RpbWVsaW5lX3N1bnNldCI6eyJidWNrZXQiOnRydWUsInZlcnNpb24iOm51bGx9LCJ0ZndfdHdlZXRfZWRpdF9mcm9udGVuZCI6eyJidWNrZXQiOiJvbiIsInZlcnNpb24iOm51bGx9fQ%3D%3D&amp;frame=false&amp;hideCard=false&amp;hideThread=false&amp;id=1975317020540342583&amp;lang=cs&amp;maxWidth=560px&amp;origin=https%3A%2F%2Fwww.rt.com%2Fnews%2F626008-violent-clashes-break-out-syria-kurdish-forces%2F&amp;sessionId=ebf315375e993cc85bb451a8418e4637793e5cc6&amp;siteScreenName=RT_com&amp;theme=light&amp;widgetsVersion=2615f7e52b7e0%3A1702314776716&amp;width=550px\" frameborder=\"0\" scrolling=\"no\" allowfullscreen=\"allowfullscreen\" data-tweet-id=\"1975317020540342583\" data-mce-fragment=\"1\"><\/iframe><\/div>\n<\/div>\n<p><span dir=\"auto\">Obavy z eskalace a fragmentace v S\u00fdrii se po m\u011bs\u00edc\u00edch st\u0159et\u016f mezi men\u0161inov\u00fdmi skupinami a vl\u00e1dn\u00edmi silami zintenzivnily. Po svr\u017een\u00ed dlouholet\u00e9ho prezidenta Ba\u0161\u00e1ra Asada \u00fadajn\u011b islamistick\u00e9 frakce \u00fato\u010dily na men\u0161inov\u00e9 komunity, v\u010detn\u011b alavit\u016f, k\u0159es\u0165an\u016f, Kurd\u016f a Dr\u00faz\u016f. Syrsk\u00fd prezident Ahmad a\u0161-\u0160araa pozd\u011bji zopakoval, \u017ee v\u0161echny skupiny budou v\u00edt\u00e1ny pod \u00fast\u0159edn\u00ed autoritou a \u017ee\u00a0<\/span><em><span dir=\"auto\">\u201ev\u0161echny zbran\u011b mus\u00ed b\u00fdt pod kontrolou st\u00e1tu\u201c.<\/span><\/em><\/p>\n<p><img decoding=\"async\" loading=\"lazy\" class=\"alignnone size-full wp-image-1185\" src=\"http:\/\/www.infokuryr.cz\/n\/wp-content\/uploads\/2021\/04\/kuryr-podpis.png\" alt=\"\" width=\"84\" height=\"24\" \/><\/p>\n<p>&nbsp;<\/p>\n","protected":false},"excerpt":{"rendered":"<p>Podle m\u00e9di\u00ed do\u0161lo v Aleppu k p\u0159est\u0159elce mezi kurdsk\u00fdmi a syrsk\u00fdmi vl\u00e1dn\u00edmi silami Podle n\u011bkolika&#8230;<\/p>\n","protected":false},"author":2,"featured_media":89368,"comment_status":"closed","ping_status":"closed","sticky":false,"template":"","format":"standard","meta":[],"categories":[7],"tags":[1917,290,147,5135],"_links":{"self":[{"href":"https:\/\/www.infokuryr.cz\/n\/wp-json\/wp\/v2\/posts\/89367"}],"collection":[{"href":"https:\/\/www.infokuryr.cz\/n\/wp-json\/wp\/v2\/posts"}],"about":[{"href":"https:\/\/www.infokuryr.cz\/n\/wp-json\/wp\/v2\/types\/post"}],"author":[{"embeddable":true,"href":"https:\/\/www.infokuryr.cz\/n\/wp-json\/wp\/v2\/users\/2"}],"replies":[{"embeddable":true,"href":"https:\/\/www.infokuryr.cz\/n\/wp-json\/wp\/v2\/comments?post=89367"}],"version-history":[{"count":0,"href":"https:\/\/www.infokuryr.cz\/n\/wp-json\/wp\/v2\/posts\/89367\/revisions"}],"wp:featuredmedia":[{"embeddable":true,"href":"https:\/\/www.infokuryr.cz\/n\/wp-json\/wp\/v2\/media\/89368"}],"wp:attachment":[{"href":"https:\/\/www.infokuryr.cz\/n\/wp-json\/wp\/v2\/media?parent=89367"}],"wp:term":[{"taxonomy":"category","embeddable":true,"href":"https:\/\/www.infokuryr.cz\/n\/wp-json\/wp\/v2\/categories?post=89367"},{"taxonomy":"post_tag","embeddable":true,"href":"https:\/\/www.infokuryr.cz\/n\/wp-json\/wp\/v2\/tags?post=89367"}],"curies":[{"name":"wp","href":"https:\/\/api.w.org\/{rel}","templated":true}]}}