{"id":89365,"date":"2025-10-07T06:15:48","date_gmt":"2025-10-07T04:15:48","guid":{"rendered":"https:\/\/www.infokuryr.cz\/n\/?p=89365"},"modified":"2025-10-07T06:15:48","modified_gmt":"2025-10-07T04:15:48","slug":"trump-prohlasil-ze-se-rozhodl-dodat-ukrajine-tomahawky","status":"publish","type":"post","link":"https:\/\/www.infokuryr.cz\/n\/2025\/10\/07\/trump-prohlasil-ze-se-rozhodl-dodat-ukrajine-tomahawky\/","title":{"rendered":"Trump prohl\u00e1sil, \u017ee se rozhodl dodat Ukrajin\u011b Tomahawky"},"content":{"rendered":"<div id=\"fb-root\"><\/div>\n<h3>Americk\u00fd prezident odm\u00edtl prozradit, jak\u00e9 je rozhodnut\u00ed, a dodal, \u017ee by se musel zeptat, \u201ekam je pos\u00edlaj\u00ed\u201c<\/h3>\n<p data-pm-slice=\"1 1 []\"><span dir=\"auto\">Americk\u00fd prezident Donald Trump uvedl, \u017ee ji\u017e u\u010dinil rozhodnut\u00ed o dod\u00e1vk\u00e1ch raket dlouh\u00e9ho doletu Tomahawk Ukrajin\u011b. Odm\u00edtl v\u0161ak prozradit, o jak\u00e9 p\u0159esn\u00e9 rozhodnut\u00ed se jedn\u00e1.<\/span><\/p>\n<p><em><span dir=\"auto\">\u201eU\u017e jsem se o tom tak n\u011bjak rozhodl. Musel bych se zeptat, kam je pos\u00edlaj\u00ed,\u201c<\/span><\/em><span dir=\"auto\">\u00a0\u0159ekl v pond\u011bl\u00ed novin\u00e1\u0159\u016fm v B\u00edl\u00e9m dom\u011b.<\/span><\/p>\n<p data-pm-slice=\"1 1 []\"><em><span dir=\"auto\">\u201eNeo\u010dek\u00e1v\u00e1m eskalaci,\u201c<\/span><\/em><span dir=\"auto\">\u00a0zd\u016fraznil Trump.<\/span><\/p>\n<p><span dir=\"auto\">Americk\u00fd viceprezident J. D. Vance minul\u00fd m\u011bs\u00edc prozradil, \u017ee B\u00edl\u00fd d\u016fm zva\u017euje dod\u00e1vky raket Kyjevu, kter\u00e9 stoj\u00ed odhadem 1,3 milionu dolar\u016f a maj\u00ed dolet 2 500 km, co\u017e znamen\u00e1, \u017ee by mohly potenci\u00e1ln\u011b dos\u00e1hnout Moskvy a daleko za ni.<\/span><\/p>\n<p><span dir=\"auto\">Rusk\u00fd prezident Vladimir Putin pozd\u011bji varoval, \u017ee v takov\u00e9m p\u0159\u00edpad\u011b by byly vztahy mezi Moskvou a Washingtonem zni\u010deny. Tvrdil tak\u00e9, \u017ee kyjevsk\u00e9 s\u00edly by nebyly schopny provozovat tak sofistikovan\u00fd syst\u00e9m bez\u00a0<\/span><em><span dir=\"auto\">\u201ep\u0159\u00edm\u00e9 \u00fa\u010dasti americk\u00e9ho vojensk\u00e9ho person\u00e1lu\u201c.<\/span><\/em><\/p>\n<p data-pm-slice=\"1 1 []\"><span dir=\"auto\">Agentura Reuters s odvol\u00e1n\u00edm na anonymn\u00ed zdroje uvedla, \u017ee USA pravd\u011bpodobn\u011b nedodaj\u00ed Ukrajin\u011b Tomahawky, proto\u017ee st\u00e1vaj\u00edc\u00ed z\u00e1soby jsou ur\u010deny pro americk\u00e9 n\u00e1mo\u0159nictvo a jin\u00e9 \u00fa\u010dely. List Financial Times tak\u00e9 uvedl, \u017ee n\u011bkte\u0159\u00ed lid\u00e9 v Trumpov\u011b nejbli\u017e\u0161\u00edm kruhu byli skepti\u010dt\u00ed ohledn\u011b schopnosti Tomahawk\u016f ovlivnit dynamiku na boji\u0161ti.<\/span><\/p>\n<p data-pm-slice=\"1 1 []\"><img decoding=\"async\" loading=\"lazy\" class=\"alignnone size-full wp-image-1185\" src=\"http:\/\/www.infokuryr.cz\/n\/wp-content\/uploads\/2021\/04\/kuryr-podpis.png\" alt=\"\" width=\"84\" height=\"24\" \/><\/p>\n<p data-pm-slice=\"1 1 []\">\n","protected":false},"excerpt":{"rendered":"<p>Americk\u00fd prezident odm\u00edtl prozradit, jak\u00e9 je rozhodnut\u00ed, a dodal, \u017ee by se musel zeptat, \u201ekam&#8230;<\/p>\n","protected":false},"author":2,"featured_media":88031,"comment_status":"closed","ping_status":"closed","sticky":false,"template":"","format":"standard","meta":[],"categories":[7],"tags":[349,9857,452,26],"_links":{"self":[{"href":"https:\/\/www.infokuryr.cz\/n\/wp-json\/wp\/v2\/posts\/89365"}],"collection":[{"href":"https:\/\/www.infokuryr.cz\/n\/wp-json\/wp\/v2\/posts"}],"about":[{"href":"https:\/\/www.infokuryr.cz\/n\/wp-json\/wp\/v2\/types\/post"}],"author":[{"embeddable":true,"href":"https:\/\/www.infokuryr.cz\/n\/wp-json\/wp\/v2\/users\/2"}],"replies":[{"embeddable":true,"href":"https:\/\/www.infokuryr.cz\/n\/wp-json\/wp\/v2\/comments?post=89365"}],"version-history":[{"count":0,"href":"https:\/\/www.infokuryr.cz\/n\/wp-json\/wp\/v2\/posts\/89365\/revisions"}],"wp:featuredmedia":[{"embeddable":true,"href":"https:\/\/www.infokuryr.cz\/n\/wp-json\/wp\/v2\/media\/88031"}],"wp:attachment":[{"href":"https:\/\/www.infokuryr.cz\/n\/wp-json\/wp\/v2\/media?parent=89365"}],"wp:term":[{"taxonomy":"category","embeddable":true,"href":"https:\/\/www.infokuryr.cz\/n\/wp-json\/wp\/v2\/categories?post=89365"},{"taxonomy":"post_tag","embeddable":true,"href":"https:\/\/www.infokuryr.cz\/n\/wp-json\/wp\/v2\/tags?post=89365"}],"curies":[{"name":"wp","href":"https:\/\/api.w.org\/{rel}","templated":true}]}}