{"id":89338,"date":"2025-10-07T00:22:59","date_gmt":"2025-10-06T22:22:59","guid":{"rendered":"https:\/\/www.infokuryr.cz\/n\/?p=89338"},"modified":"2025-10-06T13:01:07","modified_gmt":"2025-10-06T11:01:07","slug":"pavel-dudr-priciny-slabeho-vysledku-spd-v-parlamentnich-volbach","status":"publish","type":"post","link":"https:\/\/www.infokuryr.cz\/n\/2025\/10\/07\/pavel-dudr-priciny-slabeho-vysledku-spd-v-parlamentnich-volbach\/","title":{"rendered":"Pavel Dudr: P\u0159\u00ed\u010diny slab\u00e9ho v\u00fdsledku SPD v parlamentn\u00edch volb\u00e1ch"},"content":{"rendered":"<div id=\"fb-root\"><\/div>\n<p><strong>Prvn\u00ed p\u0159\u00ed\u010dinou v\u00fdsledku 7,78 % mohou b\u00fdt zbyte\u010dn\u00e9 \u0159e\u010di o referendu o vystoupen\u00ed z NATO, p\u0159i\u010dem\u017e ve Volebn\u00edm desateru ani v dal\u0161\u00edch materi\u00e1lech o tom zm\u00ednka nen\u00ed. Ale Babi\u0161 se toho hned chytil a prohla\u0161oval, \u017ee je to \u0161\u00edlenstv\u00ed.<\/strong><\/p>\n<p>Daleko rozumn\u011bj\u0161\u00ed n\u00e1zor prezentoval analytik Jan Schneider, kdy\u017e \u0159ekl, \u017ee smlouva NATO n\u00e1s v\u016fbec nezavazuje k tomu, kolik m\u00e1me d\u00e1vat na obranu, tedy \u010cR by mohla d\u00e1vat mnohem m\u00e9n\u011b, ne\u017e d\u00e1v\u00e1 nyn\u00ed. V\u00fddaje na zbrojen\u00ed n\u00e1s zb\u00edda\u010duj\u00ed a zadlu\u017euj\u00ed, ale v roce 2024 d\u00e1valo na arm\u00e1du 9 \u010dlensk\u00fdch zem\u00ed NATO m\u00e9n\u011b ne\u017e 2 % z HDP (1). Postupn\u011b pak m\u00e1me d\u00e1vat na arm\u00e1du a\u017e 5% z HDP a to je asi 20% ze st\u00e1tn\u00edho rozpo\u010dtu a to je tedy teprve skute\u010dn\u00e9 \u0161\u00edlenstv\u00ed.<\/p>\n<p>\u010cl\u00e1nek 5 n\u00e1s zavazuje, \u017ee mus\u00edme pomoci napaden\u00e9 zemi, ale ne\u0159\u00edk\u00e1, jak\u00fdm zp\u016fsobem. Tedy bychom tam mohli poslat n\u011bjak\u00e9 zastaral\u00e9 zbran\u011b, kter\u00fdch se ka\u017ed\u00fd r\u00e1d zbavuje. Stra\u0161en\u00ed Ruskem je velmi siln\u00fd argument zbroja\u0159\u016f a bank\u00e9\u0159\u016f, kte\u0159\u00ed na zbrojen\u00ed a zadlu\u017eov\u00e1n\u00ed st\u00e1tu vyd\u011bl\u00e1vaj\u00ed miliardy.<\/p>\n<p>Na tento probl\u00e9m z\u0159ejm\u011b mnohem v\u00edc doplatilo hnut\u00ed Sta\u010dilo!, kter\u00e9 to m\u011blo ve sv\u00e9m programu, tak\u017ee z\u00edskalo ve volb\u00e1ch jen 4,3%.<\/p>\n<p>D\u00e1le je zde probl\u00e9m genera\u010dn\u00ed, tedy sta\u0159\u00ed versus mlad\u00ed.<\/p>\n<p>Zhruba 5 % lid\u00ed z populace jsou prvovoli\u010di a to tak\u00e9 znamen\u00e1, \u017ee 5 % voli\u010d\u016f u\u017e k volb\u00e1m nejde z d\u016fvodu st\u00e1\u0159\u00ed nebo \u00famrt\u00ed.<\/p>\n<p>Prvovoli\u010di v\u011b\u0159\u00ed v EU, pojmy jako vlastenectv\u00ed a n\u00e1rod jim nic ne\u0159\u00edkaj\u00ed a nacionalismus odsuzuj\u00ed. \u010casto \u0159\u00edkaj\u00ed \u201e nejsem \u010cech ale Evropan\u201c. Tak\u00e9 r\u00e1di vol\u00ed nov\u00e9 subjekty a to jsou letos Motorist\u00e9. Zat\u00edmco konzervativn\u00ed vlastenci postupn\u011b odch\u00e1zej\u00ed.<\/p>\n<p>U student\u016f st\u0159edn\u00edch \u0161kol nedostalo hnut\u00ed SPD ani 3 % hlas\u016f (2).<\/p>\n<p>Podle pr\u016fzkumu STEM m\u011bli mlad\u00ed ve v\u011bku 18-29 let d\u00e1t SPD jen 4% hlas\u016f (3).<\/p>\n<p>Tedy se zd\u00e1, \u017ee mlad\u00ed jsou u\u017e pod vlivem bruselsk\u00e9 ideologie, kter\u00e1 usiluje o likvidaci n\u00e1rodn\u00edch st\u00e1t\u016f a n\u00e1rod\u016f, o zru\u0161en\u00ed jejich suverenity, o vlastenectv\u00ed nemluv\u011b. S t\u00edm bychom rozhodn\u011b m\u011bli n\u011bco d\u011blat.<\/p>\n<p>Mohu vzpomenout jeden cit\u00e1t spisovatele Ludv\u00edka Vacul\u00edka z dob minul\u00e9 totality: \u201eN\u00e1rod je hotov\u00e1 jednotka schopn\u00e1 odporu.\u201c K nastupuj\u00edc\u00ed bruselsk\u00e9 totalit\u011b by se n\u00e1m toto heslo mohlo hodit.<\/p>\n<p>Posledn\u00ed probl\u00e9m pak spo\u010d\u00edv\u00e1 v tom, \u017ee na kandid\u00e1tk\u00e1ch byli jen dva kandid\u00e1ti ze strany PRO, Trikol\u00f3ry i Svobodn\u00fdch. Zejm\u00e9na strana PRO si zaslou\u017eila v\u00edce kandid\u00e1t\u016f, t\u0159eba a\u017e na 5. m\u00edst\u011b, proto\u017ee ta m\u011bla p\u0159ed spojen\u00edm preference kolem 2 %. Tak\u017ee se asi mohlo st\u00e1t, \u017ee kdy\u017e p\u0159\u00edznivci PRO dostali hlasovac\u00ed l\u00edstky a nena\u0161li tam \u017e\u00e1dn\u00e9ho kandid\u00e1ta z PRO, byli t\u00edm tak znechuceni, \u017ee volili ANO nebo Motoristy. Tedy jsme vlastn\u011b to heslo \u201eSpojili jsme se pro V\u00e1s\u201c nenaplnili.<\/p>\n<p>Lze nam\u00edtnout, \u017ee t\u00edmto by se mohlo st\u00e1t, \u017ee v jednom kraji by byli zvoleni \u010dlenov\u00e9 PRO a Trikol\u00f3ry, pokud by tam kandidovaly zn\u00e1m\u00e9 osobnosti, ale nikdo z SPD.<\/p>\n<p>Jist\u011b\u017ee mohlo, ale bylo zde p\u0159ece krou\u017ekov\u00e1n\u00ed, kter\u00e9 \u010dasto rozhodovalo, a z\u00edskali bychom celkov\u011b o 3 % v\u00edce hlas\u016f, a tedy i v\u00edce poslanc\u016f.<\/p>\n<p><a href=\"https:\/\/www.czechfreepress.cz\/dalsi-blogy\/priciny-slabeho-vysledku-spd-v-parlamentnich-volbach.html\">Pavel Dudr<\/a><\/p>\n<p>&nbsp;<\/p>\n","protected":false},"excerpt":{"rendered":"<p>Prvn\u00ed p\u0159\u00ed\u010dinou v\u00fdsledku 7,78 % mohou b\u00fdt zbyte\u010dn\u00e9 \u0159e\u010di o referendu o vystoupen\u00ed z NATO,&#8230;<\/p>\n","protected":false},"author":2,"featured_media":89339,"comment_status":"closed","ping_status":"closed","sticky":false,"template":"","format":"standard","meta":[],"categories":[6],"tags":[1503,9860,176,27],"_links":{"self":[{"href":"https:\/\/www.infokuryr.cz\/n\/wp-json\/wp\/v2\/posts\/89338"}],"collection":[{"href":"https:\/\/www.infokuryr.cz\/n\/wp-json\/wp\/v2\/posts"}],"about":[{"href":"https:\/\/www.infokuryr.cz\/n\/wp-json\/wp\/v2\/types\/post"}],"author":[{"embeddable":true,"href":"https:\/\/www.infokuryr.cz\/n\/wp-json\/wp\/v2\/users\/2"}],"replies":[{"embeddable":true,"href":"https:\/\/www.infokuryr.cz\/n\/wp-json\/wp\/v2\/comments?post=89338"}],"version-history":[{"count":1,"href":"https:\/\/www.infokuryr.cz\/n\/wp-json\/wp\/v2\/posts\/89338\/revisions"}],"predecessor-version":[{"id":89340,"href":"https:\/\/www.infokuryr.cz\/n\/wp-json\/wp\/v2\/posts\/89338\/revisions\/89340"}],"wp:featuredmedia":[{"embeddable":true,"href":"https:\/\/www.infokuryr.cz\/n\/wp-json\/wp\/v2\/media\/89339"}],"wp:attachment":[{"href":"https:\/\/www.infokuryr.cz\/n\/wp-json\/wp\/v2\/media?parent=89338"}],"wp:term":[{"taxonomy":"category","embeddable":true,"href":"https:\/\/www.infokuryr.cz\/n\/wp-json\/wp\/v2\/categories?post=89338"},{"taxonomy":"post_tag","embeddable":true,"href":"https:\/\/www.infokuryr.cz\/n\/wp-json\/wp\/v2\/tags?post=89338"}],"curies":[{"name":"wp","href":"https:\/\/api.w.org\/{rel}","templated":true}]}}