{"id":89293,"date":"2025-10-06T05:47:47","date_gmt":"2025-10-06T03:47:47","guid":{"rendered":"https:\/\/www.infokuryr.cz\/n\/?p=89293"},"modified":"2025-10-06T05:47:47","modified_gmt":"2025-10-06T03:47:47","slug":"trumpizace-ceske-vlady-prave-zacala-andrej-babis-ve-viteznem-projevu-stinoval-vyroky-a-postoje-donalda-trumpa","status":"publish","type":"post","link":"https:\/\/www.infokuryr.cz\/n\/2025\/10\/06\/trumpizace-ceske-vlady-prave-zacala-andrej-babis-ve-viteznem-projevu-stinoval-vyroky-a-postoje-donalda-trumpa\/","title":{"rendered":"Trumpizace \u010desk\u00e9 vl\u00e1dy pr\u00e1v\u011b za\u010dala! Andrej Babi\u0161 ve v\u00edt\u011bzn\u00e9m projevu st\u00ednoval v\u00fdroky a postoje Donalda Trumpa!"},"content":{"rendered":"<div id=\"fb-root\"><\/div>\n<h4>Trumpizace \u010desk\u00e9 vl\u00e1dy pr\u00e1v\u011b za\u010dala! Andrej Babi\u0161 ve v\u00edt\u011bzn\u00e9m projevu st\u00ednoval v\u00fdroky a postoje Donalda Trumpa! Babi\u0161 u\u017e stihl ukrajinsk\u00e9 novin\u00e1\u0159ce \u0159\u00edct, \u017ee Ukrajina nen\u00ed p\u0159ipravena na vstup do EU, proto\u017ee nejprve mus\u00ed skon\u010dit v\u00e1lka na Ukrajin\u011b! Fialovo SPOLU ale dostalo o 100 000 hlas\u016f v\u00edce a STAN dokonce o 290 000 hlas\u016f v\u00edce ne\u017e v roce 2021! \u010cesko ze\u0161\u00edlelo? Ne, je to mnohem hor\u0161\u00ed!<\/h4>\n<p>Volby do parlamentu v \u010cesk\u00e9 republice v sobotu skon\u010dily a suver\u00e9nn\u00edm v\u00edt\u011bzem se stal Andrej Babi\u0161 a jeho hnut\u00ed ANO, kter\u00e9 z\u00edskalo cca. 34,5% hlas\u016f. Petr Fiala a jeho SPOLU z\u00edskalo 23,4%, STAN obdr\u017eel 11,2%, Pir\u00e1ti bezm\u00e1la 9%, SPD ztratilo voli\u010de p\u0159eb\u011bhl\u00e9 k Babi\u0161ovi a z\u00edskalo zhruba 7,8% a Motorist\u00e9 dostihli zhruba 6,8% hlas\u016f. Hnut\u00ed STA\u010cILO! levicov\u00e9ho projektu Kate\u0159iny Kone\u010dn\u00e9 z\u00edskalo jen 4,3% a znovu se potvrdilo, \u017ee v \u010cR prost\u011b levicov\u00e9 projekty u\u017e voli\u010de neoslovuj\u00ed, proto\u017ee do\u0161lo k subverzi levicov\u00e9 sc\u00e9ny v cel\u00e9 Evrop\u011b.<\/p>\n<p>&nbsp;<\/p>\n<div id=\"rumble_v6xq546\">\n<div id=\"vid_v6xq546\" class=\"rumble_v6xq546-Rumble-cls\" tabindex=\"-1\">\n<div><div class='videoWrapper'>\r\n\t            <iframe src='https:\/\/rumble.com\/embed\/pj.v6xq546\/' frameborder='0' allowfullscreen><\/iframe>\r\n\t        <\/div><\/div>\n<\/div>\n<\/div>\n<p>&nbsp;<\/p>\n<p>Nen\u00ed to tak, \u017ee byl z \u010desk\u00e9ho ob\u010dansk\u00e9ho spektra zmizelo levi\u010d\u00e1ctv\u00ed, to ani omylem, ani n\u00e1hodou. Jen\u017ee, do\u0161lo k n\u011b\u010demu mnohem hor\u0161\u00edmu.\u00a0<strong>Levi\u010d\u00e1ctv\u00ed se stalo ofici\u00e1ln\u00ed doktr\u00ednou evropsk\u00e9ho apar\u00e1tu v Bruselu a za\u010dalo se mu \u0159\u00edkat\u00a0euroliberalismus.<\/strong>\u00a0Ten pohltil do sebe v\u0161echny levicov\u00e9 subjekty a partaje, a sou\u010dasn\u011b do levi\u010d\u00e1ctv\u00ed transformoval i b\u00fdval\u00e9 pravicov\u00e9 partaje. V\u00fdsledkem je dne\u0161n\u00ed neomarxistick\u00e1 Evropa \u0159\u00edzen\u00e1 bruselsk\u00fdmi papal\u00e1\u0161i, kte\u0159\u00ed prom\u011bnili celou Evropskou unii na n\u011bco, \u010demu Rusov\u00e9 \u0159\u00edkaj\u00ed trefn\u011b \u201c<em>Eurosojuz<\/em>\u201d a toto ozna\u010den\u00ed sed\u00ed jako pozad\u00ed na hrnec.<\/p>\n<h3>Babi\u0161 za\u010dal \u00fa\u0159adovat: Ukrajina nen\u00ed p\u0159ipravena na EU!<\/h3>\n<p>Babi\u0161 ji\u017e stihl poskytnout i n\u011bjak\u00e9 rozhovory, a to i zahrani\u010dn\u00edm novin\u00e1\u0159\u016fm. Dva rozhovory s redaktorkou New York Times a redaktorem Radio France s \u010desk\u00fdmi titulky m\u00e1te v r\u00e1mci povolebn\u00ed Babi\u0161ovy tiskovky naho\u0159e ve videu, ale Babi\u0161 poskytl rozhovor u\u017e i ukrajinsk\u00fdm m\u00e9di\u00edm a jejich novin\u00e1\u0159ce \u0159ekl, \u017ee Ukrajina nen\u00ed p\u0159ipravena na vstup do EU, \u017ee nejprve mus\u00ed doj\u00edt k ukon\u010den\u00ed v\u00e1lky na Ukrajin\u011b.<\/p>\n<p>\u010cR pr\u00fd pom\u00e1h\u00e1 Ukrajin\u011b skrze Evropskou unii a sv\u00e9 odvody \u010dlensk\u00fdch p\u0159\u00edsp\u011bvk\u016f do EU. A n\u00e1sledn\u011b EU z t\u011bch pen\u011bz pom\u00e1h\u00e1 i Ukrajin\u011b. To sam\u00e9 Babi\u0161 prohl\u00e1sil o vyzbrojov\u00e1n\u00ed Ukrajiny, \u017ee na vyzbrojov\u00e1n\u00ed by se m\u011blo pod\u00edlet NATO jako celek, ne jednotliv\u011b \u010cesk\u00e1 republika. Babi\u0161 se t\u00edm cht\u011bl vyhnout z\u00e1vazku poskytov\u00e1n\u00ed pen\u011bz Ukrajin\u011b p\u0159\u00edmo.<\/p>\n<p>&nbsp;<\/p>\n<div id=\"rumble_v6xq54y\">\n<div id=\"vid_v6xq54y\" class=\"rumble_v6xq54y-Rumble-cls\" tabindex=\"-1\">\n<div><div class='videoWrapper'>\r\n\t            <iframe src='https:\/\/rumble.com\/embed\/pj.v6xq54y\/' frameborder='0' allowfullscreen><\/iframe>\r\n\t        <\/div><\/div>\n<\/div>\n<\/div>\n<p>&nbsp;<\/p>\n<p>V cel\u00e9m projevu na povolebn\u00ed tiskovce se\u00a0<strong>Babi\u0161 doslova vt\u011blil do Trumpa a \u00fapln\u011b za\u010dal st\u00ednovat jeho v\u00fdroky naroubovan\u00e9 na \u010cesko, tedy z\u00e1jmy \u010cR na prvn\u00edm m\u00edst\u011b<\/strong>, nutnost starat se o probl\u00e9my zdravotnictv\u00ed nam\u00edsto pen\u011bz pro Ukrajinu a star\u00e1n\u00ed se o Ukrajinu. Tohle jsou v\u0161echno procesy typick\u00e9 pro tzv.\u00a0<em>trumpizaci<\/em>\u00a0evropsk\u00e9 politiky, kterou jede Viktor Orb\u00e1n, Robert Fico a t\u0159et\u00edm do party je odte\u010f Andrej Babi\u0161.<\/p>\n<p>Pan\u00ed Magda Va\u0161\u00e1ryov\u00e1 na sv\u00e9m Facebooku sd\u00edlela\u00a0<strong>[<a href=\"https:\/\/href.li\/?https:\/\/www.facebook.com\/magda.vasaryova\/posts\/pfbid02BkFQjAVAcDemxikPEUHf9XFrbbB4A6hveFtC688npWToNZJFszQc1rua21XYufqJl\" target=\"_blank\" rel=\"nofollow noopener\">1<\/a>]<\/strong>\u00a0kol\u00e1\u017e (<em>viz n\u00ed\u017ee<\/em>) vytvo\u0159enou AI, kter\u00e1 vykresluje Babi\u0161e, Orb\u00e1na a Fica jako prvn\u00ed \u00fato\u010dnou hokejovou formaci na evropsk\u00e9m politick\u00e9m led\u011b pod veden\u00edm Putina. Evropsk\u00e1 frakce \u201c<em>Patrioti<\/em>\u201d je toti\u017e slo\u017een\u00e1 mimo jin\u00e9 pr\u00e1v\u011b ze stran ANO a Fidesz. SMER nen\u00ed v t\u00e9to chv\u00edli v Evropsk\u00e9m parlamentu v \u017e\u00e1dn\u00e9 frakci.<\/p>\n<h3>Babi\u0161 pojede v \u010cR trumpiza\u010dn\u00ed politickou linku. A to je i nen\u00ed dobr\u00e1 zpr\u00e1va. Podle toho, jak se Trump vysp\u00ed\u2026<\/h3>\n<p>V\u00fdsledkem euroliberalismu je stav, kdy v\u0161echny velk\u00e9 partaje v zem\u00edch EU d\u011blaj\u00ed levicov\u00e9 a soci\u00e1ln\u00ed politiky pln\u011b p\u0159erozd\u011blov\u00e1n\u00ed a regulac\u00ed, co\u017e je b\u00fdval\u00e1 agenda levicov\u00fdch stran. A najednou skute\u010dn\u00e9 levicov\u00e9 strany zji\u0161\u0165uj\u00ed, \u017ee neoslovuj\u00ed voli\u010de, \u017ee ti p\u0159eb\u00edhaj\u00ed v \u010cR k Babi\u0161ovi, v N\u011bmecku k CDU a p\u0159i evropsk\u00fdch volb\u00e1ch k Evropsk\u00e9 lidov\u00e9 stran\u011b vrchn\u00ed euronacistky Ur\u0161uly vod der Leyen.<\/p>\n<p>Levicov\u00e9 subjekty jako t\u0159eba Die Linke tady v N\u011bmecku nebo tradi\u010dn\u00ed levicov\u00e9 \u010desk\u00e9 subjekty jako KS\u010cM, \u010cSSD nebo Sta\u010dilo! prost\u011b v \u010cR tu obrovskou arm\u00e1du levicov\u011b sm\u00fd\u0161lej\u00edc\u00edch lid\u00ed neoslovuj\u00ed. V\u0161ichni toti\u017e vol\u00ed euroliber\u00e1ln\u00ed strany, kter\u00e9 raz\u00ed teze euromarxismu. A v\u0161imn\u011bte si, co se stalo SPD. \u010c\u00e1st voli\u010d\u016f p\u0159eb\u011bhla k Babi\u0161ovi. A pro\u010d?<\/p>\n<figure id=\"attachment_64938\" class=\"wp-caption aligncenter\" style=\"width: 594px;\"><a href=\"https:\/\/aeronet.news\/wp-content\/uploads\/PrvniFormaceAI.jpg\"><img decoding=\"async\" loading=\"lazy\" class=\"wp-image-64938 \" src=\"https:\/\/aeronet.news\/wp-content\/uploads\/PrvniFormaceAI.jpg\" sizes=\"(max-width: 835px) 100vw, 835px\" srcset=\"https:\/\/aeronet.news\/wp-content\/uploads\/PrvniFormaceAI.jpg 835w, https:\/\/aeronet.news\/wp-content\/uploads\/PrvniFormaceAI-195x300.jpg 195w, https:\/\/aeronet.news\/wp-content\/uploads\/PrvniFormaceAI-768x1180.jpg 768w, https:\/\/aeronet.news\/wp-content\/uploads\/PrvniFormaceAI-666x1024.jpg 666w, https:\/\/aeronet.news\/wp-content\/uploads\/PrvniFormaceAI-700x1076.jpg 700w, https:\/\/aeronet.news\/wp-content\/uploads\/PrvniFormaceAI-232x357.jpg 232w, https:\/\/aeronet.news\/wp-content\/uploads\/PrvniFormaceAI-314x483.jpg 314w\" alt=\"\" width=\"594\" height=\"913\" \/><\/a><figcaption class=\"wp-caption-text\">P\u0159evzato z Facebooku Magdy Va\u0161\u00e1ryov\u00e9<\/figcaption><\/figure>\n<p>Pokud \u010dtete Aeronet, a pokud poslouch\u00e1te m\u00e9 anal\u00fdzy na SVCS, tak jste to v\u011bd\u011bli ode mn\u011b ji\u017e v p\u0159edstihu, kdy\u017e jsem psal a komentoval dotazy, \u017ee jakou politiku pr\u00fd m\u016f\u017eeme \u010dekat od Babi\u0161e? Odpov\u00eddal jsem na to v p\u0159edstihu jasn\u011b, \u017ee Babi\u0161 za\u010dne kop\u00edrovat Donalda Trumpa a zah\u00e1j\u00ed proces trumpizace \u010cR.<\/p>\n<p>Kdy\u017e Trump zavel\u00ed \u201c<em>sko\u010d<\/em>\u201c, tak Andrej se zept\u00e1 \u201c<em>jak vysoko?<\/em>\u201d a tento proces je zkr\u00e1tka dop\u0159edu odvozen\u00fd.\u00a0<strong>\u010c\u00e1st voli\u010d\u016f SPD p\u0159eb\u011bhla k Babi\u0161ovi proto, \u017ee nep\u0159eb\u00edhali k Babi\u0161ovi v1.0 z let 2017 a\u017e 2021, ale k \u010desk\u00e9mu Trumpovi v2.0.<\/strong>\u00a0To je cel\u00e9. Povolebn\u00ed r\u00e9torika Andreje Babi\u0161e je de facto st\u00ednov\u00e1n\u00ed Donalda Trumpa v 2.0 v p\u0159\u00edm\u00e9m p\u0159enosu a v odvozen\u00e9 relaci obr\u00e1cen\u00e9 na \u010cR. A tady si mus\u00edme rozebrat velmi z\u00e1sadn\u00ed paralelu, kter\u00e1 se n\u00e1m tady za\u010dala r\u00fdsovat.<\/p>\n<h3>Trump a Babi\u0161 maj\u00ed podobn\u00e9 osudy<\/h3>\n<p>Andrej Babi\u0161 sd\u00edl\u00ed s Donaldem Trumpem podobn\u00e9 politick\u00e9 cesty a osudy. Oba dva byli poprv\u00e9 u moci zhruba ve stejnou dobu od roku 2017. Andrej byl premi\u00e9rem v\u016fbec poprv\u00e9 ve sv\u00e9m \u017eivot\u011b, a vedle toho Donald Trump byl poprv\u00e9 v \u017eivot\u011b prezidentem USA v ten rok. Tyto dv\u011b relace j\u00e1 naz\u00fdv\u00e1m pracovn\u011b jako Babi\u0161 v1.0 a Trump v1.0 i kv\u016fli dal\u0161\u00edm shod\u00e1m.<\/p>\n<p>Oba dva \u010delili soudn\u00edm proces\u016fm, kdy\u017e byli ve funkc\u00edch, a i kdy\u017e v nich u\u017e nebyli. Trump \u010delil impeachment\u016fm a vy\u0161et\u0159ov\u00e1n\u00edm o rusk\u00e9m vlivu, kdy\u017e byl prezidentem, Babi\u0161 \u010delil ve funkci premi\u00e9ra vy\u0161et\u0159ov\u00e1n\u00ed ze strany Evropsk\u00e9 komise kv\u016fli dotac\u00edm. Po skon\u010den\u00ed mand\u00e1tu prezidenta \u010delil Trump cel\u00e9 \u0159ad\u011b soudn\u00edch \u017ealob, Babi\u0161 po skon\u010den\u00ed funkce \u010delil pokra\u010duj\u00edc\u00edmu vy\u0161et\u0159ov\u00e1n\u00ed \u010cap\u00edho hn\u00edzda.<\/p>\n<figure id=\"attachment_46536\" class=\"wp-caption aligncenter\" style=\"width: 786px;\"><a href=\"https:\/\/aeronet.news\/wp-content\/uploads\/BabisTrumpHandshake.jpg\"><img decoding=\"async\" loading=\"lazy\" class=\"wp-image-46536 \" src=\"https:\/\/aeronet.news\/wp-content\/uploads\/BabisTrumpHandshake.jpg\" sizes=\"(max-width: 1021px) 100vw, 1021px\" srcset=\"https:\/\/aeronet.news\/wp-content\/uploads\/BabisTrumpHandshake.jpg 1021w, https:\/\/aeronet.news\/wp-content\/uploads\/BabisTrumpHandshake-300x176.jpg 300w, https:\/\/aeronet.news\/wp-content\/uploads\/BabisTrumpHandshake-768x451.jpg 768w, https:\/\/aeronet.news\/wp-content\/uploads\/BabisTrumpHandshake-700x411.jpg 700w, https:\/\/aeronet.news\/wp-content\/uploads\/BabisTrumpHandshake-607x357.jpg 607w, https:\/\/aeronet.news\/wp-content\/uploads\/BabisTrumpHandshake-822x483.jpg 822w\" alt=\"\" width=\"786\" height=\"462\" \/><\/a><figcaption class=\"wp-caption-text\">Sch\u016fzka Andreje Babi\u0161e s Donaldem Trumpem v b\u0159eznu 2019<\/figcaption><\/figure>\n<p>Trump byl po n\u00e1siln\u00fdch ud\u00e1lostech a \u0159\u00e1d\u011bn\u00ed demonstrant\u016f ze dne 6. ledna 2021 v Kapitolu politicky odeps\u00e1n jako mrtvola, jako n\u011bkdo, kdo po\u0161tval sv\u00e9 fanou\u0161ky na Kapitol, aby vtrhli do budovy a zabr\u00e1nili vyhla\u0161ov\u00e1n\u00ed v\u00fdsledk\u016f voleb a certifikaci podivn\u00e9ho v\u00edt\u011bzstv\u00ed Joea Bidena. Andrej Babi\u0161 byl pro zm\u011bnu odepisov\u00e1n po prohran\u00fdch prezidentsk\u00fdch volb\u00e1ch s Petrem Pavlem, kde ve druh\u00e9m kole z\u00edskal Babi\u0161 jen necel\u00fdch 42% hlas\u016f a Petr Pavel zv\u00edt\u011bzil. Vypadalo to, \u017ee politick\u00e1 kari\u00e9ra Babi\u0161e je definitivn\u011b u konce.<\/p>\n<h3>K moci v \u010cR se po 4 letech vrac\u00ed Babi\u0161 v2.0<\/h3>\n<p><strong>Jen\u017ee,\u00a0v\u0161echno to zm\u011bnila v\u00e1lka na Ukrajin\u011b\u00a0a politick\u00e9 procesy v Evrop\u011b, kter\u00e9 transformovaly EU a USA do vojensk\u00e9 aliance a do v\u00e1le\u010dn\u00e9 ma\u0161in\u00e9rie<\/strong>, kter\u00e1 lidem v Evrop\u011b i v USA za\u010dala vyprazd\u0148ovat pen\u011b\u017eenky a p\u0159evracet n\u00e1kupn\u00ed voz\u00edky. Nastal okam\u017eik pro proces n\u00e1vratu t\u011bch, kte\u0159\u00ed skon\u010dili v politice v roce 2021. Za\u010dal proces recyklace!<\/p>\n<p>Ameri\u010dan\u00e9 si drtiv\u011b po 4-let\u00e9 p\u0159est\u00e1vce znovu zvolili recyklovan\u00e9ho Donalda Trumpa, kter\u00fd kandidoval s t\u00e9matem ukon\u010dov\u00e1n\u00ed v\u00e1lek. P\u0159itom on s\u00e1m b\u011bhem prvn\u00edho mand\u00e1tu nasunoval na Ukrajinu zbran\u011b a pom\u00e1hal situaci na Ukrajin\u011b eskalovat. Podobn\u011b Andrej Babi\u0161 s Janem Ham\u00e1\u010dkem (\u010cSSD) jako ministrem vnitra tehdy v roce 2021 obvinili Rusko ze sabot\u00e1\u017ee muni\u010dn\u00edch sklad\u016f ve Vrb\u011btic\u00edch v roce 2014.<\/p>\n<figure id=\"attachment_46419\" class=\"wp-caption aligncenter\" style=\"width: 695px;\"><a href=\"https:\/\/aeronet.news\/wp-content\/uploads\/HamacekBabisVrbetice.jpg\"><img decoding=\"async\" loading=\"lazy\" class=\"wp-image-46419 \" src=\"https:\/\/aeronet.news\/wp-content\/uploads\/HamacekBabisVrbetice-1024x576.jpg\" sizes=\"(max-width: 700px) 100vw, 700px\" srcset=\"https:\/\/aeronet.news\/wp-content\/uploads\/HamacekBabisVrbetice-1024x576.jpg 1024w, https:\/\/aeronet.news\/wp-content\/uploads\/HamacekBabisVrbetice-300x169.jpg 300w, https:\/\/aeronet.news\/wp-content\/uploads\/HamacekBabisVrbetice-768x432.jpg 768w, https:\/\/aeronet.news\/wp-content\/uploads\/HamacekBabisVrbetice-700x394.jpg 700w, https:\/\/aeronet.news\/wp-content\/uploads\/HamacekBabisVrbetice-635x357.jpg 635w, https:\/\/aeronet.news\/wp-content\/uploads\/HamacekBabisVrbetice-859x483.jpg 859w, https:\/\/aeronet.news\/wp-content\/uploads\/HamacekBabisVrbetice.jpg 1280w\" alt=\"\" width=\"695\" height=\"391\" \/><\/a><figcaption class=\"wp-caption-text\">Jan Ham\u00e1\u010dek a Andrej Babi\u0161 17. dubna 2021 oznamuj\u00ed, \u017ee Rusov\u00e9 vyhodili v roce 2014 do vzduchu sklady ve Vrb\u011btic\u00edch<\/figcaption><\/figure>\n<p>T\u00edm pomohli eskalaci vztah\u016f s Ruskem.\u00a0<strong>Prost\u011b Trump a Babi\u0161 maj\u00ed spole\u010dn\u00e9 a podobn\u00e9 osudy a nen\u00ed proto divu, \u017ee oba dva se transformovali po 4-let\u00e9 p\u0159est\u00e1vce ve vysok\u00e9 politice na Trumpa v2.0 a na Babi\u0161e v2.0.<\/strong>\u00a0A od nich te\u010f sly\u0161\u00edte v\u011bci, kter\u00e9 cht\u011bj\u00ed sly\u0161et ameri\u010dt\u00ed i \u010de\u0161t\u00ed voli\u010di soft-alternativy a soft-levice.<\/p>\n<p>Voli\u010de hard-alternativy a hard-levice to sice neoslov\u00ed, ale t\u011bch je mal\u00e1 \u010d\u00e1st, zhruba 5% v populaci. Orb\u00e1n jede alternativu, Fico jede alternativu, Trump jede alternativu a Babi\u0161 ve sv\u00e9 verzi 2.0 jede alternativu. V\u0161ichni ji ale jedou jen v soft verzi, tedy alternativa\u00a0<em>odcu\u010f pocu\u010f<\/em>. To ale sta\u010d\u00ed k tomu, aby je lid\u00e9 masivn\u011b volili.<\/p>\n<h3>V \u010cesku je n\u011bco \u0161patn\u011b s voli\u010di\u2026 podobn\u011b jako v N\u011bmecku<\/h3>\n<p>Jen\u017ee, zat\u00edmco Andrej Babi\u0161 slav\u00ed a SPD s Motoristy te\u010f maj\u00ed jist\u00fd pod\u00edl na \u00fa\u010dasti v Babi\u0161ov\u011b vl\u00e1d\u011b, bu\u010f p\u0159\u00edmou anebo nep\u0159\u00edmou formou tich\u00e9 podpory z opozice v\u00fdm\u011bnou za n\u011bco, tak na stran\u011b druh\u00e9 volby vyslaly d\u011bsiv\u00fd vzkaz, \u017ee n\u011bco nen\u00ed v po\u0159\u00e1dku s voli\u010di v \u010cR. \u00dapln\u011b stejn\u011b, jako n\u011bco nen\u00ed v po\u0159\u00e1dku s voli\u010di tady v N\u011bmecku, ale vlastn\u011b i v cel\u00e9 EU ve vztahu k tomu, jak dopadly posledn\u00ed volby. Je to nepochopiteln\u00e9, je to neuv\u011b\u0159iteln\u00e9, ale Fialova koalice SPOLU z\u00edskala\u00a0<strong>[<a href=\"https:\/\/href.li\/?https:\/\/www.denik.cz\/z_domova\/vysledky-parlamentnich-voleb-2025-srovnani-petikoalice-spolu-stan-pirati-hlasy.html\" target=\"_blank\" rel=\"nofollow noopener\">2<\/a>]<\/strong>\u00a0v absolutn\u00edch po\u010dtech\u00a0<strong>o 100 000 hlas\u016f v\u00edce ne\u017e v roce 2021<\/strong>.<\/p>\n<figure id=\"attachment_64939\" class=\"wp-caption aligncenter\" style=\"width: 689px;\"><a href=\"https:\/\/aeronet.news\/wp-content\/uploads\/FialaSpolu2025.jpg\"><img decoding=\"async\" loading=\"lazy\" class=\"wp-image-64939 \" src=\"https:\/\/aeronet.news\/wp-content\/uploads\/FialaSpolu2025-1024x682.jpg\" sizes=\"(max-width: 700px) 100vw, 700px\" srcset=\"https:\/\/aeronet.news\/wp-content\/uploads\/FialaSpolu2025-1024x682.jpg 1024w, https:\/\/aeronet.news\/wp-content\/uploads\/FialaSpolu2025-300x200.jpg 300w, https:\/\/aeronet.news\/wp-content\/uploads\/FialaSpolu2025-768x512.jpg 768w, https:\/\/aeronet.news\/wp-content\/uploads\/FialaSpolu2025-700x466.jpg 700w, https:\/\/aeronet.news\/wp-content\/uploads\/FialaSpolu2025-536x357.jpg 536w, https:\/\/aeronet.news\/wp-content\/uploads\/FialaSpolu2025-725x483.jpg 725w, https:\/\/aeronet.news\/wp-content\/uploads\/FialaSpolu2025.jpg 1280w\" alt=\"\" width=\"689\" height=\"459\" \/><\/a><figcaption class=\"wp-caption-text\">Petr Fiala v \u010dele koalice SPOLU (ODS, TOP 09 a KDU-\u010cSL)<\/figcaption><\/figure>\n<p>A pokud jde o STAN, ten dostal v \u00fahrnn\u00fdch \u010d\u00edslech dokonce o v\u00edce ne\u017e \u010dtvrt milionu hlas\u016f v\u00edce, konkr\u00e9tn\u011b\u00a0<strong>p\u0159es 290 000 hlas\u016f nav\u00edc!<\/strong>\u00a0A to pot\u00e9, co koalice SPOLU a rovn\u011b\u017e STAN m\u011bly mafi\u00e1nsk\u00e9 korup\u010dn\u00ed skand\u00e1ly Dozimetr, Kampeli\u010dka, Bitcoiny z Darknetu pran\u00e9 p\u0159es ministerstvo spravedlnosti atd.<\/p>\n<p><strong>A p\u0159esto\u017ee vl\u00e1da znehodnotila za 4 roky 30% \u00faspor \u010desk\u00fdch ob\u010dan\u016f obrovskou souhrnnou\u00a030% plo\u0161nou inflac\u00ed<\/strong>, p\u0159esto\u017ee ceny elekt\u0159iny prorazily strop a staly se nejdra\u017e\u0161\u00edmi p\u0159epo\u010dtu parity kupn\u00ed s\u00edly na sv\u011bt\u011b v \u010cR. Tohle v\u0161echno zp\u016fsobilo v p\u00e1tek a v sobotu u voleb jen to, \u017ee dohromady SPOLU a STAN dostaly skoro o 400 000 hlas\u016f v\u00edce ne\u017e v roce 2021! \u010cesko ze\u0161\u00edlelo?<\/p>\n<h3>Likvida\u010dn\u00ed konformita ur\u010duje v\u00fdsledky voleb a bude to rok od roku hor\u0161\u00ed<\/h3>\n<p>Ne, je to bohu\u017eel konceptu\u00e1ln\u00ed proces tzv.\u00a0<strong><em>likvida\u010dn\u00ed konformity<\/em><\/strong>. Je to fenom\u00e9n odpozorovan\u00fd v procesech \u0159\u00edzen\u00ed, kdy ob\u010dan\u00e9 vychovan\u00ed ke konformit\u011b, tedy k p\u0159izp\u016fsoben\u00ed se k v\u011bt\u0161in\u011b a jej\u00ed \u201c<em>spokojenosti<\/em>\u201d s likvidac\u00ed blahobytu, \u017eivotn\u00ed \u00farovn\u011b, \u00faspor, pr\u016fmyslu, lidsk\u00fdch svobod a v\u0161eho dal\u0161\u00edho, a vol\u00ed tuto spokojenost v d\u016fsledku nikoliv zp\u011btn\u00e9 vazby z okol\u00ed, jak se jim \u017eije, tedy podle kognitivn\u00ed vazby, ale podle vlastn\u00edho p\u0159esv\u011bd\u010den\u00ed o konformit\u011b diktovan\u00e9 m\u00e9dii, politiky a nakonec z\u00e1kony. Fenom\u00e9n jako prvn\u00ed popsal Carl Jung.<\/p>\n<p>\u017d\u00e1ba pomalu oh\u0159\u00edvan\u00e1 ve vod\u011b za\u010dne p\u0159i teplot\u011b vody okolo 60 stup\u0148\u016f Celsia vykazovat podivn\u00e9 chov\u00e1n\u00ed. Kdy\u017e je \u017e\u00e1ba p\u0159i t\u00e9to teplot\u011b z vody vyjmuta a je vlo\u017eena do vody o p\u0159irozen\u00e9 teplot\u011b 22 stup\u0148\u016f Celsia, \u017e\u00e1ba instinktivn\u011b z t\u00e9to vody vysko\u010d\u00ed a vr\u00e1t\u00ed se do n\u00e1doby s horkou vodou 60 stup\u0148\u016f Celsia. Tot\u00e9\u017e se opakuje u dal\u0161\u00edch teplot 65, 68 a 72 stup\u0148\u016f. P\u0159i vy\u0161\u0161\u00edch teplot\u00e1ch doch\u00e1z\u00ed ji\u017e k po\u0161kozen\u00ed tk\u00e1n\u011b \u017e\u00e1by, ale \u017e\u00e1ba na to nereaguje.<\/p>\n<figure id=\"attachment_54041\" class=\"wp-caption aligncenter\" style=\"width: 712px;\"><a href=\"https:\/\/aeronet.news\/wp-content\/uploads\/OlafScholzNATO.jpg\"><img decoding=\"async\" loading=\"lazy\" class=\"wp-image-54041 \" src=\"https:\/\/aeronet.news\/wp-content\/uploads\/OlafScholzNATO-1024x512.jpg\" sizes=\"(max-width: 700px) 100vw, 700px\" srcset=\"https:\/\/aeronet.news\/wp-content\/uploads\/OlafScholzNATO-1024x512.jpg 1024w, https:\/\/aeronet.news\/wp-content\/uploads\/OlafScholzNATO-300x150.jpg 300w, https:\/\/aeronet.news\/wp-content\/uploads\/OlafScholzNATO-768x384.jpg 768w, https:\/\/aeronet.news\/wp-content\/uploads\/OlafScholzNATO-700x350.jpg 700w, https:\/\/aeronet.news\/wp-content\/uploads\/OlafScholzNATO-714x357.jpg 714w, https:\/\/aeronet.news\/wp-content\/uploads\/OlafScholzNATO-966x483.jpg 966w, https:\/\/aeronet.news\/wp-content\/uploads\/OlafScholzNATO.jpg 1280w\" alt=\"\" width=\"712\" height=\"356\" \/><\/a><figcaption class=\"wp-caption-text\">Olaf Scholz, b\u00fdval\u00fd kancl\u00e9\u0159 N\u011bmecka<\/figcaption><\/figure>\n<p>Jung to nazval\u00a0<em>likvida\u010dn\u00ed konformitou<\/em>, tedy\u00a0<em>p\u0159izp\u016fsoben\u00fdm pohodl\u00edm<\/em>, kter\u00e9 \u017e\u00e1bu likviduje, ani\u017e by si to uv\u011bdomovala, proto\u017ee\u00a0<strong>je p\u0159esv\u011bd\u010dena o sv\u00e9 konformit\u011b<\/strong>, kter\u00e1 j\u00ed p\u0159itom zab\u00edj\u00ed. Tot\u00e9\u017e se d\u011bje v Evrop\u011b. Nestalo se to jen v\u010dera v \u010cR u voleb, \u017ee lid\u00e9 hlasovali pro likvida\u010dn\u00ed konformitu p\u0159edchoz\u00ed vl\u00e1dy Fialy. To sam\u00e9 se odehr\u00e1lo tady v N\u011bmecku v \u00fanoru p\u0159i p\u0159ed\u010dasn\u00fdch volb\u00e1ch do Bundestagu.<\/p>\n<p>N\u011bmeck\u00fd pr\u016fmysl je v trosk\u00e1ch kv\u016fli odst\u0159ihnut\u00ed se od rusk\u00fdch surovin a n\u011bme\u010dt\u00ed voli\u010di to v\u011bd\u00ed.\u00a0<strong>Ale kdy\u017e v \u00fanoru prob\u011bhly volby, voli\u010di konformn\u011b b\u011b\u017eeli a volili znacifikovanou CDU v \u010dele s Fritzem, tedy s Friedrichem Merzem, kter\u00fd chce v\u00e1l\u010dit s Ruskem.<\/strong>\u00a0A nejv\u011bt\u0161\u00ed \u0161ok? Strana, kter\u00e1 ten krach ekonomiky a pr\u016fmyslu tady p\u0159ivodila, tedy SPD Olafa Scholze, tak ta skon\u010dila na t\u0159et\u00edm m\u00edst\u011b s cca 16,5% a ztratila od minula jen 9,3% hlas\u016f. A d\u00edky tomu vytvo\u0159ila znovu vl\u00e1dn\u00ed koalici s CDU.<\/p>\n<h3>U\u017e minul\u00fd rok odhalil v\u00fdsledek evropsk\u00fdch voleb, \u017ee s voli\u010di je n\u011bco \u0161patn\u011b a n\u011bco se d\u011bje<\/h3>\n<p>A nejv\u011bt\u0161\u00edm potvrzen\u00edm likvida\u010dn\u00ed konformity v Evrop\u011b jsou v\u00fdsledky voleb do Evropsk\u00e9ho parlamentu v \u010dervnu 2024. Evropsk\u00e1 lidov\u00e1 strana pod veden\u00edm \u0161\u00e9fky Evropsk\u00e9 komise Ur\u0161uly von der Leyen pot\u00e9, co politika EU p\u0159ivedla evropsk\u00e9 zem\u011b k ekonomick\u00e9mu kolapsu, z\u00edskala vloni v \u010dervnu naprosto s \u0161okuj\u00edc\u00edm zji\u0161t\u011bn\u00edm dokonce\u00a0<strong>o 12 euro k\u0159esel v\u00edce ne\u017e posledn\u011b<\/strong>. Voli\u010di ocenili politiku vl\u00e1dnouc\u00ed Evropsk\u00e9 lidov\u00e9 strany a pos\u00edlili ji. Nikdo si to nedok\u00e1zal vysv\u011btlit. Tedy nikdo, kdo nestudoval konceptualitu a nev\u00ed o tom, jak funguje likvida\u010dn\u00ed konformita.<\/p>\n<figure id=\"attachment_62913\" class=\"wp-caption aligncenter\" style=\"width: 714px;\"><a href=\"https:\/\/aeronet.news\/wp-content\/uploads\/UrsulaVonDerLeyenReArmHD.jpg\"><img decoding=\"async\" loading=\"lazy\" class=\"wp-image-62913 \" src=\"https:\/\/aeronet.news\/wp-content\/uploads\/UrsulaVonDerLeyenReArmHD-1024x577.jpg\" sizes=\"(max-width: 700px) 100vw, 700px\" srcset=\"https:\/\/aeronet.news\/wp-content\/uploads\/UrsulaVonDerLeyenReArmHD-1024x577.jpg 1024w, https:\/\/aeronet.news\/wp-content\/uploads\/UrsulaVonDerLeyenReArmHD-300x169.jpg 300w, https:\/\/aeronet.news\/wp-content\/uploads\/UrsulaVonDerLeyenReArmHD-768x433.jpg 768w, https:\/\/aeronet.news\/wp-content\/uploads\/UrsulaVonDerLeyenReArmHD-700x394.jpg 700w, https:\/\/aeronet.news\/wp-content\/uploads\/UrsulaVonDerLeyenReArmHD-634x357.jpg 634w, https:\/\/aeronet.news\/wp-content\/uploads\/UrsulaVonDerLeyenReArmHD-857x483.jpg 857w, https:\/\/aeronet.news\/wp-content\/uploads\/UrsulaVonDerLeyenReArmHD.jpg 1280w\" alt=\"\" width=\"714\" height=\"403\" \/><\/a><figcaption class=\"wp-caption-text\">Ursula von der Leyen, \u0161\u00e9fka Evropsk\u00e9 komise a p\u0159edsedkyn\u011b Evropsk\u00e9 lidov\u00e9 strany v EU parlamentu<\/figcaption><\/figure>\n<p>Lid\u00e9 jsou p\u0159esv\u011bd\u010deni, \u017ee toto, co je te\u010f, v \u010dem \u017eij\u00ed, tedy v euronacismu, v prostoru Green Dealu, v prostoru p\u0159e\u0161\u00edvan\u00fdch pohlav\u00ed, v obrovsk\u00e9 deindustrializaci, v obrovsk\u00e9 inflaci, v nep\u0159etr\u017eit\u00e9 v\u00e1lce s Ruskem, ve stra\u0161n\u011b drahot\u011b, \u017ee to je to nejlep\u0161\u00ed pro konformitu jejich \u017eivota.\u00a0<strong>A jsou o tom p\u0159esv\u011bd\u010deni tak, \u017ee strany, kter\u00e9 tuto likvida\u010dn\u00ed konformitu nab\u00edz\u00ed, vyhr\u00e1vaj\u00ed volby furt a po\u0159\u00e1d pry\u010d, anebo prohr\u00e1vaj\u00ed jen s n\u011bjakou men\u0161\u00ed ztr\u00e1tou<\/strong>, ale v \u017e\u00e1dn\u00e9m p\u0159\u00edpad\u011b ne tolik, aby kon\u010dily v politice.<\/p>\n<p>Anebo prohraj\u00ed volby, ale v \u00fahrnn\u00fdch \u010d\u00edslech d\u00edky vy\u0161\u0161\u00ed volebn\u00ed \u00fa\u010dasti z\u00edskaj\u00ed dokonce v\u00edce hlas\u016f ne\u017e minule. A jedin\u00fdm protijedem proti n\u00e1kaze likvida\u010dn\u00ed konformitou je\u00a0<em>trumpizace<\/em>. A ta zahrnuje co?\u00a0No p\u0159ece expanzivn\u00ed konformitu, lidov\u011b \u0159e\u010deno \u201c<em>trumpizaci<\/em>\u201d politiky, kter\u00e1 je protip\u00f3lem likvida\u010dn\u00ed konformity. Ta toti\u017e nab\u00edz\u00ed expanzi konformity, tedy \u0161irok\u00e9 mo\u017enosti p\u0159izp\u016fsoben\u00ed se stavu pova\u017eovan\u00e9ho za pohodl\u00ed, \u017ee bude l\u00edp, ne\u017e je te\u010f. A to je shodou \u201c<em>n\u00e1hod<\/em>\u201d i heslo Babi\u0161ova hnut\u00ed ANO \u2013\u00a0<em>Bude l\u00edp!<\/em><\/p>\n<h3>Jedin\u00fdm protijedem proti likvida\u010dn\u00ed konformit\u011b je \u201ctrumpizace\u201d<\/h3>\n<p>Je to tedy konceptu\u00e1ln\u00ed boj\u00a0<em>teze<\/em>\u00a0vs.\u00a0<em>antiteze<\/em>. Boj likvida\u010dn\u00ed a expanzivn\u00ed konformity o p\u0159izp\u016fsoben\u00ed se obyvatelstva \u017eivotn\u00edm podm\u00ednk\u00e1m. Proto volby vyhr\u00e1vaj\u00ed bu\u010f ti, kte\u0159\u00ed cht\u011bj\u00ed v\u00edce likvida\u010dn\u00ed konformity, tedy zvy\u0161ov\u00e1n\u00ed teploty vody v hrnci, anebo je vyhr\u00e1vaj\u00ed ti, kte\u0159\u00ed lidem nab\u00edz\u00ed v\u00edce konformity, tedy n\u00e1vrat ke star\u00fdm \u010das\u016fm \u0161iroce konformn\u00ed spole\u010dnosti.<\/p>\n<p>A to, kdo volby vyhraje, rozhoduje stav procesu v\u00fdchovy populace na 1. priorit\u011b, kter\u00e1 prokazateln\u011b sm\u011b\u0159uje od expanzivn\u00ed konformity k likvida\u010dn\u00ed. V n\u011bkter\u00fdch zem\u00edch je je\u0161t\u011b po\u0159\u00e1d v\u00edce expanzivn\u00edch konformist\u016f. Jinde je u\u017e daleko v\u00edce likvida\u010dn\u00ed konformity, tak\u017ee tam v\u00edt\u011bz\u00ed \u017e\u00e1by v hrnci s horkou vodou. Takov\u00e1 je realita.<\/p>\n<figure id=\"attachment_54493\" class=\"wp-caption aligncenter\" style=\"width: 706px;\"><a href=\"https:\/\/aeronet.news\/wp-content\/uploads\/AndrejBabisGreetings.jpg\"><img decoding=\"async\" loading=\"lazy\" class=\"wp-image-54493 \" src=\"https:\/\/aeronet.news\/wp-content\/uploads\/AndrejBabisGreetings-1024x682.jpg\" sizes=\"(max-width: 700px) 100vw, 700px\" srcset=\"https:\/\/aeronet.news\/wp-content\/uploads\/AndrejBabisGreetings-1024x682.jpg 1024w, https:\/\/aeronet.news\/wp-content\/uploads\/AndrejBabisGreetings-300x200.jpg 300w, https:\/\/aeronet.news\/wp-content\/uploads\/AndrejBabisGreetings-768x511.jpg 768w, https:\/\/aeronet.news\/wp-content\/uploads\/AndrejBabisGreetings-700x466.jpg 700w, https:\/\/aeronet.news\/wp-content\/uploads\/AndrejBabisGreetings-536x357.jpg 536w, https:\/\/aeronet.news\/wp-content\/uploads\/AndrejBabisGreetings-726x483.jpg 726w, https:\/\/aeronet.news\/wp-content\/uploads\/AndrejBabisGreetings.jpg 1280w\" alt=\"\" width=\"706\" height=\"470\" \/><\/a><figcaption class=\"wp-caption-text\">Andrej Babi\u0161, po 4 letech znovu bude premi\u00e9rem<\/figcaption><\/figure>\n<p>Je to jen ot\u00e1zkou \u010dasu, kdy se to p\u0159eklop\u00ed a jedna skupina p\u0159ehlasuje tu druhou. Nen\u00ed daleko doba, kdy likvida\u010dn\u00ed konformist\u00e9 za\u010dnou zab\u00edjet expanzivn\u00ed konformisty, proto\u017ee \u0159eknou, \u017ee je t\u0159eba sn\u00ed\u017eit emise CO2, \u017ee moc lid\u00ed produkuje nebo dokonce vydechuje CO2.\u00a0<strong>Jako u\u017e te\u010f vyb\u00edjej\u00ed v Holandsku a v Belgii skot, \u017ee moc prd\u00ed a vypou\u0161t\u00ed metan a oxidy dus\u00edku.<\/strong>\u00a0A lid\u00e9 to p\u0159ijmou jako standard likvida\u010dn\u00ed konformity.<\/p>\n<p>Tyto procesy vych\u00e1z\u00ed z degenerace lidsk\u00e9ho genomu, kter\u00fd p\u0159\u00edmo ovliv\u0148uje vn\u00edm\u00e1n\u00ed konformity.\u00a0<strong>\u010c\u00edm ni\u017e\u0161\u00ed IQ, t\u00edm snadn\u011bji se jedinec konceptu\u00e1ln\u011b p\u0159esv\u011bd\u010duje, \u017ee v tom, v \u010dem \u017eije, je pro n\u011bj to nejlep\u0161\u00ed.<\/strong>\u00a0Takto se indukuje vn\u00edm\u00e1n\u00ed konformity, p\u0159esto\u017ee m\u00e1 likvida\u010dn\u00ed charakter pro jedince. A volby v EU i jinde ve sv\u011bt\u011b to za\u010d\u00ednaj\u00ed potvrzovat v \u010d\u00edm d\u00e1l t\u00edm v\u00edce p\u0159\u00edpad\u016f. Te\u010f u\u017e i v \u010cR. A to je d\u011bsiv\u00e1 realita!<\/p>\n<p><a href=\"https:\/\/aeronet.news\/trumpizace-ceske-vlady-prave-zacala-andrej-babis-ve-viteznem-projevu-stinoval-vyroky-a-postoje-donalda-trumpa-babis-uz-stihl-ukrajinske-novinarce-rict-ze-ukrajina-neni-pripravena-na-vstup-do-eu\/\">-VK-<\/a><\/p>\n<p>&nbsp;<\/p>\n","protected":false},"excerpt":{"rendered":"<p>Trumpizace \u010desk\u00e9 vl\u00e1dy pr\u00e1v\u011b za\u010dala! Andrej Babi\u0161 ve v\u00edt\u011bzn\u00e9m projevu st\u00ednoval v\u00fdroky a postoje Donalda&#8230;<\/p>\n","protected":false},"author":2,"featured_media":89294,"comment_status":"closed","ping_status":"closed","sticky":false,"template":"","format":"standard","meta":[],"categories":[6],"tags":[1042,159,126,122,27],"_links":{"self":[{"href":"https:\/\/www.infokuryr.cz\/n\/wp-json\/wp\/v2\/posts\/89293"}],"collection":[{"href":"https:\/\/www.infokuryr.cz\/n\/wp-json\/wp\/v2\/posts"}],"about":[{"href":"https:\/\/www.infokuryr.cz\/n\/wp-json\/wp\/v2\/types\/post"}],"author":[{"embeddable":true,"href":"https:\/\/www.infokuryr.cz\/n\/wp-json\/wp\/v2\/users\/2"}],"replies":[{"embeddable":true,"href":"https:\/\/www.infokuryr.cz\/n\/wp-json\/wp\/v2\/comments?post=89293"}],"version-history":[{"count":0,"href":"https:\/\/www.infokuryr.cz\/n\/wp-json\/wp\/v2\/posts\/89293\/revisions"}],"wp:featuredmedia":[{"embeddable":true,"href":"https:\/\/www.infokuryr.cz\/n\/wp-json\/wp\/v2\/media\/89294"}],"wp:attachment":[{"href":"https:\/\/www.infokuryr.cz\/n\/wp-json\/wp\/v2\/media?parent=89293"}],"wp:term":[{"taxonomy":"category","embeddable":true,"href":"https:\/\/www.infokuryr.cz\/n\/wp-json\/wp\/v2\/categories?post=89293"},{"taxonomy":"post_tag","embeddable":true,"href":"https:\/\/www.infokuryr.cz\/n\/wp-json\/wp\/v2\/tags?post=89293"}],"curies":[{"name":"wp","href":"https:\/\/api.w.org\/{rel}","templated":true}]}}