{"id":89288,"date":"2025-10-06T05:25:22","date_gmt":"2025-10-06T03:25:22","guid":{"rendered":"https:\/\/www.infokuryr.cz\/n\/?p=89288"},"modified":"2025-10-06T05:30:48","modified_gmt":"2025-10-06T03:30:48","slug":"jan-campbell-po-volbach-jako-pred-nimi","status":"publish","type":"post","link":"https:\/\/www.infokuryr.cz\/n\/2025\/10\/06\/jan-campbell-po-volbach-jako-pred-nimi\/","title":{"rendered":"Jan Campbell: Po volb\u00e1ch jako p\u0159ed nimi"},"content":{"rendered":"<div id=\"fb-root\"><\/div>\n<p><strong>N\u00e1rodn\u00ed a mezin\u00e1rodn\u00ed politika jsou spojen\u00e9 n\u00e1doby. Mezin\u00e1rodn\u00ed politika a vztahy v\u017edy ud\u00e1valy a ud\u00e1vaj\u00ed t\u00f3n a rozhodovaly a budou i po volb\u00e1ch rozhodovat o n\u00e1rodn\u00ed politice. Pro \u010ceskou republiku po volb\u00e1ch z toho vypl\u00fdv\u00e1 pokra\u010dovat na cest\u011b k chudob\u011b a zadlu\u017een\u00ed, dal\u0161\u00ed ztr\u00e1t\u011b kusu ze zbytku st\u00e1tn\u00ed suverenity a dal\u0161\u00ed ztr\u00e1t\u011b ze zbytku charakteristiky slovanstv\u00ed.<\/strong><\/p>\n<p>Nen\u00ed tajemstv\u00edm, \u017ee za m\u00edrovou r\u00e9torikou Evropsk\u00e9 unie skr\u00fdv\u00e1 militarizace, centralizace a touha roz\u0161\u00ed\u0159it ukrajinsk\u00fd konflikt. EU se rozhodla eskalovat vztahy s\u00a0Moskvou, pota\u017emo s \u010c\u00ednou. Na summitu EU, kter\u00fd se konal v Kodani 1. a 2. \u0159\u00edjna, evrop\u0161t\u00ed l\u00edd\u0159i op\u011bt uk\u00e1zali, \u017ee jejich reakce na pokra\u010dov\u00e1n\u00ed konfliktu na Ukrajin\u011b nezahrnuje diplomacii a m\u00edr, ale eskalaci.<\/p>\n<p>Jestli\u017ee mezin\u00e1rodn\u00ed politiku spoluur\u010duj\u00ed mezin\u00e1rodn\u00ed vztahy p\u0159edstavitel\u016f civiliza\u010dn\u00edch blok\u016f, p\u0159\u00edrodn\u00ed zdroje nutn\u00e9 pro dal\u0161\u00ed technologick\u00fd v\u00fdvoj, geografie a lidsk\u00e9 zdroje s\u00a0ko\u0159eny v\u00a0historii a demografii, tak lze s\u00a0pravd\u011bpodobnost\u00ed hrani\u010d\u00edc\u00ed s\u00a0jistotou o\u010dek\u00e1vat pokra\u010dov\u00e1n\u00ed sjezdu z\u00e1padn\u00edch spole\u010dnost\u00ed na \u010dern\u00e9 sjezdovce do \u00fadol\u00ed s\u00a0c\u00edlem, kter\u00fd si nemohou nebo necht\u011bj\u00ed sou\u010dasn\u00ed politici, politicky korektn\u00ed m\u00e9dia a v\u011bt\u0161ina ob\u010dan\u016f p\u0159ipustit nebo p\u0159edstavit.<\/p>\n<h3><strong>Kr\u00e1tk\u00e9 hodnocen\u00ed \u010dty\u0159 ud\u00e1lost\u00ed<\/strong><\/h3>\n<p>1) Valdaj. Prezident Putin b\u011bhem sv\u00e9ho projevu na zased\u00e1n\u00ed Valdajsk\u00e9ho mezin\u00e1rodn\u00edho diskusn\u00edho klubu a n\u00e1sleduj\u00edc\u00ed diskuze v\u00a0celkov\u00e9 d\u00e9lce t\u00e9m\u011b\u0159 4 hodin p\u016fsobil dojmem sebev\u011bdom\u00e9ho a siln\u00e9ho politick\u00e9ho v\u016fdce. Ve sv\u00e9m projevu a b\u011bhem diskuse se dotkl probl\u00e9m\u016f nov\u00e9ho sv\u011btov\u00e9ho \u0159\u00e1du, bilater\u00e1ln\u00edch vztah\u016f se Spojen\u00fdmi st\u00e1ty, Indi\u00ed a \u010c\u00ednou a tak\u00e9 situace kolem ukrajinsk\u00e9ho konfliktu.<\/p>\n<p>Dovoluji si konstatovat, \u017ee b\u011bhem sv\u00e9ho projevu na m\u011b Putin ud\u011blal dojem uvoln\u011bn\u00e9ho, sebev\u011bdom\u00e9ho a vtipn\u00e9ho \u010dlov\u011bka, politika a profesion\u00e1la. Obecn\u011b se mi jev\u00ed, \u017ee tento velmi sebev\u011bdom\u00fd politick\u00fd v\u016fdce c\u00edt\u00ed, \u017ee situace se vyv\u00edj\u00ed st\u00e1le v\u00edce v jeho prosp\u011bch. Nen\u00ed proto divu, \u017ee odm\u00edtl p\u0159ed n\u011bkolika dny telefonicky mluvit se sv\u00fdm americk\u00fdm kolegou Trumpem.<\/p>\n<p>2) Vatik\u00e1n. A\u0165 se to l\u00edb\u00ed nebo ne, pape\u017e Lev XIV, jako americk\u00e1 osobnost je konfrontov\u00e1n s\u00a0d\u011bdictv\u00edm sv\u00e9ho p\u0159edch\u016fdce. To charakterizuje v\u00fdbu\u0161nina na mnoha m\u00edstech k\u0159es\u0165ansk\u00e9ho prost\u0159ed\u00ed, t\u00e9m\u011b\u0159 jist\u00fd modern\u00ed Chalif\u00e1t v\u00a0rozvr\u00e1cen\u00e9 Francii v\u00a0hlubok\u00e9 hospod\u00e1\u0159sk\u00e9, politick\u00e9 a soci\u00e1ln\u00ed krizi, v\u00a0Holandsku a jinde. A abych jmenoval t\u0159et\u00ed v\u00fdzvu z\u00a0mnoha jin\u00fdch, pape\u017e Lev XIV mus\u00ed zachr\u00e1nit k\u0159es\u0165anstv\u00ed v\u00a0It\u00e1lii, \u010d\u00e1sti Evropy a Balk\u00e1nu, jinak bude v\u00a0Evrop\u011b je\u0161t\u011b h\u016f\u0159e.<\/p>\n<p>V\u00a0dob\u011b pr\u00e1ce na \u010dl\u00e1nku, v\u00a0sobotu r\u00e1no 4. \u0159\u00edjna, tiskov\u00e9 odd\u011blen\u00ed Svat\u00e9ho stolce vydalo v prohl\u00e1\u0161en\u00ed, \u017ee v 8:30 v soukrom\u00e9 knihovn\u011b Apo\u0161tolsk\u00e9ho pal\u00e1ce podepsal pape\u017e Lev XIV. svou apo\u0161tolskou exhortaci Dilexi te za p\u0159\u00edtomnosti arcibiskupa Edgara Pe\u00f1a Parry, z\u00e1stupce pro obecn\u00e9 z\u00e1le\u017eitosti St\u00e1tn\u00edho sekretari\u00e1tu.<\/p>\n<p>Dokument, podepsan\u00fd na sv\u00e1tek svat\u00e9ho Franti\u0161ka z Assisi, kter\u00fd je prvn\u00ed apo\u0161tolskou exhortac\u00ed pape\u017ee Lva XIV bude p\u0159edstaven ve \u010dtvrtek 9. \u0159\u00edjna v 11:30 na tiskov\u00e9 konferenci. P\u0159ipom\u00edn\u00e1m, \u017ee lev v\u00a0c\u00edrkevn\u00edm pojet\u00ed u\u0161et\u0159\u00ed protivn\u00edka, zn\u00e1zor\u0148uje milosrdn\u00e9ho Boha, kter\u00fd se smiluje nad kaj\u00edcn\u00edkem. Lev rovn\u011b\u017e symbolizuje ostra\u017eitost, duchovn\u00ed bd\u011blost a state\u010dnost.<\/p>\n<p>3) \u010c\u00edna. Miliony lid\u00ed cestuj\u00ed po tuzemsku i mimo \u010c\u00ednu b\u011bhem leto\u0161n\u00edho\u00a0<em>Super Zlat\u00e9ho t\u00fddne<\/em>, kter\u00fd trv\u00e1 od 1. do 8. \u0159\u00edjna a zahrnuje jak N\u00e1rodn\u00ed den, tak Festival poloviny podzimu. D\u016fvod k odpo\u010dinku nab\u00edz\u00ed i skute\u010dnost, \u017ee \u010c\u00edna se v \u00fater\u00fd poprv\u00e9 posunula do prvn\u00ed des\u00edtky ka\u017edoro\u010dn\u00edho \u017eeb\u0159\u00ed\u010dku nejinovativn\u011bj\u0161\u00edch zem\u00ed Organizace spojen\u00fdch n\u00e1rod\u016f a nahradila tak nejv\u011bt\u0161\u00ed evropskou ekonomiku N\u011bmecko. \u010c\u00edna v roce 2024 p\u0159isp\u011bla p\u0159ibli\u017en\u011b \u010dtvrtinou mezin\u00e1rodn\u00edch patentov\u00fdch p\u0159ihl\u00e1\u0161ek a z\u016fstala jejich nejv\u011bt\u0161\u00edm zdrojem, zat\u00edmco USA, Japonsko a N\u011bmecko, kter\u00e9 dohromady tvo\u0159\u00ed 40 % celkov\u00fdch p\u0159ihl\u00e1\u0161ek, zaznamenaly pokles.<\/p>\n<p>Zaveden\u00ed K-v\u00edz v \u010c\u00edn\u011b, kter\u00e9 vstoup\u00ed v platnost 1. \u0159\u00edjna 2025, jako transforma\u010dn\u00ed krok v glob\u00e1ln\u00ed politice talent\u016f, nazna\u010duje strategick\u00fd obrat sm\u011brem k institucion\u00e1ln\u00ed otev\u0159enosti a mezin\u00e1rodn\u00ed spolupr\u00e1ci. Tato iniciativa, zam\u011b\u0159en\u00e1 na mlad\u00e9 odborn\u00edky v oblasti p\u0159\u00edrodn\u00edch v\u011bd, technologi\u00ed, in\u017een\u00fdrstv\u00ed a matematiky, nab\u00edz\u00ed bezprecedentn\u00ed flexibilitu pro v\u00fdzkum, podnik\u00e1n\u00ed a kulturu.<\/p>\n<p>Do oblasti kultury pat\u0159\u00ed i slavn\u00e1 socha lva v\u00a0Ben\u00e1tk\u00e1ch. Podle italsk\u00fdch v\u011bdc\u016f by mohla poch\u00e1zet z \u010d\u00ednsk\u00e9 dynastie Tang. \u010c\u00edn\u0161t\u00ed v\u011bdci ke dne\u0161n\u00edmu dni, ale o tom nejsou p\u0159esv\u011bd\u010deni. P\u0159esv\u011bd\u010den o potenci\u00e1lu \u010c\u00edny, v\u00fdzkumu a talentech je ale \u010dlen n\u011bmeck\u00e9 N\u00e1rodn\u00ed akademie v\u011bd, p\u0159edn\u00ed sv\u011btov\u00fd v\u011bdec v oblasti bateri\u00ed Stefano Passerini. Ten ve \u010dtvrtek nastoupil na Nanjing University a povede nov\u00fd Mezin\u00e1rodn\u00ed institut pro elektrochemick\u00e9 skladov\u00e1n\u00ed energie.<\/p>\n<p>Na druh\u00e9 stran\u011b, Trumpova administrativa v pond\u011bl\u00ed zv\u00fd\u0161ila tlak na \u010d\u00ednsk\u00e9 technologick\u00e9 firmy. C\u00edlem akce je zabr\u00e1nit sankcionovan\u00fdm spole\u010dnostem \u2013 v\u010detn\u011b technologick\u00e9ho \u0161ampiona Huawei, giganta pam\u011b\u0165ov\u00fdch \u010dip\u016f YMTC a v\u00fdrobce dron\u016f DJI \u2013 aby se vyh\u00fdbaly v\u00fdvozn\u00edm kontrol\u00e1m t\u00edm, \u017ee p\u0159ev\u00e1d\u011bj\u00ed omezen\u00e9 technologie p\u0159es sv\u00e9 dce\u0159in\u00e9 spole\u010dnosti.<\/p>\n<p>Nov\u00e9 pravidlo\u00a0<em>uzav\u00edr\u00e1 v\u00fdznamnou mezeru<\/em>\u00a0t\u00edm, \u017ee ka\u017ed\u00e1 dce\u0159in\u00e1 spole\u010dnost, kter\u00e1 je alespo\u0148 z 50 % vlastn\u011bna firmou, kter\u00e1 je ji\u017e na seznamu kontrol v\u00fdvozu, \u010del\u00ed stejn\u00fdm omezen\u00edm jako mate\u0159sk\u00e1 spole\u010dnost. Jedn\u00e1 se o posun, kter\u00fd by mohl ovlivnit des\u00edtky tis\u00edc spole\u010dnost\u00ed. V reakci na to mluv\u010d\u00ed \u010d\u00ednsk\u00e9ho ministerstva obchodu ozna\u010dil tento krok za\u00a0<em>extr\u00e9mn\u011b zlomysln\u00fd<\/em>\u00a0a dodal, \u017ee \u010c\u00edna\u00a0<em>p\u0159ijme nezbytn\u00e1 opat\u0159en\u00ed<\/em>\u00a0<em>k ochran\u011b pr\u00e1v a z\u00e1jm\u016f sv\u00fdch spole\u010dnost\u00ed.<\/em><\/p>\n<p>4) Ukrajina. Nebudu se zmi\u0148ovat o bojov\u00fdch akc\u00edch a stavu v\u00e1le\u010dn\u00e9 linie. P\u0159ipomenu pouze dv\u011b v\u011bci: energetiku v\u010detn\u011b Z\u00e1poro\u017esk\u00e9 JE a drony. Skute\u010dnost\u00ed je, \u017ee extern\u00ed dod\u00e1vka energie do JE byla zastavena 23. z\u00e1\u0159\u00ed jako d\u016fsledek\u00a0<em>dopadu po\u017e\u00e1ru ozbrojen\u00fdch sil Ukrajiny<\/em>\u00a0na vysokonap\u011b\u0165ov\u00e9 veden\u00ed o v\u00fdkonu 750 kW. Od t\u00e9 doby je JE nap\u00e1jena z\u00e1lo\u017en\u00edmi gener\u00e1tory.<\/p>\n<p>Prezident Putin na zased\u00e1n\u00ed Valdajsk\u00e9ho klubu pohrozil zrcadlovou reakc\u00ed na \u00fadery na Z\u00e1poro\u017eskou jadernou elektr\u00e1rnu:\u00a0<em>Na druhou stranu by lid\u00e9 m\u011bli tak\u00e9 pochopit, \u017ee kdy\u017e si s t\u00edm hraj\u00ed tak nebezpe\u010dn\u011b, maj\u00ed na sv\u00e9 stran\u011b st\u00e1le funguj\u00edc\u00ed jadernou elektr\u00e1rnu. A co n\u00e1m br\u00e1n\u00ed reagovat zrcadlov\u011b? A\u0165 se nad t\u00edm zamysl\u00ed<\/em>. Dopl\u0148uji: a\u0165 se nad t\u00edm zamysl\u00ed EK a v\u0161echny vl\u00e1dy \u010dlensk\u00fdch st\u00e1t\u016f EU podporuj\u00edc\u00ed \u00fatoky Ukrajinc\u016f, d\u0159\u00edve, ne\u017e bude pozd\u011b.<\/p>\n<p>Co se t\u00fd\u010de dron\u016f, jejich \u00fatoky a zdr\u017eenlivost Ameri\u010dan\u016f nut\u00ed Evropany a NATO \u010dinit obt\u00ed\u017en\u00e1 rozhodnut\u00ed. O to v\u00edce se st\u00e1v\u00e1 Ukrajina z\u00a0jedn\u00e9 strany nenahraditeln\u00fdm partnerem NATO. T\u00e9m\u011b\u0159 \u010dty\u0159i roky Z\u00e1pad p\u0159esv\u011bd\u010duje s\u00e1m sebe, \u017ee v\u00e1lka na Ukrajin\u011b se omez\u00ed na Ukrajinu. T\u00e9m\u011b\u0159 \u010dty\u0159i roky Evropa v\u011b\u0159\u00ed, \u017ee v\u00fdchodn\u00ed hranice NATO je magickou bari\u00e9rou proti agresi Moskvy. Ale od z\u00e1\u0159\u00ed roje dron\u016f tuto iluzi ni\u010d\u00ed: Prvn\u00ed a nejv\u011bt\u0161\u00ed roj odlet\u011bl do Polska. Od t\u00e9 doby provokace pokra\u010duj\u00ed v baltsk\u00e9m vzdu\u0161n\u00e9m prostoru, nad skandin\u00e1vsk\u00fdmi a n\u011bmeck\u00fdmi leti\u0161ti a v\u00a0den voleb v\u00a0\u010cR se pr\u00fd objevily nad Ruzyn\u00ed. Jak\u00e1 to n\u00e1hoda a nuda v\u00a0Kremlu!<\/p>\n<h3><strong>Situace v\u00a0\u010cesk\u00e9 republice<\/strong><\/h3>\n<p>Nic podobn\u00e9ho nelze tvrdit v\u00a0kontextu uveden\u00e9ho o osobnostech a jejich projevech b\u011bhem p\u0159edvolebn\u00ed kampan\u011b, ze kter\u00fdch vy\u0161ly kandid\u00e1ti na vytvo\u0159en\u00ed nov\u00e9 vl\u00e1dy. Pro\u010d?<\/p>\n<p>1) Proto\u017ee \u010desk\u00fdm voli\u010d\u016fm sta\u010d\u00ed sexy Turek na billboardech a cht\u00ed\u010d jezdit au\u0165\u00e1ky se spalovac\u00edm motorem, aby se Motork\u00e1\u0159i dostaly do kr\u00e1lovsk\u00e9 pozice.<\/p>\n<p>2) Proto\u017ee pro v\u00edt\u011bzstv\u00ed Pir\u00e1t\u016f sta\u010d\u00ed d\u011brav\u00e1 pam\u011b\u0165 voli\u010d\u016f, p\u0159edev\u0161\u00edm mlad\u00fdch a podraz dnes ji\u017e b\u00fdval\u00e9ho premi\u00e9ra v\u00a0oblasti digitalizace, a nen\u00ed pot\u0159eba si vz\u00edt \u017e\u00e1dnou tr\u00e1vu pro motivaci.<\/p>\n<p>3) Proto\u017ee ANO a pan Babi\u0161 vyhr\u00e1l jako nikdy p\u0159edt\u00edm, a p\u0159esto v\u00edt\u011bzstv\u00ed nesta\u010d\u00ed na dvou\u010dlennou vl\u00e1du.<\/p>\n<p>4) Proto\u017ee politick\u00fd p\u0159eb\u011bhl\u00edk a p\u0159evl\u00e9ka\u010d kab\u00e1t\u016f pan Lipavsk\u00fd, kter\u00fd (pr\u00fd) po Babi\u0161ovi z\u00edskal nejv\u00edce preferen\u010dn\u00edch hlas\u016f, nab\u00edz\u00ed neuv\u011b\u0159itelnou lekci p\u0159edev\u0161\u00edm o pra\u017esk\u00e9m voli\u010di.<\/p>\n<p>Jednoduchost, zjednodu\u0161ov\u00e1n\u00ed, zkratkovitost a idealizace v\u011bd\u011bn\u00ed budou ur\u010dovat rychlost p\u00e1du st\u00e1tu a absolutn\u00ed v\u011bt\u0161iny ob\u010dan\u016f do hlubok\u00e9 propasti. Komu nen\u00ed rady, tomu nen\u00ed pomoci. Plat\u00ed to i pro \u010deskou levici s\u00a0hroba\u0159i KK s\u00a0pomoc\u00ed p\u00e1n\u016f V, D&amp;D a dal\u0161\u00edmi, kter\u00e9 nebudu jmenovat. Sta\u010dilo! mimo jin\u00e9 nepochopilo, \u017ee je pot\u0159eba v\u010das vychov\u00e1vat a nasadit mlad\u00e9, by\u0165 i nezku\u0161en\u00e9 tv\u00e1\u0159e, \u017ee je pot\u0159eba odhalovat v\u0161echny neziskovky, vyhnat v\u0161echny vlivov\u00e9 struktury podporovan\u00e9 ze zahrani\u010d\u00ed, a \u017ee je um\u011bn\u00ed tvo\u0159it agendu a reagovat na ciz\u00ed. Nen\u00ed pot\u0159eba mluvit o solidarit\u011b, kdy\u017e nejsme ochotni sd\u00edlet. Nen\u00ed pot\u0159eba referenda k\u00a0odchodu z\u00a0NATO a EU, organizac\u00ed, kter\u00e9 z\u00a0objektivn\u00edch d\u016fvod\u016f a n\u00e1sledk\u016f vlivu kon\u00e1n\u00ed Ruska, \u010c\u00edny, Vatik\u00e1nu a p\u00e1ru EU a NATO na Ukrajin\u011b, se transformuj\u00ed k\u00a0nepodob\u011b, a ve zklam\u00e1n\u00ed mlad\u00fdch a naivn\u00edch voli\u010d\u016f.<\/p>\n<p>Tomu napomohou ze zahrani\u010d\u00ed Trump v USA, AfD v N\u011bmecku, Rassemblement national ve Francii a dal\u0161\u00ed z t\u00e9m\u011b\u0159 v\u0161ech demokraci\u00ed z\u00e1padn\u00edho sv\u011bta. Co je d\u016fvodem tohoto trendu, kdy\u017e nem\u00e1me vizion\u00e1\u0159e a vize, a pot\u0159ebujeme kvalitn\u00ed spr\u00e1vce st\u00e1tu? Pozoruhodn\u00fd v\u00fdrok n\u011bmeck\u00e9ho \u00fastavn\u00edho pr\u00e1vn\u00edka Ernsta-Wolfganga B\u00f6ckenf\u00f6rdeho, jeho\u017e kon\u00e1n\u00ed jsem sledoval p\u0159edev\u0161\u00edm v\u00a0Karlsruhe \u0159ekl:\u00a0<em>Svobodn\u00fd, sekularizovan\u00fd st\u00e1t \u017eije v podm\u00ednk\u00e1ch, kter\u00e9 si nem\u016f\u017ee s\u00e1m zaru\u010dit.<\/em><\/p>\n<p>Vych\u00e1z\u00edm z\u00a0t\u00e9to \u017eivotem prov\u011b\u0159en\u00e9 pravdy a skute\u010dnosti, \u017ee od konce druh\u00e9 sv\u011btov\u00e9 v\u00e1lky jsme my na Z\u00e1pad\u011b a pod ochrann\u00fdm de\u0161tn\u00edkem Pax Americana se mohli domn\u00edvat, \u017ee se m\u016f\u017eeme v\u00edce v\u011bnovat na\u0161emu individu\u00e1ln\u00edmu seberozvoji v m\u00edrov\u00e9m r\u00e1mci ne\u017e identifikaci trend\u016f a jak funguje moc. Do\u0161lo k r\u016fzn\u00fdm v\u00fdvoj\u016fm, kter\u00e9 to podpo\u0159ily v cyklu, kter\u00fd se odehr\u00e1v\u00e1 ve f\u00e1z\u00edch po cca 36 letech. Prvn\u00ed f\u00e1ze za\u010dala na za\u010d\u00e1tku roku 1953 smrt\u00ed Stalina a destalinizac\u00ed, kter\u00e1 n\u00e1sledovala za vl\u00e1dy Chru\u0161\u010dova. Dal\u0161\u00ed etapa se uskute\u010dnila v roce 1989 pod veden\u00edm Gorba\u010dova a vedla k otev\u0159en\u00ed \u017eelezn\u00e9 opony a uvoln\u011bn\u00ed nap\u011bt\u00ed mezi V\u00fdchodem a Z\u00e1padem.<\/p>\n<p>Nyn\u00ed, 2025\/26, jsme v dal\u0161\u00edm bod\u011b v\u00fdvoje a v t\u00e9to obt\u00ed\u017en\u00e9 f\u00e1zi za\u017e\u00edv\u00e1me, \u017ee americk\u00fd ochrann\u00fd de\u0161tn\u00edk pro Evropu nen\u00ed bezpe\u010dn\u00fd a my sami mus\u00edme p\u0159evz\u00edt odpov\u011bdnost za na\u0161i bezpe\u010dnost. Ne v\u0161ak ve strachem ur\u010duj\u00edc\u00ed form\u011b politik\u016f, pro kter\u00e9 slovo m\u00edr nen\u00ed v\u00a0jejich slovn\u00edku. Proto\u017ee nejsme ve v\u011bt\u0161in\u011b spole\u010dnosti p\u0159ipraveni rychle akceptovat zm\u011bny, vystavujeme se riziku, \u017ee n\u00e1\u0161 osobn\u00ed rozvoj bude omezen vn\u011bj\u0161\u00edm politick\u00fdm v\u00fdvojem. To v\u0161ak nen\u00ed fatalita.<\/p>\n<p>Ale vyhnout se j\u00ed vy\u017eaduje, abychom jednali rozhodn\u011b, akceptovali, \u017ee po staru se \u017e\u00edt ned\u00e1, \u017ee pro v\u011bt\u0161inu z\u00a0n\u00e1s neviditeln\u00ed a nezn\u00e1m\u00ed inici\u00e1to\u0159i prob\u00edhaj\u00edc\u00edch zm\u011bn nebudou br\u00e1t ohled na sou\u010dasn\u00e9 p\u0159edstavitele moci a, \u017ee jimi bude dovoleno staro-nov\u00fdm politik\u016fm anga\u017eovat se ve h\u0159e na n\u00e1rodn\u00ed st\u00e1ty s\u00a0pravidly a dobou trv\u00e1n\u00ed, kterou ur\u010d\u00ed sami inici\u00e1to\u0159i zm\u011bn a hry.<\/p>\n<p>P\u0159edem napsan\u00e9 dokazuje skute\u010dnost, \u017ee jsme se dostali do p\u0159\u00edm\u00e9ho kontaktu s ot\u00e1zkami svobody, osudu zem\u011b, st\u00e1tu, jedince, chaosu, nejistoty a p\u0159edev\u0161\u00edm strachu. P\u0159ed n\u011bkolika roky z\u00a0covid-19, dnes z\u00a0Ruska a dron\u016f. Nejenom \u010ce\u0161i se mi jev\u00ed nepou\u010diteln\u00ed.<\/p>\n<p>Na t\u00e9ma osudu star\u00fd mistr n\u011bmeck\u00e9 astrologie Thomas Ring (1892-1983) \u0159ekl, \u017ee v z\u00e1vislosti na na\u0161em postoji sv\u016fj osud trp\u00edme nebo sn\u00e1\u0161\u00edme, ale v pozitivn\u00edm p\u0159\u00edpad\u011b jej m\u016f\u017eeme tak\u00e9\u00a0<em>naplnit v\u011bd\u011bn\u00edm<\/em>. Jin\u00fdmi slovy, pokud p\u0159ijmeme sv\u016fj osud, nemus\u00edme se sm\u00ed\u0159it s osudem, kter\u00fd se n\u00e1m zd\u00e1 ciz\u00ed, tj. nemus\u00edme se pou\u0161t\u011bt do n\u011b\u010deho, nebo anga\u017eovat se v\u00a0n\u011b\u010dem, co nezn\u00e1me.<\/p>\n<p>Jeden zku\u0161en\u00fd \u010dlov\u011bk kdysi formuloval n\u00e1zor: Jsme ve vlaku a m\u00e1me jen na v\u00fdb\u011br, zda chceme mluvit s \u010dlov\u011bkem, kter\u00fd sed\u00ed vedle n\u00e1s, j\u00edt do j\u00eddeln\u00edho vozu nebo z\u016fstat sed\u011bt ve sv\u00e9m kup\u00e9. Na tom, co m\u016f\u017eeme ud\u011blat, nez\u00e1le\u017e\u00ed, proto\u017ee vlak bude pokra\u010dovat podle j\u00edzdn\u00edho \u0159\u00e1du. Zda budeme m\u00edt alespo\u0148 mo\u017enost vyu\u017e\u00edt zast\u00e1vku k v\u00fdstupu, jak jsem navrhoval, z\u016fstalo b\u011bhem na\u0161eho rozhovoru otev\u0159en\u00e9. Po v\u010derej\u0161\u00edch volb\u00e1ch v\u00edme, \u017ee ob\u010dan\u00e9 nevyu\u017eili zast\u00e1vku k\u00a0v\u00fdstupu, a \u017ee vlak se nezastav\u00ed ani po p\u0159\u00edpadn\u00fdch p\u0159ed\u010dasn\u00fdch volb\u00e1ch a roce 2027.<\/p>\n<p>A\u017e do doby p\u016fsoben\u00ed (bez rodiny) ve St\u0159edn\u00ed a Jihov\u00fdchodn\u00ed Asii, a n\u00e1v\u0161t\u011bv\u00e1ch v\u00a0\u010c\u00edn\u011b, jsem byl p\u0159esv\u011bd\u010den, \u017ee alespo\u0148 my v z\u00e1padn\u00ed kultu\u0159e jsme dos\u00e1hli vy\u0161\u0161\u00edho stupn\u011b svobody, a jsme m\u00e9n\u011b ne\u017e d\u0159\u00edve, determinov\u00e1ni zvyky a zkostnat\u011bl\u00fdmi n\u00e1zory. Tato my\u0161lenka byla podpo\u0159ena schopnost\u00ed z\u00e1padn\u00ed kultury vyhnout se zapojen\u00ed do velk\u00fdch vojensk\u00fdch konflikt\u016f po skon\u010den\u00ed druh\u00e9 sv\u011btov\u00e9 v\u00e1lky. Idealizace v\u011bd\u011bn\u00ed tzv. elit a voli\u010d\u016f se i dnes pln\u011b potvrzuje. Pro\u010d?<\/p>\n<p>Proto\u017ee dnes je ot\u00e1zkou, zda jsme na\u0161li vytou\u017eenou stabilitu. Je t\u0159eba tak\u00e9 p\u0159ipustit, \u017ee p\u0159\u00edklad kolektivn\u00edho pokroku mezin\u00e1rodn\u00edho spole\u010denstv\u00ed, kter\u00e9 podporuje \u0161\u0165astn\u011bj\u0161\u00ed zp\u016fsob \u017eivota sv\u00fdch ob\u010dan\u016f t\u00edm, \u017ee se vyh\u00fdb\u00e1 v\u00e1lk\u00e1m, neodpov\u00edd\u00e1 skute\u010dnosti. Osobn\u00ed b\u011bh \u017eivota je v kone\u010dn\u00e9m d\u016fsledku o vlastn\u00edm individu\u00e1ln\u00edm rozvoji, kter\u00fd se z\u00e1sadn\u011b li\u0161\u00ed od rozvoje souseda. Tady vid\u00edm jeden z\u00a0hlavn\u00edch probl\u00e9m\u016f Z\u00e1padu, \u010desk\u00e9 spole\u010dnosti a tak\u00e9 v\u010derej\u0161\u00edch voleb.<\/p>\n<p>V\u00a0ml\u00e1d\u00ed, p\u0159i hled\u00e1n\u00ed pozitivn\u011bj\u0161\u00edho modelu v\u00fdvoje, kter\u00fd automaticky nep\u0159edpokl\u00e1d\u00e1 osudov\u00fd b\u011bh \u017eivota, ale p\u0159esto poskytuje vysv\u011btlen\u00ed pevn\u00fdch \u017eivotn\u00edch proces\u016f, jsem narazil na koncept sc\u00e9n\u00e1\u0159e a \u017eivotn\u00edho pl\u00e1nu v transak\u010dn\u00ed anal\u00fdze Erica Berna (1910-1970).<\/p>\n<p>P\u0159ipom\u00edn\u00e1m, \u017ee Eric Bern napsal n\u011bkolik odborn\u00fdch \u010dl\u00e1nk\u016f, zab\u00fdvaj\u00edc\u00edch se intuic\u00ed. Tyto \u010dl\u00e1nky popisuj\u00ed v\u00fdklad schopnost\u00ed, jak uh\u00e1dnout civiln\u00ed zam\u011bstn\u00e1n\u00ed voj\u00e1k\u016f, a to b\u011bhem kr\u00e1tk\u00e9ho rozhovoru s nimi. Tyto \u010dl\u00e1nky vedly k jeho p\u0159evratov\u00e9 pr\u00e1ci v ot\u00e1zce transak\u010dn\u00ed anal\u00fdzy. Podle Berna existuj\u00ed t\u0159i r\u016fzn\u00e9 stavy ega: rodi\u010d, dosp\u011bl\u00fd, a d\u00edt\u011b.\u00a0<em>Rodi\u010d<\/em>\u00a0je styl my\u0161len\u00ed, chov\u00e1n\u00ed \u010di jedn\u00e1n\u00ed p\u0159evzat\u00fd od autorit s\u00a0p\u0159ev\u00e1\u017en\u011b p\u0159\u00edkazy, z\u00e1kazy a pravidly.\u00a0<em>Dosp\u011bl\u00fd<\/em>, zpracov\u00e1v\u00e1 a hodnot\u00ed informace na z\u00e1klad\u011b vlastn\u00ed zku\u0161enosti a rozumu.\u00a0<em>D\u00edt\u011b<\/em>\u00a0je poz\u016fstatkem vnit\u0159n\u00edch du\u0161evn\u00edch stav\u016f z d\u011btstv\u00ed. Jedn\u00e1n\u00ed v souladu s\u00a0<em>D\u00edt\u011btem<\/em>\u00a0b\u00fdv\u00e1 p\u0159ev\u00e1\u017en\u011b citov\u00e9ho r\u00e1zu. M\u00e1 v sob\u011b spont\u00e1nnost, zv\u011bdavost a nezka\u017eenou schopnost pro\u017e\u00edvat. Nov\u00ed poslanci PS, narozen\u00ed p\u0159ed 25-30 roky, podle krit\u00e9ri\u00ed Berna p\u0159edstavuj\u00ed proto riziko pro pl\u00e1nov\u00e1n\u00ed a \u0159\u00edzen\u00ed extr\u00e9mn\u00edch situac\u00ed.<\/p>\n<p>V\u00a0syst\u00e9mu intenzivn\u00edho rozvoje individu\u00e1ln\u00edch schopnost\u00ed, kter\u00fd jsem zavedl a vyu\u010doval na V\u0160E, aby po odchodu autora v\u0161e zaniklo, co\u017e ale neplat\u00ed v\u00a0anal\u00fdz\u00e1ch pro speci\u00e1ln\u00ed slo\u017eky n\u011bkter\u00fdch vl\u00e1d, existuje ot\u00e1zka\u00a0<em>Pro\u010d<\/em>? Odpov\u011bdi na ni d\u00e1vaj\u00ed mo\u017enost pod\u00edvat se a\u017e na t\u0159et\u00ed ego, d\u011btstv\u00ed a mimo jin\u00e9 i na kvalitu komunikace mezi jednotlivci. Transakce mohou b\u00fdt rovnob\u011b\u017en\u00e9 (vz\u00e1jemn\u011b se dopl\u0148uj\u00edc\u00ed) anebo zk\u0159\u00ed\u017een\u00e9 (b\u00fdvaj\u00ed zdrojem nep\u0159\u00edjemnost\u00ed). Ur\u010dit\u00e9 vzory jedn\u00e1n\u00ed, kter\u00e9 se opakuj\u00ed v b\u011b\u017en\u00e9m \u017eivot\u011b, nazval Berne hrami. Proto p\u00ed\u0161i o h\u0159e na n\u00e1rodn\u00ed st\u00e1t a z\u00e1jmy. Demokracie nebude po volb\u00e1ch pos\u00edlena i kv\u016fli staronov\u00fdm, t\u00e9m\u011b\u0159 do\u017eivotn\u00edm poslanc\u016fm. Je zcela vylou\u010dena zm\u011bna syst\u00e9mu st\u00e1tn\u00ed spr\u00e1vy s lidmi, kte\u0159\u00ed ji vytvo\u0159ili a v n\u00ed p\u016fsobili a p\u016fsob\u00ed.<\/p>\n<p>Ji\u017e povrchn\u00ed pozorov\u00e1n\u00ed sou\u010dasn\u00fdch elit dovoluje p\u0159edpokl\u00e1dat a u n\u011bkter\u00fdch osob tvrdit a dok\u00e1zat, \u017ee si tzv.\u00a0<em>sv\u016fj osud neuv\u011bdomily v\u010das,<\/em>\u00a0neosvobodily se od nutk\u00e1n\u00ed opakovat chyby a nerozhodly se pro v\u00edce prosp\u011b\u0161n\u00e9 chov\u00e1n\u00ed. Velk\u00fd rozd\u00edl v konceptu transak\u010dn\u00ed anal\u00fdzy je v tom, \u017ee se zab\u00fdv\u00e1 v\u011bcmi, kter\u00e9 jsme se rozhodli d\u011blat na za\u010d\u00e1tku na\u0161eho \u017eivota. To n\u00e1m d\u00e1v\u00e1 \u0161anci zm\u011bnit n\u00e1zor, abychom nev\u011bdomky neopakovali minulost proti na\u0161emu lep\u0161\u00edmu \u00fasudku.<\/p>\n<p>U tohoto konceptu v\u0161ak z\u016fstala ot\u00e1zka: Pro\u010d jsme jako d\u011bti m\u011bli tendenci d\u011blat velmi konkr\u00e9tn\u00ed rozhodnut\u00ed? A jako dosp\u011bl\u00ed, kon\u00e1me tak, jak kon\u00e1me: \u010dasto s\u00a0opakov\u00e1n\u00edm chyb.<\/p>\n<p>P\u016fvodn\u00ed koncept transak\u010dn\u00ed anal\u00fdzy, ke kter\u00e9mu vedlo chov\u00e1n\u00ed rodi\u010d\u016f, byl opu\u0161t\u011bn ve prosp\u011bch filtru. Ten m\u00e1vne nebo nedovol\u00ed rodi\u010d\u016fm zpr\u00e1vy proj\u00edt. U\u017eite\u010dn\u00fd byl n\u00e1vrh Erica Berne pracovat s klientovou obl\u00edbenou poh\u00e1dkou. Ta toti\u017e a \u010dasto to do zna\u010dn\u00e9 m\u00edry odpov\u00edd\u00e1 sc\u00e9n\u00e1\u0159i dan\u00e9 osoby. Dnes v\u0161ak mus\u00ed b\u00fdt tento p\u0159\u00edstup ve v\u011bt\u0161in\u011b p\u0159\u00edpad\u016f nahrazen postavami a p\u0159\u00edb\u011bhy ze soci\u00e1ln\u00edch s\u00edt\u00ed. I o tom byly v\u010derej\u0161\u00ed volby.<\/p>\n<p>Z knih na toto t\u00e9ma vynik\u00e1 kniha\u00a0<em>Games People Play<\/em>\u00a0(1964), \u010desky\u00a0<em>Jak si lid\u00e9 hraj\u00ed<\/em>. Tato kniha se stala na dlouhou dobu bestsellerem, proto\u017ee jednodu\u0161e p\u0159edkl\u00e1d\u00e1 p\u0159\u00edklady z ka\u017edodenn\u00edho \u017eivota a ukazuje zp\u016fsoby, jak jsou lid\u00e9 vta\u017eeni do\u00a0<em>hry<\/em>, kterou pr\u00e1v\u011b hraj\u00ed. N\u00e1zvy her jsou nap\u0159.\u00a0<em>Now I&#8217;ve got you you son of a bitch.<\/em>\u00a0(U\u017e t\u011b m\u00e1m, ty zkurvysynu). \u010c\u00e1st autorem pou\u017e\u00edvan\u00e9 terminologie p\u0159e\u0161la do ka\u017edodenn\u00ed angli\u010dtiny. Druhou je kniha Dr. Michaela Newtona\u00a0<em>Cesty du\u0161e<\/em>\u00a0\u2013\u00a0<em>karmick\u00e9 p\u0159\u00edpadov\u00e9 studie<\/em>. Dovoluje naj\u00edt odpov\u011bdi, jak lid\u00e9 dosp\u011bli k volb\u011b sv\u00e9 sou\u010dasn\u00e9 inkarnace a do jak\u00e9 m\u00edry k tomuto rozhodnut\u00ed p\u0159isp\u011bly zku\u0161enosti z minul\u00fdch \u017eivot\u016f. Dovoluji si tvrdit, \u017ee poradci pana Babi\u0161e znaj\u00ed obsah nejenom zde zm\u00edn\u011bn\u00fdch knih.<\/p>\n<h3><strong>Z\u00e1v\u011br<\/strong><\/h3>\n<p>Pan Fiala jde do archivu a do sn\u011bmovny, nevylu\u010duji, \u017ee na dobu ur\u010ditou. Pan Babi\u0161, jak se mi jev\u00ed, se p\u0159ece\u0148uje, nic podstatn\u00e9ho, co se t\u00fd\u010de vztahu \u010cR s\u00a0EU, EK a NATO, pota\u017emo Ukrajiny nezm\u011bn\u00ed, a z\u0159ejm\u011b si neuv\u011bdomuje v jak\u00e9 komplexn\u00ed pasti se nach\u00e1z\u00ed. V\u010dera slavil, proto\u017ee vyhr\u00e1l, dost pro sebe, ne v\u0161ak dost pro ob\u010dany \u010cR, a ne ve spr\u00e1vn\u00e9 dob\u011b! Ta teprve p\u0159ijde.<\/p>\n<p>Bude to doba p\u0159\u00edm\u00e9 elektronick\u00e9 diktatury, zvan\u00e9 demokracie, bez volebn\u00edch kampan\u00ed a marketingu. Roli politick\u00fdch stran nahrad\u00ed expertn\u00ed poradenstv\u00ed. Bude to n\u00e1vrat ke\u00a0<em>konu<\/em>, to jest\u00a0<em>mezi p\u0159\u00edpustn\u00e9ho chov\u00e1n\u00ed<\/em>\u00a0(kon\u00e1n\u00ed). Za mezemi\u00a0<em>konu<\/em>\u00a0je\u00a0<em>za-kon<\/em>, to jest z\u00e1kon a tam nast\u00e1v\u00e1 skon (smrt) nebo konec. Na rozd\u00edl od dne\u0161n\u00edho pojet\u00ed mor\u00e1lky\u00a0<em>kon je z\u00e1vazn\u00fd a vymahateln\u00fd<\/em>.<\/p>\n<p>Dej B\u016fh, aby nebylo pozd\u011b. Jsou toti\u017e t\u0159i v\u011bci v \u017eivot\u011b, kter\u00e9 nikdy nevr\u00e1t\u00ed\u0161 zp\u011bt: Slovo, \u010cas a Promarn\u011bn\u00e9 p\u0159\u00edle\u017eitosti, kter\u00e9 le\u017e\u00ed uprost\u0159ed probl\u00e9m\u016f.<\/p>\n<p><strong><em>Jan Campbell<\/em><\/strong><\/p>\n<p>&nbsp;<\/p>\n","protected":false},"excerpt":{"rendered":"<p>N\u00e1rodn\u00ed a mezin\u00e1rodn\u00ed politika jsou spojen\u00e9 n\u00e1doby. Mezin\u00e1rodn\u00ed politika a vztahy v\u017edy ud\u00e1valy a ud\u00e1vaj\u00ed&#8230;<\/p>\n","protected":false},"author":2,"featured_media":47088,"comment_status":"closed","ping_status":"closed","sticky":false,"template":"","format":"standard","meta":[],"categories":[6],"tags":[1042,122,27],"_links":{"self":[{"href":"https:\/\/www.infokuryr.cz\/n\/wp-json\/wp\/v2\/posts\/89288"}],"collection":[{"href":"https:\/\/www.infokuryr.cz\/n\/wp-json\/wp\/v2\/posts"}],"about":[{"href":"https:\/\/www.infokuryr.cz\/n\/wp-json\/wp\/v2\/types\/post"}],"author":[{"embeddable":true,"href":"https:\/\/www.infokuryr.cz\/n\/wp-json\/wp\/v2\/users\/2"}],"replies":[{"embeddable":true,"href":"https:\/\/www.infokuryr.cz\/n\/wp-json\/wp\/v2\/comments?post=89288"}],"version-history":[{"count":0,"href":"https:\/\/www.infokuryr.cz\/n\/wp-json\/wp\/v2\/posts\/89288\/revisions"}],"wp:featuredmedia":[{"embeddable":true,"href":"https:\/\/www.infokuryr.cz\/n\/wp-json\/wp\/v2\/media\/47088"}],"wp:attachment":[{"href":"https:\/\/www.infokuryr.cz\/n\/wp-json\/wp\/v2\/media?parent=89288"}],"wp:term":[{"taxonomy":"category","embeddable":true,"href":"https:\/\/www.infokuryr.cz\/n\/wp-json\/wp\/v2\/categories?post=89288"},{"taxonomy":"post_tag","embeddable":true,"href":"https:\/\/www.infokuryr.cz\/n\/wp-json\/wp\/v2\/tags?post=89288"}],"curies":[{"name":"wp","href":"https:\/\/api.w.org\/{rel}","templated":true}]}}