{"id":89271,"date":"2025-10-06T00:23:23","date_gmt":"2025-10-05T22:23:23","guid":{"rendered":"https:\/\/www.infokuryr.cz\/n\/?p=89271"},"modified":"2025-10-05T14:42:43","modified_gmt":"2025-10-05T12:42:43","slug":"ledovy-blok-misto-evangelia-vatikan-v-klimatickem-silenstvi","status":"publish","type":"post","link":"https:\/\/www.infokuryr.cz\/n\/2025\/10\/06\/ledovy-blok-misto-evangelia-vatikan-v-klimatickem-silenstvi\/","title":{"rendered":"Ledov\u00fd blok m\u00edsto evangelia \u2013 Vatik\u00e1n v klimatick\u00e9m \u0161\u00edlenstv\u00ed"},"content":{"rendered":"<div id=\"fb-root\"><\/div>\n<p><strong><span dir=\"auto\">Klimatick\u00fd kult u\u017e d\u00e1vno pronikl do Vatik\u00e1nu. Pape\u017e Lev XIV., kter\u00fd po\u017eehnal bloku gr\u00f3nsk\u00e9ho ledu v It\u00e1lii, to znovu jasn\u011b ukazuje. M\u00edsto evangelia a Bo\u017e\u00edho slova se nyn\u00ed m\u00e1 uct\u00edvat klimatick\u00fd kult. Nov\u00fd pape\u017e se rozhodn\u011b netrvalo dlouho, ne\u017e se \u201eprobudil\u201c.<\/span><\/strong><\/p>\n<p><span dir=\"auto\">Pape\u017e Lev XIV.\u00a0<\/span><a href=\"https:\/\/www.newsweek.com\/pope-leo-blessing-ice-sparks-anger-pagan-earth-worship-ritual-10817883\"><span dir=\"auto\">ned\u00e1vno<\/span><\/a><span dir=\"auto\">\u00a0po\u017eehnal bloku ledu z Gr\u00f3nska, kter\u00fd sem byl p\u0159ivezen speci\u00e1ln\u011b proto, aby lidstvu p\u0159ipomn\u011bl \u00fadajn\u011b dramatick\u00e9 glob\u00e1ln\u00ed oteplov\u00e1n\u00ed (Report24 informoval:\u00a0<\/span><a href=\"https:\/\/report24.news\/empoerung-ueber-spott-gegen-klimareligion-papst-segnet-demonstrativ-einen-eisblock\/\" target=\"_blank\" rel=\"noreferrer noopener\"><span dir=\"auto\">Pobou\u0159en\u00ed nad zesm\u011b\u0161\u0148ov\u00e1n\u00edm klimatick\u00e9ho n\u00e1bo\u017eenstv\u00ed: Pape\u017e demonstrativn\u011b \u201e\u017eehn\u00e1\u201c bloku ledu<\/span><\/a><span dir=\"auto\"> ). M\u00edsto kadidla a r\u016f\u017eenc\u016f je nyn\u00ed taj\u00edc\u00ed ledovcov\u00fd led sv\u00e1tost\u00ed nov\u00e9ho ducha doby. Dne\u0161n\u00ed modly u\u017e nejsou vyrobeny ze zlata, ale z ledu.<\/span><\/p>\n<figure class=\"wp-block-embed is-type-rich is-provider-twitter wp-block-embed-twitter\">\n<div class=\"wp-block-embed__wrapper\">\n<div class=\"twitter-tweet twitter-tweet-rendered\"><iframe id=\"twitter-widget-0\" class=\"\" title=\"X P\u0159\u00edsp\u011bvek\" src=\"https:\/\/platform.twitter.com\/embed\/Tweet.html?dnt=true&amp;embedId=twitter-widget-0&amp;features=eyJ0ZndfdGltZWxpbmVfbGlzdCI6eyJidWNrZXQiOltdLCJ2ZXJzaW9uIjpudWxsfSwidGZ3X2ZvbGxvd2VyX2NvdW50X3N1bnNldCI6eyJidWNrZXQiOnRydWUsInZlcnNpb24iOm51bGx9LCJ0ZndfdHdlZXRfZWRpdF9iYWNrZW5kIjp7ImJ1Y2tldCI6Im9uIiwidmVyc2lvbiI6bnVsbH0sInRmd19yZWZzcmNfc2Vzc2lvbiI6eyJidWNrZXQiOiJvbiIsInZlcnNpb24iOm51bGx9LCJ0ZndfZm9zbnJfc29mdF9pbnRlcnZlbnRpb25zX2VuYWJsZWQiOnsiYnVja2V0Ijoib24iLCJ2ZXJzaW9uIjpudWxsfSwidGZ3X21peGVkX21lZGlhXzE1ODk3Ijp7ImJ1Y2tldCI6InRyZWF0bWVudCIsInZlcnNpb24iOm51bGx9LCJ0ZndfZXhwZXJpbWVudHNfY29va2llX2V4cGlyYXRpb24iOnsiYnVja2V0IjoxMjA5NjAwLCJ2ZXJzaW9uIjpudWxsfSwidGZ3X3Nob3dfYmlyZHdhdGNoX3Bpdm90c19lbmFibGVkIjp7ImJ1Y2tldCI6Im9uIiwidmVyc2lvbiI6bnVsbH0sInRmd19kdXBsaWNhdGVfc2NyaWJlc190b19zZXR0aW5ncyI6eyJidWNrZXQiOiJvbiIsInZlcnNpb24iOm51bGx9LCJ0ZndfdXNlX3Byb2ZpbGVfaW1hZ2Vfc2hhcGVfZW5hYmxlZCI6eyJidWNrZXQiOiJvbiIsInZlcnNpb24iOm51bGx9LCJ0ZndfdmlkZW9faGxzX2R5bmFtaWNfbWFuaWZlc3RzXzE1MDgyIjp7ImJ1Y2tldCI6InRydWVfYml0cmF0ZSIsInZlcnNpb24iOm51bGx9LCJ0ZndfbGVnYWN5X3RpbWVsaW5lX3N1bnNldCI6eyJidWNrZXQiOnRydWUsInZlcnNpb24iOm51bGx9LCJ0ZndfdHdlZXRfZWRpdF9mcm9udGVuZCI6eyJidWNrZXQiOiJvbiIsInZlcnNpb24iOm51bGx9fQ%3D%3D&amp;frame=false&amp;hideCard=false&amp;hideThread=false&amp;id=1974177463237570655&amp;lang=de&amp;origin=https%3A%2F%2Freport24.news%2Feisblock-statt-evangelium-der-vatikan-im-klimawahn%2F&amp;sessionId=6a315761962c6105c22cd0701b9266869cbf5aa2&amp;theme=light&amp;widgetsVersion=2615f7e52b7e0%3A1702314776716&amp;width=550px\" frameborder=\"0\" scrolling=\"no\" allowfullscreen=\"allowfullscreen\" data-tweet-id=\"1974177463237570655\" data-mce-fragment=\"1\"><\/iframe><\/div>\n<\/div>\n<\/figure>\n<p><span dir=\"auto\">Cel\u00e1 v\u011bc se samoz\u0159ejm\u011b neodehr\u00e1la uprost\u0159ed ni\u010deho. Inscenace byla sou\u010d\u00e1st\u00ed velk\u00e9 klimatick\u00e9 konference, jej\u00edm\u017e c\u00edlem bylo p\u0159il\u00e1kat pozornost m\u00e9di\u00ed a p\u0159ipomenout desetiletou encykliku Laudato Si&#8216;. Jedn\u00e1 se o dokument, v n\u011bm\u017e pape\u017e Franti\u0161ek ji\u017e pevn\u011b za\u010dlenil c\u00edrkev do zelen\u00e9 agendy. Nyn\u00ed se Lev XIV. zapojuje nejen proto, aby v tomto kurzu pokra\u010doval, ale aby jej tak\u00e9 p\u0159evedl do propagandistick\u00fdch obraz\u016f pro klimatick\u00fd kult.<\/span><\/p>\n<p><span dir=\"auto\">Blok ledu, \u00fadajn\u011b star\u00fd 20 000 let, poch\u00e1z\u00ed z gr\u00f3nsk\u00e9ho fjordu (byl v\u016fbec do ji\u017en\u00ed Evropy p\u0159epraven \u201eklimaticky neutr\u00e1ln\u00edm\u201c zp\u016fsobem um\u011blcem Olafurem Eliassonem a d\u00e1nsk\u00fdm geologem?) a podle klimatick\u00fdch fanatik\u016f m\u00e1 p\u0159edstavovat \u201evol\u00e1n\u00ed Zem\u011b\u201c. Blok zmrzl\u00e9 vody z dalek\u00e9ho severu, pomalu taj\u00edc\u00ed v tepl\u00e9 It\u00e1lii.<\/span><\/p>\n<p><span dir=\"auto\">Zat\u00edmco des\u00edtky milion\u016f v\u011b\u0159\u00edc\u00edch po cel\u00e9m sv\u011bt\u011b o\u010dek\u00e1vaj\u00ed od nov\u00e9ho pape\u017ee jasn\u00e9 duchovn\u00ed a mor\u00e1ln\u00ed veden\u00ed, Vatik\u00e1n se rad\u011bji prezentuje jako chr\u00e1m modern\u00edho klimatick\u00e9ho kultu. M\u00edsto k\u00e1z\u00e1n\u00ed o h\u0159\u00edchu a vykoupen\u00ed se nyn\u00ed pozornost soust\u0159ed\u00ed na CO2 a t\u00e1n\u00ed ledovc\u016f. Pape\u017e pokl\u00e1d\u00e1 ruku na led a \u017e\u00e1d\u00e1 o \u201eodvahu k ekologick\u00e9 konverzi\u201c.<\/span><\/p>\n<p><span dir=\"auto\">\u010clov\u011bk se nem\u016f\u017ee ubr\u00e1nit dojmu, \u017ee se nejedn\u00e1 o spiritualitu, ale sp\u00ed\u0161e o \u0161\u00ed\u0159en\u00ed zeleno-globalistick\u00e9 agendy. Proto\u017ee lavice v kostelech na Z\u00e1pad\u011b z\u016fst\u00e1vaj\u00ed pr\u00e1zdn\u00e9, lid\u00e9 z\u0159ejm\u011b doufaj\u00ed, \u017ee klimatick\u00e9 ot\u00e1zce daj\u00ed nov\u00fd v\u00fdznam. Sk\u00e1la svat\u00e9ho Petra se pomalu st\u00e1v\u00e1 ledovou kra, kter\u00e1 taje v tepl\u00fdch vod\u00e1ch ideologie. A kdo v\u00ed, mo\u017en\u00e1 krucifix brzy nahrad\u00ed ledov\u00e1 kra&#8230; Katolick\u00e1 c\u00edrkev si v\u0161ak tak\u00e9 uv\u011bdom\u00ed, \u017ee jej\u00ed ub\u00fdvaj\u00edc\u00ed po\u010det \u010dlen\u016f nelze doplnit nositeli modrovlas\u00fdch krou\u017ek\u016f v nose. Jsou m\u00e9n\u011b zn\u00e1m\u00ed t\u00edm, \u017ee chod\u00ed v ned\u011bli do kostela&#8230;<\/span><\/p>\n<p><img decoding=\"async\" loading=\"lazy\" class=\"alignnone size-full wp-image-1185\" src=\"http:\/\/www.infokuryr.cz\/n\/wp-content\/uploads\/2021\/04\/kuryr-podpis.png\" alt=\"\" width=\"84\" height=\"24\" \/><\/p>\n<p>&nbsp;<\/p>\n<div id=\"repor-94129d61153b590aa4ad714ef4ea6ed1\" class=\"repor-94129d61153b590aa4ad714ef4ea6ed1 repor-inarticle6\">\n<div id=\"repor-1761244296\" class=\"repor-inarticle6\"><\/div>\n<\/div>\n","protected":false},"excerpt":{"rendered":"<p>Klimatick\u00fd kult u\u017e d\u00e1vno pronikl do Vatik\u00e1nu. Pape\u017e Lev XIV., kter\u00fd po\u017eehnal bloku gr\u00f3nsk\u00e9ho ledu&#8230;<\/p>\n","protected":false},"author":2,"featured_media":89272,"comment_status":"closed","ping_status":"closed","sticky":false,"template":"","format":"standard","meta":[],"categories":[7],"tags":[4805,1102,254,329],"_links":{"self":[{"href":"https:\/\/www.infokuryr.cz\/n\/wp-json\/wp\/v2\/posts\/89271"}],"collection":[{"href":"https:\/\/www.infokuryr.cz\/n\/wp-json\/wp\/v2\/posts"}],"about":[{"href":"https:\/\/www.infokuryr.cz\/n\/wp-json\/wp\/v2\/types\/post"}],"author":[{"embeddable":true,"href":"https:\/\/www.infokuryr.cz\/n\/wp-json\/wp\/v2\/users\/2"}],"replies":[{"embeddable":true,"href":"https:\/\/www.infokuryr.cz\/n\/wp-json\/wp\/v2\/comments?post=89271"}],"version-history":[{"count":0,"href":"https:\/\/www.infokuryr.cz\/n\/wp-json\/wp\/v2\/posts\/89271\/revisions"}],"wp:featuredmedia":[{"embeddable":true,"href":"https:\/\/www.infokuryr.cz\/n\/wp-json\/wp\/v2\/media\/89272"}],"wp:attachment":[{"href":"https:\/\/www.infokuryr.cz\/n\/wp-json\/wp\/v2\/media?parent=89271"}],"wp:term":[{"taxonomy":"category","embeddable":true,"href":"https:\/\/www.infokuryr.cz\/n\/wp-json\/wp\/v2\/categories?post=89271"},{"taxonomy":"post_tag","embeddable":true,"href":"https:\/\/www.infokuryr.cz\/n\/wp-json\/wp\/v2\/tags?post=89271"}],"curies":[{"name":"wp","href":"https:\/\/api.w.org\/{rel}","templated":true}]}}