{"id":89227,"date":"2025-10-04T04:14:28","date_gmt":"2025-10-04T02:14:28","guid":{"rendered":"https:\/\/www.infokuryr.cz\/n\/?p=89227"},"modified":"2025-10-04T04:14:28","modified_gmt":"2025-10-04T02:14:28","slug":"nejhorsi-vlada-ceske-republiky-konecne-konci-jeji-politikou-byl-extremismus-a-vlastizrada","status":"publish","type":"post","link":"https:\/\/www.infokuryr.cz\/n\/2025\/10\/04\/nejhorsi-vlada-ceske-republiky-konecne-konci-jeji-politikou-byl-extremismus-a-vlastizrada\/","title":{"rendered":"Nejhor\u0161\u00ed vl\u00e1da \u010cesk\u00e9 republiky kone\u010dn\u011b kon\u010d\u00ed. Jej\u00ed politikou byl extr\u00e9mismus a vlastizrada"},"content":{"rendered":"<div id=\"fb-root\"><\/div>\n<p>Podpora ileg\u00e1ln\u00ed masov\u00e9\u00a0<strong><a href=\"https:\/\/www.nespokojeny.cz\/tag\/migrace\/\" target=\"_blank\" rel=\"noopener\">migrace<\/a><\/strong>\u00a0a ohro\u017een\u00ed bezpe\u010dnosti na na\u0161ich ulic\u00edch je extr\u00e9mismus. Dota\u010dn\u00ed socialismus\u00a0<strong><a href=\"https:\/\/www.nespokojeny.cz\/tag\/green-deal\/\" target=\"_blank\" rel=\"noopener\">green dealu<\/a><\/strong>\u00a0a na\u0159izov\u00e1n\u00ed, \u010d\u00edm topit a \u010d\u00edm jezdit, je extr\u00e9mismus.\u00a0<strong><a href=\"https:\/\/www.nespokojeny.cz\/tag\/cenzura\/\" target=\"_blank\" rel=\"noopener\">Cenzura<\/a><\/strong>\u00a0za n\u00e1zory na d\u011bn\u00ed v zahrani\u010d\u00ed a blokov\u00e1n\u00ed web\u016f je extr\u00e9mismus. Zav\u00e1d\u011bn\u00ed\u00a0<strong><a href=\"https:\/\/www.nespokojeny.cz\/tag\/gender\/\" target=\"_blank\" rel=\"noopener\">LGBT+<\/a><\/strong>\u00a0ideologie do \u0161kol a relativizace rodiny je extr\u00e9mismus.\u00a0<strong>Zru\u0161en\u00ed pr\u00e1va veta pro \u010dlensk\u00e9 st\u00e1ty EU a posilov\u00e1n\u00ed moci Bruselu na \u00fakor na\u0161\u00ed vl\u00e1dy je extr\u00e9mismus a vlastizrada<\/strong>.<span id=\"more-60592\"><\/span><\/p>\n<p><strong>Tuto vl\u00e1du pova\u017euji za nejhor\u0161\u00ed od prvn\u00edch svobodn\u00fdch voleb 1990<\/strong>. Dosud to pro m\u011b byla ta Paroubkova (nem\u00e1m r\u00e1d extra siln\u00e9 v\u00fdrazy, ale tehdy jsem \u0159\u00edk\u00e1val \u201emokr\u00fdm hadrem po \u010duni\u201c) a pak ta \u00fa\u0159ednick\u00e1 Zemanova. Pro\u010d i tyto dok\u00e1zala Fialova parta p\u0159ekonat?<\/p>\n<p>Ne proto, \u017ee n\u00e1s v\u0161echny okradla rekordn\u00ed inflac\u00ed a ty nejchud\u0161\u00ed zbyte\u010dn\u011b zat\u00ed\u017eila energetickou chudobou. Ne proto, \u017ee n\u00e1s zesm\u011b\u0161nila p\u0159ed sv\u011btem naivn\u00ed zahrani\u010dn\u00ed politikou. Dokonce ani ne ne proto, \u017ee hlasovala pro migra\u010dn\u00ed pakt a aplikaci Green dealu s absurdn\u00edmi c\u00edli pro \u010cR (a to m\u011b hodn\u011b vyto\u010dilo). Ani t\u00edm otev\u0159en\u00edm dve\u0159\u00ed pro podvody s koresponden\u010dn\u00edmi hlasy a organizovan\u00fd zlo\u010din mafi\u00e1nsk\u00fdch rozm\u011br\u016f nebo kolaps stavebn\u00edho \u0159\u00edzen\u00ed.<\/p>\n<p><strong>To, co j\u00ed nejv\u00edc vy\u010d\u00edt\u00e1m a nikdy neodpust\u00edm, je hled\u00e1n\u00ed vnit\u0159n\u00edch nep\u0159\u00e1tel, kop\u00e1n\u00ed p\u0159\u00edkop\u016f mezi lidmi r\u016fzn\u00fdch n\u00e1zor\u016f a zneu\u017eit\u00ed ve\u0159ejn\u00fdch instituc\u00ed a silov\u00fdch slo\u017eek k diskreditaci opozice a ka\u017ed\u00e9ho kritika vl\u00e1dy. Snaha uml\u010det n\u00e1s a zastra\u0161it (auto)cenzurou. \u0160\u00ed\u0159en\u00ed nen\u00e1visti a ozna\u010dov\u00e1n\u00ed v\u0161ech, kte\u0159\u00ed poslu\u0161n\u011b nem\u00e1vaj\u00ed \u017elutomodr\u00fdmi vlajkami, jako dezol\u00e1t\u016f, fa\u0161ist\u016f, dezinform\u00e1tor\u016f nebo dokonce prorusk\u00fdch \u0161v\u00e1b\u016f. Populistick\u00e9 stra\u0161en\u00ed Ruskem a v\u00e1lkou. Odporn\u00e9, hanebn\u00e9, samotnou demokracii ohro\u017euj\u00edc\u00ed. Je\u0161t\u011b nikdy si vl\u00e1dnouc\u00ed strany nedovolily takto un\u00e9st st\u00e1t.<\/strong><\/p>\n<p>Kl\u00ed\u010dov\u00e1 t\u00e9mata pro tyto volby z\u016fst\u00e1vaj\u00ed pro m\u011b naprosto stejn\u00e1 jako p\u0159ed 4 lety. Akor\u00e1t \u017ee tenkr\u00e1t se mi voli\u010di ODS posm\u00edvali a dnes u\u017e ch\u00e1pou, \u017ee nejde volit stejn\u011b a \u010dekat jin\u00e9 vysledky. Cht\u011bj\u00ed-li pomoci sv\u00e9 stran\u011b ke skute\u010dn\u00e9mu obratu (p\u0159\u00e1l bych jim to), musej\u00ed se zbavit z\u00e1t\u011b\u017ee SPOLU a kompletn\u011b vym\u011bnit veden\u00ed. A to se stane jen v p\u0159\u00edpad\u011b, \u017ee Fialovci dostanou po\u0159\u00e1dn\u00fd v\u00fdprask. [<a href=\"https:\/\/www.facebook.com\/vlastimil.vesely\/posts\/10165299146732573\" target=\"_blank\" rel=\"noopener\">zdroj<\/a>]<\/p>\n<div id=\"arve-iframe-68e026c841297607656793\" class=\"arve aligncenter\" data-mode=\"normal\" data-provider=\"iframe\"><span class=\"arve-inner\"><span class=\"arve-embed arve-embed--has-aspect-ratio\"><iframe class=\"arve-iframe fitvidsignore\" src=\"https:\/\/www.facebook.com\/plugins\/video.php?height=302&amp;href=https%3A%2F%2Fwww.facebook.com%2Freel%2F1288723679720792%2F&amp;show_text=false&amp;width=560&amp;t=0\" frameborder=\"0\" scrolling=\"no\" allowfullscreen=\"allowfullscreen\" data-arve=\"arve-iframe-68e026c841297607656793\" data-src-no-ap=\"https:\/\/www.facebook.com\/plugins\/video.php?height=302&amp;href=https%3A%2F%2Fwww.facebook.com%2Freel%2F1288723679720792%2F&amp;show_text=false&amp;width=560&amp;t=0\" data-mce-fragment=\"1\"><\/iframe><\/span><\/span><\/div>\n<h2><strong>Vl\u00e1da si zaslou\u017e\u00ed prohr\u00e1t.<\/strong><\/h2>\n<p>\u010cekal jsem, co vl\u00e1da p\u0159edvede v z\u00e1v\u011bru kampan\u011b.<\/p>\n<p>A p\u0159edvedla.<\/p>\n<p>Pokra\u010duje v hysterick\u00e9m pi\u0161t\u011bn\u00ed na adresu opozice, \u017ee jsou to kolaboranti a zr\u00e1dci.<\/p>\n<p>D\u00e1l surfuje na vln\u011b negativn\u00edch emoc\u00ed, v\u00e1le\u010dn\u00e9 psych\u00f3zy, hled\u00e1n\u00ed vnit\u0159n\u00edho nep\u0159\u00edtele, kterou sama spustila.<\/p>\n<p>Rozs\u00e9v\u00e1 atmosf\u00e9ru strachu, stihomamu a ned\u016fv\u011bry.<\/p>\n<p>A jako \u201cbonus\u201d se market\u00e9\u0159i profesora Fialy rozhodli, \u017ee jej p\u0159etvo\u0159\u00ed do podoby ostr\u00e9ho rana\u0159e a mistra populistick\u00fdch slogan\u016f \u2013 co\u017e je stejn\u011b sm\u011b\u0161n\u00e9 jako nev\u011brohodn\u00e9.<\/p>\n<p>Nejen proto, ale i proto si vl\u00e1da zaslou\u017e\u00ed prohr\u00e1t. [<a href=\"https:\/\/www.facebook.com\/jzahradil\/posts\/1228949412373720\" target=\"_blank\" rel=\"noopener\">zdroj<\/a>]<\/p>\n<p><a title=\"\" href=\"https:\/\/www.nespokojeny.cz\/wp-content\/uploads\/babis_fiala_debata.jpg\" data-rel=\"lightbox-image-0\" data-magnific_type=\"image\" data-rl_title=\"\" data-rl_caption=\"\"><img decoding=\"async\" loading=\"lazy\" class=\"aligncenter wp-image-60604\" src=\"https:\/\/www.nespokojeny.cz\/wp-content\/uploads\/babis_fiala_debata.jpg\" sizes=\"(max-width: 600px) 100vw, 600px\" srcset=\"https:\/\/www.nespokojeny.cz\/wp-content\/uploads\/babis_fiala_debata.jpg 1000w, https:\/\/www.nespokojeny.cz\/wp-content\/uploads\/babis_fiala_debata-300x169.jpg 300w, https:\/\/www.nespokojeny.cz\/wp-content\/uploads\/babis_fiala_debata-450x253.jpg 450w, https:\/\/www.nespokojeny.cz\/wp-content\/uploads\/babis_fiala_debata-150x84.jpg 150w, https:\/\/www.nespokojeny.cz\/wp-content\/uploads\/babis_fiala_debata-768x432.jpg 768w\" alt=\"\" width=\"600\" height=\"338\" \/><\/a><\/p>\n<p>Kdo vid\u011bl debatu, promarnil \u010das. Kdo nevid\u011bl, kousek by vid\u011bt m\u011bl. Nen\u00ed d\u016fle\u017eit\u00e9, kdo co \u0159\u00edkal, d\u016fle\u017eit\u00e9 je, \u017ee\u00a0<strong>na\u0161e zem\u011b po 35 letech \u201edemokracie\u201c vygenerovala 2 h\u0148upy jako jedin\u00e9 alternativy<\/strong>. To je trag\u00e9die. Nicm\u00e9n\u011b nezoufejme, posledn\u00ed americk\u00e9 volby nebyly o tolik lep\u0161\u00ed. Vybrat si ale mus\u00edme. J\u00e1 si vyb\u00edr\u00e1m Andreje a pr\u00e1v\u011b proto jej volit NEbudu (a nikomu to nedoporu\u010duji), n\u00fdbr\u017e jednoho z jeho potenci\u00e1ln\u00edch koali\u010dn\u00edch partner\u016f.\u00a0<strong>Nebo\u0165 ide\u00e1ln\u00ed mno\u017estv\u00ed ANO je co nejm\u00e9n\u011b ANO<\/strong>. A ide\u00e1ln\u00ed mno\u017estv\u00ed p\u011btikoalice je \u017e\u00e1dn\u00e1 p\u011btikoalice. [<a href=\"https:\/\/www.facebook.com\/kocour.batul\/posts\/4248007228815029\" target=\"_blank\" rel=\"noopener\">zdroj<\/a>]<\/p>\n<h2><strong>Kr\u00e1tk\u00fd apel, aneb nevolit nen\u00ed bojkot.<\/strong><\/h2>\n<p>Pokud nep\u016fjdete volit, neznamen\u00e1 to, \u017ee demonstrujete nesouhlas. Naopak. Znamen\u00e1 to, \u017ee d\u00e1v\u00e1te sv\u016fj hlas v\u00edt\u011bzi, a\u0165 je to kdokoliv. Nech\u00e1v\u00e1te tak jin\u00e9, aby rozhodli za v\u00e1s.<\/p>\n<p>Nech\u00e1v\u00e1te jin\u00e9, aby rozhodovali o pravidlech, podle kter\u00fdch budete vy \u017e\u00edt. Nic v\u00edc, nic m\u00ed\u0148. Nech\u00e1v\u00e1te sousedku nebo souseda aby rozhodovali o tom, jestli si budete je\u0161t\u011b za rok moct zatopit v krbovk\u00e1ch, jestli si budete moct dovolit koupit benz\u00edn, jestli se uzbroj\u00edme a ugr\u00fdnd\u00fdlujeme k ekonomick\u00e9 smrti, jestli chceme pr\u00e1va men\u0161in stav\u011bt nad pr\u00e1va v\u011bt\u0161iny. Jestli tu budeme m\u00edt migra\u010dn\u00ed boom a sto pohlav\u00ed u\u017e od \u0161kolky. Jestli budeme m\u00edt dostupn\u00e9 energie nebo jestli budou ty na\u0161e dostupn\u00e9 jen pro N\u011bmce.<\/p>\n<p>S t\u00edm v\u0161\u00edm m\u016f\u017eete souhlasit, ani\u017e byste zvedli zadek z gau\u010de. V\u00edt\u011bzstv\u00ed a prohry b\u00fdvaj\u00ed v posledn\u00edch letech t\u011bsn\u00e9 a vysloven\u011b o prsa korejsk\u00e9 baletky. Svou ne\u00fa\u010dast\u00ed ne\u0159\u00edk\u00e1te NE v\u016fbec nikomu. \u0158\u00edk\u00e1te, \u017ee je v\u00e1m tohle v\u0161echno jedno a nez\u00e1le\u017e\u00ed v\u00e1m na tom, kde budou va\u0161i potomci \u017e\u00edt a jestli jim jednou v\u0161echno to, co jste pro n\u011b cht\u011bli, v r\u00e1mci n\u011bjak\u00e9 \u0161\u00edlen\u00e9 ideologie seberou. \u0158\u00edk\u00e1te t\u0159eba i to, \u017ee va\u0161e pr\u00e1ce nem\u011bla smysl a \u017e\u00e1dnou cenu. \u017de se vzd\u00e1v\u00e1te pr\u00e1va na d\u016fstojn\u00fd d\u016fchod, funguj\u00edc\u00ed zdravotn\u00ed a soci\u00e1ln\u00ed syst\u00e9m. Ml\u010den\u00ed nen\u00ed nesouhlas. Ml\u010den\u00ed je souhlas s v\u00edt\u011bzem.<\/p>\n<p>A proto\u017ee ta v\u00edt\u011bzstv\u00ed a prohry b\u00fdvaj\u00ed tak t\u011bsn\u00e1, tak rozhoduje skute\u010dn\u011b ka\u017ed\u00fd hlas. A p\u0159esn\u011b a jen podle va\u0161ich a na\u0161ich hlas\u016f bude dal\u0161\u00ed roky vypadat tahle zem. Ne jinak. Tak\u017ee \u0159e\u010di o tom, \u017ee to nem\u00e1 smysl jsou jen alibistick\u00e9 kecy, jak omluvit vlastn\u00ed neochotu zapojit rozum a sv\u011bdom\u00ed a podle toho to n\u011bkomu \u201ehodit\u201c. Klidn\u011b cestou men\u0161\u00edho zla. Po\u0159\u00e1d je to lep\u0161\u00ed, ne\u017e zlo krystalick\u00e9.<\/p>\n<p>Samoz\u0159ejm\u011b po\u0159\u00e1d m\u016f\u017eete vyu\u017e\u00edt sv\u00e9 pr\u00e1vo a navzdory tomu v\u0161emu si m\u00edsto k volb\u00e1m sko\u010dit pro pivo nebo pro rohl\u00edky. Volebn\u00ed m\u00edstnost je p\u0159ece pro ka\u017ed\u00e9ho stra\u0161n\u011b daleko, dokonce i p\u00e1r stovek metr\u016f. Skoro se vsad\u00edm, \u017ee bl\u00ed\u017e ne\u017e nejbli\u017e\u0161\u00ed korpor\u00e1tn\u00ed obchod, na kter\u00fd n\u011bkdy tak nad\u00e1v\u00e1te. Ale pak od v\u00e1s nechci dal\u0161\u00ed \u010dty\u0159i roky sly\u0161et ani slovo, \u017ee je tady n\u011bco \u0161patn\u011b. \u017de nem\u00e1te na l\u00e9ky. \u017de se v\u00e1m nel\u00edb\u00ed da\u0148 z nemovitosti, \u017ee byste cht\u011bli slevu na studuj\u00edc\u00ed d\u011bti nebo ni\u017e\u0161\u00ed DPH na kojeneckou vodu. \u017de se v\u00e1m nel\u00edb\u00ed EET, proto\u017ee u\u017e te\u010f \u010dek\u00e1te m\u011bs\u00edce na \u0159emesln\u00edka. \u017de jako OSV\u010c s t\u00edm u\u017e rad\u0161i pra\u0161t\u00edte. \u017de nem\u00e1te pediatra, zuba\u0159e a na vy\u0161et\u0159en\u00ed \u010dek\u00e1te m\u011bs\u00edce. \u017de d\u011bti ve \u0161kol\u00e1ch maj\u00ed v\u00edc psycholog\u016f a poruch, ne\u017e znalost\u00ed. Nez\u00e1jem. Bude mi to \u00fapln\u011b stejn\u011b fuk, jako v\u00e1m bylo fuk, co se tu dal\u0161\u00ed volebn\u00ed obdob\u00ed bude d\u00edt.<\/p>\n<p>Na z\u00e1v\u011br chci poprosit, abychom nebyli k volb\u00e1m lhostejn\u00ed. Jinou \u0161anci v\u011bci m\u011bnit nem\u00e1me. A jak jsme vid\u011bli v USA, kormidlem lze hnout. I my m\u016f\u017eeme tu lo\u010f oto\u010dit. Ot\u00e1zka je, kolik n\u00e1s bude. [<a href=\"https:\/\/www.facebook.com\/permalink.php?story_fbid=729251990142458&amp;id=100091729913124\" target=\"_blank\" rel=\"noopener\">zdroj<\/a>]<\/p>\n<p><a title=\"\" href=\"https:\/\/www.nespokojeny.cz\/wp-content\/uploads\/herci_hajlovani_oupace_fasismus.jpg\" data-rel=\"lightbox-image-1\" data-magnific_type=\"image\" data-rl_title=\"\" data-rl_caption=\"\"><img decoding=\"async\" loading=\"lazy\" class=\"aligncenter  wp-image-60629\" src=\"https:\/\/www.nespokojeny.cz\/wp-content\/uploads\/herci_hajlovani_oupace_fasismus.jpg\" sizes=\"(max-width: 1200px) 100vw, 1200px\" srcset=\"https:\/\/www.nespokojeny.cz\/wp-content\/uploads\/herci_hajlovani_oupace_fasismus.jpg 1200w, https:\/\/www.nespokojeny.cz\/wp-content\/uploads\/herci_hajlovani_oupace_fasismus-300x111.jpg 300w, https:\/\/www.nespokojeny.cz\/wp-content\/uploads\/herci_hajlovani_oupace_fasismus-450x167.jpg 450w, https:\/\/www.nespokojeny.cz\/wp-content\/uploads\/herci_hajlovani_oupace_fasismus-150x56.jpg 150w, https:\/\/www.nespokojeny.cz\/wp-content\/uploads\/herci_hajlovani_oupace_fasismus-768x285.jpg 768w\" alt=\"\" width=\"971\" height=\"360\" \/><\/a><\/p>\n<h2><strong>N\u00e1jemn\u00ed ka\u0161pa\u0159i<\/strong><\/h2>\n<p>Tak jsem vid\u011bl p\u00e1r volebn\u00edch \u201espot\u016f\u201c mor\u00e1ln\u00edch maj\u00e1k\u016f a opravdu se mi neud\u011blalo dob\u0159e\u2026<\/p>\n<p>Jak\u00fdsi Jakub \u0160t\u00e1fek (mlad\u00ed ho pr\u00fd znaj\u00ed, ale j\u00e1 o n\u011bm nikdy nesly\u0161el) ud\u011blal d\u00edlko, kter\u00e9 sd\u00edl\u00ed hlavn\u011b Milion dotac\u00ed a \u0160t\u00edt autokracie.<\/p>\n<p>Jeho klip je postaven\u00fd na tom, jak se sm\u011bje dezinform\u00e1tor\u016fm \u2013 za\u010dne samoz\u0159ejm\u011b placatou Zem\u00ed, ale pokra\u010duje asi p\u011bti hrozbama, kter\u00e9 jsou zcela re\u00e1ln\u00e9 (migrace, vakc\u00edny, Ukrajinci\u2026), ov\u0161em on to spoj\u00ed samoz\u0159ejm\u011b tak, \u017ee z tohoto m\u016f\u017ee m\u00ed obavy jen debil s alobalovou \u010depi\u010dkou a plochou Zem\u00ed\u2026<\/p>\n<p>Poj\u010fme d\u00e1l \u2013 pak mu m\u00e1me otce a syna Trojanovi (velk\u00e9ho podporovatele LGBT\u2026), a ti dva si pov\u00eddaj\u00ed, jak by bylo SUPER, volit od 16ti. Pro\u010d? Proto\u017ee ti mlad\u00ed ve volb\u00e1ch nane\u010disto vybrali SPOLU, Pir\u00e1ty a STAN\u2026 (\u010dti to tak, \u017ee to v\u016fbec nen\u00ed jejich snadnou manipulac\u00ed, ale na rozd\u00edl od t\u011bch star\u00fdch debil\u016f v\u011bd\u00ed, co je dobr\u00e9 a hlavn\u011b spr\u00e1vn\u00e9\u2026)<\/p>\n<p>No a zakon\u010d\u00edm n\u011b\u010d\u00edm, co mi p\u0159i\u0161lo opravdu p\u0159es \u010d\u00e1ru a je mi z toho vlastn\u011b lidsky smutno. Petr \u010ctvrtn\u00ed\u010dek (jist\u011b si je\u0161t\u011b pamatujete, jak si nechal zaplatit za propagaci nevyzkou\u0161en\u00e9 a nebezpe\u010dn\u00e9 o\u010dkovac\u00ed l\u00e1tky a doporu\u010doval ji lidem\u2026) tak te\u010f m\u00e1 klip, kde zcela otev\u0159en\u011b p\u0159eje jin\u00e9mu \u010dlov\u011bku smrt!<\/p>\n<p>Konkr\u00e9tn\u011b Kate\u0159in\u011b Kone\u010dn\u00e9, aby si ud\u011blala s dal\u0161\u00edma komunistama sma\u017eenici z muchom\u016frky zelen\u00e9\u2026<\/p>\n<p>A v\u00edte co je na tom je\u0161t\u011b to nejpodlej\u0161\u00ed? \u017de jsou to v\u0161ichni je\u0161t\u011b takov\u00ed srabi, \u017ee ne\u0159eknou ani alibisticky koho vol\u00ed, ale jen, kdo je FUJ!<\/p>\n<p>Tak jim to pros\u00edm hezky dnes a z\u00edtra uka\u017eme. [<a href=\"https:\/\/www.facebook.com\/Jan.Tomanek.official\/posts\/1391628996302161\" target=\"_blank\" rel=\"noopener\">zdroj<\/a>]<\/p>\n<p><a href=\"https:\/\/www.nespokojeny.cz\/nejhorsi-vlada-ceske-republiky-konecne-konci-jeji-politika-byl-extremismus-a-vlastizrada\/\">NESPOKOJEN\u00dd<\/a><\/p>\n<p><img decoding=\"async\" loading=\"lazy\" class=\"wp-image-86739 aligncenter\" src=\"http:\/\/www.infokuryr.cz\/n\/wp-content\/uploads\/2025\/08\/volby-program-211x300.png\" alt=\"\" width=\"673\" height=\"957\" srcset=\"https:\/\/www.infokuryr.cz\/n\/wp-content\/uploads\/2025\/08\/volby-program-211x300.png 211w, https:\/\/www.infokuryr.cz\/n\/wp-content\/uploads\/2025\/08\/volby-program-721x1024.png 721w, https:\/\/www.infokuryr.cz\/n\/wp-content\/uploads\/2025\/08\/volby-program-768x1091.png 768w, https:\/\/www.infokuryr.cz\/n\/wp-content\/uploads\/2025\/08\/volby-program-1081x1536.png 1081w, https:\/\/www.infokuryr.cz\/n\/wp-content\/uploads\/2025\/08\/volby-program-1442x2048.png 1442w, https:\/\/www.infokuryr.cz\/n\/wp-content\/uploads\/2025\/08\/volby-program-1024x1455.png 1024w\" sizes=\"(max-width: 673px) 100vw, 673px\" \/><\/p>\n","protected":false},"excerpt":{"rendered":"<p>Podpora ileg\u00e1ln\u00ed masov\u00e9\u00a0migrace\u00a0a ohro\u017een\u00ed bezpe\u010dnosti na na\u0161ich ulic\u00edch je extr\u00e9mismus. Dota\u010dn\u00ed socialismus\u00a0green dealu\u00a0a na\u0159izov\u00e1n\u00ed, \u010d\u00edm&#8230;<\/p>\n","protected":false},"author":2,"featured_media":89228,"comment_status":"closed","ping_status":"closed","sticky":false,"template":"","format":"standard","meta":[],"categories":[6],"tags":[122,99,1798,27,1044],"_links":{"self":[{"href":"https:\/\/www.infokuryr.cz\/n\/wp-json\/wp\/v2\/posts\/89227"}],"collection":[{"href":"https:\/\/www.infokuryr.cz\/n\/wp-json\/wp\/v2\/posts"}],"about":[{"href":"https:\/\/www.infokuryr.cz\/n\/wp-json\/wp\/v2\/types\/post"}],"author":[{"embeddable":true,"href":"https:\/\/www.infokuryr.cz\/n\/wp-json\/wp\/v2\/users\/2"}],"replies":[{"embeddable":true,"href":"https:\/\/www.infokuryr.cz\/n\/wp-json\/wp\/v2\/comments?post=89227"}],"version-history":[{"count":0,"href":"https:\/\/www.infokuryr.cz\/n\/wp-json\/wp\/v2\/posts\/89227\/revisions"}],"wp:featuredmedia":[{"embeddable":true,"href":"https:\/\/www.infokuryr.cz\/n\/wp-json\/wp\/v2\/media\/89228"}],"wp:attachment":[{"href":"https:\/\/www.infokuryr.cz\/n\/wp-json\/wp\/v2\/media?parent=89227"}],"wp:term":[{"taxonomy":"category","embeddable":true,"href":"https:\/\/www.infokuryr.cz\/n\/wp-json\/wp\/v2\/categories?post=89227"},{"taxonomy":"post_tag","embeddable":true,"href":"https:\/\/www.infokuryr.cz\/n\/wp-json\/wp\/v2\/tags?post=89227"}],"curies":[{"name":"wp","href":"https:\/\/api.w.org\/{rel}","templated":true}]}}