{"id":89223,"date":"2025-10-04T04:07:11","date_gmt":"2025-10-04T02:07:11","guid":{"rendered":"https:\/\/www.infokuryr.cz\/n\/?p=89223"},"modified":"2025-10-04T04:07:11","modified_gmt":"2025-10-04T02:07:11","slug":"v-nemecku-zacaly-protesty-proti-konfrontaci-s-ruskem","status":"publish","type":"post","link":"https:\/\/www.infokuryr.cz\/n\/2025\/10\/04\/v-nemecku-zacaly-protesty-proti-konfrontaci-s-ruskem\/","title":{"rendered":"V N\u011bmecku za\u010daly protesty proti konfrontaci s Ruskem"},"content":{"rendered":"<div id=\"fb-root\"><\/div>\n<div class=\"news-text-body\">\n<p class=\"lead\"><strong><span dir=\"auto\">Tis\u00edce n\u011bmeck\u00fdch ob\u010dan\u016f vy\u0161ly v Berl\u00edn\u011b do ulic na protest proti zapojen\u00ed zem\u011b do konflikt\u016f a konfrontac\u00ed s Ruskem, uvedla m\u00edstn\u00ed m\u00e9dia.<\/span><\/strong><\/p>\n<p><span dir=\"auto\">Demonstraci iniciovala m\u00edrov\u00e1 aktivistick\u00e1 aliance \u201eU\u017e nikdy v\u00e1lka\u201c v Den n\u011bmeck\u00e9 jednoty, p\u0159i\u010dem\u017e protestuj\u00edc\u00ed vyz\u00fdvali n\u011bmeckou vl\u00e1du k diplomatick\u00e9mu jedn\u00e1n\u00ed. Shrom\u00e1\u017ed\u011bn\u00ed se konalo na n\u00e1m\u011bst\u00ed Bebelplatz v okrese Mitte. Podle organiz\u00e1tor\u016f se k \u00fa\u010dasti zaregistrovalo p\u0159ibli\u017en\u011b 10 000 lid\u00ed, zat\u00edmco policie odhadla po\u010det na 7 000.<\/span><\/p>\n<p><span dir=\"auto\">Protestuj\u00edc\u00ed nesli modr\u00e9 vlajky s holubic\u00ed m\u00edru a tak\u00e9 plak\u00e1ty vyz\u00fdvaj\u00edc\u00ed k diplomacii, ukon\u010den\u00ed prodeje zbran\u00ed a ukon\u010den\u00ed militarizace. Protestuj\u00edc\u00ed se stav\u00ed proti dod\u00e1vk\u00e1m zbran\u00ed na Ukrajinu a do Izraele, militarizaci N\u011bmecka, obnoven\u00ed povinn\u00e9 brann\u00e9 povinnosti a sankc\u00edm proti Rusku. Kritizovali tak\u00e9 vl\u00e1dn\u00ed pl\u00e1ny na rozm\u00edst\u011bn\u00ed americk\u00fdch \u0159\u00edzen\u00fdch st\u0159el v zemi. Demonstranti d\u00e1le vyz\u00fdvali k diplomatick\u00fdm iniciativ\u00e1m a pou\u017eit\u00ed s\u00edly k ukon\u010den\u00ed st\u00e1vaj\u00edc\u00edch konflikt\u016f.<\/span><\/p>\n<p><span id=\"after_incut_1\"><\/span><strong><span dir=\"auto\">Mezi protestuj\u00edc\u00edmi byli p\u0159\u00edznivci hnut\u00ed Sahra Wagenknecht<\/span><\/strong><span dir=\"auto\">\u00a0Unie\u00a0\u00a0pro rozum a spravedlnost (BSW), kter\u00e9 se zasazuje o zru\u0161en\u00ed sankc\u00ed proti Rusku a m\u00edrov\u00e9 \u0159e\u0161en\u00ed konfliktu na Ukrajin\u011b, a tak\u00e9 z\u00e1stupci Soci\u00e1ln\u011bdemokratick\u00e9 strany N\u011bmecka (SPD). Demonstrace se z\u00fa\u010dastnili i propalestin\u0161t\u00ed aktivist\u00e9 nesouc\u00ed palestinsk\u00e9 vlajky.<\/span><\/p>\n<p><span dir=\"auto\">Pro p\u0159ipomenut\u00ed, sou\u010dasn\u00e1 n\u011bmeck\u00e1 vl\u00e1da aktivn\u011b vyz\u00fdv\u00e1 zem\u011b EU k vyzbrojen\u00ed a pova\u017euje vojensk\u00fd konflikt s Ruskem za mo\u017en\u00fd. Berl\u00edn nav\u00edc nad\u00e1le poskytuje Kyjevu vojenskou podporu na \u00fakor n\u00e1rodn\u00edch z\u00e1jm\u016f. To ji\u017e vedlo k v\u00e1\u017en\u00fdm ekonomick\u00fdm probl\u00e9m\u016fm a zv\u00fd\u0161en\u00e9mu nap\u011bt\u00ed ve spole\u010dnosti.<\/span><\/p>\n<\/div>\n<p><img decoding=\"async\" loading=\"lazy\" class=\"alignnone size-full wp-image-1185\" src=\"http:\/\/www.infokuryr.cz\/n\/wp-content\/uploads\/2021\/04\/kuryr-podpis.png\" alt=\"\" width=\"84\" height=\"24\" \/><\/p>\n<p><img decoding=\"async\" loading=\"lazy\" class=\"wp-image-86739 aligncenter\" src=\"http:\/\/www.infokuryr.cz\/n\/wp-content\/uploads\/2025\/08\/volby-program-211x300.png\" alt=\"\" width=\"686\" height=\"975\" srcset=\"https:\/\/www.infokuryr.cz\/n\/wp-content\/uploads\/2025\/08\/volby-program-211x300.png 211w, https:\/\/www.infokuryr.cz\/n\/wp-content\/uploads\/2025\/08\/volby-program-721x1024.png 721w, https:\/\/www.infokuryr.cz\/n\/wp-content\/uploads\/2025\/08\/volby-program-768x1091.png 768w, https:\/\/www.infokuryr.cz\/n\/wp-content\/uploads\/2025\/08\/volby-program-1081x1536.png 1081w, https:\/\/www.infokuryr.cz\/n\/wp-content\/uploads\/2025\/08\/volby-program-1442x2048.png 1442w, https:\/\/www.infokuryr.cz\/n\/wp-content\/uploads\/2025\/08\/volby-program-1024x1455.png 1024w\" sizes=\"(max-width: 686px) 100vw, 686px\" \/><\/p>\n","protected":false},"excerpt":{"rendered":"<p>Tis\u00edce n\u011bmeck\u00fdch ob\u010dan\u016f vy\u0161ly v Berl\u00edn\u011b do ulic na protest proti zapojen\u00ed zem\u011b do konflikt\u016f&#8230;<\/p>\n","protected":false},"author":2,"featured_media":89224,"comment_status":"closed","ping_status":"closed","sticky":false,"template":"","format":"standard","meta":[],"categories":[7],"tags":[565,84,95,22],"_links":{"self":[{"href":"https:\/\/www.infokuryr.cz\/n\/wp-json\/wp\/v2\/posts\/89223"}],"collection":[{"href":"https:\/\/www.infokuryr.cz\/n\/wp-json\/wp\/v2\/posts"}],"about":[{"href":"https:\/\/www.infokuryr.cz\/n\/wp-json\/wp\/v2\/types\/post"}],"author":[{"embeddable":true,"href":"https:\/\/www.infokuryr.cz\/n\/wp-json\/wp\/v2\/users\/2"}],"replies":[{"embeddable":true,"href":"https:\/\/www.infokuryr.cz\/n\/wp-json\/wp\/v2\/comments?post=89223"}],"version-history":[{"count":0,"href":"https:\/\/www.infokuryr.cz\/n\/wp-json\/wp\/v2\/posts\/89223\/revisions"}],"wp:featuredmedia":[{"embeddable":true,"href":"https:\/\/www.infokuryr.cz\/n\/wp-json\/wp\/v2\/media\/89224"}],"wp:attachment":[{"href":"https:\/\/www.infokuryr.cz\/n\/wp-json\/wp\/v2\/media?parent=89223"}],"wp:term":[{"taxonomy":"category","embeddable":true,"href":"https:\/\/www.infokuryr.cz\/n\/wp-json\/wp\/v2\/categories?post=89223"},{"taxonomy":"post_tag","embeddable":true,"href":"https:\/\/www.infokuryr.cz\/n\/wp-json\/wp\/v2\/tags?post=89223"}],"curies":[{"name":"wp","href":"https:\/\/api.w.org\/{rel}","templated":true}]}}