{"id":89213,"date":"2025-10-04T03:29:57","date_gmt":"2025-10-04T01:29:57","guid":{"rendered":"https:\/\/www.infokuryr.cz\/n\/?p=89213"},"modified":"2025-10-04T03:29:57","modified_gmt":"2025-10-04T01:29:57","slug":"viktor-orban-to-rekl-narovinu-evropska-unie-se-transformovala-do-vojenskeho-paktu-a-chce-do-10-let-porazit-rusko","status":"publish","type":"post","link":"https:\/\/www.infokuryr.cz\/n\/2025\/10\/04\/viktor-orban-to-rekl-narovinu-evropska-unie-se-transformovala-do-vojenskeho-paktu-a-chce-do-10-let-porazit-rusko\/","title":{"rendered":"Viktor Orb\u00e1n to \u0159ekl narovinu! Evropsk\u00e1 unie se transformovala do vojensk\u00e9ho paktu a chce do 10 let porazit Rusko&#8230;"},"content":{"rendered":"<div id=\"fb-root\"><\/div>\n<h4>Viktor Orb\u00e1n to \u0159ekl narovinu! Evropsk\u00e1 unie se transformovala do vojensk\u00e9ho paktu a chce do 10 let porazit Rusko na v\u00fdchodn\u00ed front\u011b! Veden\u00ed EU se v Kodani rozhodlo pro v\u00e1lku s Ruskem a povinn\u011b se tohoto ta\u017een\u00ed maj\u00ed \u00fa\u010dastnit v\u0161ichni \u010dlenov\u00e9 EU bez v\u00fdjimky! Na referenda o vystoupen\u00ed z EU a NATO zapome\u0148te! Na to prvn\u00ed je pozd\u011b, a to druh\u00e9 je u\u017e vlastn\u011b zbyte\u010dn\u00e9, proto\u017ee Brusel se rozhodl pro vlastn\u00ed arm\u00e1du Spojen\u00fdch st\u00e1t\u016f evropsk\u00fdch!<\/h4>\n<p>Pokud jste poslouchali moji p\u00e1te\u010dn\u00ed anal\u00fdzu na SVCS, tak u\u017e dop\u0159edu m\u00e1te informace. V \u010cesk\u00e9 republice b\u011b\u017e\u00ed v p\u00e1tek a v sobotu volby, kter\u00fdm vlastn\u011b unik\u00e1 podstata proces\u016f, kter\u00e9 vedou Evropu do nezvratn\u00e9 eskalace a k v\u00e1lce s Ruskem. Na referendum o vystoupen\u00ed z EU je pozd\u011b.<\/p>\n<p>A to z toho d\u016fvodu, proto\u017ee na schvalov\u00e1n\u00ed \u00fastavn\u00edch z\u00e1kon\u016f a zm\u011bn o obecn\u00e9m referendu nen\u00ed dostatek hlas\u016f v Sen\u00e1tu a vlastn\u011b ani v Poslaneck\u00e9 sn\u011bmovn\u011b. Je to cesta, na kterou je u\u017e bohu\u017eel pozd\u011b.\u00a0<strong>Neform\u00e1ln\u00ed summit v Kodani v polovin\u011b t\u00fddne toti\u017e rozhodl, \u017ee\u00a0EU chce v\u00e1lku s Ruskem.<\/strong>\u00a0Ve video rozhovoru na r\u00e1diu Kossuth o tom informoval ma\u010farsk\u00fd premi\u00e9r Viktor Orb\u00e1n.<\/p>\n<p>&nbsp;<\/p>\n<div id=\"rumble_v6xn8ju\">\n<div id=\"vid_v6xn8ju\" class=\"rumble_v6xn8ju-Rumble-cls\" tabindex=\"-1\">\n<div><div class='videoWrapper'>\r\n\t            <iframe src='https:\/\/rumble.com\/embed\/pj.v6xn8ju\/' frameborder='0' allowfullscreen><\/iframe>\r\n\t        <\/div><\/div>\n<\/div>\n<\/div>\n<p>&nbsp;<\/p>\n<p>Podle jeho slov se EU v Kodani rozhodla pro v\u00e1lku, kter\u00e1 m\u00e1 b\u00fdt v EU financov\u00e1na tzv. spole\u010dn\u00fdm dluhem, p\u0159i\u010dem\u017e v\u00e1le\u010dn\u00fd stav v EU m\u00e1 centralizovat bruselskou moc a pomoc\u00ed spole\u010dn\u00e9ho dluhu v\u0161ech 27 zem\u00ed EU urychlit n\u00e1stup a transformaci EU do Spojen\u00fdch st\u00e1t\u016f evropsk\u00fdch. V\u00e1lka s Ruskem je p\u0159itom vn\u00edm\u00e1na jako p\u0159\u00edle\u017eitost k zisku, sou\u010dasn\u011b s t\u00edm ale jako \u0161ance na zopakov\u00e1n\u00ed Jelcinovsk\u00e9 \u00e9ry v Rusku v p\u0159\u00edpad\u011b rusk\u00e9 por\u00e1\u017eky a n\u00e1sledn\u011b zprivatizov\u00e1n\u00ed zdroj\u016f Ruska.<\/p>\n<h3>Evropsk\u00e9 unie se transformovala do vojensk\u00e9ho paktu<\/h3>\n<p>V\u00e1lka proti Rusku je podle Orb\u00e1na n\u00e1strojem \u0159e\u0161en\u00ed ne\u0159e\u0161iteln\u00fdch ekonomick\u00fdch probl\u00e9m Evropsk\u00e9 unie, kter\u00e9 se t\u00e1hnou d\u00e1vno z dob p\u0159ed covidovou kriz\u00ed.\u00a0<strong>A to v\u00edte u\u017e z m\u00fdch \u010dl\u00e1nk\u016f, \u017ee to je ten d\u016fvod, \u017ee EU nem\u00e1 \u017e\u00e1dn\u00fd ekonomick\u00fd pl\u00e1n na svou z\u00e1chranu, \u017ee jedin\u00fdm pl\u00e1nem je v\u00e1lka s Ruskem<\/strong>\u00a0a rozporcov\u00e1n\u00ed zdroj\u016f Ruska po jeho por\u00e1\u017ece. A to nen\u00ed v\u0161echno. Ji\u017e p\u0159ed n\u011bkolika dny vystoupil\u00a0<strong>[<a href=\"https:\/\/href.li\/?https:\/\/www.euronews.com\/2025\/09\/28\/orban-and-fico-lambast-eu-at-130th-anniversary-of-maria-valeria-bridge\" target=\"_blank\" rel=\"nofollow noopener\">1<\/a>]<\/strong>\u00a0Viktor Orb\u00e1n s projevem na jihu Slovenska na oslav\u00e1ch 130. v\u00fdro\u010d\u00ed postaven\u00ed mostu M\u00e1ria Val\u00e9ria p\u0159es Dunaj mezi m\u011bsty \u0160t\u00farovo a Esztergom.<\/p>\n<p>&nbsp;<\/p>\n<div id=\"rumble_v6xn8k2\">\n<div id=\"vid_v6xn8k2\" class=\"rumble_v6xn8k2-Rumble-cls\" tabindex=\"-1\">\n<div><div class='videoWrapper'>\r\n\t            <iframe src='https:\/\/rumble.com\/embed\/pj.v6xn8k2\/' frameborder='0' allowfullscreen><\/iframe>\r\n\t        <\/div><\/div>\n<\/div>\n<\/div>\n<p>&nbsp;<\/p>\n<p>Orb\u00e1n v projevu prohl\u00e1sil, \u017ee Evropsk\u00e1 unie se rozhodla transformovat na vojensk\u00fd pakt, kter\u00fd m\u00e1 za c\u00edl do 10 let porazit Rusko na v\u00fdchodn\u00ed front\u011b. A podle jeho slov te\u010f Brusel nut\u00ed v\u0161echny \u010dleny EU, aby se tohoto v\u00e1le\u010dn\u00e9ho ta\u017een\u00ed \u00fa\u010dastnili. Jin\u00fdmi slovy, nejprve jste to sly\u0161eli ode mn\u011b v p\u0159edstihu n\u011bkolika let, no a te\u010f to sly\u0161\u00edte p\u0159\u00edmo od Orb\u00e1na, kter\u00fd referuje o tom, co se d\u011bje v Bruselu. Jin\u00fdmi slovy, nen\u00ed \u010das na politick\u00e9 tahanice o \u00fastavn\u00edm z\u00e1kon\u011b na obecn\u00e9 referendum, proto\u017ee nyn\u00ed je t\u0159eba vystoupit z EU okam\u017eit\u011b, a to ji\u017e tuto ned\u011bli!<\/p>\n<h3>Na referendum o EU je pozd\u011b a referendum o NATO postr\u00e1d\u00e1 v\u00fdznam v reflexi na transformaci EU do vojensk\u00e9ho paktu<\/h3>\n<p>Pro okam\u017eit\u00e9 vystoupen\u00ed z EU jako\u017eto nov\u00e9 vojensk\u00e9 aliance, kter\u00e1 \u00fapln\u011b nahrazuje nyn\u00ed ji\u017e jasn\u011b nefunk\u010dn\u00ed a bez USA jalov\u00e9 NATO, je nutn\u00e9 pouze rozhodnut\u00ed nov\u00e9 vlasteneck\u00e9 vl\u00e1dy, kter\u00e1 na zased\u00e1n\u00ed vl\u00e1dy vyhl\u00e1s\u00ed stav n\u00e1rodn\u00edho ohro\u017een\u00ed v d\u016fsledku rozhodnut\u00ed v Kodani o zata\u017een\u00ed zem\u00ed EU do vlekl\u00e9 v\u00e1lky s Ruskem, \u017ee s okam\u017eitou platnost\u00ed v d\u016fsledku ohro\u017een\u00ed n\u00e1rodn\u00ed bezpe\u010dnosti \u010cR a jej\u00edch ob\u010dan\u016f odstupuje od smlouvy o vstupu do Evropsk\u00e9 unie.<\/p>\n<p>N\u00e1sledn\u011b toto odstoupen\u00ed od smlouvy s EU by bylo posv\u011bceno usnesen\u00edm poslaneck\u00e9 sn\u011bmovny.\u00a0<strong>Postup by mohl b\u00fdt klidn\u011b i obr\u00e1cen\u011b, \u017ee nejprve by sn\u011bmovna vyzvala vl\u00e1du k odstoupen\u00ed od smlouvy s EU a vl\u00e1da by na z\u00e1klad\u011b usnesen\u00ed toto odstoupen\u00ed provedla a ozn\u00e1mila EU.<\/strong>\u00a0Jedin\u011b tak je mo\u017en\u00e9 se vyv\u00e1zat ze z\u00e1v\u011br\u016f usnesen\u00ed \u0161pi\u010dek EU v Kodani o transformaci EU na vojensk\u00fd pakt a o rozhodnut\u00ed o v\u00e1lce s Ruskem.<\/p>\n<figure id=\"attachment_56605\" class=\"wp-caption aligncenter\" style=\"width: 706px;\"><a href=\"https:\/\/aeronet.news\/wp-content\/uploads\/eu-nato_CollectiveWest.jpg\"><img decoding=\"async\" loading=\"lazy\" class=\"wp-image-56605 \" src=\"https:\/\/aeronet.news\/wp-content\/uploads\/eu-nato_CollectiveWest-1024x682.jpg\" sizes=\"(max-width: 700px) 100vw, 700px\" srcset=\"https:\/\/aeronet.news\/wp-content\/uploads\/eu-nato_CollectiveWest-1024x682.jpg 1024w, https:\/\/aeronet.news\/wp-content\/uploads\/eu-nato_CollectiveWest-300x200.jpg 300w, https:\/\/aeronet.news\/wp-content\/uploads\/eu-nato_CollectiveWest-768x512.jpg 768w, https:\/\/aeronet.news\/wp-content\/uploads\/eu-nato_CollectiveWest-700x466.jpg 700w, https:\/\/aeronet.news\/wp-content\/uploads\/eu-nato_CollectiveWest-536x357.jpg 536w, https:\/\/aeronet.news\/wp-content\/uploads\/eu-nato_CollectiveWest-725x483.jpg 725w, https:\/\/aeronet.news\/wp-content\/uploads\/eu-nato_CollectiveWest.jpg 1280w\" alt=\"\" width=\"706\" height=\"470\" \/><\/a><figcaption class=\"wp-caption-text\">EU se transformovala na vojenskou alianci, proto\u017ee NATO je jalov\u00e9 a USA se necht\u011bj\u00ed na v\u00e1lce s Ruskem p\u0159\u00edmo pod\u00edlet<\/figcaption><\/figure>\n<p>Pokud jde o referendum o NATO, tak to je v t\u00e9to chv\u00edli ji\u017e prakticky bezp\u0159edm\u011btn\u00e9, proto\u017ee bez USA, bez americk\u00fdch voj\u00e1k\u016f, a bez americk\u00fdch pen\u011bz je NATO ur\u010deno k z\u00e1niku jako kabaretn\u00ed spolek, kter\u00fd nen\u00ed schopen ochr\u00e1nit ani sv\u00e1 leti\u0161t\u011b p\u0159ed jak\u00fdmisi drony, o nich\u017e se tvrd\u00ed, \u017ee jsou rusk\u00e9, ale z bezpe\u010dnostn\u00edch zdroj\u016f unikaj\u00ed informace, \u017ee drony vypou\u0161t\u00ed mlad\u00ed Ukrajinci v EU, kte\u0159\u00ed cht\u011bj\u00ed pomoci sv\u00e9 zemi t\u00edm, \u017ee zat\u00e1hnou EU do v\u00e1lky s Ruskem. Jedn\u00e1 se o ukrajinsk\u00e9 mlad\u00edky s dronov\u00fdmi headsety, organizuj\u00ed se na TikToku a Telegramu a pl\u00e1nuj\u00ed akce po cel\u00e9 Evrop\u011b.<\/p>\n<h3>Drony nad evropsk\u00fdmi leti\u0161ti pilotuj\u00ed mlad\u00ed Ukrajinci, kte\u0159\u00ed se organizuj\u00ed na soci\u00e1ln\u00edch s\u00edt\u00edch<\/h3>\n<p>Jestli jde jen o jejich iniciativu, anebo jsou \u0159\u00edzen\u00ed n\u011bmeckou BND nebo britskou MI-6, to nen\u00ed jasn\u00e9.\u00a0<strong>Ka\u017edop\u00e1dn\u011b c\u00edlem je obvinit Rusko, \u017ee jsou to rusk\u00e9 drony a n\u00e1sledn\u011b pos\u00edlit pozici Ursuly von der Leyen v Evropsk\u00e9 komisi<\/strong>, aby ostatn\u00ed \u010dlenov\u00e9 komise a Evropsk\u00e9 rady k\u00fdvli na obrovsk\u00e9 bezpe\u010dnostn\u00ed v\u00fddaje, kter\u00e9 navrhuje.<\/p>\n<p>Mlad\u00ed Ukrajinci tak naru\u0161uj\u00ed vzdu\u0161n\u00fd prostor evropsk\u00fdch leti\u0161\u0165 a Ur\u0161ula mezit\u00edm kuje \u017eelezo, dokud je \u017ehav\u00e9 a tla\u010d\u00ed na premi\u00e9ry 27 zem\u00ed EU, aby ze sv\u00fdch rozpo\u010dt\u016f vy\u010dlenili obrovsk\u00e9 sumy na obranu EU p\u0159ed tzv. ruskou agres\u00ed, kter\u00e1 je u\u017e v Evrop\u011b a Rusov\u00e9 u\u017e pr\u00fd \u00fato\u010d\u00ed na leti\u0161t\u011b v EU.<\/p>\n<figure id=\"attachment_64932\" class=\"wp-caption aligncenter\" style=\"width: 705px;\"><a href=\"https:\/\/aeronet.news\/wp-content\/uploads\/DroneAirport.jpg\"><img decoding=\"async\" loading=\"lazy\" class=\"wp-image-64932 \" src=\"https:\/\/aeronet.news\/wp-content\/uploads\/DroneAirport-1024x576.jpg\" sizes=\"(max-width: 700px) 100vw, 700px\" srcset=\"https:\/\/aeronet.news\/wp-content\/uploads\/DroneAirport-1024x576.jpg 1024w, https:\/\/aeronet.news\/wp-content\/uploads\/DroneAirport-300x169.jpg 300w, https:\/\/aeronet.news\/wp-content\/uploads\/DroneAirport-768x432.jpg 768w, https:\/\/aeronet.news\/wp-content\/uploads\/DroneAirport-700x394.jpg 700w, https:\/\/aeronet.news\/wp-content\/uploads\/DroneAirport-635x357.jpg 635w, https:\/\/aeronet.news\/wp-content\/uploads\/DroneAirport-859x483.jpg 859w, https:\/\/aeronet.news\/wp-content\/uploads\/DroneAirport.jpg 1280w\" alt=\"\" width=\"705\" height=\"397\" \/><\/a><figcaption class=\"wp-caption-text\">Drony nad evropsk\u00fdmi leti\u0161ti. Ilustra\u010dn\u00ed foto<\/figcaption><\/figure>\n<p>Panika se \u0161\u00ed\u0159\u00ed a premi\u00e9\u0159i nemaj\u00ed odvahu odporovat, tak\u017ee vy\u010dle\u0148uj\u00ed z huben\u00fdch st\u00e1tn\u00edch rozpo\u010dt\u016f a na \u00fakor d\u016fchodc\u016f, zdravotn\u00edk\u016f, u\u010ditel\u016f, st\u00e1tn\u00edch zam\u011bstnanc\u016f a soci\u00e1ln\u011b slab\u00fdch obrovsk\u00e9 rozpo\u010dty na obranu EU. A moje ot\u00e1zka je, jestli t\u00e9to obrovsk\u00e9 s\u00edle euronacist\u016f v Bruselu bude Andrej Babi\u0161 schopen vzdorovat jako Viktor Orb\u00e1n.<\/p>\n<p>Anebo p\u0159ijdou od Ur\u0161uly v\u00fdhr\u016f\u017eky, za\u010dnou se aktivizovat st\u00e1tn\u00ed z\u00e1stupci, za\u010dne se znovu vyhro\u017eovat \u010cap\u00edm hn\u00edzdem atd. A jakou s\u00edlu budou m\u00edt strany jako SPD, Sta\u010dilo nebo Motorist\u00e9 k tomu, aby zabr\u00e1nily Babi\u0161ovi k\u00fdvnout na pl\u00e1ny EU o zapojen\u00ed i \u010cR do pl\u00e1novan\u00e9 desetilet\u00e9 v\u00e1lky proti Rusku.<\/p>\n<h3>A\u017e v\u00e1m za\u010dne ho\u0159et d\u016fm, budete se pt\u00e1t o dovolen\u00ed Bruselu, jestli m\u016f\u017eete hasit?<\/h3>\n<p><strong>Kdy\u017e ho\u0159\u00ed d\u016fm, nen\u00ed mo\u017en\u00e9 se dohadovat o tom, jestli n\u00e1m n\u011bkdo z Bruselu dovol\u00ed hasit, proto\u017ee cel\u00e1 Evropa d\u011bl\u00e1 p\u0159ece opak a p\u0159il\u00e9v\u00e1 olej do ohn\u011b.<\/strong>\u00a0Kdy\u017e n\u011bkdo chce hasit, je prorusk\u00fd agent a ni\u010d\u00ed hodnoty Evropsk\u00e9 unie. A v t\u00e9to chv\u00edli jsou na alternativ\u011b st\u00e1le lid\u00e9, kte\u0159\u00ed \u0159\u00edkaj\u00ed, \u017ee mus\u00edme nejprve z\u00edskat evropskou podporu, \u017ee mus\u00edme se pokusit zm\u011bnit EU zevnit\u0159, co\u017e se neda\u0159\u00ed, \u017ee je pot\u0159eba zm\u011bnit \u010deskou \u00dastavu a p\u0159ijmout \u00fastavn\u00ed z\u00e1kon o obecn\u00e9m referendu, co\u017e se neda\u0159\u00ed a kv\u016fli Sen\u00e1tu a P\u00e1vkovi na Hrad\u011b nepoda\u0159\u00ed.<\/p>\n<figure id=\"attachment_60336\" class=\"wp-caption aligncenter\" style=\"width: 709px;\"><a href=\"https:\/\/aeronet.news\/wp-content\/uploads\/UrsulaZeleneskyEUdeal.jpg\"><img decoding=\"async\" loading=\"lazy\" class=\"wp-image-60336 \" src=\"https:\/\/aeronet.news\/wp-content\/uploads\/UrsulaZeleneskyEUdeal-1024x722.jpg\" sizes=\"(max-width: 700px) 100vw, 700px\" srcset=\"https:\/\/aeronet.news\/wp-content\/uploads\/UrsulaZeleneskyEUdeal-1024x722.jpg 1024w, https:\/\/aeronet.news\/wp-content\/uploads\/UrsulaZeleneskyEUdeal-300x212.jpg 300w, https:\/\/aeronet.news\/wp-content\/uploads\/UrsulaZeleneskyEUdeal-768x542.jpg 768w, https:\/\/aeronet.news\/wp-content\/uploads\/UrsulaZeleneskyEUdeal-700x494.jpg 700w, https:\/\/aeronet.news\/wp-content\/uploads\/UrsulaZeleneskyEUdeal-506x357.jpg 506w, https:\/\/aeronet.news\/wp-content\/uploads\/UrsulaZeleneskyEUdeal-685x483.jpg 685w, https:\/\/aeronet.news\/wp-content\/uploads\/UrsulaZeleneskyEUdeal.jpg 1280w\" alt=\"\" width=\"709\" height=\"500\" \/><\/a><figcaption class=\"wp-caption-text\">Tohle je pl\u00e1n Bruselu. P\u0159ijet\u00ed Ukrajiny do EU a vytvo\u0159en\u00ed nov\u00e9 evropsk\u00e9 arm\u00e1dy, jej\u00ed\u017e p\u00e1te\u0159 bude tvo\u0159it milionov\u00e1 a nov\u011b vybudovan\u00e1 ukrajinsk\u00e1 arm\u00e1da<\/figcaption><\/figure>\n<p>P\u0159i\u010dem\u017e Evropa a v n\u00ed na\u0161e zem\u011b ho\u0159\u00ed, ho\u0159\u00ed \u00faspory \u010desk\u00fdch ob\u010dan\u016f v bank\u00e1ch kv\u016fli inflaci, ho\u0159\u00ed hypot\u00e9ky a dostupnost bydlen\u00ed, ho\u0159\u00ed ceny energi\u00ed, elekt\u0159iny a paliv, ho\u0159\u00ed migra\u010dn\u00ed pakt, kter\u00fd za\u010dne do \u010cR v roce 2027 p\u0159in\u00e1\u0161et ka\u017ed\u00fd rok n\u011bkolik tis\u00edc migrant\u016f z Afriky, v t\u00e9m\u017ee roce za\u010dnou ho\u0159et dom\u00e1c\u00ed rozpo\u010dty kv\u016fli emisn\u00edm povolenk\u00e1m druh\u00e9ho typu a kv\u016fli n\u00e1klad\u016fm\u00a0<strong>[<a href=\"https:\/\/aeronet.news\/evropska-unie-chce-obcany-v-eu-pripravit-o-vlastnictvi-nemovitosti-astronomicke-naklady-na-transformace-budov-k-bezemisnimu-trvalemu-bydleni-mohou-vest-az-k-nucenym-prodejum-nemovitosti\/\">2<\/a>]<\/strong>\u00a0na uveden\u00ed nemovitost\u00ed \u010desk\u00fdch ob\u010dan\u016f do souladu se sm\u011brnic\u00ed EPBD IV.<\/p>\n<h3>Vystoupit z NATO a EU je mo\u017en\u00e9 ji\u017e v ned\u011bli, pokud dojde ke zvolen\u00ed strany, kter\u00e1 chce vystoupen\u00ed doopravdy a ne jenom \u201cjako\u201d na p\u0159il\u00e1k\u00e1n\u00ed voli\u010d\u016f<\/h3>\n<p>A k tomu v\u0161emu ho\u0159\u00ed v\u00e1lka na Ukrajin\u011b, kterou Brusel chce podle usnesen\u00ed z Kodan\u011b roz\u0161\u00ed\u0159it na celou Evropskou unii. Za deset let chce EU porazit Rusko na v\u00fdchodn\u00ed front\u011b! V t\u00e9to situaci tak u\u017e je na referenda pozd\u011b, d\u00e1my a p\u00e1nov\u00e9. Evropa a na\u0161e n\u00e1rody ho\u0159\u00ed. Je t\u0159eba okam\u017eit\u011b vystoupit z EU, a proto je t\u0159eba volit konceptu\u00e1ln\u011b, ne oportunisticky.<\/p>\n<p><strong>A tvrdit, \u017ee jdu k volb\u00e1m, aby mi hlas nepropadl, tak to hod\u00edm n\u011bkomu, kdo je m\u00edsto okam\u017eit\u00e9ho ha\u0161en\u00ed pro\u00a0diskuse o referendu o ha\u0161en\u00ed v dalek\u00e9 budoucnosti, tak to m\u016f\u017eete rovnou hodit Ur\u0161ule v Bruselu.<\/strong>\u00a0Na alternativ\u011b je dost voli\u010d\u016f, aby to hodili stran\u011b, kter\u00e1 chce vystoupit z EU a NATO hned. Probl\u00e9m je v tom, \u017ee mnoho t\u011bch voli\u010d\u016f z EU vystoupit nechce, a proto vol\u00ed fiat-alternativn\u00ed partaje.<\/p>\n<figure id=\"attachment_41984\" class=\"wp-caption aligncenter\" style=\"width: 704px;\"><a href=\"https:\/\/aeronet.news\/wp-content\/uploads\/VolebniUrna.jpg\"><img decoding=\"async\" loading=\"lazy\" class=\"wp-image-41984 \" src=\"https:\/\/aeronet.news\/wp-content\/uploads\/VolebniUrna-1024x683.jpg\" sizes=\"(max-width: 700px) 100vw, 700px\" srcset=\"https:\/\/aeronet.news\/wp-content\/uploads\/VolebniUrna-1024x683.jpg 1024w, https:\/\/aeronet.news\/wp-content\/uploads\/VolebniUrna-300x200.jpg 300w, https:\/\/aeronet.news\/wp-content\/uploads\/VolebniUrna-768x512.jpg 768w, https:\/\/aeronet.news\/wp-content\/uploads\/VolebniUrna-700x467.jpg 700w, https:\/\/aeronet.news\/wp-content\/uploads\/VolebniUrna-536x357.jpg 536w, https:\/\/aeronet.news\/wp-content\/uploads\/VolebniUrna-725x483.jpg 725w\" alt=\"\" width=\"704\" height=\"470\" \/><\/a><figcaption class=\"wp-caption-text\">Volebn\u00ed urna<\/figcaption><\/figure>\n<p>Vystoupit z EU lze okam\u017eit\u011b usnesen\u00edm vlasteneck\u00e9 vl\u00e1dy vze\u0161l\u00e9 z voleb a posv\u011bcen\u00edm parlamentu na z\u00e1klad\u011b ohro\u017een\u00ed n\u00e1rodn\u00ed bezpe\u010dnosti kroky Evropsk\u00e9 unie. Nic v\u00edc nen\u00ed k vystoupen\u00ed z EU z pr\u00e1vn\u00edho hlediska pot\u0159eba, jak n\u00e1s upozornil u\u017e n\u011bkolikr\u00e1t po sobe \u00fastavn\u00ed pr\u00e1vn\u00edk, kter\u00fd je na\u0161im pravideln\u00fdm \u010dten\u00e1\u0159em.<\/p>\n<p>Nech\u00e1pe s\u00e1m, pro\u010d strany alternativy po\u0159\u00e1d mluv\u00ed o nutnostech referend, kdy\u017e ty nejsou k vystoupen\u00ed ani z NATO, ani z EU pot\u0159eba. Bu\u010f strany cht\u011bj\u00ed z EU a NATO vystoupit hned a vypov\u011bzen\u00edm p\u0159\u00edstupov\u00fdch smluv ze strany vl\u00e1dy, anebo to s t\u00edm vystupov\u00e1n\u00edm nemysl\u00ed \u00fapln\u011b a\u017e tak k\u0159i\u0161\u0165\u00e1lov\u011b poctiv\u011b. Zamyslete se nad t\u00edm, jestli p\u016fjdete v sobotu k volb\u00e1m.<\/p>\n<p><a href=\"https:\/\/aeronet.news\/viktor-orban-to-rekl-narovinu-evropska-unie-se-transformovala-do-vojenskeho-paktu-a-chce-do-10-let-porazit-rusko-na-vychodni-fronte-vedeni-eu-se-v-kodani-rozhodlo-pro-valku-s-ruskem\/\">-VK-<\/a><\/p>\n<p><img decoding=\"async\" loading=\"lazy\" class=\"wp-image-86739 aligncenter\" src=\"http:\/\/www.infokuryr.cz\/n\/wp-content\/uploads\/2025\/08\/volby-program-211x300.png\" alt=\"\" width=\"681\" height=\"968\" srcset=\"https:\/\/www.infokuryr.cz\/n\/wp-content\/uploads\/2025\/08\/volby-program-211x300.png 211w, https:\/\/www.infokuryr.cz\/n\/wp-content\/uploads\/2025\/08\/volby-program-721x1024.png 721w, https:\/\/www.infokuryr.cz\/n\/wp-content\/uploads\/2025\/08\/volby-program-768x1091.png 768w, https:\/\/www.infokuryr.cz\/n\/wp-content\/uploads\/2025\/08\/volby-program-1081x1536.png 1081w, https:\/\/www.infokuryr.cz\/n\/wp-content\/uploads\/2025\/08\/volby-program-1442x2048.png 1442w, https:\/\/www.infokuryr.cz\/n\/wp-content\/uploads\/2025\/08\/volby-program-1024x1455.png 1024w\" sizes=\"(max-width: 681px) 100vw, 681px\" \/><\/p>\n","protected":false},"excerpt":{"rendered":"<p>Viktor Orb\u00e1n to \u0159ekl narovinu! Evropsk\u00e1 unie se transformovala do vojensk\u00e9ho paktu a chce do&#8230;<\/p>\n","protected":false},"author":2,"featured_media":89214,"comment_status":"closed","ping_status":"closed","sticky":false,"template":"","format":"standard","meta":[],"categories":[6],"tags":[1042,41,39,439,22,40],"_links":{"self":[{"href":"https:\/\/www.infokuryr.cz\/n\/wp-json\/wp\/v2\/posts\/89213"}],"collection":[{"href":"https:\/\/www.infokuryr.cz\/n\/wp-json\/wp\/v2\/posts"}],"about":[{"href":"https:\/\/www.infokuryr.cz\/n\/wp-json\/wp\/v2\/types\/post"}],"author":[{"embeddable":true,"href":"https:\/\/www.infokuryr.cz\/n\/wp-json\/wp\/v2\/users\/2"}],"replies":[{"embeddable":true,"href":"https:\/\/www.infokuryr.cz\/n\/wp-json\/wp\/v2\/comments?post=89213"}],"version-history":[{"count":0,"href":"https:\/\/www.infokuryr.cz\/n\/wp-json\/wp\/v2\/posts\/89213\/revisions"}],"wp:featuredmedia":[{"embeddable":true,"href":"https:\/\/www.infokuryr.cz\/n\/wp-json\/wp\/v2\/media\/89214"}],"wp:attachment":[{"href":"https:\/\/www.infokuryr.cz\/n\/wp-json\/wp\/v2\/media?parent=89213"}],"wp:term":[{"taxonomy":"category","embeddable":true,"href":"https:\/\/www.infokuryr.cz\/n\/wp-json\/wp\/v2\/categories?post=89213"},{"taxonomy":"post_tag","embeddable":true,"href":"https:\/\/www.infokuryr.cz\/n\/wp-json\/wp\/v2\/tags?post=89213"}],"curies":[{"name":"wp","href":"https:\/\/api.w.org\/{rel}","templated":true}]}}