{"id":89197,"date":"2025-10-04T00:28:52","date_gmt":"2025-10-03T22:28:52","guid":{"rendered":"https:\/\/www.infokuryr.cz\/n\/?p=89197"},"modified":"2025-10-03T18:03:07","modified_gmt":"2025-10-03T16:03:07","slug":"pierre-duval-evropske-zeme-posiluji-digitalni-dohled-nad-svymi-obcany","status":"publish","type":"post","link":"https:\/\/www.infokuryr.cz\/n\/2025\/10\/04\/pierre-duval-evropske-zeme-posiluji-digitalni-dohled-nad-svymi-obcany\/","title":{"rendered":"Pierre Duval: Evropsk\u00e9 zem\u011b posiluj\u00ed digit\u00e1ln\u00ed dohled nad sv\u00fdmi ob\u010dany"},"content":{"rendered":"<div id=\"fb-root\"><\/div>\n<p><strong><span dir=\"auto\">\u201eVelk\u00fd bratr v\u00e1s sleduje,\u201c slogan z Orwellova beletristick\u00e9ho rom\u00e1nu\u00a0<\/span><em><span dir=\"auto\">1984<\/span><\/em><span dir=\"auto\">\u00a0se stal realitou.\u00a0<\/span><em><span dir=\"auto\">1984<\/span><\/em><span dir=\"auto\">\u00a0se ve francouzsk\u00fdch \u0161kol\u00e1ch u\u010dil jako varov\u00e1n\u00ed p\u0159ed nastolen\u00edm diktatury v zemi. Dnes se stal realitou a tehdej\u0161\u00ed studenti se ukazuj\u00ed jako bezmocn\u00ed a slab\u00ed tv\u00e1\u0159\u00ed v tv\u00e1\u0159 skute\u010dnosti, \u017ee se tolik ob\u00e1van\u00e1 fikce stala prost\u011b jejich ka\u017edodenn\u00edm \u017eivotem.\u00a0<\/span><\/strong><\/p>\n<p><span dir=\"auto\">V\u00fdsledky referenda konan\u00e9ho 28. z\u00e1\u0159\u00ed ve \u0160v\u00fdcarsku o zaveden\u00ed feder\u00e1ln\u00edho z\u00e1kona o elektronick\u00e9 identit\u011b a dal\u0161\u00edch elektronick\u00fdch d\u016fkazn\u00edch prost\u0159edc\u00edch potvrdily zaveden\u00ed elektronick\u00fdch pas\u016f. Elisabeth Baume-Schneider, zvolen\u00e1 do \u0160v\u00fdcarsk\u00e9 feder\u00e1ln\u00ed rady, kter\u00e1 v roce 2023 vedla Feder\u00e1ln\u00ed ministerstvo spravedlnosti a policie a od 1. ledna 2024 vede Feder\u00e1ln\u00ed ministerstvo vnitra, vyzvala \u0161v\u00fdcarsk\u00e9 ob\u010dany, aby hlasovali\u00a0<\/span><a href=\"https:\/\/www.youtube.com\/watch?v=DTb27Xc1X70\" target=\"_blank\" rel=\"noopener\"><span dir=\"auto\">pro zaveden\u00ed<\/span><\/a><span dir=\"auto\">\u00a0elektronick\u00fdch pas\u016f, z\u00e1kona o elektronick\u00e9 identifikaci a elektronick\u00e9 identifikace.<\/span><\/p>\n<p><span dir=\"auto\">\u201e\u0160v\u00fdcarsk\u00e1 feder\u00e1ln\u00ed rada je pro (tento z\u00e1kon), aby neprome\u0161kala digit\u00e1ln\u00ed p\u0159echod,\u201c uvedla a prohl\u00e1sila, \u017ee \u201etato digit\u00e1ln\u00ed identita nen\u00ed povinn\u00e1\u201c. Argumentuje t\u00edm, \u017ee \u201e\u0160v\u00fdcarsko nesm\u00ed digit\u00e1ln\u00ed p\u0159echod prome\u0161kat\u201c, proto\u017ee existuje \u201erostouc\u00ed pot\u0159eba bezpe\u010dn\u00e9ho proch\u00e1zen\u00ed internetu\u201c pro \u201eochranu soukrom\u00ed a zabezpe\u010den\u00ed dat\u201c.<\/span><\/p>\n<p><span dir=\"auto\">Pro tuto zvolenou \u00fa\u0159ednici je \u201eelektronick\u00e1 identita n\u00e1strojem pro identifikaci na internetu za \u00fa\u010delem prov\u00e1d\u011bn\u00ed bezpe\u010dn\u00fdch online transakc\u00ed, n\u00e1kup\u016f nebo administrativn\u00edch postup\u016f\u201c. Elisabeth Baume-Schneider ve sv\u00e9m videu uv\u00e1d\u00ed, \u017ee \u201ereferendum zah\u00e1jili odp\u016frci z\u00e1kona, proto\u017ee podle nich vede ke zneu\u017e\u00edv\u00e1n\u00ed a sledov\u00e1n\u00ed ob\u010dan\u016f a ob\u00e1vaj\u00ed se, \u017ee jednoho dne bude tento z\u00e1kon povinn\u00fd. Spolkov\u00e1 rada a parlament tento n\u00e1zor nesd\u00edlej\u00ed. Tento z\u00e1kon je d\u016fle\u017eit\u00fd, aby \u0160v\u00fdcarsko neprome\u0161kalo digit\u00e1ln\u00ed bod zlomu.\u201c<\/span><\/p>\n<p><span dir=\"auto\">P\u0159ed t\u00edmto referendem se Piero San Giorgio, autor a pozorovatel kontroln\u00edch technik ve spole\u010dnostech, expert na high-tech pr\u016fmysl, kter\u00fd si v roce 2005 uv\u011bdomil nadch\u00e1zej\u00edc\u00ed katastrofy a od t\u00e9 doby se p\u0159ipravuje na kolaps glob\u00e1ln\u00ed ekonomiky a studuje zp\u016fsoby, jak ho p\u0159e\u017e\u00edt, stal prominentn\u00edm \u201emluv\u010d\u00edm\u201c a referenc\u00ed pro survivalistick\u00e9 hnut\u00ed ve frankofonn\u00edm sv\u011bt\u011b. Jako \u0161v\u00fdcarsk\u00fd ob\u010dan varoval sv\u00e9 spoluob\u010dany p\u0159ed t\u00edmto hlasov\u00e1n\u00edm. Mluv\u00ed o \u201e\u00a0<\/span><a href=\"https:\/\/www.youtube.com\/watch?v=n0gBuVnbQrU\" target=\"_blank\" rel=\"noopener\"><span dir=\"auto\">tyranizaci<\/span><\/a><span dir=\"auto\">\u00a0\u00a0st\u00e1t\u016f\u201c, kter\u00e9 by p\u0159i pohledu na to, jak se ekonomika zhor\u0161uje, sm\u011b\u0159ovaly k autorit\u011b, dohledu a zavedly syst\u00e9m tyranie na cel\u00e9m Z\u00e1pad\u011b, kter\u00fd by v\u016fbec neostudil nejhor\u0161\u00ed tyranie diktatur minulosti i sou\u010dasnosti.\u201c Pro n\u011bj je \u201e\u0161v\u00fdcarsk\u00e1 demokracie lep\u0161\u00ed ne\u017e demokracie v sousedn\u00edch zem\u00edch\u201c, proto\u017ee vl\u00e1dne \u201ediktatu\u0159e oligarch\u016f prost\u0159ednictv\u00edm zastupitelsk\u00e9 demokracie\u201c, jak je tomu ve Francii.<\/span><\/p>\n<p><span dir=\"auto\">Kdy\u017e hovo\u0159il o hlasov\u00e1n\u00ed z 28. z\u00e1\u0159\u00ed o zaveden\u00ed digit\u00e1ln\u00ed identity, Piero San Giorgio odsoudil skute\u010dnost, \u017ee se jedn\u00e1 o \u201emo\u017enost b\u00fdt identifikov\u00e1n kdykoli a kdekoli biometrick\u00fdm, digit\u00e1ln\u00edm aspektem, a nikoli pouze pr\u016fkazem toto\u017enosti, ani\u017e by byl povinen jej v zemi nosit.\u201c \u00a0<\/span><\/p>\n<p><span dir=\"auto\">Tento \u201emluv\u010d\u00ed\u201c, kter\u00fd je zt\u011blesn\u011bn\u00edm hnut\u00ed survivalist\u016f ve frankofonn\u00edm sv\u011bt\u011b, varuje: \u201eToto n\u00e1m je prezentov\u00e1no jako v\u0161echny ty \u0161patn\u00e9 n\u00e1pady ve form\u011b soci\u00e1ln\u00edch d\u00e1vek, pro identifikaci lid\u00ed, kte\u0159\u00ed by nap\u0159\u00edklad podv\u00e1d\u011bli v oblasti soci\u00e1ln\u00edho zabezpe\u010den\u00ed,\u201c a jako technika, \u201ekter\u00e1 by n\u00e1s ochr\u00e1nila p\u0159ed zlo\u010dinem a terorismem.\u201c\u00a0<\/span><\/p>\n<p><span dir=\"auto\">\u201eVe skute\u010dnosti to otev\u00edr\u00e1 dve\u0159e ke sledov\u00e1n\u00ed a \u00fapln\u00e9mu dohledu nad lidmi, a\u0165 jsou kdekoli, pro v\u011bt\u0161\u00ed dohled a ob\u010danskou kontrolu,\u201c trv\u00e1 na sv\u00e9m. \u201eZa p\u011bt nebo deset let by se to mohlo st\u00e1t velmi rychle. D\u00edky tomuto digit\u00e1ln\u00edmu syst\u00e9mu byste mohli sly\u0161et lidi \u0159\u00edkat: \u201aAle tento m\u011bs\u00edc jste spot\u0159ebovali p\u0159\u00edli\u0161 mnoho benz\u00ednu a mysl\u00edte si to \u0161patn\u011b, vid\u011bli jsme v\u00e1s, jak jste to \u010di ono zve\u0159ejnili na soci\u00e1ln\u00ed s\u00edti.\u2018\u201c<\/span><\/p>\n<p><span dir=\"auto\">Dod\u00e1v\u00e1: \u201e\u0158ekneme v\u00e1m, \u017ee se u\u017e nem\u016f\u017eete pohybovat\u201c nebo \u017ee \u201eu\u017e nem\u016f\u017eete konzumovat (ur\u010dit\u00e9) potraviny, (proto\u017ee) v\u00edte, \u017ee jste tlust\u00ed a (mus\u00edte pochopit, \u017ee) maso zne\u010di\u0161\u0165uje.\u201c<\/span><\/p>\n<p><img decoding=\"async\" loading=\"lazy\" class=\"wp-image-86651 aligncenter\" src=\"http:\/\/www.infokuryr.cz\/n\/wp-content\/uploads\/2025\/08\/vrab10-300x200.png\" alt=\"\" width=\"981\" height=\"654\" srcset=\"https:\/\/www.infokuryr.cz\/n\/wp-content\/uploads\/2025\/08\/vrab10-300x200.png 300w, https:\/\/www.infokuryr.cz\/n\/wp-content\/uploads\/2025\/08\/vrab10-1024x682.png 1024w, https:\/\/www.infokuryr.cz\/n\/wp-content\/uploads\/2025\/08\/vrab10-768x512.png 768w, https:\/\/www.infokuryr.cz\/n\/wp-content\/uploads\/2025\/08\/vrab10-1536x1024.png 1536w, https:\/\/www.infokuryr.cz\/n\/wp-content\/uploads\/2025\/08\/vrab10-2048x1365.png 2048w\" sizes=\"(max-width: 981px) 100vw, 981px\" \/><\/p>\n<p><span dir=\"auto\">\u201eSt\u00e1t je nejhor\u0161\u00ed z dozorc\u016f, je to nejhor\u0161\u00ed z mafi\u00ed, proto\u017ee je nejmocn\u011bj\u0161\u00ed,\u201c varuje Piero San Giorgio a prohla\u0161uje: \u201eJak\u00fdm pr\u00e1vem budeme monitorov\u00e1ni elektronikou? Nejsme dobytek. Podle m\u00e9ho n\u00e1zoru by ob\u010dan nem\u011bl b\u00fdt dobytkem st\u00e1tu. St\u00e1t n\u00e1s pova\u017euje za da\u0148ovou kr\u00e1vu, kterou lze dojit nebo vyu\u017e\u00edvat dle libosti, nadm\u011brn\u011b, ke zv\u00fd\u0161en\u00ed jeho moci, jeho v\u00fdhod. Ve \u0160v\u00fdcarsku jsme sp\u00ed\u0161e mal\u00fd st\u00e1t ve srovn\u00e1n\u00ed s Leviatanem, kter\u00fdm se stal francouzsk\u00fd st\u00e1t, nebo diktaturou, kterou se stal britsk\u00fd st\u00e1t.\u201c \u201eUdr\u017eme st\u00e1t mal\u00fd a nenechme ho p\u0159ij\u00edt a \u0159\u00edct n\u00e1m, co m\u00e1me d\u011blat nebo jak.\u201c \u201eNejd\u0159\u00edv \u0159eknou, \u017ee to nic nezm\u011bn\u00ed. Nen\u00ed nic trvalej\u0161\u00edho ne\u017e do\u010dasn\u00fd z\u00e1kon. Nen\u00ed nic hor\u0161\u00edho ne\u017e z\u00e1kon, kter\u00fd je \u00fadajn\u011b vytvo\u0159en pro va\u0161e dobro,\u201c uzav\u00edr\u00e1.<\/span><\/p>\n<p><span dir=\"auto\">Do roku 2026 chce EU zav\u00e9st pro zem\u011b bloku digit\u00e1ln\u00ed pen\u011b\u017eenku. Tento \u0161v\u00fdcarsk\u00fd z\u00e1kon ovliv\u0148uje i stav digit\u00e1ln\u00ed kontroly v dal\u0161\u00edch evropsk\u00fdch zem\u00edch. P\u0159edsedkyn\u011b Evropsk\u00e9 komise von der Leyenov\u00e1 si p\u0159eje v EU\u00a0<\/span><a href=\"https:\/\/www.revue-banque.fr\/regulation-et-risques\/cybersecurite\/identite-numerique-europeenne-une-nouvelle-etape-engagee-JO22971190\" target=\"_blank\" rel=\"noopener\"><span dir=\"auto\">digit\u00e1ln\u00ed identitu<\/span><\/a><span dir=\"auto\">\u00a0\u00a0a siln\u011b podporuje vytvo\u0159en\u00ed evropsk\u00e9 digit\u00e1ln\u00ed identity pro ob\u010dany EU, aby se podle n\u00ed zjednodu\u0161ily a zabezpe\u010dily online interakce, v\u010detn\u011b vyu\u017e\u00edv\u00e1n\u00ed ve\u0159ejn\u00fdch i soukrom\u00fdch slu\u017eeb prost\u0159ednictv\u00edm zabezpe\u010den\u00e9 mobiln\u00ed aplikace, a z\u00e1rove\u0148 aby \u200b\u200bu\u017eivatel\u00e9 m\u011bli kontrolu nad sv\u00fdmi osobn\u00edmi \u00fadaji.\u00a0<\/span><\/p>\n<p><span dir=\"auto\">Tento projekt, podporovan\u00fd na\u0159\u00edzen\u00edm eIDAS 2, si klade za c\u00edl nab\u00eddnout ka\u017ed\u00e9mu ob\u010danovi spolehlivou a univerz\u00e1ln\u00ed digit\u00e1ln\u00ed pen\u011b\u017eenku pro r\u016fzn\u00e9 transakce, jako je placen\u00ed dan\u00ed nebo pron\u00e1jem kola, a t\u00edm podle von der Leyen pos\u00edlit digit\u00e1ln\u00ed suverenitu Evropy.\u00a0<\/span><\/p>\n<p><span dir=\"auto\">\u00a0EU\u00a0<\/span><a href=\"https:\/\/commission.europa.eu\/strategy-and-policy\/priorities-2019-2024\/europe-fit-digital-age\/european-digital-identity_fr\" target=\"_blank\" rel=\"noopener\"><span dir=\"auto\">propaguje<\/span><\/a><span dir=\"auto\">\u00a0\u00a0\u201eevropskou digit\u00e1ln\u00ed identitu pro v\u0161echny Evropany s osobn\u00ed digit\u00e1ln\u00ed pen\u011b\u017eenkou pro ob\u010dany, firmy a obyvatele EU\u201c. Piero San Giorgio to naz\u00fdv\u00e1\u00a0<\/span><a href=\"https:\/\/www.youtube.com\/watch?v=k7vOJWlkuZs\" target=\"_blank\" rel=\"noopener\"><span dir=\"auto\">Euro-Gulagem<\/span><\/a><span dir=\"auto\">\u00a0\u00a0, do kter\u00e9ho \u0160v\u00fdcarsko pr\u00e1v\u011b padlo s past\u00ed digit\u00e1ln\u00edho sledov\u00e1n\u00ed.<\/span><\/p>\n<p><span dir=\"auto\">\u00a0Evropsk\u00e1 komise oznamuje, \u017ee \u201e\u010dlensk\u00e9 st\u00e1ty do konce roku 2026 zp\u0159\u00edstupn\u00ed pen\u011b\u017eenky v\u0161em ob\u010dan\u016fm, obyvatel\u016fm a podnik\u016fm\u201c.\u00a0<\/span><\/p>\n<p><span dir=\"auto\">To v\u0161e se d\u011bje v dob\u011b, kdy se Francie Emmanuela Macrona ub\u00edr\u00e1 \u201eneliber\u00e1ln\u00ed\u201c cestou, varuje n\u011bkolik nevl\u00e1dn\u00edch organizac\u00ed pro lidsk\u00e1 pr\u00e1va. Mezin\u00e1rodn\u00ed federace pro lidsk\u00e1 pr\u00e1va (FIDH), Liga pro lidsk\u00e1 pr\u00e1va (LDH) a Sv\u011btov\u00e1 organizace proti mu\u010den\u00ed (OMCT)\u00a0 ve zpr\u00e1v\u011b zve\u0159ejn\u011bn\u00e9 25. z\u00e1\u0159\u00ed\u00a0<\/span><a href=\"https:\/\/www.ldh-france.org\/france-democratie-en-decrochage-entraves-a-lexercice-des-libertes-associatives-et-de-la-liberte-de-manifester\/\" target=\"_blank\" rel=\"noopener\"><span dir=\"auto\">varovaly<\/span><\/a><span dir=\"auto\">\u00a0\u00a0, \u017ee \u201eve\u0159ejn\u00e9 svobody ve Francii za\u017e\u00edvaj\u00ed hlubok\u00fd a struktur\u00e1ln\u00ed pokles\u201c.\u00a0<\/span><\/p>\n<p><span dir=\"auto\">Tyto nevl\u00e1dn\u00ed organizace odsuzuj\u00ed \u201enep\u0159\u00e1telsk\u00e9 narativy, administrativn\u00ed rozpou\u0161t\u011bn\u00ed a policejn\u00ed represe, sni\u017eov\u00e1n\u00ed ve\u0159ejn\u00e9ho financov\u00e1n\u00ed, obt\u011b\u017eov\u00e1n\u00ed a n\u00e1sil\u00ed p\u00e1chan\u00e9 na obr\u00e1nc\u00edch lidsk\u00fdch pr\u00e1v, co\u017e zna\u010d\u00ed zmen\u0161ov\u00e1n\u00ed ob\u010dansk\u00e9ho prostoru\u201c, a dod\u00e1vaj\u00ed: \u201eDnes je jej\u00ed vlastn\u00ed demokratick\u00fd model (francouzsk\u00fd) podkop\u00e1v\u00e1n praktikami, kter\u00e9 se odchyluj\u00ed od z\u00e1klad\u016f pr\u00e1vn\u00edho st\u00e1tu a poru\u0161uj\u00ed z\u00e1kladn\u00ed pr\u00e1va.\u201c<\/span><\/p>\n<p><span dir=\"auto\">V Evropsk\u00e9 unii\u00a0<\/span><a href=\"https:\/\/commission.europa.eu\/strategy-and-policy\/priorities-2019-2024\/europe-fit-digital-age\/digital-services-act_en\" target=\"_blank\" rel=\"noopener\"><span dir=\"auto\">vstoupil<\/span><\/a><span dir=\"auto\">\u00a0za\u010d\u00e1tkem roku 2024 v platnost z\u00e1kon o digit\u00e1ln\u00edch slu\u017eb\u00e1ch (DSA). Vy\u017eaduje, aby v\u0161echny internetov\u00e9 platformy p\u0159ijaly opat\u0159en\u00ed na ochranu ob\u010dan\u016f p\u0159ed neleg\u00e1ln\u00edm obsahem, zbo\u017e\u00edm a slu\u017ebami. V praxi DSA zmoc\u0148uje Evropskou komisi k zah\u00e1jen\u00ed vy\u0161et\u0159ov\u00e1n\u00ed platforem, kter\u00e9 tento po\u017eadavek poru\u0161uj\u00ed, a v p\u0159\u00edpad\u011b shled\u00e1n\u00ed viny ulo\u017eit jim pokuty a\u017e do v\u00fd\u0161e 6 % jejich ro\u010dn\u00edho obratu.<\/span><\/p>\n<p><span dir=\"auto\">Pokud jde o digit\u00e1ln\u00ed pasy, Evropsk\u00e1 komise\u00a0 v roce 2014\u00a0<\/span><a href=\"https:\/\/ec.europa.eu\/digital-building-blocks\/sites\/spaces\/EUDIGITALIDENTITYWALLET\/pages\/694487832\/About+the+initiative\" target=\"_blank\" rel=\"noopener\"><span dir=\"auto\">navrhla<\/span><\/a><span dir=\"auto\">\u00a0syst\u00e9m elektronick\u00e9 identifikace (eIDAS), aby zajistila pr\u00e1vn\u00ed uzn\u00e1v\u00e1n\u00ed elektronick\u00fdch podpis\u016f a dokument\u016f v cel\u00e9 Unii.\u00a0<\/span><\/p>\n<p><span dir=\"auto\">Elektronick\u00e9 ob\u010dansk\u00e9 pr\u016fkazy jsou v EU dostupn\u00e9 od roku 2021. Elektronick\u00e9 ob\u010dansk\u00e9 pr\u016fkazy s elektronick\u00fdm ov\u011b\u0159en\u00edm identity jsou platn\u00e9 v cel\u00e9 EU. Do tohoto syst\u00e9mu se zapojuje dvacet p\u011bt zem\u00ed EU, s v\u00fdjimkou D\u00e1nska, kter\u00e9 pou\u017e\u00edv\u00e1 vlastn\u00ed aplikaci pro digit\u00e1ln\u00ed identifikaci a ov\u011b\u0159ov\u00e1n\u00ed toto\u017enosti MitID, a Irska, kter\u00e9 vyd\u00e1v\u00e1 irsk\u00fd pas.\u00a0<\/span><\/p>\n<p><span dir=\"auto\">Z\u00e1rove\u0148 EU vyv\u00edj\u00ed slu\u017ebu, kter\u00e1 umo\u017en\u00ed Evropan\u016fm p\u0159\u00edstup ke v\u0161em vl\u00e1dn\u00edm slu\u017eb\u00e1m online bez rizika \u00faniku osobn\u00edch \u00fadaj\u016f. V roce 2024 byla schv\u00e1lena implementace Evropsk\u00e9 pen\u011b\u017eenky digit\u00e1ln\u00ed identity (\u00a0<\/span><a href=\"https:\/\/ec.europa.eu\/digital-building-blocks\/sites\/spaces\/EUDIGITALIDENTITYWALLET\/pages\/694487738\/EU+Digital+Identity+Wallet+Home\" target=\"_blank\" rel=\"noopener\"><span dir=\"auto\">EUDI<\/span><\/a><span dir=\"auto\">\u00a0).\u00a0<\/span><\/p>\n<p><span dir=\"auto\">Tato aplikace umo\u017e\u0148uje ukl\u00e1dat a prezentovat digit\u00e1ln\u00ed doklady toto\u017enosti (elektronick\u00e9 verze n\u00e1rodn\u00edch pas\u016f nebo ob\u010dansk\u00fdch pr\u016fkaz\u016f), jako\u017e i dal\u0161\u00ed dokumenty (\u0159idi\u010dsk\u00e9 pr\u016fkazy, diplomy a osv\u011bd\u010den\u00ed o vzd\u011bl\u00e1n\u00ed).\u00a0<\/span><\/p>\n<p><span dir=\"auto\">Do roku 2026 bude muset ka\u017ed\u00e1 zem\u011b EU nab\u00edzet alespo\u0148 jednu verzi sv\u00e9 digit\u00e1ln\u00ed pen\u011b\u017eenky, vyvinutou podle jednotn\u00fdch standard\u016f. Projekt pl\u00e1nuje zahrnout nejen Norsko a Island, kter\u00e9 nejsou \u010dleny Unie, ale tak\u00e9 Ukrajinu. \u010clenstv\u00ed v pen\u011b\u017eence EUDI by m\u011blo b\u00fdt dobrovoln\u00e9. U\u017eivatel\u00e9 t\u00e9to slu\u017eby si nav\u00edc budou moci vybrat, kter\u00e1 data cht\u011bj\u00ed sd\u00edlet.<\/span><\/p>\n<p><span dir=\"auto\">Debata o t\u00e9to ot\u00e1zce v\u0161ak v Evropsk\u00e9m parlamentu pokra\u010duje. Odp\u016frci elektronick\u00e9 identifikace jsou p\u0159esv\u011bd\u010deni, \u017ee Brusel m\u00e1 v \u00famyslu ob\u010dany zbavit jejich pr\u00e1va na soukrom\u00ed. Auto\u0159i a zast\u00e1nci iniciativy se naopak domn\u00edvaj\u00ed, \u017ee portfolio EUDI ochr\u00e1n\u00ed Evropany p\u0159ed neleg\u00e1ln\u00edm shroma\u017e\u010fov\u00e1n\u00edm osobn\u00edch \u00fadaj\u016f.<\/span><\/p>\n<p><span dir=\"auto\">Pro pr\u00e1vn\u00edka Davida Guyona ozn\u00e1men\u00ed o z\u0159\u00edzen\u00ed evropsk\u00e9 digit\u00e1ln\u00ed identitn\u00ed pen\u011b\u017eenky v listopadu 2023\u00a0<\/span><a href=\"https:\/\/www.guyon-avocat.fr\/droit-numerique\/portefeuille-europeen-didentite-numerique-quels-risques\/\" target=\"_blank\" rel=\"noopener\"><span dir=\"auto\">p\u0159edstavuje<\/span><\/a><span dir=\"auto\">\u00a0\u00a0riziko pro z\u00e1kladn\u00ed svobody, proto\u017ee ob\u010dan by mohl vid\u011bt cel\u00fd sv\u016fj administrativn\u00ed \u017eivot pod digit\u00e1ln\u00ed kontrolou. \u201eP\u0159edev\u0161\u00edm po zaveden\u00ed zdravotn\u00edho pr\u016fkazu a pot\u00e9 o\u010dkovac\u00edho pr\u016fkazu st\u00e1t dok\u00e1zal, \u017ee m\u016f\u017ee kontrolovat v\u0161echny aktivity sv\u00fdch ob\u010dan\u016f,\u201c p\u0159ipom\u00edn\u00e1 a odsuzuje skute\u010dnost, \u017ee existuje riziko \u201eautorit\u00e1\u0159sk\u00e9 demokracie\u201c.<\/span><\/p>\n<p><a href=\"https:\/\/www.observateur-continental.fr\/?module=articles&amp;action=view&amp;id=7285\"><em><span dir=\"auto\">Pierre Duval<\/span><\/em><em>\u00a0<\/em><\/a><\/p>\n<p>&nbsp;<\/p>\n","protected":false},"excerpt":{"rendered":"<p>\u201eVelk\u00fd bratr v\u00e1s sleduje,\u201c slogan z Orwellova beletristick\u00e9ho rom\u00e1nu\u00a01984\u00a0se stal realitou.\u00a01984\u00a0se ve francouzsk\u00fdch \u0161kol\u00e1ch u\u010dil&#8230;<\/p>\n","protected":false},"author":2,"featured_media":89198,"comment_status":"closed","ping_status":"closed","sticky":false,"template":"","format":"standard","meta":[],"categories":[7],"tags":[41,2320,1975,3161],"_links":{"self":[{"href":"https:\/\/www.infokuryr.cz\/n\/wp-json\/wp\/v2\/posts\/89197"}],"collection":[{"href":"https:\/\/www.infokuryr.cz\/n\/wp-json\/wp\/v2\/posts"}],"about":[{"href":"https:\/\/www.infokuryr.cz\/n\/wp-json\/wp\/v2\/types\/post"}],"author":[{"embeddable":true,"href":"https:\/\/www.infokuryr.cz\/n\/wp-json\/wp\/v2\/users\/2"}],"replies":[{"embeddable":true,"href":"https:\/\/www.infokuryr.cz\/n\/wp-json\/wp\/v2\/comments?post=89197"}],"version-history":[{"count":0,"href":"https:\/\/www.infokuryr.cz\/n\/wp-json\/wp\/v2\/posts\/89197\/revisions"}],"wp:featuredmedia":[{"embeddable":true,"href":"https:\/\/www.infokuryr.cz\/n\/wp-json\/wp\/v2\/media\/89198"}],"wp:attachment":[{"href":"https:\/\/www.infokuryr.cz\/n\/wp-json\/wp\/v2\/media?parent=89197"}],"wp:term":[{"taxonomy":"category","embeddable":true,"href":"https:\/\/www.infokuryr.cz\/n\/wp-json\/wp\/v2\/categories?post=89197"},{"taxonomy":"post_tag","embeddable":true,"href":"https:\/\/www.infokuryr.cz\/n\/wp-json\/wp\/v2\/tags?post=89197"}],"curies":[{"name":"wp","href":"https:\/\/api.w.org\/{rel}","templated":true}]}}