{"id":89191,"date":"2025-10-05T00:20:52","date_gmt":"2025-10-04T22:20:52","guid":{"rendered":"https:\/\/www.infokuryr.cz\/n\/?p=89191"},"modified":"2025-10-03T15:36:46","modified_gmt":"2025-10-03T13:36:46","slug":"zriceni-leseni-v-etiopskem-kostele-zabilo-desitky-lidi","status":"publish","type":"post","link":"https:\/\/www.infokuryr.cz\/n\/2025\/10\/05\/zriceni-leseni-v-etiopskem-kostele-zabilo-desitky-lidi\/","title":{"rendered":"Z\u0159\u00edcen\u00ed le\u0161en\u00ed v etiopsk\u00e9m kostele zabilo des\u00edtky lid\u00ed"},"content":{"rendered":"<div id=\"fb-root\"><\/div>\n<h3>V\u011b\u0159\u00edc\u00ed se shrom\u00e1\u017edili na staveni\u0161ti kostela v Amha\u0159e na pravoslavn\u00fd sv\u00e1tek Panny Marie<\/h3>\n<p><span dir=\"auto\">Des\u00edtky v\u011b\u0159\u00edc\u00edch v Etiopii byly zabity a des\u00edtky zran\u011bny pot\u00e9, co se v regionu Amhara ve v\u00fdchodoafrick\u00e9 zemi z\u0159\u00edtilo le\u0161en\u00ed podp\u00edraj\u00edc\u00ed rozestav\u011bnou budovu kostela, uvedly \u00fa\u0159ady.<\/span><\/p>\n<p><span dir=\"auto\">K nehod\u011b do\u0161lo v kostele Arerti Mariam v okrese Menjar Shenkora ve st\u0159edu r\u00e1no b\u011bhem masov\u00e9ho shrom\u00e1\u017ed\u011bn\u00ed na ka\u017edoro\u010dn\u00ed pravoslavn\u00fd k\u0159es\u0165ansk\u00fd sv\u00e1tek Panny Marie.<\/span><\/p>\n<p><span dir=\"auto\">Sv\u011bdci citovan\u00ed agenturou AP uvedli, \u017ee n\u011bkte\u0159\u00ed v\u011b\u0159\u00edc\u00ed vylezli na le\u0161en\u00ed uvnit\u0159 kostela, aby si prohl\u00e9dli n\u00e1st\u011bnnou malbu na strop\u011b, ne\u017e se z\u0159\u00edtila.<\/span><\/p>\n<p><span dir=\"auto\">Odhady ob\u011bt\u00ed se li\u0161\u00ed. Etiopsk\u00e1 st\u00e1tn\u00ed televizn\u00ed stanice Fana uvedla, \u017ee z\u0159\u00edcen\u00ed\u00a0<\/span><em><span dir=\"auto\">\u201evedlo ke ztr\u00e1t\u011b mnoha \u017eivot\u016f a v\u00edce ne\u017e 200 dal\u0161\u00edch bylo zran\u011bno\u201c.<\/span><\/em><span dir=\"auto\">\u00a0Podle m\u00edstn\u00edch \u00fa\u0159edn\u00edk\u016f a zdravotn\u00edk\u016f citovan\u00fdch agenturou AP bylo potvrzeno nejm\u00e9n\u011b 25 mrtv\u00fdch a v\u00edce ne\u017e 100 zran\u011bn\u00fdch. Ti varovali, \u017ee po\u010det ob\u011bt\u00ed by mohl vzr\u016fst, proto\u017ee zran\u011bn\u00ed jsou o\u0161et\u0159ov\u00e1ni a rodiny hl\u00e1s\u00ed poh\u0159e\u0161ovan\u00e9 p\u0159\u00edbuzn\u00e9. Jin\u00e9 zpr\u00e1vy uv\u00e1d\u011bj\u00ed po\u010det ob\u011bt\u00ed na 30 a v\u00edce a zran\u011bn\u00fdch p\u0159es 200, proto\u017ee z\u00e1chran\u00e1\u0159i pracuj\u00ed p\u0159es rozt\u0159\u00ed\u0161t\u011bn\u00e9 tr\u00e1my a trosky.<\/span><\/p>\n<p><span dir=\"auto\">Ve sv\u00e9m prohl\u00e1\u0161en\u00ed zve\u0159ejn\u011bn\u00e9m den\u00edkem Fana vl\u00e1da vyj\u00e1d\u0159ila\u00a0<\/span><em><span dir=\"auto\">\u201ehlubokou soustrast nad \u0161kodami zp\u016fsoben\u00fdmi z\u0159\u00edcen\u00edm le\u0161en\u00ed\u201c<\/span><\/em><span dir=\"auto\">\u00a0a trvala na tom, \u017ee\u00a0<\/span><em><span dir=\"auto\">\u201ebezpe\u010dnost mus\u00ed b\u00fdt prioritou\u201c<\/span><\/em><span dir=\"auto\">\u00a0p\u0159i v\u0161ech stavebn\u00edch prac\u00edch v cel\u00e9 zemi.<\/span><\/p>\n<p><span dir=\"auto\">Tato trag\u00e9die je dal\u0161\u00ed z \u0159ady smrteln\u00fdch nehod na masov\u00fdch n\u00e1bo\u017eensk\u00fdch shrom\u00e1\u017ed\u011bn\u00edch v druh\u00e9 nejlidnat\u011bj\u0161\u00ed zemi Afriky. V roce 2020 se b\u011bhem Timkatu, etiopsk\u00e9 pravoslavn\u00e9 oslavy Zjeven\u00ed P\u00e1n\u011b, kter\u00e1 p\u0159ipom\u00edn\u00e1 k\u0159est Je\u017e\u00ed\u0161e, v Gondaru v severn\u00ed oblasti Amhara z\u0159\u00edtila d\u0159ev\u011bn\u00e1 plo\u0161ina, p\u0159i\u010dem\u017e zpr\u00e1vy uv\u00e1d\u011bj\u00ed 10 ob\u011bt\u00ed a a\u017e 250 zran\u011bn\u00fdch.<\/span><\/p>\n<p><span dir=\"auto\">Amharsk\u00fd region v posledn\u00edch letech opakovan\u011b za\u017e\u00edv\u00e1\u00a0<\/span><a href=\"https:\/\/www.rt.com\/africa\/621647-african-state-arrests-dozens-islamic-state-militants\/\"><span dir=\"auto\">bezpe\u010dnostn\u00ed krize<\/span><\/a><span dir=\"auto\">\u00a0, kter\u00e9 zat\u011b\u017euj\u00ed m\u00edstn\u00ed slu\u017eby a z\u00e1chrann\u00e9 slo\u017eky. Minul\u00fd m\u011bs\u00edc neziskov\u00e1 skupina Amhara Association of America ozn\u00e1mila, \u017ee v n\u011bkolika z\u00f3n\u00e1ch Amhary do\u0161lo ke st\u0159et\u016fm mezi milicemi Fano a feder\u00e1ln\u011b spojeneck\u00fdmi silami, p\u0159i\u010dem\u017e incidenty boj\u016f a zneu\u017e\u00edv\u00e1n\u00ed byly zaznamen\u00e1ny ve v\u00edce ne\u017e t\u0159ech des\u00edtk\u00e1ch okres\u016f.<\/span><\/p>\n<p><img decoding=\"async\" loading=\"lazy\" class=\"alignnone size-full wp-image-1185\" src=\"http:\/\/www.infokuryr.cz\/n\/wp-content\/uploads\/2021\/04\/kuryr-podpis.png\" alt=\"\" width=\"84\" height=\"24\" \/><\/p>\n<p>&nbsp;<\/p>\n","protected":false},"excerpt":{"rendered":"<p>V\u011b\u0159\u00edc\u00ed se shrom\u00e1\u017edili na staveni\u0161ti kostela v Amha\u0159e na pravoslavn\u00fd sv\u00e1tek Panny Marie Des\u00edtky v\u011b\u0159\u00edc\u00edch&#8230;<\/p>\n","protected":false},"author":2,"featured_media":89192,"comment_status":"closed","ping_status":"closed","sticky":false,"template":"","format":"standard","meta":[],"categories":[7],"tags":[3635,798,871,5329],"_links":{"self":[{"href":"https:\/\/www.infokuryr.cz\/n\/wp-json\/wp\/v2\/posts\/89191"}],"collection":[{"href":"https:\/\/www.infokuryr.cz\/n\/wp-json\/wp\/v2\/posts"}],"about":[{"href":"https:\/\/www.infokuryr.cz\/n\/wp-json\/wp\/v2\/types\/post"}],"author":[{"embeddable":true,"href":"https:\/\/www.infokuryr.cz\/n\/wp-json\/wp\/v2\/users\/2"}],"replies":[{"embeddable":true,"href":"https:\/\/www.infokuryr.cz\/n\/wp-json\/wp\/v2\/comments?post=89191"}],"version-history":[{"count":0,"href":"https:\/\/www.infokuryr.cz\/n\/wp-json\/wp\/v2\/posts\/89191\/revisions"}],"wp:featuredmedia":[{"embeddable":true,"href":"https:\/\/www.infokuryr.cz\/n\/wp-json\/wp\/v2\/media\/89192"}],"wp:attachment":[{"href":"https:\/\/www.infokuryr.cz\/n\/wp-json\/wp\/v2\/media?parent=89191"}],"wp:term":[{"taxonomy":"category","embeddable":true,"href":"https:\/\/www.infokuryr.cz\/n\/wp-json\/wp\/v2\/categories?post=89191"},{"taxonomy":"post_tag","embeddable":true,"href":"https:\/\/www.infokuryr.cz\/n\/wp-json\/wp\/v2\/tags?post=89191"}],"curies":[{"name":"wp","href":"https:\/\/api.w.org\/{rel}","templated":true}]}}