{"id":89174,"date":"2025-10-05T00:12:24","date_gmt":"2025-10-04T22:12:24","guid":{"rendered":"https:\/\/www.infokuryr.cz\/n\/?p=89174"},"modified":"2025-10-03T15:04:16","modified_gmt":"2025-10-03T13:04:16","slug":"ve-francii-zacal-soud-sudansky-uprchlik-kteremu-zabranili-v-obtezovani-nezletilych-se-vratil-ozbrojeny-a-zabil-tri-deti","status":"publish","type":"post","link":"https:\/\/www.infokuryr.cz\/n\/2025\/10\/05\/ve-francii-zacal-soud-sudansky-uprchlik-kteremu-zabranili-v-obtezovani-nezletilych-se-vratil-ozbrojeny-a-zabil-tri-deti\/","title":{"rendered":"Ve Francii za\u010dal soud: S\u00fad\u00e1nsk\u00fd uprchl\u00edk, kter\u00e9mu zabr\u00e1nili v obt\u011b\u017eov\u00e1n\u00ed nezletil\u00fdch, se vr\u00e1til ozbrojen\u00fd a zabil t\u0159i d\u011bti"},"content":{"rendered":"<div id=\"fb-root\"><\/div>\n<h3 class=\"s-tagline fw-tagline\"><span dir=\"auto\">Soud s vrahem za\u010dal v p\u00e1tek<\/span><\/h3>\n<p><span dir=\"auto\">S\u00fad\u00e1nsk\u00fd uprchl\u00edk, kter\u00e9mu bylo ve Francii zabr\u00e1n\u011bno v sexu\u00e1ln\u00edm zneu\u017e\u00edv\u00e1n\u00ed \u017een, je obvin\u011bn z toho, \u017ee se o hodinu pozd\u011bji vr\u00e1til ozbrojen\u00fd no\u017eem a provedl smrt\u00edc\u00ed \u00fatok, p\u0159i kter\u00e9m zem\u0159eli t\u0159i mlad\u00edci a n\u011bkolik dal\u0161\u00edch bylo zran\u011bno.<\/span><\/p>\n<p><span dir=\"auto\">Soud s 35let\u00fdm Al Khawadem Al Zine Sulaymanem za\u010dal tento p\u00e1tek p\u0159ed porotn\u00edm soudem v Maine-et-Loire, kde mu hroz\u00ed do\u017eivot\u00ed.<\/span><\/p>\n<p><span dir=\"auto\">K n\u00e1sil\u00ed do\u0161lo v \u010dasn\u00fdch \u010dervencov\u00fdch rann\u00edch hodin\u00e1ch 2022 na promen\u00e1d\u011b C\u0153ur de Maine v Angers. Podle\u00a0<\/span><a href=\"https:\/\/www.leparisien.fr\/faits-divers\/il-voulait-nous-tuer-un-homme-juge-pour-avoir-poignarde-a-mort-trois-jeunes-rugbymen-en-10-secondes-03-10-2025-FKKVZN33ENGMVED3UCYOWBR7YA.php\"><span dir=\"auto\">den\u00edku Le Parisien<\/span><\/a><span dir=\"auto\">\u00a0sv\u011bdci uv\u00e1d\u011bj\u00ed, \u017ee Sulaymane, kter\u00fd hodn\u011b pil, nejprve upoutal pozornost sv\u00fdm agresivn\u00edm chov\u00e1n\u00edm v\u016f\u010di \u017een\u00e1m \u2013 jedn\u00e9 d\u00edvce strhl tri\u010dko a druhou urazil.<\/span><\/p>\n<p><span dir=\"auto\">Kdy\u017e se ragbisti Atama a Manuolito postavili na obranu \u017een, byl v kr\u00e1tk\u00e9 poty\u010dce sra\u017een k zemi a odveden. Sv\u011bdci pozd\u011bji vzpom\u00ednali, \u017ee ho sly\u0161eli vyhro\u017eovat, \u017ee se vr\u00e1t\u00ed.<\/span><\/p>\n<p><span dir=\"auto\">Asi o hodinu pozd\u011bji to ud\u011blal s no\u017eem schovan\u00fdm pod ko\u0161il\u00ed. T\u0159i mlad\u00ed mu\u017ei byli smrteln\u011b pobod\u00e1ni: \u0161estn\u00e1ctilet\u00fd Isma\u00ebl, kter\u00fd se pokusil chr\u00e1nit d\u00edvku; osmn\u00e1ctilet\u00fd Manuolito, bodnut\u00fd do krku; a dvacetilet\u00fd Atama, zasa\u017een\u00fd do srdce. B\u011bhem \u0159\u00e1d\u011bn\u00ed bylo n\u011bkolik dal\u0161\u00edch v\u00e1\u017en\u011b zran\u011bno.<\/span><\/p>\n<p><span dir=\"auto\">P\u0159e\u017eiv\u0161\u00ed popsali \u00fato\u010dn\u00edka jako klidn\u00e9ho a odhodlan\u00e9ho. Jedna z ob\u011bt\u00ed, kter\u00e1 vyv\u00e1zla se zran\u011bn\u00edmi ruky a stehna, vy\u0161et\u0159ovatel\u016fm \u0159ekla: \u201eUm\u011bl zach\u00e1zet s no\u017eem. Nev\u00e1hal; opravdu n\u00e1s cht\u011bl zab\u00edt.\u201c<\/span><\/p>\n<p><span dir=\"auto\">St\u00e1tn\u00ed z\u00e1stupci tvrd\u00ed, \u017ee sled ud\u00e1lost\u00ed jasn\u011b ukazuje na vra\u017eedn\u00fd \u00famysl, a\u010dkoli ob\u017ealovan\u00fd trv\u00e1 na tom, \u017ee si z noci kv\u016fli alkoholu nic nepamatuje. Na ot\u00e1zku soudce p\u0159ipustil, \u017ee je mo\u017en\u00e9, \u017ee vra\u017edy sp\u00e1chal, a \u0159ekl: \u201eS alkoholem je mo\u017en\u00e9 cokoli \u2013 m\u016f\u017eete zab\u00edt lidi, sp\u00e1chat sebevra\u017edu nebo m\u00edt nehodu.\u201c<\/span><\/p>\n<p><span dir=\"auto\">Obvin\u011bn\u00fd dorazil do Francie v roce 2016 a byl mu ud\u011blen status uprchl\u00edka a pozd\u011bji povolen\u00ed k pobytu. Od t\u00e9 doby mu byl azyl odebr\u00e1n. Jeho osobn\u00ed historie, vyl\u00ed\u010den\u00e1 vy\u0161et\u0159ovatel\u016fm, zahrnuje \u00fadajn\u00e9 zneu\u017e\u00edv\u00e1n\u00ed v d\u011btstv\u00ed v S\u00fad\u00e1nu, v\u011bzn\u011bn\u00ed a mu\u010den\u00ed a traumatick\u00e9 z\u00e1\u017eitky b\u011bhem migrace p\u0159es Egypt a Libyi.<\/span><\/p>\n<p><span dir=\"auto\">Psychiatri\u010dt\u00ed experti mu diagnostikovali t\u011b\u017ekou posttraumatickou stresovou poruchu a uvedli, \u017ee alkohol jeho stav zhor\u0161uje, ale neprohl\u00e1sili ho za nep\u0159\u00ed\u010detn\u00e9ho, \u200b\u200ba proto za trestn\u011b neodpov\u011bdn\u00e9ho za \u00fadajn\u00e9 trestn\u00e9 \u010diny.<\/span><\/p>\n<p><span dir=\"auto\">Krom\u011b t\u0159\u00ed p\u0159\u00edpad\u016f vra\u017edy s p\u0159it\u011b\u017euj\u00edc\u00edmi okolnostmi je obvin\u011bn ze t\u0159\u00ed p\u0159\u00edpad\u016f pokusu o vra\u017edu a dvou sexu\u00e1ln\u00edch napaden\u00ed, z nich\u017e jedno bylo na patn\u00e1ctilet\u00e9 d\u00edvce.<\/span><\/p>\n<p><span dir=\"auto\">Porotci budou po\u017e\u00e1d\u00e1ni, aby rozhodli, zda jeho \u00fadajn\u00e1 amn\u00e9zie a psychiatrick\u00e9 poruchy zm\u00edr\u0148uj\u00ed jeho odpov\u011bdnost.<\/span><\/p>\n<p><span dir=\"auto\">Verdikt se o\u010dek\u00e1v\u00e1 10. \u0159\u00edjna.<\/span><\/p>\n<p><img decoding=\"async\" loading=\"lazy\" class=\"alignnone size-full wp-image-1185\" src=\"http:\/\/www.infokuryr.cz\/n\/wp-content\/uploads\/2021\/04\/kuryr-podpis.png\" alt=\"\" width=\"84\" height=\"24\" \/><\/p>\n<p>&nbsp;<\/p>\n","protected":false},"excerpt":{"rendered":"<p>Soud s vrahem za\u010dal v p\u00e1tek S\u00fad\u00e1nsk\u00fd uprchl\u00edk, kter\u00e9mu bylo ve Francii zabr\u00e1n\u011bno v sexu\u00e1ln\u00edm&#8230;<\/p>\n","protected":false},"author":2,"featured_media":89175,"comment_status":"closed","ping_status":"closed","sticky":false,"template":"","format":"standard","meta":[],"categories":[7],"tags":[245,130,551,324,656],"_links":{"self":[{"href":"https:\/\/www.infokuryr.cz\/n\/wp-json\/wp\/v2\/posts\/89174"}],"collection":[{"href":"https:\/\/www.infokuryr.cz\/n\/wp-json\/wp\/v2\/posts"}],"about":[{"href":"https:\/\/www.infokuryr.cz\/n\/wp-json\/wp\/v2\/types\/post"}],"author":[{"embeddable":true,"href":"https:\/\/www.infokuryr.cz\/n\/wp-json\/wp\/v2\/users\/2"}],"replies":[{"embeddable":true,"href":"https:\/\/www.infokuryr.cz\/n\/wp-json\/wp\/v2\/comments?post=89174"}],"version-history":[{"count":0,"href":"https:\/\/www.infokuryr.cz\/n\/wp-json\/wp\/v2\/posts\/89174\/revisions"}],"wp:featuredmedia":[{"embeddable":true,"href":"https:\/\/www.infokuryr.cz\/n\/wp-json\/wp\/v2\/media\/89175"}],"wp:attachment":[{"href":"https:\/\/www.infokuryr.cz\/n\/wp-json\/wp\/v2\/media?parent=89174"}],"wp:term":[{"taxonomy":"category","embeddable":true,"href":"https:\/\/www.infokuryr.cz\/n\/wp-json\/wp\/v2\/categories?post=89174"},{"taxonomy":"post_tag","embeddable":true,"href":"https:\/\/www.infokuryr.cz\/n\/wp-json\/wp\/v2\/tags?post=89174"}],"curies":[{"name":"wp","href":"https:\/\/api.w.org\/{rel}","templated":true}]}}