{"id":89172,"date":"2025-10-05T00:11:05","date_gmt":"2025-10-04T22:11:05","guid":{"rendered":"https:\/\/www.infokuryr.cz\/n\/?p=89172"},"modified":"2025-10-03T14:59:32","modified_gmt":"2025-10-03T12:59:32","slug":"usa-mozna-vysadily-specialni-jednotky-v-iranu-a-pouzily-leteckou-zakladnu-v-syrii-jako-zastavku","status":"publish","type":"post","link":"https:\/\/www.infokuryr.cz\/n\/2025\/10\/05\/usa-mozna-vysadily-specialni-jednotky-v-iranu-a-pouzily-leteckou-zakladnu-v-syrii-jako-zastavku\/","title":{"rendered":"USA mo\u017en\u00e1 vysadily speci\u00e1ln\u00ed jednotky v \u00cdr\u00e1nu a pou\u017eily leteckou z\u00e1kladnu v S\u00fdrii jako zast\u00e1vku"},"content":{"rendered":"<div id=\"fb-root\"><\/div>\n<p><strong><span dir=\"auto\">Videa, kter\u00e1 se v posledn\u00edch dnech objevila na internetu, nazna\u010duj\u00ed, \u017ee americk\u00e1 arm\u00e1da mohla v \u00cdr\u00e1nu vysadit speci\u00e1ln\u00ed jednotky nebo je z Isl\u00e1msk\u00e9 republiky p\u0159esunout zp\u011bt, p\u0159i\u010dem\u017e jako zast\u00e1vku pou\u017eila leteckou z\u00e1kladnu v S\u00fdrii.<\/span><\/strong><\/p>\n<p><span dir=\"auto\">Jedno video z 2. \u0159\u00edjna ukazuje speci\u00e1ln\u00ed letoun \u0159ady MC-130 americk\u00e9ho letectva, jak p\u0159ist\u00e1v\u00e1 na leteck\u00e9 z\u00e1kladn\u011b Mezzeh, kter\u00e1 se nach\u00e1z\u00ed jihoz\u00e1padn\u011b od syrsk\u00e9ho hlavn\u00edho m\u011bsta Dama\u0161ku. Let byl v ka\u017ed\u00e9m ohledu bezprecedentn\u00ed. Ameri\u010dan\u00e9 nikdy p\u0159edt\u00edm nebyli zdokumentov\u00e1ni, aby na leteck\u00e9 z\u00e1kladn\u011b, kterou kontroluje prozat\u00edmn\u00ed vl\u00e1da veden\u00e1 islamisty, p\u0159ist\u00e1li.<\/span><\/p>\n<p><span dir=\"auto\">Letoun byl s nejv\u011bt\u0161\u00ed pravd\u011bpodobnost\u00ed verze MC-130J Commando II. Je pozoruhodn\u00e9, \u017ee byl vybaven dv\u011bma z\u00e1sobn\u00edky pro dopl\u0148ov\u00e1n\u00ed paliva pro vrtuln\u00edky. Letadla tohoto typu provozuje p\u0159ev\u00e1\u017en\u011b Velitelstv\u00ed speci\u00e1ln\u00edch operac\u00ed americk\u00e9ho letectva.<\/span><\/p>\n<p><iframe loading=\"lazy\" src=\"https:\/\/s5.cdnstatic.space\/wp-content\/uploads\/2025\/10\/tanksy-1.mp4\" width=\"600\" height=\"338\" data-mce-fragment=\"1\"><\/iframe><\/p>\n<p><span dir=\"auto\">Vych\u00e1zej\u00edc\u00ed z transportn\u00edho letounu C-130 Hercules, jeho\u017e \u00fakolem je infiltrace, exfiltrace a dopl\u0148ov\u00e1n\u00ed z\u00e1sob pro jednotky speci\u00e1ln\u00edch operac\u00ed a dopl\u0148ov\u00e1n\u00ed paliva ve vzduchu pro vrtuln\u00edky a letadla se sklopn\u00fdm rotorem pro speci\u00e1ln\u00ed operace.<\/span><\/p>\n<p><span dir=\"auto\">Aktivist\u00e9, kte\u0159\u00ed sd\u00edleli video p\u0159ist\u00e1n\u00ed MC-130 v Mezzehu, uvedli, \u017ee letadlo z\u016fstalo na zemi 30 minut nebo i m\u00e9n\u011b. Tak\u00e9 uvedli, \u017ee b\u011bhem p\u0159ist\u00e1n\u00ed vid\u011bli nad leteckou z\u00e1kladnou p\u0159el\u00e9tat nejm\u00e9n\u011b \u010dty\u0159i americk\u00e9 vrtuln\u00edky, a\u010dkoli ty nebyly na z\u00e1b\u011brech zachyceny.<\/span><\/p>\n<p><span dir=\"auto\">Jen o den d\u0159\u00edve byly nato\u010deny dva vrtuln\u00edky \u0159ady UH-60, jak let\u00ed po neobvykl\u00e9 dr\u00e1ze nad guvernor\u00e1tem as-Suvajda jihov\u00fdchodn\u011b od Dama\u0161ku sm\u011brem k hranici zem\u011b s Ir\u00e1kem.<\/span><\/p>\n<p><span dir=\"auto\">Aktivist\u00e9, kte\u0159\u00ed sd\u00edleli z\u00e1b\u011bry \u010cern\u00fdch jest\u0159\u00e1b\u016f, je sice identifikovali jako Izraelce, ale tmav\u011b zelen\u00e9 barevn\u00e9 sch\u00e9ma nazna\u010duje, \u017ee se ve skute\u010dnosti jedn\u00e1 o americk\u00e9 vrtuln\u00edky. Za zm\u00ednku stoj\u00ed, \u017ee vrtuln\u00edky byly z\u0159ejm\u011b tak\u00e9 vybaveny extern\u00edmi palivov\u00fdmi n\u00e1dr\u017eemi.<\/span><\/p>\n<p><iframe loading=\"lazy\" src=\"https:\/\/s5.cdnstatic.space\/wp-content\/uploads\/2025\/10\/helisy-1.mp4\" width=\"600\" height=\"338\" data-mce-fragment=\"1\"><\/iframe><\/p>\n<p><span dir=\"auto\">MC-130, kter\u00fd p\u0159ist\u00e1l v Mezzehu, se t\u00e9m\u011b\u0159 jist\u011b vracel ze speci\u00e1ln\u00ed mise zahrnuj\u00edc\u00ed dopl\u0148ov\u00e1n\u00ed paliva do vrtuln\u00edk\u016f. Mohl p\u0159ist\u00e1t pobl\u00ed\u017e Dama\u0161ku v d\u016fsledku nouze, pouze kv\u016fli dopln\u011bn\u00ed paliva. Dopln\u011bn\u00ed paliva do letadla tohoto typu by mohlo trvat pouh\u00fdch deset minut.<\/span><\/p>\n<p><span dir=\"auto\">Americk\u00e1 arm\u00e1da m\u00e1 p\u0159\u00edstup k leteck\u00fdm z\u00e1kladn\u00e1m v Izraeli a Jord\u00e1nsku. Krom\u011b n\u011bkolika leti\u0161\u0165 v z\u00e1padn\u00edm a severn\u00edm Ir\u00e1ku prov\u00e1d\u00ed tak\u00e9 \u0159adu n\u00e1let\u016f v severn\u00ed a v\u00fdchodn\u00ed S\u00fdrii. Dopl\u0148ov\u00e1n\u00ed paliva ve vzduchu tedy pro \u017e\u00e1dn\u00fd let mezi t\u011bmito zem\u011bmi nen\u00ed nutn\u00e9.<\/span><\/p>\n<p><span dir=\"auto\">Vzhledem ke v\u0161emu je vysoce pravd\u011bpodobn\u00e9, \u017ee se MC-130, kter\u00fd p\u0159ist\u00e1l v Mezzehu, a vrtuln\u00edky, kter\u00e9 ho doprov\u00e1zely, vracely ze speci\u00e1ln\u00ed operace v \u00cdr\u00e1nu. Pou\u017eit\u00ed takov\u00e9ho speci\u00e1ln\u00edho letadla pro dopl\u0148ov\u00e1n\u00ed paliva ve vzduchu by vy\u017eadovalo pouze tajn\u00fd let do Isl\u00e1msk\u00e9 republiky.<\/span><\/p>\n<p><span dir=\"auto\">Vrtuln\u00edky, kter\u00e9 tankoval MC-130, mohly vysadit speci\u00e1ln\u00ed jednotky n\u011bkde hluboko v \u00cdr\u00e1nu nebo je odtamtud vyzvednout.<\/span><\/p>\n<p><span dir=\"auto\">B\u011bhem dvan\u00e1ctidenn\u00ed v\u00e1lky s \u00cdr\u00e1nem v \u010dervnu lo\u0148sk\u00e9ho roku Izrael nasadil sv\u00e9 speci\u00e1ln\u00ed jednotky v Isl\u00e1msk\u00e9 republice, aby zam\u011b\u0159ily protivzdu\u0161nou obranu a balistick\u00e9 rakety. Podle zpr\u00e1v se izraelsk\u00e9 vrtuln\u00edky s agenty dostaly na \u00edr\u00e1nsk\u00e9 \u00fazem\u00ed p\u0159es S\u00fdrii pot\u00e9, co jim tankery KC-130, rovn\u011b\u017e postaven\u00e9 na platform\u011b C-130, doplnily palivo. V t\u00e9 dob\u011b se na internetu dokonce objevily z\u00e1b\u011bry ukazuj\u00edc\u00ed tankery let\u00edc\u00ed v n\u00edzk\u00e9 v\u00fd\u0161ce nad as-Suvajdou.<\/span><\/p>\n<p><span dir=\"auto\">Za zm\u00ednku stoj\u00ed, \u017ee leteck\u00e1 z\u00e1kladna Mezzeh je propojena se silnic\u00ed vedouc\u00ed na okupovan\u00e9 Golansk\u00e9 v\u00fd\u0161iny, kter\u00e9 nyn\u00ed \u010d\u00e1ste\u010dn\u011b kontroluje izraelsk\u00e1 arm\u00e1da.<\/span><\/p>\n<p><span dir=\"auto\">Pokud se americk\u00e1 letadla skute\u010dn\u011b vracela z tajn\u00e9ho letu nad \u00cdr\u00e1nem, je vysoce mo\u017en\u00e9, \u017ee speci\u00e1ln\u00ed jednotky, kter\u00e9 vysadily nebo nabraly, nebyly jen americk\u00e9, ale i izraelsk\u00e9.<\/span><\/p>\n<p><span dir=\"auto\">\u00cdr\u00e1nsk\u00e1 protivzdu\u0161n\u00e1 obrana byla b\u011bhem dvan\u00e1ctidenn\u00ed v\u00e1lky t\u011b\u017ece zasa\u017eena, zejm\u00e9na v z\u00e1padn\u00ed \u010d\u00e1sti zem\u011b a v okol\u00ed hlavn\u00edho m\u011bsta Teher\u00e1nu. I t\u0159i m\u011bs\u00edce po skon\u010den\u00ed v\u00e1lky je velmi pravd\u011bpodobn\u00e9, \u017ee v Isl\u00e1msk\u00e9 republice st\u00e1le existuj\u00ed mezery v protivzdu\u0161n\u00e9 obran\u011b, kter\u00e9 lze vyu\u017e\u00edt k infiltraci.<\/span><\/p>\n<p><span dir=\"auto\">Ned\u00e1vn\u00e9 podez\u0159el\u00e9 vojensk\u00e9 pohyby v S\u00fdrii p\u0159i\u0161ly v dob\u011b, kdy se op\u011bt stup\u0148uje nap\u011bt\u00ed mezi \u00cdr\u00e1nem a USA.<\/span><\/p>\n<p><span dir=\"auto\">Za\u010d\u00e1tkem t\u00fddne se objevily zpr\u00e1vy o hromadn\u00e9m nasazen\u00ed tanker\u016f pro dopl\u0148ov\u00e1n\u00ed paliva ze vzduchu americk\u00fdm letectvem mezi Evropou a Bl\u00edzk\u00fdm v\u00fdchodem. Do St\u0159edozemn\u00edho mo\u0159e vplula i nejv\u011bt\u0161\u00ed letadlov\u00e1 lo\u010f americk\u00e9ho n\u00e1mo\u0159nictva.<\/span><\/p>\n<p><span dir=\"auto\">S\u00fdrie a Izrael se \u00fadajn\u011b tak\u00e9 bl\u00ed\u017e\u00ed k bezpe\u010dnostn\u00ed dohod\u011b. Jednou z hlavn\u00edch izraelsk\u00fdch podm\u00ednek je \u00fadajn\u011b volnost p\u016fsoben\u00ed v syrsk\u00e9m vzdu\u0161n\u00e9m prostoru pro p\u0159\u00edpadn\u00e9 budouc\u00ed \u00fatoky na \u00cdr\u00e1n.<\/span><\/p>\n<p><span dir=\"auto\">I kdy\u017e zat\u00edm nen\u00ed nic jasn\u00e9, nen\u00ed pochyb o tom, \u017ee USA a Izrael p\u0159ipravuj\u00ed proti \u00cdr\u00e1nu n\u011bco velk\u00e9ho. Zd\u00e1 se, \u017ee role S\u00fdrie v tomto p\u0159\u00edpad\u011b roste.<\/span><\/p>\n<p><img decoding=\"async\" loading=\"lazy\" class=\"alignnone size-full wp-image-1185\" src=\"http:\/\/www.infokuryr.cz\/n\/wp-content\/uploads\/2021\/04\/kuryr-podpis.png\" alt=\"\" width=\"84\" height=\"24\" \/><\/p>\n<p>&nbsp;<\/p>\n","protected":false},"excerpt":{"rendered":"<p>Videa, kter\u00e1 se v posledn\u00edch dnech objevila na internetu, nazna\u010duj\u00ed, \u017ee americk\u00e1 arm\u00e1da mohla v&#8230;<\/p>\n","protected":false},"author":2,"featured_media":89173,"comment_status":"closed","ping_status":"closed","sticky":false,"template":"","format":"standard","meta":[],"categories":[7],"tags":[38,447,37,661],"_links":{"self":[{"href":"https:\/\/www.infokuryr.cz\/n\/wp-json\/wp\/v2\/posts\/89172"}],"collection":[{"href":"https:\/\/www.infokuryr.cz\/n\/wp-json\/wp\/v2\/posts"}],"about":[{"href":"https:\/\/www.infokuryr.cz\/n\/wp-json\/wp\/v2\/types\/post"}],"author":[{"embeddable":true,"href":"https:\/\/www.infokuryr.cz\/n\/wp-json\/wp\/v2\/users\/2"}],"replies":[{"embeddable":true,"href":"https:\/\/www.infokuryr.cz\/n\/wp-json\/wp\/v2\/comments?post=89172"}],"version-history":[{"count":0,"href":"https:\/\/www.infokuryr.cz\/n\/wp-json\/wp\/v2\/posts\/89172\/revisions"}],"wp:featuredmedia":[{"embeddable":true,"href":"https:\/\/www.infokuryr.cz\/n\/wp-json\/wp\/v2\/media\/89173"}],"wp:attachment":[{"href":"https:\/\/www.infokuryr.cz\/n\/wp-json\/wp\/v2\/media?parent=89172"}],"wp:term":[{"taxonomy":"category","embeddable":true,"href":"https:\/\/www.infokuryr.cz\/n\/wp-json\/wp\/v2\/categories?post=89172"},{"taxonomy":"post_tag","embeddable":true,"href":"https:\/\/www.infokuryr.cz\/n\/wp-json\/wp\/v2\/tags?post=89172"}],"curies":[{"name":"wp","href":"https:\/\/api.w.org\/{rel}","templated":true}]}}