{"id":89171,"date":"2025-10-04T00:25:30","date_gmt":"2025-10-03T22:25:30","guid":{"rendered":"https:\/\/www.infokuryr.cz\/n\/?p=89171"},"modified":"2025-10-03T12:55:25","modified_gmt":"2025-10-03T10:55:25","slug":"david-dvorak-volby-budou-muset-byt-zruseny","status":"publish","type":"post","link":"https:\/\/www.infokuryr.cz\/n\/2025\/10\/04\/david-dvorak-volby-budou-muset-byt-zruseny\/","title":{"rendered":"David Dvo\u0159\u00e1k: Volby budou muset b\u00fdt zru\u0161eny"},"content":{"rendered":"<div id=\"fb-root\"><\/div>\n<h4>\u2026 a kupodivu za to nem\u016f\u017ee Putin, ale Babi\u0161. V\u0161ak posu\u010fte sami, unik\u00e1tn\u00ed expertn\u00ed anal\u00fdzu p\u0159in\u00e1\u0161\u00ed agentura Wild Duck.<\/h4>\n<p>P\u0159edpokl\u00e1dan\u00fd v\u00edt\u011bz voleb A. Babi\u0161 ve\u0159ejn\u011b na kameru v\u0161echny ujistil, \u017ee nep\u0159ipust\u00ed referendum o na\u0161em \u010dlenstv\u00ed v EU a NATO. Ov\u0161em t\u00edm zad\u011blal na obrovsk\u00fd probl\u00e9m, jak na\u0161i agenturu ujistilo 11 z 10 osloven\u00fdch \u00fastavn\u00edch pr\u00e1vn\u00edk\u016f. Ten v\u00fdrok toti\u017e neznamen\u00e1 nic jin\u00e9ho ne\u017e mo\u017en\u00e9 dv\u011b varianty:<\/p>\n<ol>\n<li>neplat\u00ed na\u0161e \u00dastava, kter\u00e1 \u0159\u00edk\u00e1, \u017ee jsme demokratick\u00fd st\u00e1t a nejvy\u0161\u0161\u00edm suver\u00e9nem je lid nebo<\/li>\n<li>lid\u00e9 jsou nezp\u016fsobil\u00ed rozhodovat o st\u00e1tn\u00edch z\u00e1le\u017eitostech.<\/li>\n<\/ol>\n<p>Netu\u0161\u00edm, kter\u00e1 varianta je vlastn\u011b hor\u0161\u00ed, proto\u017ee ob\u011b dv\u011b jsou \u0161patn\u00e9. Nav\u00edc, net\u0159eba pochybovat, \u017ee my\u0161lenka o neschopn\u00e9m hloup\u00e9m lidu, kter\u00fd nem\u016f\u017ee rozhodovat v referendech se usala\u0161ila v hlav\u00e1ch mnoh\u00fdch politik\u016f.<\/p>\n<h4><strong>Logick\u00e1 fakta<\/strong><\/h4>\n<p><strong>AD 1)\u00a0<\/strong>Demokratick\u00e9 z\u0159\u00edzen\u00ed je odvozeno od vl\u00e1dy lidu a stvrzuje to form\u00e1ln\u011b i na\u0161e \u00dastava. Tvrzen\u00ed, \u017ee vl\u00e1dnouc\u00ed lid nem\u016f\u017ee vl\u00e1dnout tak pop\u00edr\u00e1 samotn\u00e9 principy demokracie. Jin\u00fdmi slovy \u2013 bu\u010f m\u00e1me demokracii a lid je suver\u00e9n nebo m\u00e1me Pot\u011bmkinovu demokracii, kde lid suver\u00e9nem nen\u00ed a tvo\u0159\u00ed jenom takovou hezkou demokratickou kulisu \u2026 tohle by ale cht\u011blo zm\u011bnu mj. \u00dastavy. Pokud tedy A. Babi\u0161 (a podobn\u00ed se stejn\u00fdm n\u00e1zorem) opravdu napln\u00ed sv\u00e1 slova, pak se dopou\u0161t\u011bj\u00ed uk\u00e1zkov\u00e9ho rozvracen\u00ed princip\u016f demokracie a tud\u00ed\u017e nem\u016f\u017ee b\u00fdt (nemohou b\u00fdt) platn\u011b demokraticky zvolen(i).<\/p>\n<p><em>Nem\u016f\u017eete p\u0159eci sou\u010dasn\u011b tvrdit, \u017ee lid\u00e9 nejsou suver\u00e9n a nem\u016f\u017ee rozhodovat a\u00a0<strong>SOU\u010cASN\u011a<\/strong>\u00a0odvozovat svoji moc od zvolen\u00ed t\u011bmito ob\u010dany \u2026 tedy odkazovat se na mand\u00e1t od lid\u00ed, kte\u0159\u00ed jsou (dle jeho vlastn\u00edch slov) nezp\u016fsobil\u00ed \u010dinit rozhodov\u00e1n\u00ed ve v\u011bcech \u0159\u00edzen\u00ed st\u00e1tu.<\/em><\/p>\n<h4><strong>Tohle je prost\u011b logick\u00fd rozpor a v kone\u010dn\u00e9m d\u016fsledku znamen\u00e1, \u017ee volby jsou neplatn\u00e9.<\/strong><\/h4>\n<p><strong>AD 2)\u00a0<\/strong>Tohle je taky zaj\u00edmav\u00e9, proto\u017ee jedno referendum (o vstupu do EU) u n\u00e1s prob\u011bhlo a proto\u017ee se na v\u00fdsledek politici r\u00e1di odvol\u00e1vaj\u00ed, tak lze logicky tvrdit, \u017ee\u00a0<strong>v t\u00e9 dob\u011b lid\u00e9 byli zp\u016fsobil\u00ed rozhodovat o tak z\u00e1va\u017en\u00e9m kroku st\u00e1tu.<\/strong>\u00a0Na ja, ale pokud dneska lidi u\u017e zp\u016fsobil\u00ed nejsou, pak EU na n\u00e1s p\u016fsob\u00ed tak negativn\u011b, \u017ee lid hloupne \u2026 a proto mus\u00edme, v r\u00e1mci pudu sebez\u00e1chovy, okam\u017eit\u011b opustit toto prost\u0159ed\u00ed. A op\u011bt \u2013 nem\u016f\u017eete jedn\u00edm dechem tvrdit, jak n\u00e1m EU prosp\u00edv\u00e1 a druh\u00fdm tvrdit, \u017ee jsme za dobu \u010dlenstv\u00ed v EU ztratili ment\u00e1ln\u00ed schopnost rozhodovat o d\u016fle\u017eit\u00fdch kroc\u00edch st\u00e1tu.\u00a0<strong>Nem\u016f\u017ee platit oboj\u00ed sou\u010dasn\u011b.<\/strong>\u00a0A dota\u017eeno do konce \u2013 pokud n\u00e1m \u010dlenstv\u00ed v EU prosp\u00edv\u00e1, a jsme na tom l\u00e9pe, ne\u017e v dob\u011b referenda o vstupu, tak tvrzen\u00ed, \u017ee dnes (kdy jsme na tom l\u00e9pe) nejsme zp\u016fsobil\u00ed rozhodovat neznamen\u00e1 nic jin\u00e9ho ne\u017e, \u017ee referendum o vstupu do EU mus\u00ed b\u00fdt prohl\u00e1\u0161eno za neplatn\u00e9, proto\u017ee ho vykonal lid je\u0161t\u011b hloup\u011bj\u0161\u00ed (a nezp\u016fsobilej\u0161\u00ed) ne\u017e dnes. Tohle p\u0159eci nen\u00ed ani o demokracii dle vzoru pana Pot\u011bmkina, ale o oby\u010dejn\u00e9 logice.<\/p>\n<p>Dal\u0161\u00ed v\u011bc\u00ed pak je \u2013 kde se l\u00edhnou politici? \u2026 pokud mezi lidem, pak nemohou b\u00fdt zvoleni, proto\u017ee lid je (podle mnoh\u00fdch z nich) hloup\u00fd a nesv\u00e9pr\u00e1vn\u00fd a tud\u00ed\u017e i oni sami poch\u00e1zej\u00ed z mno\u017einy hloup\u00fdch a nesv\u00e9pr\u00e1vn\u00fdch. Hloup\u00fd \u010dlov\u011bk sice mand\u00e1t platn\u011b z\u00edskat m\u016f\u017ee, ale nesv\u00e9pr\u00e1vn\u00fd nikoliv. A op\u011bt dota\u017eeno do konce, pokud je lid jen hloup\u00fd, ale je sv\u00e9pr\u00e1vn\u00fd, pak nic nebr\u00e1n\u00ed, aby konal platn\u00e1 hloup\u00e1 rozhodnut\u00ed \u2026 jako t\u0159eba, \u017ee zvol\u00ed n\u011bkter\u00e9 hloup\u00e9 politiky sv\u00fdmi z\u00e1stupci a deleguje ne n\u011b svoji moc.<\/p>\n<p>A\u0165 tak nebo onak, osud voleb je v rukou Andreje Babi\u0161e. Pokud bude trvat na tom, \u017ee referendum nep\u0159ipust\u00ed, pak pat\u0159\u00ed okam\u017eit\u011b zav\u0159\u00edt pro rozvracen\u00ed demokratick\u00e9ho z\u0159\u00edzen\u00ed, co\u017e je zat\u00edm st\u00e1le chr\u00e1n\u011bno \u00dastavou \u2026 a tady by m\u011bl konat \u00dastavn\u00ed soud. Pokud bude d\u016fvodem neuspo\u0159\u00e1d\u00e1vat referenda nezp\u016fsobilost ob\u010dan\u016f rozhodovat, pak t\u011bmito stejn\u00fdmi ob\u010dany nem\u016f\u017ee b\u00fdt platn\u011b zvolen a volby budou muset b\u00fdt prohl\u00e1\u0161eny za neplatn\u00e9.<\/p>\n<h4>Andreji, Andreji \u2026 ty jsi tomu tedy dal :-).<\/h4>\n<p><a href=\"https:\/\/web.litterate.cz\/volby-budou-muset-byt-zruseny\/\">David Dvo\u0159\u00e1k<\/a><\/p>\n<p><img decoding=\"async\" loading=\"lazy\" class=\"wp-image-86739 aligncenter\" src=\"http:\/\/www.infokuryr.cz\/n\/wp-content\/uploads\/2025\/08\/volby-program-211x300.png\" alt=\"\" width=\"737\" height=\"1048\" srcset=\"https:\/\/www.infokuryr.cz\/n\/wp-content\/uploads\/2025\/08\/volby-program-211x300.png 211w, https:\/\/www.infokuryr.cz\/n\/wp-content\/uploads\/2025\/08\/volby-program-721x1024.png 721w, https:\/\/www.infokuryr.cz\/n\/wp-content\/uploads\/2025\/08\/volby-program-768x1091.png 768w, https:\/\/www.infokuryr.cz\/n\/wp-content\/uploads\/2025\/08\/volby-program-1081x1536.png 1081w, https:\/\/www.infokuryr.cz\/n\/wp-content\/uploads\/2025\/08\/volby-program-1442x2048.png 1442w, https:\/\/www.infokuryr.cz\/n\/wp-content\/uploads\/2025\/08\/volby-program-1024x1455.png 1024w\" sizes=\"(max-width: 737px) 100vw, 737px\" \/><\/p>\n","protected":false},"excerpt":{"rendered":"<p>\u2026 a kupodivu za to nem\u016f\u017ee Putin, ale Babi\u0161. V\u0161ak posu\u010fte sami, unik\u00e1tn\u00ed expertn\u00ed anal\u00fdzu&#8230;<\/p>\n","protected":false},"author":2,"featured_media":1032,"comment_status":"closed","ping_status":"closed","sticky":false,"template":"","format":"standard","meta":[],"categories":[6],"tags":[126,1503,885,27],"_links":{"self":[{"href":"https:\/\/www.infokuryr.cz\/n\/wp-json\/wp\/v2\/posts\/89171"}],"collection":[{"href":"https:\/\/www.infokuryr.cz\/n\/wp-json\/wp\/v2\/posts"}],"about":[{"href":"https:\/\/www.infokuryr.cz\/n\/wp-json\/wp\/v2\/types\/post"}],"author":[{"embeddable":true,"href":"https:\/\/www.infokuryr.cz\/n\/wp-json\/wp\/v2\/users\/2"}],"replies":[{"embeddable":true,"href":"https:\/\/www.infokuryr.cz\/n\/wp-json\/wp\/v2\/comments?post=89171"}],"version-history":[{"count":0,"href":"https:\/\/www.infokuryr.cz\/n\/wp-json\/wp\/v2\/posts\/89171\/revisions"}],"wp:featuredmedia":[{"embeddable":true,"href":"https:\/\/www.infokuryr.cz\/n\/wp-json\/wp\/v2\/media\/1032"}],"wp:attachment":[{"href":"https:\/\/www.infokuryr.cz\/n\/wp-json\/wp\/v2\/media?parent=89171"}],"wp:term":[{"taxonomy":"category","embeddable":true,"href":"https:\/\/www.infokuryr.cz\/n\/wp-json\/wp\/v2\/categories?post=89171"},{"taxonomy":"post_tag","embeddable":true,"href":"https:\/\/www.infokuryr.cz\/n\/wp-json\/wp\/v2\/tags?post=89171"}],"curies":[{"name":"wp","href":"https:\/\/api.w.org\/{rel}","templated":true}]}}