{"id":89169,"date":"2025-10-04T00:22:33","date_gmt":"2025-10-03T22:22:33","guid":{"rendered":"https:\/\/www.infokuryr.cz\/n\/?p=89169"},"modified":"2025-10-03T12:47:05","modified_gmt":"2025-10-03T10:47:05","slug":"frantisek-chomat-sance-na-napravu-muze-byt-posledni-k-volbam-2025","status":"publish","type":"post","link":"https:\/\/www.infokuryr.cz\/n\/2025\/10\/04\/frantisek-chomat-sance-na-napravu-muze-byt-posledni-k-volbam-2025\/","title":{"rendered":"Franti\u0161ek Chom\u00e1t: \u0160ance na n\u00e1pravu m\u016f\u017ee b\u00fdt posledn\u00ed (k volb\u00e1m 2025)"},"content":{"rendered":"<div id=\"fb-root\"><\/div>\n<p><strong>Ka\u017ed\u00e9 volby jsou d\u016fle\u017eit\u00e9, ale ty nyn\u011bj\u0161\u00ed p\u0159ich\u00e1zej\u00ed v dob\u011b na\u0161eho mnohostrann\u00e9ho ohro\u017een\u00ed, kter\u00e9 m\u016f\u017ee b\u00fdt pro na\u0161i existenci fat\u00e1ln\u00ed.<\/strong><\/p>\n<p>Je toho hodn\u011b, ohro\u017een\u00ed na\u0161\u00ed vn\u011bj\u0161\u00ed bezpe\u010dnosti, schv\u00e1len\u00e9 kroky na ohro\u017een\u00ed vnit\u0159n\u00ed bezpe\u010dnosti, zrychlov\u00e1n\u00ed zadlu\u017eov\u00e1n\u00ed st\u00e1tu, recese hospod\u00e1\u0159stv\u00ed, deindustrializace, sni\u017eov\u00e1n\u00ed soci\u00e1ln\u00edch jistot ob\u010dan\u016f, chudnut\u00ed ni\u017e\u0161\u00edch a st\u0159edn\u011b p\u0159\u00edjmov\u00fdch vrstev, rozpad soudr\u017enosti spole\u010dnosti, demografick\u00e1 krize, opr\u00e1vn\u011bn\u00e1 ned\u016fv\u011bra v politickou reprezentaci, po\u0161lap\u00e1v\u00e1n\u00ed demokracie hrani\u010d\u00edc\u00ed s totalitou, rozpad hodnot a mor\u00e1lky a v neposledn\u00ed \u0159ad\u011b p\u0159ed\u00e1v\u00e1n\u00ed rozhodovac\u00edch pravomoc\u00ed z \u00farovn\u011b n\u00e1rodn\u00edho st\u00e1tu do rukou nadn\u00e1rodn\u00edch byrokratick\u00fdch struktur.<\/p>\n<p>Na glob\u00e1ln\u00ed \u00farovni sehr\u00e1v\u00e1 negativn\u00ed \u00falohu politizace sv\u011btov\u00fdch organizac\u00ed, zneu\u017e\u00edv\u00e1n\u00ed glob\u00e1ln\u00edho finan\u010dn\u00edho a obchodn\u00edho syst\u00e9mu\u00a0ve prosp\u011bch Z\u00e1padu, v jeho\u017e d\u016fsledku doch\u00e1z\u00ed k odklonu v\u011bt\u0161iny zem\u00ed od sv\u011btov\u00e9ho \u0159\u00e1du zalo\u017een\u00e9ho na zi\u0161tn\u00fdch, cynick\u00fdch a pokryteck\u00fdch z\u00e1padn\u00edch pravidlech.<\/p>\n<p>Je mezi n\u00e1mi mnoho lid\u00ed, kte\u0159\u00ed takov\u00e1 ohro\u017een\u00ed nevid\u00ed a naopak strany, kter\u00e9 by cht\u011bly uveden\u00e1 nebezpe\u010d\u00ed odstranit nebo alespo\u0148 minimalizovat, pova\u017euj\u00ed za populistick\u00e9, nedemokratick\u00e9,<br \/>\nextr\u00e9mistick\u00e9, krajn\u011b levicov\u00e9 nebo pravicov\u00e9 \u010di dokonce p\u0159ipraven\u00e9 n\u00e1s odevzdat Moskv\u011b. Jejich my\u0161len\u00ed je pln\u011b ovl\u00e1d\u00e1no propagandou \u0161\u00ed\u0159\u00edc\u00ed narativy sou\u010dasn\u00e9 vl\u00e1dy.<\/p>\n<p>Vyberu n\u011bkter\u00e9:<\/p>\n<p><strong>a) Mus\u00edme ud\u011blat Evropskou unii silnou t\u00edm, \u017ee bude jednotn\u00e1.<\/strong><\/p>\n<p>To znamen\u00e1 b\u00fdt solid\u00e1rn\u00ed, nach\u00e1zet celoevropsk\u00e1 \u0159e\u0161en\u00ed,\u00a0\u010dili nad\u0159adit evropsk\u00e9 z\u00e1jmy z\u00e1jm\u016fm \u010desk\u00fdm, bez ohledu na to, \u017ee tyto evropsk\u00e9 z\u00e1jmy vyty\u010duje Evropsk\u00e1 komise podpo\u0159en\u00e1 bruselsk\u00fdm byrokratick\u00fdm molochem ovl\u00e1dan\u00fdm hlavn\u011b \u0161\u00edlenou ideologii vn\u011bj\u0161\u00edm finan\u010dn\u00edm kapit\u00e1lem, zbroja\u0159i, nadn\u00e1rodn\u00edmi koncerny a pod. Je to cesta od zru\u0161en\u00ed pr\u00e1va veta k federalizaci Evropy s omezen\u00edm demokratick\u00fdch pr\u00e1v ob\u010dan\u016f a s ukon\u010den\u00edm n\u00e1rodn\u00ed suverenity.<\/p>\n<p><strong>b) U\u017e jen samotn\u00e9 referendum o vystoupen\u00ed z EU a z NATO by bylo vlastizradou.<\/strong><\/p>\n<p>Pokud ob\u010dan\u00e9 m\u011bli dostatek rozumu na to, aby se vyj\u00e1d\u0159ili ke vstupu do EU, pro\u010d dnes v jejich rozum nev\u011b\u0159\u00edme?<\/p>\n<p>Boj\u00ed se n\u011bkdo, proto\u017ee se EU zm\u011bnila a m\u00edsto u\u017eitku n\u00e1m za\u010d\u00edn\u00e1 b\u00fdt ke \u0161kod\u011b, \u017ee by to lid\u00e9 mohli pochopit a takovou EU odm\u00edtnout? O vstupu do NATO se sice nerozhodlo v referendu, ov\u0161em neptat se ob\u010dan\u016f, zda cht\u011bj\u00ed \u010di necht\u011bj\u00ed do ciz\u00ed v\u00e1lky, do kter\u00e9 n\u00e1s aliance t\u00e1hne, nen\u00ed demokracie n\u00fdbr\u017e zlo\u010din. A pokud NATO dnes a denn\u011b poru\u0161uje jedin\u00e9 z\u00e1vazn\u00e9 ustanoven\u00ed svoj\u00ed &#8222;\u00fastavy&#8220; Washingtonsk\u00e9 smlouvy, \u010dl. 1, tak \u010demu m\u00e1me v\u011b\u0159it? A naprosto nepochopiteln\u00e9 je, jak by mohl, pokud se tak ve v\u011bt\u0161in\u011b rozhodne, lid \u010cesk\u00e9 republiky sp\u00e1chat vlastizradu.<\/p>\n<p><strong>c) Je nutn\u00e9 pokra\u010dovat v Green Dealu nebo planeta sho\u0159\u00ed.<\/strong><\/p>\n<p>Idea spasitelsk\u00e9 role Evropy jako zachr\u00e1nce sv\u011bta p\u0159ed ekologickou zk\u00e1zou zp\u016fsobenou \u010dinnost\u00ed \u010dlov\u011bka, uskute\u010d\u0148ovan\u00e1 bez dostate\u010dn\u00fdch d\u016fkaz\u016f o hlavn\u00edm pod\u00edlu \u0161kodlivosti t\u00e9to \u010dinnosti, zahrnuj\u00edc\u00ed radik\u00e1ln\u00ed a urychlen\u00e1 opat\u0159en\u00ed bez zpracov\u00e1n\u00ed dopadov\u00fdch studii a p\u0159i zaost\u00e1vaj\u00edc\u00edm\u00a0technick\u00e9m pokroku n\u00e1m p\u0159in\u00e1\u0161\u00ed velk\u00e9 ekonomick\u00e9 ztr\u00e1ty.<\/p>\n<p>My jim ale \u0159\u00edk\u00e1me v\u00fdzvy a hrd\u011b bojujeme s probl\u00e9my, kter\u00e9 jsme si sami zp\u016fsobili, zat\u00edmco okoln\u00ed sv\u011bt postupuje vp\u0159ed bez probl\u00e9m\u016f. Proto\u017ee u\u017e to v\u0161ichni ch\u00e1pou, slibuj\u00ed n\u00e1m zpomalen\u00ed postupu, aby n\u00e1m posl\u00e9ze sd\u011blili, \u017ee u\u017e to nejde.<\/p>\n<p><strong>d) Jsme jednou z nejbezpe\u010dn\u011bj\u0161\u00edch zem\u00ed na sv\u011bt\u011b.<\/strong><\/p>\n<p>Jen n\u00e1m tik\u00e1 bomba pod nohama. Tato vl\u00e1da p\u0159istoupila k \u0159e\u0161en\u00ed migra\u010dn\u00ed ot\u00e1zky tak, \u017ee odsouhlasila p\u0159ijet\u00ed ur\u010dit\u00e9ho pod\u00edlu migrant\u016f nebo vyplacen\u00ed se z tohoto z\u00e1vazku. Zd\u016fvod\u0148ovala to t\u00edm, \u017ee my u\u017e migranty m\u00e1me, z Ukrajiny, tak\u017ee nikoho jin\u00e9ho nebudeme muset p\u0159ij\u00edmat. Ale Ukrajinci se zapo\u010d\u00edt\u00e1vat nebudou, tak\u017ee p\u0159ijmeme migranty z Afriky a Araby a s nimi patrn\u011b obohacen\u00ed, kter\u00e9ho maj\u00ed p\u016fvodn\u00ed obyvatel\u00e9 Z\u00e1padu u\u017e pln\u00e9 zuby a nebo budeme zase platit, jen nikdo nev\u00ed z \u010deho. A mo\u017en\u00e1 se jednou radikalizuj\u00ed i Ukrajinci, a\u017e uvid\u00ed, co jsme z jejich zem\u011b pomohli ud\u011blat.<\/p>\n<p><strong>e) Mus\u00edme zaprv\u00e9 diverzifikovat dodavatele plynu a ropy a zadruh\u00e9 se zcela od\u0159\u00edznout od dod\u00e1vek z Ruska, aby nem\u011blo pen\u00edze na v\u00e1lku a nemohlo n\u00e1s vyd\u00edrat.<\/strong><\/p>\n<p>Jen nikdo nep\u0159izn\u00e1, \u017ee n\u00e1s Rusko nikdy nevyd\u00edralo a v\u017edy bylo spolehliv\u00fdm dodavatelem. Tak jsme se zbavovali z\u00e1vislosti na Rusku, a\u017e jsme se prodiverzifikovali k z\u00e1vislosti na USA, kterou n\u00e1m Trump p\u0159ik\u00e1zal podepsat. Ty dod\u00e1vky jsou neekologick\u00e9, m\u00e9n\u011b kvalitn\u00ed a hlavn\u011b n\u00e1sobn\u011b dra\u017e\u0161\u00ed. \u017de tyto vy\u0161\u0161\u00ed ceny zap\u0159\u00ed\u010di\u0148uj\u00ed sn\u00ed\u017een\u00ed konkurenceschopnosti evropsk\u00e9ho pr\u016fmyslu a energeticky n\u00e1ro\u010dn\u00e9 v\u00fdroby v Evrop\u011b kon\u010d\u00ed, ideology nezaj\u00edm\u00e1.<\/p>\n<p><strong>f) Jen strany vl\u00e1dn\u00ed koalice jsou demokratick\u00e9.<\/strong><\/p>\n<p>Jsou tak demokratick\u00e9, \u017ee nejd\u0159\u00edve zav\u0159ely protivl\u00e1dn\u00ed weby a pak p\u0159em\u00fd\u0161lely, jak je vyhladov\u011bt, za\u010daly lidi s jin\u00fdm n\u00e1zorem n\u00e1lepkovat jako dezol\u00e1ty, extremisty, rusk\u00e9 \u0161v\u00e1by, agenty Kremlu, vlastizr\u00e1dce, z\u0159\u00eddily speci\u00e1ln\u00ed \u00fatvar pro komunikaci, jeho\u017e \u0161\u00e9f\u00a0ob\u010dan\u016fm pomoc\u00ed karet vysv\u011btloval, co si maj\u00ed myslet a nepodvolen\u00e9 nazval svin\u011bmi a navrhl vykopat kolem nich p\u0159\u00edkop. P\u0159\u00edkop m\u011bl podobu vyhazov\u00e1n\u00ed ze zam\u011bstn\u00e1n\u00ed a nebo i jejich pohn\u00e1n\u00ed p\u0159ed soud t\u0159eba za nesouhlas s v\u0161ude vis\u00edc\u00edmi ukrajinsk\u00fdmi vlajkami m\u00edsto \u010desk\u00fdch nebo za no\u0161en\u00ed p\u00edsmene Z, co\u017e je kvalifikov\u00e1no\u00a0jako schvalov\u00e1n\u00ed genocidia, kter\u00e9 nikdo nepotvrdil. Zavedly demokracii ve stylu: Dr\u017eet hubu, dr\u017eet krok &#8230; a lid\u00e9 se za\u010dali zase b\u00e1t vyslovit vlastn\u00ed n\u00e1zor.<\/p>\n<p>Sou\u010dasn\u00e1 koalice ud\u011blala z bezpe\u010dnosti \u00fast\u0159edn\u00ed t\u00e9ma voleb patrn\u011b proto, \u017ee se krom\u011b stra\u0161en\u00ed nem\u016f\u017ee pochlubit \u017e\u00e1dn\u00fdmi jin\u00fdmi \u00fasp\u011bchy.<\/p>\n<p>V jednom jedin\u00e9m se d\u00e1 souhlasit se SPOLU a STAN, \u017ee z\u00e1kladem je bezpe\u010dnost, to ostatn\u00ed je bez bezpe\u010dnosti t\u011b\u017eko realizovateln\u00e9.<\/p>\n<p>Spr\u00e1vn\u011b tam m\u011blo b\u00fdt m\u00edsto bezpe\u010dnosti pou\u017eito slovo m\u00edr. Oni slovo m\u00edr nepou\u017e\u00edvaj\u00ed, proto\u017ee bezpe\u010dnost pro n\u011b znamen\u00e1 v\u00edt\u011bzstv\u00ed, por\u00e1\u017eku nep\u0159\u00edtele. K od\u016fvodn\u011bn\u00ed pou\u017e\u00edvaj\u00ed dal\u0161\u00ed narativy:<\/p>\n<p><strong>g) Rusko je zlo, my jsme dobro.<\/strong><\/p>\n<p>Tomuto n\u00e1bo\u017eensky zjednodu\u0161uj\u00edc\u00edmu rozd\u011blen\u00ed podlehli i nev\u011b\u0159\u00edc\u00ed, kte\u0159\u00ed d\u00e1vno odrostli d\u011btsk\u00fdm poh\u00e1dk\u00e1m. Bude to t\u00edm, \u017ee p\u0159ijali narativy \u0161\u00ed\u0159en\u00e9 propagandou a rezignovali na pou\u017e\u00edv\u00e1n\u00ed vlastn\u00edho rozumu. Kdyby si probrali historii od doby Reaganovy &#8222;\u0158\u00ed\u0161e zla&#8220;, zjistili by, \u017ee tato \u0159\u00ed\u0161e zla dovolila sjednocen\u00ed N\u011bmecka, st\u00e1hla svoji arm\u00e1du ze st\u0159edn\u00ed a v\u00fdchodn\u00ed Evropy, umo\u017enila sov\u011btsk\u00fdm republik\u00e1m se osamostatnit, zm\u011bnila politicko-ekonomick\u00fd syst\u00e9m na kapitalistick\u00fd, nab\u00eddla Z\u00e1padu spolupr\u00e1ci v hospod\u00e1\u0159sk\u00e9m prostoru od Vladivostoku po Lisabon, pod\u00edlela se na v\u00fdstavb\u011b NS I a II, otev\u0159ela sv\u016fj trh z\u00e1padn\u00edm v\u00fdrobn\u00edm i obchodn\u00edm firm\u00e1m,&#8230;<\/p>\n<p>Zato \u0159\u00ed\u0161e dobra za ten \u010das 20 let v\u00e1l\u010dila v Afgh\u00e1nist\u00e1nu, zni\u010dila Ir\u00e1k, rozvr\u00e1tila Jugosl\u00e1vii, Libyi, S\u00fdrii, posunula svoje vojska k hranic\u00edm b\u00fdval\u00e9 \u0159\u00ed\u0161e zla a odstoupila s jedinou v\u00fdjimkou od v\u0161ech smluv o odzbrojen\u00ed, zbrojn\u00edm omezen\u00ed a kontrole, roz\u0161i\u0159ovala svoji vojenskou p\u0159\u00edtomnost na v\u00fdchod a pomoc\u00ed barevn\u00fdch revoluc\u00ed, z nich\u017e nej\u00fasp\u011b\u0161n\u011bj\u0161\u00ed byla ta na Majdanu, m\u011bnila re\u017eimy z p\u0159\u00e1telsk\u00fdch k Rusku na re\u017eimy v\u016f\u010di n\u011bmu<br \/>\nnep\u0159\u00e1telsk\u00e9.<\/p>\n<p><strong>h) Rusko nevyprovokovan\u011b napadlo Ukrajinu.<\/strong><\/p>\n<p>Existuje tu jedno srovn\u00e1n\u00ed, a to s Karibskou kriz\u00ed, kdy p\u0159\u00edtomnost sov\u011btsk\u00fdch raket na Kub\u011b byla pro USA d\u016fvodem k hrozb\u011b jadernou v\u00e1lkou. Jen\u017ee p\u0159i na\u0161\u00ed aroganci a nad\u0159azenosti &#8211; co je dovoleno Jovovi,.. Ukrajina v NATO a p\u0159\u00edpadn\u00e9 americk\u00e9 rakety 600 km od Moskvy Rusko podle na\u0161eho p\u0159esv\u011bd\u010den\u00ed k ni\u010demu neoprav\u0148uj\u00ed. Neoprav\u0148uj\u00ed je ani zku\u0161enosti z p\u0159edch\u00e1zej\u00edc\u00edch stolet\u00ed, ani \u00fatlak Rus\u016f a z\u00e1kaz jejich jazyka na Ukrajin\u011b, jejich zab\u00edjen\u00ed na Donbase a ani instalace nacistick\u00e9ho re\u017eimu s jeho hrdiny, kte\u0159\u00ed slou\u017eili Hitlerovi a dopou\u0161t\u011bli se genocidy.<\/p>\n<p>Ti, kte\u0159\u00ed to pl\u00e1novali od Majdanu, v\u011bd\u011bli, \u017ee Putinovi nakonec po t\u011b\u017ek\u00e9m rozhodov\u00e1n\u00ed nezbyde nic jin\u00e9ho, ne\u017e prosadit z\u00e1jmy bezpe\u010dnosti Ruska vojenskou cestou.<\/p>\n<p><strong>i) Mus\u00edme pom\u00e1hat demokratick\u00e9 a nez\u00e1visl\u00e9 Ukrajin\u011b se br\u00e1nit proti agresorovi, kter\u00fd chce zabrat jej\u00ed \u00fazem\u00ed.<\/strong><\/p>\n<p>V\u0161echno le\u017e. Demokratick\u00e1 Ukrajina, kde p\u0159esluhuje prezident, kter\u00fd sl\u00edbil p\u0159ed volbami m\u00edr a zat\u00e1hl zemi do v\u00e1lky (bez referenda politik nemus\u00ed 4 roky plnit sliby), kde se krade a korumpuje, kde jsou chyt\u00e1ni lid\u00e9 a odvl\u00e9k\u00e1ni na frontu, kde jsou zak\u00e1z\u00e1ny &#8222;prorusk\u00e9 strany a prorusk\u00e1 m\u00e9dia&#8220;, kde n\u00e1rodnostn\u00ed men\u0161iny maj\u00ed omezen\u00e1 jazykov\u00e1 pr\u00e1va,&#8230;<\/p>\n<p>Nez\u00e1visl\u00e1 tak, \u017ee veden\u00ed zem\u011b je \u0159\u00edzeno ze zahrani\u010d\u00ed, zejm\u00e9na z MI6 a kter\u00e1 by se bez finan\u010dn\u00ed pomoci do m\u011bs\u00edce zhroutila.<\/p>\n<p>Agresorovi nikdy ne\u0161lo o \u00fazem\u00ed, ale o demilitarizovanou Ukrajinu, jej\u00ed neutralitu, o denacifikaci a o ochranu pr\u00e1v ukrajinsk\u00fdch Rus\u016f. \u00dazem\u00ed Donbasu m\u011blo z\u016fstat Ukrajin\u011b, jen Kyjev se Z\u00e1padem vyu\u017eil Minsk II k n\u011b\u010demu jin\u00e9mu. I pro Krym plat\u00ed srovn\u00e1n\u00ed a p\u0159\u00edslov\u00ed o volovi. U Krymu trv\u00e1me na \u00fazemn\u00ed celistvosti, p\u0159esto\u017ee tam prob\u011bhlo referendum platn\u00e9 podle \u00fastavy a v souladu s pr\u00e1vem na sebeur\u010den\u00ed. To u Kosova jsme prosadili silou pr\u00e1vo n\u00e1roda na sebeur\u010den\u00ed, ani nemuseli po\u0159\u00e1dat referendum. A hned jsme si tam postavili ob\u0159\u00ed vojenskou z\u00e1kladnu.<\/p>\n<p><strong>j) S Ruskem lze jednat jen z pozice s\u00edly, proto\u017ee ni\u010demu jin\u00e9mu nerozum\u00ed.<\/strong><\/p>\n<p>Ale to u\u017e d\u011bl\u00e1me od slibu, \u017ee NATO se neposune ani o p\u00ed\u010f. V\u017edy jsme Rusku na jeho n\u00e1vrhy \u010di n\u00e1mitky sd\u011blili, \u017ee n\u00e1s to nezaj\u00edm\u00e1.<\/p>\n<p>To byla na\u0161e diplomacie. A zat\u00edmco USA podveden\u00edm Trumpa za\u010daly lav\u00edrovat a p\u0159ece jen kontakty nav\u00e1zaly, Evropa se dr\u017e\u00ed z\u00e1sady, \u017ee s vrahem a zlo\u010dincem se nejedn\u00e1, i kdy\u017e t\u0159eba na Bushe mlad\u0161\u00edho nebo na Obamu \u017e\u00e1dn\u00fd zatyka\u010d nevydala. Ale co vlastn\u011b Putinovi m\u016f\u017ee nab\u00eddnout, kdy\u017e se st\u00e1le do\u017eaduje americk\u00e9 pomoci a je nesv\u00e9pr\u00e1vn\u00e1?<\/p>\n<p>Poka\u017ed\u00e9 s Amerikou prohr\u00e1la, jen te\u010f poprv\u00e9 v\u00edt\u011bz\u00ed. Amerika by rad\u011bji v\u00e1lku ukon\u010dila a uzav\u0159ela m\u00edr, ale EU, ten m\u00edrov\u00fd projekt, j\u00ed to nedovol\u00ed. A v\u00e1lkycht\u00edv\u00ed jsou nejv\u00edce trpasl\u00edci, n\u00e1s nevyj\u00edmaje, kte\u0159\u00ed jsou k Rusku nejbl\u00ed\u017ee. To jsou paradoxy.<\/p>\n<p><strong>k) Mus\u00edme zajistit spravedliv\u00fd m\u00edr a bezpe\u010dnost pro Ukrajinu.<\/strong><\/p>\n<p>Rusko zah\u00e1jilo SVO, kdy\u017e Z\u00e1pad odm\u00edtl jeho po\u017eadavky naposled formulovan\u00e9 v prosinci 2021, ve kter\u00fdch \u017e\u00e1dalo o zaji\u0161t\u011bn\u00ed svoj\u00ed bezpe\u010dnosti. A dnes my vol\u00e1me po spravedliv\u00e9m m\u00edru pro Ukrajinu, kter\u00fd si p\u0159edstavujeme jako navr\u00e1cen\u00ed v\u0161ech \u00fazem\u00ed Ukrajin\u011b, kter\u00e9 ovl\u00e1dala p\u0159ed rokem 2014 plus stamiliardov\u00e9 reparace od Ruska. Je to jako by Hitler v dubnu 1945 navrhl Sov\u011btsk\u00e9mu svazu m\u00edr pod podm\u00ednkou navr\u00e1cen\u00ed Stalingradu.<\/p>\n<p>To co Rusko cht\u011blo p\u0159ed i te\u010f prost\u0159ednictv\u00edm SVO, byla jeho bezpe\u010dnost a nov\u00e1 bezpe\u010dnostn\u00ed architektura v cel\u00e9 Evrop\u011b.<\/p>\n<p>Evropa to ale nad\u00e1le ignoruje, mo\u017en\u00e1 \u017e\u00e1dnou bezpe\u010dnost nechce. Proto vym\u00fd\u0161l\u00edme, jak ubr\u00e1nit Ukrajinu p\u0159ed dal\u0161\u00edm rusk\u00fdm napaden\u00edm a ani n\u00e1s nenapadlo, \u017ee spln\u011bn\u00ed hlavn\u00edch rusk\u00fdch podm\u00ednek a evropsk\u00fd bezpe\u010dnostn\u00ed syst\u00e9m, to by byla nejlep\u0161\u00ed obrana. Ov\u0161em my sp\u0159\u00e1d\u00e1me pl\u00e1ny na bezletov\u00e9 z\u00f3ny nad Ukrajinou a hlavn\u011b se dohadujeme, kolik kdo po\u0161le voj\u00e1k\u016f na Ukrajinu po ukon\u010den\u00ed boj\u016f. I kdy\u017e v\u00edme, \u017ee rusk\u00e1 podm\u00ednka je, \u017ee na Ukrajin\u011b nebudou ciz\u00ed voj\u00e1ci. Existuj\u00ed v\u0161ak s\u00edly, kter\u00e9 by tam natovsk\u00e9 voj\u00e1ky r\u00e1dy vid\u011bly u\u017e te\u010f. St\u00e1le \u010dast\u011bji n\u011bkde n\u011bco l\u00e9t\u00e1 a zd\u00e1 se, \u017ee to l\u00e9t\u00e1\u00a0pod ciz\u00ed vlajkou. Kdy\u017e t\u0159eba spadne p\u0159ekli\u017ekov\u00fd dron na polskou kr\u00e1l\u00edk\u00e1rnu bez po\u0161kozen\u00ed, mohou jich b\u00fdt na Ukrajin\u011b stovky.<\/p>\n<p>Kdy\u017e je pot\u0159eba, vysprav\u00ed se izolepou a mohou let\u011bt d\u00e1l. Jsou to v\u00fdzvy k reakci. Je to jen moje spekulace, ale Cui bono v\u011bt\u0161inou nel\u017ee. Evropa m\u00e1 toti\u017e pl\u00e1n B, kter\u00fd je vlastn\u011b pl\u00e1nem A na druhou, jen pot\u0159ebuje tu americkou podporu.<\/p>\n<p>Dalo by se uv\u00e9st je\u0161t\u011b mnoho dal\u0161\u00edch narativ\u016f, ale jak n\u00e1m to m\u016f\u017ee pomoc p\u0159i rozhodov\u00e1n\u00ed u uren? Ti, kte\u0159\u00ed v\u011b\u0159\u00ed uveden\u00fdm narativ\u016fm a kter\u00e9 jsem nezviklal, t\u011bm nen\u00ed pomoci, ale maj\u00ed na to pln\u00e9 pr\u00e1vo.<\/p>\n<p>Jen by si m\u011bli pustit P\u00e9\u0165u Fialu z r. 2015, jak nep\u011bkn\u011b mluvil o EU. Sed\u00ed ve Strakovce on nebo to je jeho dvojn\u00edk zaslan\u00fd z Bruselu?<\/p>\n<p>Ale kdy\u017e nedok\u00e1\u017e\u00ed zviklat ani Dozimetr, Kampeli\u010dka a bitcoiny ..<\/p>\n<p>Co se opozice t\u00fd\u010de, Motorist\u00e9 sob\u011b jsou takov\u00e1 p\u016fvodn\u00ed ODS, ze zelen\u00e9 op\u011bt modr\u00e1. Ale zat\u00edmco Motorist\u00e9 budou bojovat na na\u0161e spalovac\u00ed motory, n\u00e1s klidn\u011b po\u0161lou bojovat na Ukrajinu. Pokud v\u00e1m\u00a0to nevad\u00ed?!<\/p>\n<p>Babi\u0161 p\u0159ekvapil na posledn\u00edm m\u00edtinku. Pr\u00fd nikdy s komunisty. \u0160patn\u011b mu za nich nebylo, ale jist\u011b, dnes mu je l\u00edp. Toto prohl\u00e1\u0161en\u00ed bych mohl p\u0159isoudit snaze o p\u0159eta\u017een\u00ed voli\u010d\u016f od lehce antikomunistick\u00e9 konkurence. Ale to co dodal, to sv\u011bd\u010d\u00ed o tom, \u017ee on ani nikdo z ANO zahrani\u010dn\u00ed politice nerozum\u00ed. Prohl\u00e1sil, \u017ee za jeho vl\u00e1dy jsme vyhodili 60 rusk\u00fdch diplomat\u016f a \u017ee \u010cesk\u00e1 republika byla se Spojen\u00fdmi st\u00e1ty nejv\u011bt\u0161\u00ed nep\u0159\u00edtel Ruska.<\/p>\n<p>T\u00edm se m\u016f\u017ee chlubit jen s odpu\u0161t\u011bn\u00edm &#8230; za\u010d\u00edn\u00e1 to na b a kon\u010d\u00ed na c. Zm\u011bn\u00ed se tedy s Babi\u0161em n\u011bco? Jinak sliby m\u00e1 p\u011bkn\u00e9, ale v jednom rozhovoru \u0159ekl o dob\u011b socialismu,\u00a0\u017ee nebyl \u017e\u00e1dn\u00fd hrdina. Dok\u00e1zal to i jako premi\u00e9r a star\u0161\u00ed lid\u00e9 se t\u011b\u017eko zm\u011bn\u00ed. M\u016f\u017ee se klidn\u011b fotit s psychopatem Macronem, ani sch\u016fzky\u00a0s pro EU toxick\u00fdm Orb\u00e1nem by mu nepomohly, ten toti\u017e odvahu m\u00e1.<\/p>\n<p>Zb\u00fdv\u00e1 Sta\u010dilo! a SPD, ob\u011b hnut\u00ed by asi tak\u00e9 v\u0161echny narativy odm\u00edtla.<\/p>\n<p>Koho tedy z nich? J\u00e1 bych byl pro Sta\u010dilo! ze dvou d\u016fvod\u016f, v\u011bt\u0161\u00ed d\u016fraz na soci\u00e1lno, jin\u00fd ekonomick\u00fd program , viz rozd\u00edl mezi \u0160vihl\u00edkovou a \u0160ichta\u0159ovou a pak, \u017ee SPD nen\u00ed v \u017e\u00e1dn\u00e9m ohro\u017een\u00ed, \u017ee by se do parlamentu nedostalo, naopak u Sta\u010dilo! malink\u00e1 obava je.<\/p>\n<p>R\u00e1d bych, aby jednak hlasy nepropadly a aby se oslaben\u00fd v\u00edt\u011bz Babi\u0161 musel o vl\u00e1du pod\u011blit s t\u011bmito dv\u011bma subjekty.<\/p>\n<p>Douf\u00e1m ve znovunalezen\u00fd rozum voli\u010d\u016f a dr\u017e\u00edm palce budoucnosti bez koloni\u00e1ln\u00edch okov\u016f.<\/p>\n<p><a href=\"https:\/\/www.czechfreepress.cz\/dalsi-blogy\/sance-na-napravu-muze-byt-posledni-k-volbam-2025.html\"><strong><em>Ing. Franti\u0161ek Chom\u00e1t<\/em><\/strong><\/a><\/p>\n<p><img decoding=\"async\" loading=\"lazy\" class=\"wp-image-86739 aligncenter\" src=\"http:\/\/www.infokuryr.cz\/n\/wp-content\/uploads\/2025\/08\/volby-program-211x300.png\" alt=\"\" width=\"750\" height=\"1066\" srcset=\"https:\/\/www.infokuryr.cz\/n\/wp-content\/uploads\/2025\/08\/volby-program-211x300.png 211w, https:\/\/www.infokuryr.cz\/n\/wp-content\/uploads\/2025\/08\/volby-program-721x1024.png 721w, https:\/\/www.infokuryr.cz\/n\/wp-content\/uploads\/2025\/08\/volby-program-768x1091.png 768w, https:\/\/www.infokuryr.cz\/n\/wp-content\/uploads\/2025\/08\/volby-program-1081x1536.png 1081w, https:\/\/www.infokuryr.cz\/n\/wp-content\/uploads\/2025\/08\/volby-program-1442x2048.png 1442w, https:\/\/www.infokuryr.cz\/n\/wp-content\/uploads\/2025\/08\/volby-program-1024x1455.png 1024w\" sizes=\"(max-width: 750px) 100vw, 750px\" \/><\/p>\n","protected":false},"excerpt":{"rendered":"<p>Ka\u017ed\u00e9 volby jsou d\u016fle\u017eit\u00e9, ale ty nyn\u011bj\u0161\u00ed p\u0159ich\u00e1zej\u00ed v dob\u011b na\u0161eho mnohostrann\u00e9ho ohro\u017een\u00ed, kter\u00e9 m\u016f\u017ee&#8230;<\/p>\n","protected":false},"author":2,"featured_media":47889,"comment_status":"closed","ping_status":"closed","sticky":false,"template":"","format":"standard","meta":[],"categories":[6],"tags":[1042,122,27],"_links":{"self":[{"href":"https:\/\/www.infokuryr.cz\/n\/wp-json\/wp\/v2\/posts\/89169"}],"collection":[{"href":"https:\/\/www.infokuryr.cz\/n\/wp-json\/wp\/v2\/posts"}],"about":[{"href":"https:\/\/www.infokuryr.cz\/n\/wp-json\/wp\/v2\/types\/post"}],"author":[{"embeddable":true,"href":"https:\/\/www.infokuryr.cz\/n\/wp-json\/wp\/v2\/users\/2"}],"replies":[{"embeddable":true,"href":"https:\/\/www.infokuryr.cz\/n\/wp-json\/wp\/v2\/comments?post=89169"}],"version-history":[{"count":1,"href":"https:\/\/www.infokuryr.cz\/n\/wp-json\/wp\/v2\/posts\/89169\/revisions"}],"predecessor-version":[{"id":89170,"href":"https:\/\/www.infokuryr.cz\/n\/wp-json\/wp\/v2\/posts\/89169\/revisions\/89170"}],"wp:featuredmedia":[{"embeddable":true,"href":"https:\/\/www.infokuryr.cz\/n\/wp-json\/wp\/v2\/media\/47889"}],"wp:attachment":[{"href":"https:\/\/www.infokuryr.cz\/n\/wp-json\/wp\/v2\/media?parent=89169"}],"wp:term":[{"taxonomy":"category","embeddable":true,"href":"https:\/\/www.infokuryr.cz\/n\/wp-json\/wp\/v2\/categories?post=89169"},{"taxonomy":"post_tag","embeddable":true,"href":"https:\/\/www.infokuryr.cz\/n\/wp-json\/wp\/v2\/tags?post=89169"}],"curies":[{"name":"wp","href":"https:\/\/api.w.org\/{rel}","templated":true}]}}