{"id":89163,"date":"2025-10-04T00:16:33","date_gmt":"2025-10-03T22:16:33","guid":{"rendered":"https:\/\/www.infokuryr.cz\/n\/?p=89163"},"modified":"2025-10-03T12:31:26","modified_gmt":"2025-10-03T10:31:26","slug":"materska-skolka-laka-na-lgbt-propagandu-to-je-dnesni-praha","status":"publish","type":"post","link":"https:\/\/www.infokuryr.cz\/n\/2025\/10\/04\/materska-skolka-laka-na-lgbt-propagandu-to-je-dnesni-praha\/","title":{"rendered":"Mate\u0159sk\u00e1 \u0161kolka l\u00e1k\u00e1 na LGBT propagandu. To je dne\u0161n\u00ed Praha\u2026"},"content":{"rendered":"<div id=\"fb-root\"><\/div>\n<p>Hled\u00e1te mate\u0159skou \u0161kolku pro va\u0161e d\u00edt\u011b?<strong>\u00a0Pak m\u00e1m pro V\u00e1s typ! Soukrom\u00e1 mate\u0159sk\u00e1 \u0161kolka Kor\u00e1lek m\u00e1 volno a va\u0161e d\u011bti dokonce dostanou zvl\u00e1\u0161tn\u00ed LGBT+P p\u00e9\u010di. Jak jinak si vysv\u011btlit reklamn\u00ed obr\u00e1zek, kde je u\u010ditelka a v ruce dr\u017e\u00ed duhovou vlajku<\/strong>, kterou si LGBT++P hnut\u00ed p\u0159ivlastnilo jako sv\u016fj symbol.<\/p>\n<p><strong>V dne\u0161n\u00ed Praze to pro m\u011bstsk\u00e9 intelektu\u00e1ly nen\u00ed nic divn\u00e9ho. Pokud maj\u00ed d\u011bti, tak jim v\u00fduka perverz\u00ed od \u00fatl\u00e9ho v\u011bku nep\u0159ipad\u00e1 nic divn\u00e9ho. Mo\u017en\u00e1 by i dokonce sv\u00e9 d\u011bti p\u016fj\u010dili chl\u00edpn\u00e9mu str\u00fd\u010dkovi s pedofiln\u00edmi sklony na hran\u00ed! Pak mo\u017en\u00e1 dostanou slevu na \u0161koln\u00e9m.<\/strong><\/p>\n<p>Jen\u017ee ono to nen\u00ed jen o jejich dut\u00fdch hlav\u00e1ch, proto\u017ee nejsp\u00ed\u0161 je to na konci po\u0159\u00e1d stejn\u00e9:<strong>\u00a0kuk na nosat\u00e9ho perverzn\u00edho str\u00fd\u010dka\u2026. ten m\u00e1 podobnou propagandu v pl\u00e1nu jako n\u00e1stroj k rozvratu tradi\u010dn\u00ed b\u00edl\u00e9 rodiny\u2026<\/strong><\/p>\n<p><em><a href=\"https:\/\/ceskavec.com\/2025\/10\/materska-skolka-laka-na-lgbt-propagandu-to-je-dnesni-praha\">Jana H\u0159ibov\u00e1,<\/a> Praha<\/em><\/p>\n<p><img decoding=\"async\" loading=\"lazy\" class=\"wp-image-86739 aligncenter\" src=\"http:\/\/www.infokuryr.cz\/n\/wp-content\/uploads\/2025\/08\/volby-program-211x300.png\" alt=\"\" width=\"699\" height=\"994\" srcset=\"https:\/\/www.infokuryr.cz\/n\/wp-content\/uploads\/2025\/08\/volby-program-211x300.png 211w, https:\/\/www.infokuryr.cz\/n\/wp-content\/uploads\/2025\/08\/volby-program-721x1024.png 721w, https:\/\/www.infokuryr.cz\/n\/wp-content\/uploads\/2025\/08\/volby-program-768x1091.png 768w, https:\/\/www.infokuryr.cz\/n\/wp-content\/uploads\/2025\/08\/volby-program-1081x1536.png 1081w, https:\/\/www.infokuryr.cz\/n\/wp-content\/uploads\/2025\/08\/volby-program-1442x2048.png 1442w, https:\/\/www.infokuryr.cz\/n\/wp-content\/uploads\/2025\/08\/volby-program-1024x1455.png 1024w\" sizes=\"(max-width: 699px) 100vw, 699px\" \/><\/p>\n","protected":false},"excerpt":{"rendered":"<p>Hled\u00e1te mate\u0159skou \u0161kolku pro va\u0161e d\u00edt\u011b?\u00a0Pak m\u00e1m pro V\u00e1s typ! Soukrom\u00e1 mate\u0159sk\u00e1 \u0161kolka Kor\u00e1lek m\u00e1&#8230;<\/p>\n","protected":false},"author":2,"featured_media":89164,"comment_status":"closed","ping_status":"closed","sticky":false,"template":"","format":"standard","meta":[],"categories":[6],"tags":[245,71,234,1115],"_links":{"self":[{"href":"https:\/\/www.infokuryr.cz\/n\/wp-json\/wp\/v2\/posts\/89163"}],"collection":[{"href":"https:\/\/www.infokuryr.cz\/n\/wp-json\/wp\/v2\/posts"}],"about":[{"href":"https:\/\/www.infokuryr.cz\/n\/wp-json\/wp\/v2\/types\/post"}],"author":[{"embeddable":true,"href":"https:\/\/www.infokuryr.cz\/n\/wp-json\/wp\/v2\/users\/2"}],"replies":[{"embeddable":true,"href":"https:\/\/www.infokuryr.cz\/n\/wp-json\/wp\/v2\/comments?post=89163"}],"version-history":[{"count":0,"href":"https:\/\/www.infokuryr.cz\/n\/wp-json\/wp\/v2\/posts\/89163\/revisions"}],"wp:featuredmedia":[{"embeddable":true,"href":"https:\/\/www.infokuryr.cz\/n\/wp-json\/wp\/v2\/media\/89164"}],"wp:attachment":[{"href":"https:\/\/www.infokuryr.cz\/n\/wp-json\/wp\/v2\/media?parent=89163"}],"wp:term":[{"taxonomy":"category","embeddable":true,"href":"https:\/\/www.infokuryr.cz\/n\/wp-json\/wp\/v2\/categories?post=89163"},{"taxonomy":"post_tag","embeddable":true,"href":"https:\/\/www.infokuryr.cz\/n\/wp-json\/wp\/v2\/tags?post=89163"}],"curies":[{"name":"wp","href":"https:\/\/api.w.org\/{rel}","templated":true}]}}