{"id":89158,"date":"2025-10-04T00:24:38","date_gmt":"2025-10-03T22:24:38","guid":{"rendered":"https:\/\/www.infokuryr.cz\/n\/?p=89158"},"modified":"2025-10-03T12:21:38","modified_gmt":"2025-10-03T10:21:38","slug":"hamas-sdilel-odvazne-bojove-zabery-z-gazy","status":"publish","type":"post","link":"https:\/\/www.infokuryr.cz\/n\/2025\/10\/04\/hamas-sdilel-odvazne-bojove-zabery-z-gazy\/","title":{"rendered":"Ham\u00e1s sd\u00edlel odv\u00e1\u017en\u00e9 bojov\u00e9 z\u00e1b\u011bry z Gazy"},"content":{"rendered":"<div id=\"fb-root\"><\/div>\n<p><strong><span dir=\"auto\">Brig\u00e1dy al-K\u00e1sad, vojensk\u00e9 k\u0159\u00eddlo Ham\u00e1su, sd\u00edlely 1. a 2. \u0159\u00edjna dv\u011b videa dokumentuj\u00edc\u00ed odv\u00e1\u017en\u00e9 \u00fatoky v Gaze, kde Izraelsk\u00e9 obrann\u00e9 s\u00edly (IDF) v sou\u010dasn\u00e9 dob\u011b prov\u00e1d\u011bj\u00ed rozs\u00e1hlou ofenzivu.<\/span><\/strong><\/p>\n<p><span dir=\"auto\">Prvn\u00ed video ukazuje izraelsk\u00e9ho voj\u00e1ka, kter\u00fd je ter\u010dem odst\u0159elova\u010dsk\u00e9 palby. Voj\u00e1k byl p\u0159\u00edm\u00fdm z\u00e1sahem zasa\u017een a zhroutil se. Video tak\u00e9 obsahuje z\u00e1b\u011bry st\u0159et\u016f s jednotkami IDF z bezprost\u0159edn\u00ed bl\u00edzkosti a minometn\u00fdch \u00fatok\u016f na izraelsk\u00e9 vojensk\u00e9 pozice v okol\u00ed m\u011bsta Gaza.<\/span><\/p>\n<p><iframe loading=\"lazy\" src=\"https:\/\/s5.cdnstatic.space\/wp-content\/uploads\/2025\/10\/w1.mp4\" width=\"600\" height=\"338\" data-mce-fragment=\"1\"><\/iframe><\/p>\n<p><span dir=\"auto\">Na druh\u00e9m videu je vid\u011bt, jak bojovn\u00edci Ham\u00e1su vyhazuj\u00ed do pov\u011bt\u0159\u00ed hlavn\u00ed bitevn\u00ed tank Merkava Mk.4M izraelsk\u00fdch obrann\u00fdch sil pot\u00e9, co mezi jeho podvozek a v\u011b\u017e um\u00edstili v\u00fdbu\u0161n\u00e9 za\u0159\u00edzen\u00ed. K \u00fatoku do\u0161lo v \u010dtvrti Tel al-Hawa v Gaze, uvedla skupina, kter\u00e1 dodala, \u017ee podobn\u00fdm zp\u016fsobem byly ter\u010dem \u00fatoku i obrn\u011bn\u00e9 transport\u00e9ry.<\/span><\/p>\n<p><iframe loading=\"lazy\" src=\"https:\/\/s5.cdnstatic.space\/wp-content\/uploads\/2025\/10\/w2.mp4\" width=\"600\" height=\"338\" data-mce-fragment=\"1\"><\/iframe><\/p>\n<p><span dir=\"auto\">Izraelsk\u00e9 obrann\u00e9 s\u00edly zah\u00e1jily 15. z\u00e1\u0159\u00ed ofenz\u00edvu v Gaze s kryc\u00edm n\u00e1zvem \u201eOperace Gideonovy vozy B\u201c. V sou\u010dasn\u00e9 dob\u011b tam operuj\u00ed t\u0159i divize \u2013 36., 162. a 98. Ofenz\u00edva dosud vyhnala z domov\u016f p\u0159ibli\u017en\u011b 800 000 Palestinc\u016f z milionu, kte\u0159\u00ed se ve m\u011bst\u011b ukr\u00fdvali.<\/span><\/p>\n<p><span dir=\"auto\">1. \u0159\u00edjna ministr obrany Israel Katz ozn\u00e1mil, \u017ee izraelsk\u00e9 obrann\u00e9 s\u00edly se bl\u00ed\u017e\u00ed k obkl\u00ed\u010den\u00ed m\u011bsta Gaza a \u017ee obyvatel\u00e9 maj\u00ed \u201eposledn\u00ed p\u0159\u00edle\u017eitost\u201c k \u00fat\u011bku.<\/span><\/p>\n<p><span dir=\"auto\">V tiskov\u00e9 zpr\u00e1v\u011b ministr uvedl, \u017ee IDF obsazuje z\u00e1padn\u00ed \u010d\u00e1st koridoru Netzar\u00edm, kter\u00fd le\u017e\u00ed ji\u017en\u011b od m\u011bsta Gaza a\u017e k pob\u0159e\u017e\u00ed a \u201erozd\u011bluje Gazu na sever a jih\u201c.<\/span><\/p>\n<p><em><span dir=\"auto\">\u201eTo zp\u0159\u00edsn\u00ed obkl\u00ed\u010den\u00ed kolem m\u011bsta Gaza a ka\u017ed\u00fd, kdo opust\u00ed m\u011bsto na jihu, bude nucen proj\u00edt kontroln\u00edmi stanovi\u0161ti IDF,\u201c \u0159ekl Katz. \u201eToto je posledn\u00ed p\u0159\u00edle\u017eitost pro obyvatele Gazy, kte\u0159\u00ed si to p\u0159ej\u00ed, p\u0159esunout se na jih a nechat teroristy Ham\u00e1su izolovat v Gaze tv\u00e1\u0159\u00ed v tv\u00e1\u0159 aktivit\u00e1m IDF, kter\u00e9 pokra\u010duj\u00ed v pln\u00e9 s\u00edle.\u201c<\/span><\/em><\/p>\n<p><span dir=\"auto\">Ti, kte\u0159\u00ed z\u016fstanou v Gaze, budou \u201eterorist\u00e9 a podporovatel\u00e9 teroru,\u201c prohl\u00e1sil Katz. \u201eIDF se p\u0159ipravuje na v\u0161echny mo\u017enosti a je odhodl\u00e1na pokra\u010dovat ve sv\u00fdch operac\u00edch a\u017e do n\u00e1vratu v\u0161ech rukojm\u00edch a odzbrojen\u00ed Ham\u00e1su, na cest\u011b k ukon\u010den\u00ed v\u00e1lky.\u201c<\/span><\/p>\n<p><span dir=\"auto\">Pozd\u011bji t\u00e9ho\u017e dne IDF ozn\u00e1mila, \u017ee dos\u00e1hla \u201eopera\u010dn\u00ed kontroly\u201c nad z\u00e1padn\u00ed \u010d\u00e1st\u00ed koridoru Netzar\u00edm, \u010d\u00edm\u017e zabr\u00e1nila Palestinc\u016fm v n\u00e1vratu do m\u011bsta Gaza.<\/span><\/p>\n<p><span dir=\"auto\">Palestin\u0161t\u00ed zdravotn\u00edci ozn\u00e1mili 1. \u0159\u00edjna \u00famrt\u00ed 73 lid\u00ed v Gaze a dal\u0161\u00edch \u010d\u00e1stech P\u00e1sma Gazy a dal\u0161\u00edch 53 2. \u0159\u00edjna. Po\u010det ob\u011bt\u00ed od za\u010d\u00e1tku ofenz\u00edvy ve m\u011bst\u011b z\u016fst\u00e1v\u00e1 nejist\u00fd, ale celkov\u011b si izraelsk\u00e1 v\u00e1lka dosud vy\u017e\u00e1dala \u017eivoty v\u00edce ne\u017e 66 200 Palestinc\u016f. Tato bilance zahrnuje p\u0159ibli\u017en\u011b 440 lid\u00ed, kte\u0159\u00ed zem\u0159eli hladem, jeliko\u017e Izrael nad\u00e1le omezuje pomoc enkl\u00e1v\u011b.<\/span><\/p>\n<p><span dir=\"auto\">Za\u010d\u00e1tkem tohoto t\u00fddne prezident Spojen\u00fdch st\u00e1t\u016f Donald Trump ozn\u00e1mil pl\u00e1n na ukon\u010den\u00ed v\u00e1lky, kter\u00fd vy\u017eaduje, aby Ham\u00e1s propustil v\u0161echny rukojm\u00ed, odzbrojil se a p\u0159edal kontrolu nad enkl\u00e1vou mezin\u00e1rodn\u00edm bezpe\u010dnostn\u00edm sil\u00e1m pod dohledem org\u00e1nu v \u010dele s b\u00fdval\u00fdm britsk\u00fdm premi\u00e9rem Tonym Blairem. Arab\u0161t\u00ed v\u016fdci pl\u00e1n uv\u00edtali, ale Ham\u00e1s dosud nereagoval.<\/span><\/p>\n<p><img decoding=\"async\" loading=\"lazy\" class=\"alignnone size-full wp-image-1185\" src=\"http:\/\/www.infokuryr.cz\/n\/wp-content\/uploads\/2021\/04\/kuryr-podpis.png\" alt=\"\" width=\"84\" height=\"24\" \/><\/p>\n<p><img decoding=\"async\" loading=\"lazy\" class=\"wp-image-86739 aligncenter\" src=\"http:\/\/www.infokuryr.cz\/n\/wp-content\/uploads\/2025\/08\/volby-program-211x300.png\" alt=\"\" width=\"687\" height=\"977\" srcset=\"https:\/\/www.infokuryr.cz\/n\/wp-content\/uploads\/2025\/08\/volby-program-211x300.png 211w, https:\/\/www.infokuryr.cz\/n\/wp-content\/uploads\/2025\/08\/volby-program-721x1024.png 721w, https:\/\/www.infokuryr.cz\/n\/wp-content\/uploads\/2025\/08\/volby-program-768x1091.png 768w, https:\/\/www.infokuryr.cz\/n\/wp-content\/uploads\/2025\/08\/volby-program-1081x1536.png 1081w, https:\/\/www.infokuryr.cz\/n\/wp-content\/uploads\/2025\/08\/volby-program-1442x2048.png 1442w, https:\/\/www.infokuryr.cz\/n\/wp-content\/uploads\/2025\/08\/volby-program-1024x1455.png 1024w\" sizes=\"(max-width: 687px) 100vw, 687px\" \/><\/p>\n","protected":false},"excerpt":{"rendered":"<p>Brig\u00e1dy al-K\u00e1sad, vojensk\u00e9 k\u0159\u00eddlo Ham\u00e1su, sd\u00edlely 1. a 2. \u0159\u00edjna dv\u011b videa dokumentuj\u00edc\u00ed odv\u00e1\u017en\u00e9 \u00fatoky&#8230;<\/p>\n","protected":false},"author":2,"featured_media":42572,"comment_status":"closed","ping_status":"closed","sticky":false,"template":"","format":"standard","meta":[],"categories":[7],"tags":[1917,348,347,107,5135],"_links":{"self":[{"href":"https:\/\/www.infokuryr.cz\/n\/wp-json\/wp\/v2\/posts\/89158"}],"collection":[{"href":"https:\/\/www.infokuryr.cz\/n\/wp-json\/wp\/v2\/posts"}],"about":[{"href":"https:\/\/www.infokuryr.cz\/n\/wp-json\/wp\/v2\/types\/post"}],"author":[{"embeddable":true,"href":"https:\/\/www.infokuryr.cz\/n\/wp-json\/wp\/v2\/users\/2"}],"replies":[{"embeddable":true,"href":"https:\/\/www.infokuryr.cz\/n\/wp-json\/wp\/v2\/comments?post=89158"}],"version-history":[{"count":0,"href":"https:\/\/www.infokuryr.cz\/n\/wp-json\/wp\/v2\/posts\/89158\/revisions"}],"wp:featuredmedia":[{"embeddable":true,"href":"https:\/\/www.infokuryr.cz\/n\/wp-json\/wp\/v2\/media\/42572"}],"wp:attachment":[{"href":"https:\/\/www.infokuryr.cz\/n\/wp-json\/wp\/v2\/media?parent=89158"}],"wp:term":[{"taxonomy":"category","embeddable":true,"href":"https:\/\/www.infokuryr.cz\/n\/wp-json\/wp\/v2\/categories?post=89158"},{"taxonomy":"post_tag","embeddable":true,"href":"https:\/\/www.infokuryr.cz\/n\/wp-json\/wp\/v2\/tags?post=89158"}],"curies":[{"name":"wp","href":"https:\/\/api.w.org\/{rel}","templated":true}]}}