{"id":89153,"date":"2025-10-04T00:22:22","date_gmt":"2025-10-03T22:22:22","guid":{"rendered":"https:\/\/www.infokuryr.cz\/n\/?p=89153"},"modified":"2025-10-03T11:41:19","modified_gmt":"2025-10-03T09:41:19","slug":"marocan-zatceny-za-vrazdu-oblibeneho-spanelskeho-historika-nalezeneho-s-roubikem-v-ustech-v-kufru-auta","status":"publish","type":"post","link":"https:\/\/www.infokuryr.cz\/n\/2025\/10\/04\/marocan-zatceny-za-vrazdu-oblibeneho-spanelskeho-historika-nalezeneho-s-roubikem-v-ustech-v-kufru-auta\/","title":{"rendered":"Maro\u010dan zat\u010den\u00fd za vra\u017edu obl\u00edben\u00e9ho \u0161pan\u011blsk\u00e9ho historika nalezen\u00e9ho s roub\u00edkem v \u00fastech v kufru auta"},"content":{"rendered":"<div id=\"fb-root\"><\/div>\n<h3 class=\"s-tagline fw-tagline\"><span dir=\"auto\">T\u011blo popul\u00e1rn\u00edho st\u00e1tn\u00edho \u00fa\u0159edn\u00edka a m\u00edstn\u00edho historika bylo nalezeno s roub\u00edkem v \u00fastech a se stopami mu\u010den\u00ed v kufru jeho auta<\/span><\/h3>\n<p><span dir=\"auto\">\u0160pan\u011blsk\u00e1 policie zatkla mlad\u00e9ho marock\u00e9ho ob\u010dana v souvislosti s vra\u017edou Antonia Campose Reyese, 54let\u00e9ho historika a st\u00e1tn\u00edho \u00fa\u0159edn\u00edka z Berji, jeho\u017e t\u011blo bylo za\u010d\u00e1tkem tohoto t\u00fddne nalezeno sv\u00e1zan\u00e9 a nesouc\u00ed zn\u00e1mky n\u00e1sil\u00ed v kufru jeho auta.<\/span><\/p>\n<p><span dir=\"auto\">Podle\u00a0<\/span><a href=\"https:\/\/okdiario.com\/andalucia\/detenido-delincuente-marroqui-asesinato-del-historiador-almeria-15512913\"><span dir=\"auto\">serveru OKdiario<\/span><\/a><span dir=\"auto\">\u00a0ho Camposova rodina naposledy vid\u011bla 27. z\u00e1\u0159\u00ed kolem 21:00, kdy\u017e ode\u0161el z domova v Berji do Granady na slavnosti Panny Marie Angustsk\u00e9. Kdy\u017e se tam nedostavil, p\u0159\u00edbuzn\u00ed za\u010dali m\u00edt \u010d\u00edm d\u00e1l v\u011bt\u0161\u00ed obavy a v ned\u011bli odpoledne ofici\u00e1ln\u011b nahl\u00e1sili jeho poh\u0159e\u0161ov\u00e1n\u00ed \u00fa\u0159ad\u016fm.<\/span><\/p>\n<p><span dir=\"auto\">M\u00edstn\u00ed obyvatel\u00e9 se do p\u00e1tr\u00e1n\u00ed zapojili, ale vy\u0161et\u0159ovatel\u00e9 nakonec na\u0161li jeho b\u00edl\u00fd Volkswagen Passat v \u010dtvrti San Agust\u00edn v El Ejido, zaparkovan\u00fd pobl\u00ed\u017e firmy s ovocem a zeleninou. Policist\u00e9 civiln\u00ed gardy se vloupali do kufru a na\u0161li Camposovo bezvl\u00e1dn\u00e9 t\u011blo. Bodn\u00e1 zran\u011bn\u00ed, mod\u0159iny a zn\u00e1mky boje nazna\u010duj\u00ed, \u017ee byl p\u0159ed smrt\u00ed mu\u010den.<\/span><\/p>\n<p><a href=\"https:\/\/www.diariodealmeria.es\/almeria\/detenido-antonio-campos-almeria_0_2004930655.html\"><span dir=\"auto\">List Diario de Almer\u00eda<\/span><\/a><span dir=\"auto\">\u00a0uvedl, \u017ee n\u00e1siln\u00e1 povaha zlo\u010dinu v kombinaci s Camposov\u00fdm v\u00fdznamn\u00fdm postaven\u00edm jako m\u00edstn\u00edho \u00fa\u0159edn\u00edka i historika vyvolala v regionu Poniente \u201eobrovsk\u00e9 spole\u010densk\u00e9 pobou\u0159en\u00ed\u201c. Ob\u011b\u0165 byla v Berji \u0161iroce zn\u00e1m\u00e1 nejen pro svou ve\u0159ejnou roli, ale tak\u00e9 pro sv\u00e9 p\u0159\u00edsp\u011bvky ke studiu a zachov\u00e1n\u00ed m\u00edstn\u00ed historie.<\/span><\/p>\n<p><span dir=\"auto\">Ve \u010dtvrtek odpoledne\u00a0<\/span><a href=\"https:\/\/www.almeriahoy.com\/2025\/10\/detienen-un-marroqui-sospechoso-del.html\"><span dir=\"auto\">den\u00edk Almer\u00eda Today<\/span><\/a><span dir=\"auto\">\u00a0potvrdil, \u017ee civiln\u00ed garda zatkla 23let\u00e9ho Maro\u010dana podez\u0159el\u00e9ho z \u00fa\u010dasti na vra\u017ed\u011b. Zadr\u017een\u00fd z\u016fst\u00e1v\u00e1 ve vazb\u011b a vy\u0161et\u0159ovatel\u00e9 nevylou\u010dili mo\u017enost dal\u0161\u00edch zat\u010den\u00ed.<\/span><\/p>\n<p><span dir=\"auto\">Diario de Almer\u00eda dodal, \u017ee p\u0159\u00edpad je v sou\u010dasn\u00e9 dob\u011b pod soudn\u00edm utajen\u00edm, aby byla chr\u00e1n\u011bna d\u016fv\u011brnost \u0159\u00edzen\u00ed. \u00da\u0159ady zd\u016fraznily, \u017ee toto opat\u0159en\u00ed je nezbytn\u00e9 pro zaji\u0161t\u011bn\u00ed \u00fasp\u011bchu prob\u00edhaj\u00edc\u00edho vy\u0161et\u0159ov\u00e1n\u00ed, kter\u00e9 by mohlo odhalit, zda byly do vra\u017edy zapojeny dal\u0161\u00ed osoby.<\/span><\/p>\n<p><span dir=\"auto\">V Berji se ji\u017e konaly pietn\u00ed shrom\u00e1\u017ed\u011bn\u00ed a vzd\u00e1n\u00ed \u00facty na Camposovu po\u010dest, p\u0159i\u010dem\u017e obyvatel\u00e9 vyj\u00e1d\u0159ili z\u00e1rmutek a ned\u016fv\u011bru nad ztr\u00e1tou osobnosti, kter\u00e1 byla pops\u00e1na jako oddan\u00e1 sv\u00e9mu m\u011bstu a v\u00e1\u0161niv\u00e1 pro jeho historii.<\/span><\/p>\n<p><span dir=\"auto\">Nebyl odhalen \u017e\u00e1dn\u00fd motiv ani p\u0159edchoz\u00ed spojen\u00ed mezi ob\u011bt\u00ed a podez\u0159el\u00fdm.<\/span><\/p>\n<p><img decoding=\"async\" loading=\"lazy\" class=\"alignnone size-full wp-image-1185\" src=\"http:\/\/www.infokuryr.cz\/n\/wp-content\/uploads\/2021\/04\/kuryr-podpis.png\" alt=\"\" width=\"84\" height=\"24\" \/><\/p>\n<p><img decoding=\"async\" loading=\"lazy\" class=\"wp-image-86739 aligncenter\" src=\"http:\/\/www.infokuryr.cz\/n\/wp-content\/uploads\/2025\/08\/volby-program-211x300.png\" alt=\"\" width=\"731\" height=\"1039\" srcset=\"https:\/\/www.infokuryr.cz\/n\/wp-content\/uploads\/2025\/08\/volby-program-211x300.png 211w, https:\/\/www.infokuryr.cz\/n\/wp-content\/uploads\/2025\/08\/volby-program-721x1024.png 721w, https:\/\/www.infokuryr.cz\/n\/wp-content\/uploads\/2025\/08\/volby-program-768x1091.png 768w, https:\/\/www.infokuryr.cz\/n\/wp-content\/uploads\/2025\/08\/volby-program-1081x1536.png 1081w, https:\/\/www.infokuryr.cz\/n\/wp-content\/uploads\/2025\/08\/volby-program-1442x2048.png 1442w, https:\/\/www.infokuryr.cz\/n\/wp-content\/uploads\/2025\/08\/volby-program-1024x1455.png 1024w\" sizes=\"(max-width: 731px) 100vw, 731px\" \/><\/p>\n","protected":false},"excerpt":{"rendered":"<p>T\u011blo popul\u00e1rn\u00edho st\u00e1tn\u00edho \u00fa\u0159edn\u00edka a m\u00edstn\u00edho historika bylo nalezeno s roub\u00edkem v \u00fastech a se&#8230;<\/p>\n","protected":false},"author":2,"featured_media":89154,"comment_status":"closed","ping_status":"closed","sticky":false,"template":"","format":"standard","meta":[],"categories":[7],"tags":[551,440,184],"_links":{"self":[{"href":"https:\/\/www.infokuryr.cz\/n\/wp-json\/wp\/v2\/posts\/89153"}],"collection":[{"href":"https:\/\/www.infokuryr.cz\/n\/wp-json\/wp\/v2\/posts"}],"about":[{"href":"https:\/\/www.infokuryr.cz\/n\/wp-json\/wp\/v2\/types\/post"}],"author":[{"embeddable":true,"href":"https:\/\/www.infokuryr.cz\/n\/wp-json\/wp\/v2\/users\/2"}],"replies":[{"embeddable":true,"href":"https:\/\/www.infokuryr.cz\/n\/wp-json\/wp\/v2\/comments?post=89153"}],"version-history":[{"count":0,"href":"https:\/\/www.infokuryr.cz\/n\/wp-json\/wp\/v2\/posts\/89153\/revisions"}],"wp:featuredmedia":[{"embeddable":true,"href":"https:\/\/www.infokuryr.cz\/n\/wp-json\/wp\/v2\/media\/89154"}],"wp:attachment":[{"href":"https:\/\/www.infokuryr.cz\/n\/wp-json\/wp\/v2\/media?parent=89153"}],"wp:term":[{"taxonomy":"category","embeddable":true,"href":"https:\/\/www.infokuryr.cz\/n\/wp-json\/wp\/v2\/categories?post=89153"},{"taxonomy":"post_tag","embeddable":true,"href":"https:\/\/www.infokuryr.cz\/n\/wp-json\/wp\/v2\/tags?post=89153"}],"curies":[{"name":"wp","href":"https:\/\/api.w.org\/{rel}","templated":true}]}}