{"id":89150,"date":"2025-10-04T00:20:10","date_gmt":"2025-10-03T22:20:10","guid":{"rendered":"https:\/\/www.infokuryr.cz\/n\/?p=89150"},"modified":"2025-10-04T03:19:26","modified_gmt":"2025-10-04T01:19:26","slug":"importovana-nenavist-syrsky-terorista-zabil-verici-pred-manchesterskou-synagogou","status":"publish","type":"post","link":"https:\/\/www.infokuryr.cz\/n\/2025\/10\/04\/importovana-nenavist-syrsky-terorista-zabil-verici-pred-manchesterskou-synagogou\/","title":{"rendered":"Importovan\u00e1 nen\u00e1vist: Syrsk\u00fd terorista zabil v\u011b\u0159\u00edc\u00ed p\u0159ed manchesterskou synagogou"},"content":{"rendered":"<div id=\"fb-root\"><\/div>\n<p><strong><span dir=\"auto\">Muslimsk\u00fd antisemitismus si v t\u00fddnu, b\u011bhem nejsv\u011bt\u011bj\u0161\u00edho \u017eidovsk\u00e9ho sv\u00e1tku Jom kipur, op\u011bt vy\u017e\u00e1dal ob\u011bti. \u201eBritsk\u00fd ob\u010dan syrsk\u00e9ho p\u016fvodu\u201c a jeho komplicov\u00e9 provedli teroristick\u00fd \u00fatok na synagogu v Manchesteru.<\/span><\/strong><\/p>\n<p><span dir=\"auto\">Masov\u00e1 imigrace muslim\u016f do Evropy, kter\u00e1 prob\u00edh\u00e1 ji\u017e des\u00edtky let, p\u0159edstavuje pro \u017eidovsk\u00fd \u017eivot rostouc\u00ed hrozbu. Opakovan\u011b doch\u00e1z\u00ed k proti\u017eidovsk\u00fdm a protiizraelsk\u00fdm \u00fatok\u016fm, ba dokonce i k teroristick\u00fdm \u00fatok\u016fm.\u00a0<\/span><a href=\"https:\/\/apnews.com\/article\/uk-synagogue-stabbing-774d7feee44643f5f9667ec882f284d6\"><span dir=\"auto\">Tak tomu bylo i v\u010dera<\/span><\/a><span dir=\"auto\"> v anglick\u00e9m m\u011bst\u011b Manchester, o nejv\u00fdznamn\u011bj\u0161\u00edm \u017eidovsk\u00e9m sv\u00e1tku Jom kipur.<\/span><\/p>\n<p><span dir=\"auto\">P\u011btat\u0159icetilet\u00fd mu\u017e syrsk\u00e9ho p\u016fvodu\u00a0<\/span><a href=\"https:\/\/www.theguardian.com\/uk-news\/live\/2025\/oct\/02\/police-reports-stabbing-synagogue-greater-manchester-live\"><span dir=\"auto\">najel<\/span><\/a><span dir=\"auto\">\u00a0autem p\u0159\u00edmo do davu v\u011b\u0159\u00edc\u00edch shrom\u00e1\u017ed\u011bn\u00fdch p\u0159ed synagogou k modlitb\u011b. Dva lid\u00e9 byli zabiti a t\u0159i dal\u0161\u00ed bojuj\u00ed o \u017eivot. Pachatel pot\u00e9 vytasil n\u016f\u017e a za\u00fato\u010dil na \u010dlena ostrahy \u2013 dokud ho policie nezlikvidovala c\u00edlen\u00fdmi st\u0159elami. Zat\u010deni byli tak\u00e9 t\u0159i dal\u0161\u00ed lid\u00e9 (dva mu\u017ei kolem 30 let a \u017eena kolem 60 let). \u00dadajn\u011b byli komplici pachatele a m\u011bli na sob\u011b fale\u0161n\u00e9 p\u00e1sy s v\u00fdbu\u0161ninami.<\/span><\/p>\n<figure class=\"wp-block-embed is-type-rich is-provider-twitter wp-block-embed-twitter\">\n<div class=\"wp-block-embed__wrapper\">\n<div class=\"twitter-tweet twitter-tweet-rendered\"><iframe id=\"twitter-widget-1\" class=\"\" title=\"X P\u0159\u00edsp\u011bvek\" src=\"https:\/\/platform.twitter.com\/embed\/Tweet.html?dnt=true&amp;embedId=twitter-widget-1&amp;features=eyJ0ZndfdGltZWxpbmVfbGlzdCI6eyJidWNrZXQiOltdLCJ2ZXJzaW9uIjpudWxsfSwidGZ3X2ZvbGxvd2VyX2NvdW50X3N1bnNldCI6eyJidWNrZXQiOnRydWUsInZlcnNpb24iOm51bGx9LCJ0ZndfdHdlZXRfZWRpdF9iYWNrZW5kIjp7ImJ1Y2tldCI6Im9uIiwidmVyc2lvbiI6bnVsbH0sInRmd19yZWZzcmNfc2Vzc2lvbiI6eyJidWNrZXQiOiJvbiIsInZlcnNpb24iOm51bGx9LCJ0ZndfZm9zbnJfc29mdF9pbnRlcnZlbnRpb25zX2VuYWJsZWQiOnsiYnVja2V0Ijoib24iLCJ2ZXJzaW9uIjpudWxsfSwidGZ3X21peGVkX21lZGlhXzE1ODk3Ijp7ImJ1Y2tldCI6InRyZWF0bWVudCIsInZlcnNpb24iOm51bGx9LCJ0ZndfZXhwZXJpbWVudHNfY29va2llX2V4cGlyYXRpb24iOnsiYnVja2V0IjoxMjA5NjAwLCJ2ZXJzaW9uIjpudWxsfSwidGZ3X3Nob3dfYmlyZHdhdGNoX3Bpdm90c19lbmFibGVkIjp7ImJ1Y2tldCI6Im9uIiwidmVyc2lvbiI6bnVsbH0sInRmd19kdXBsaWNhdGVfc2NyaWJlc190b19zZXR0aW5ncyI6eyJidWNrZXQiOiJvbiIsInZlcnNpb24iOm51bGx9LCJ0ZndfdXNlX3Byb2ZpbGVfaW1hZ2Vfc2hhcGVfZW5hYmxlZCI6eyJidWNrZXQiOiJvbiIsInZlcnNpb24iOm51bGx9LCJ0ZndfdmlkZW9faGxzX2R5bmFtaWNfbWFuaWZlc3RzXzE1MDgyIjp7ImJ1Y2tldCI6InRydWVfYml0cmF0ZSIsInZlcnNpb24iOm51bGx9LCJ0ZndfbGVnYWN5X3RpbWVsaW5lX3N1bnNldCI6eyJidWNrZXQiOnRydWUsInZlcnNpb24iOm51bGx9LCJ0ZndfdHdlZXRfZWRpdF9mcm9udGVuZCI6eyJidWNrZXQiOiJvbiIsInZlcnNpb24iOm51bGx9fQ%3D%3D&amp;frame=false&amp;hideCard=false&amp;hideThread=false&amp;id=1973709559366811769&amp;lang=de&amp;origin=https%3A%2F%2Freport24.news%2Fimportierter-hass-syrischstaemmiger-terrorist-toetet-glaeubige-vor-synagoge-in-manchester%2F&amp;sessionId=d64157b7906120a5a84439604d10a7b9593fb7b0&amp;theme=light&amp;widgetsVersion=2615f7e52b7e0%3A1702314776716&amp;width=550px\" frameborder=\"0\" scrolling=\"no\" allowfullscreen=\"allowfullscreen\" data-tweet-id=\"1973709559366811769\" data-mce-fragment=\"1\"><\/iframe><\/div>\n<\/div>\n<\/figure>\n<p><span dir=\"auto\">Pachatel, p\u011btat\u0159icetilet\u00fd Sy\u0159an s p\u0159\u00edzna\u010dn\u00fdm jm\u00e9nem D\u017eih\u00e1d a\u0161-\u0160\u00e1m\u00ed, z\u00edskal britsk\u00e9 ob\u010danstv\u00ed v roce 2006. \u0158\u00edk\u00e1 se, \u017ee vyr\u016fstal ve Velk\u00e9 Brit\u00e1nii. Ale ti, kte\u0159\u00ed vyr\u016fstaj\u00ed v paraleln\u00edch muslimsk\u00fdch spole\u010dnostech, kde je roz\u0161\u00ed\u0159en\u00e1 nen\u00e1vist k \u017did\u016fm a Izraeli, se nestanou jin\u00fdmi lidmi, a to ani navzdory ud\u011blen\u00ed ob\u010danstv\u00ed. Multikulturalismus se op\u011bt ukazuje jako smrt\u00edc\u00ed forma empatie k lidem, kte\u0159\u00ed si svou nen\u00e1vist nesou do hostitelsk\u00fdch zem\u00ed.<\/span><\/p>\n<figure class=\"wp-block-embed is-type-rich is-provider-twitter wp-block-embed-twitter\">\n<div class=\"wp-block-embed__wrapper\">\n<div class=\"twitter-tweet twitter-tweet-rendered\"><iframe id=\"twitter-widget-2\" class=\"\" title=\"X P\u0159\u00edsp\u011bvek\" src=\"https:\/\/platform.twitter.com\/embed\/Tweet.html?dnt=true&amp;embedId=twitter-widget-2&amp;features=eyJ0ZndfdGltZWxpbmVfbGlzdCI6eyJidWNrZXQiOltdLCJ2ZXJzaW9uIjpudWxsfSwidGZ3X2ZvbGxvd2VyX2NvdW50X3N1bnNldCI6eyJidWNrZXQiOnRydWUsInZlcnNpb24iOm51bGx9LCJ0ZndfdHdlZXRfZWRpdF9iYWNrZW5kIjp7ImJ1Y2tldCI6Im9uIiwidmVyc2lvbiI6bnVsbH0sInRmd19yZWZzcmNfc2Vzc2lvbiI6eyJidWNrZXQiOiJvbiIsInZlcnNpb24iOm51bGx9LCJ0ZndfZm9zbnJfc29mdF9pbnRlcnZlbnRpb25zX2VuYWJsZWQiOnsiYnVja2V0Ijoib24iLCJ2ZXJzaW9uIjpudWxsfSwidGZ3X21peGVkX21lZGlhXzE1ODk3Ijp7ImJ1Y2tldCI6InRyZWF0bWVudCIsInZlcnNpb24iOm51bGx9LCJ0ZndfZXhwZXJpbWVudHNfY29va2llX2V4cGlyYXRpb24iOnsiYnVja2V0IjoxMjA5NjAwLCJ2ZXJzaW9uIjpudWxsfSwidGZ3X3Nob3dfYmlyZHdhdGNoX3Bpdm90c19lbmFibGVkIjp7ImJ1Y2tldCI6Im9uIiwidmVyc2lvbiI6bnVsbH0sInRmd19kdXBsaWNhdGVfc2NyaWJlc190b19zZXR0aW5ncyI6eyJidWNrZXQiOiJvbiIsInZlcnNpb24iOm51bGx9LCJ0ZndfdXNlX3Byb2ZpbGVfaW1hZ2Vfc2hhcGVfZW5hYmxlZCI6eyJidWNrZXQiOiJvbiIsInZlcnNpb24iOm51bGx9LCJ0ZndfdmlkZW9faGxzX2R5bmFtaWNfbWFuaWZlc3RzXzE1MDgyIjp7ImJ1Y2tldCI6InRydWVfYml0cmF0ZSIsInZlcnNpb24iOm51bGx9LCJ0ZndfbGVnYWN5X3RpbWVsaW5lX3N1bnNldCI6eyJidWNrZXQiOnRydWUsInZlcnNpb24iOm51bGx9LCJ0ZndfdHdlZXRfZWRpdF9mcm9udGVuZCI6eyJidWNrZXQiOiJvbiIsInZlcnNpb24iOm51bGx9fQ%3D%3D&amp;frame=false&amp;hideCard=false&amp;hideThread=false&amp;id=1973838070014488830&amp;lang=de&amp;origin=https%3A%2F%2Freport24.news%2Fimportierter-hass-syrischstaemmiger-terrorist-toetet-glaeubige-vor-synagoge-in-manchester%2F&amp;sessionId=d64157b7906120a5a84439604d10a7b9593fb7b0&amp;theme=light&amp;widgetsVersion=2615f7e52b7e0%3A1702314776716&amp;width=550px\" frameborder=\"0\" scrolling=\"no\" allowfullscreen=\"allowfullscreen\" data-tweet-id=\"1973838070014488830\" data-mce-fragment=\"1\"><\/iframe><\/div>\n<\/div>\n<\/figure>\n<p><span dir=\"auto\">Zat\u00edmco \u017eidovsk\u00e9 rodiny truchl\u00ed nad sv\u00fdmi bl\u00edzk\u00fdmi nebo doufaj\u00ed, \u017ee ti, kte\u0159\u00ed byli p\u0159i teroristick\u00e9m \u00fatoku v\u00e1\u017en\u011b zran\u011bni, p\u0159e\u017eij\u00ed, stoupenci Ham\u00e1su, nen\u00e1vistn\u00edci Izraele a antisemit\u00e9 nad\u00e1le pochoduj\u00ed britsk\u00fdmi ulicemi a skanduj\u00ed sv\u00e1 nen\u00e1vistn\u00e1 hesla. Britsk\u00e1 BBC si pln\u00ed svou pov\u011bst mainstreamov\u00e9ho m\u00e9dia: Fantazuje o \u201eneonacistech\u201c a \u201epravicov\u00fdch extremistech\u201c, kte\u0159\u00ed p\u0159edstavuj\u00ed hrozbu pro \u017eidovsk\u00fd \u017eivot. Skute\u010dn\u00fdmi p\u0159\u00e1teli a spojenci muslimsk\u00fdch extremist\u016f, a\u0165 u\u017e tady nebo tam, jsou v\u0161ak p\u0159edev\u0161\u00edm levice.<\/span><\/p>\n<figure class=\"wp-block-embed is-type-rich is-provider-twitter wp-block-embed-twitter\">\n<div class=\"wp-block-embed__wrapper\">\n<div class=\"twitter-tweet twitter-tweet-rendered\"><iframe id=\"twitter-widget-3\" class=\"\" title=\"X P\u0159\u00edsp\u011bvek\" src=\"https:\/\/platform.twitter.com\/embed\/Tweet.html?dnt=true&amp;embedId=twitter-widget-3&amp;features=eyJ0ZndfdGltZWxpbmVfbGlzdCI6eyJidWNrZXQiOltdLCJ2ZXJzaW9uIjpudWxsfSwidGZ3X2ZvbGxvd2VyX2NvdW50X3N1bnNldCI6eyJidWNrZXQiOnRydWUsInZlcnNpb24iOm51bGx9LCJ0ZndfdHdlZXRfZWRpdF9iYWNrZW5kIjp7ImJ1Y2tldCI6Im9uIiwidmVyc2lvbiI6bnVsbH0sInRmd19yZWZzcmNfc2Vzc2lvbiI6eyJidWNrZXQiOiJvbiIsInZlcnNpb24iOm51bGx9LCJ0ZndfZm9zbnJfc29mdF9pbnRlcnZlbnRpb25zX2VuYWJsZWQiOnsiYnVja2V0Ijoib24iLCJ2ZXJzaW9uIjpudWxsfSwidGZ3X21peGVkX21lZGlhXzE1ODk3Ijp7ImJ1Y2tldCI6InRyZWF0bWVudCIsInZlcnNpb24iOm51bGx9LCJ0ZndfZXhwZXJpbWVudHNfY29va2llX2V4cGlyYXRpb24iOnsiYnVja2V0IjoxMjA5NjAwLCJ2ZXJzaW9uIjpudWxsfSwidGZ3X3Nob3dfYmlyZHdhdGNoX3Bpdm90c19lbmFibGVkIjp7ImJ1Y2tldCI6Im9uIiwidmVyc2lvbiI6bnVsbH0sInRmd19kdXBsaWNhdGVfc2NyaWJlc190b19zZXR0aW5ncyI6eyJidWNrZXQiOiJvbiIsInZlcnNpb24iOm51bGx9LCJ0ZndfdXNlX3Byb2ZpbGVfaW1hZ2Vfc2hhcGVfZW5hYmxlZCI6eyJidWNrZXQiOiJvbiIsInZlcnNpb24iOm51bGx9LCJ0ZndfdmlkZW9faGxzX2R5bmFtaWNfbWFuaWZlc3RzXzE1MDgyIjp7ImJ1Y2tldCI6InRydWVfYml0cmF0ZSIsInZlcnNpb24iOm51bGx9LCJ0ZndfbGVnYWN5X3RpbWVsaW5lX3N1bnNldCI6eyJidWNrZXQiOnRydWUsInZlcnNpb24iOm51bGx9LCJ0ZndfdHdlZXRfZWRpdF9mcm9udGVuZCI6eyJidWNrZXQiOiJvbiIsInZlcnNpb24iOm51bGx9fQ%3D%3D&amp;frame=false&amp;hideCard=false&amp;hideThread=false&amp;id=1973729461750333638&amp;lang=de&amp;origin=https%3A%2F%2Freport24.news%2Fimportierter-hass-syrischstaemmiger-terrorist-toetet-glaeubige-vor-synagoge-in-manchester%2F&amp;sessionId=d64157b7906120a5a84439604d10a7b9593fb7b0&amp;theme=light&amp;widgetsVersion=2615f7e52b7e0%3A1702314776716&amp;width=550px\" frameborder=\"0\" scrolling=\"no\" allowfullscreen=\"allowfullscreen\" data-tweet-id=\"1973729461750333638\" data-mce-fragment=\"1\"><\/iframe><\/div>\n<\/div>\n<\/figure>\n<p><span dir=\"auto\">Skute\u010dnost, \u017ee k tomuto \u00fatoku do\u0161lo na Jom kipur, tak\u00e9 ukazuje, \u017ee se nejednalo o samotn\u00fd Izrael, ale p\u0159edev\u0161\u00edm o nen\u00e1vist k \u017did\u016fm.<\/span><\/p>\n<p><img decoding=\"async\" loading=\"lazy\" class=\"alignnone size-full wp-image-1185\" src=\"http:\/\/www.infokuryr.cz\/n\/wp-content\/uploads\/2021\/04\/kuryr-podpis.png\" alt=\"\" width=\"84\" height=\"24\" \/><\/p>\n<p><img decoding=\"async\" loading=\"lazy\" class=\"wp-image-86739 aligncenter\" src=\"http:\/\/www.infokuryr.cz\/n\/wp-content\/uploads\/2025\/08\/volby-program-211x300.png\" alt=\"\" width=\"669\" height=\"951\" srcset=\"https:\/\/www.infokuryr.cz\/n\/wp-content\/uploads\/2025\/08\/volby-program-211x300.png 211w, https:\/\/www.infokuryr.cz\/n\/wp-content\/uploads\/2025\/08\/volby-program-721x1024.png 721w, https:\/\/www.infokuryr.cz\/n\/wp-content\/uploads\/2025\/08\/volby-program-768x1091.png 768w, https:\/\/www.infokuryr.cz\/n\/wp-content\/uploads\/2025\/08\/volby-program-1081x1536.png 1081w, https:\/\/www.infokuryr.cz\/n\/wp-content\/uploads\/2025\/08\/volby-program-1442x2048.png 1442w, https:\/\/www.infokuryr.cz\/n\/wp-content\/uploads\/2025\/08\/volby-program-1024x1455.png 1024w\" sizes=\"(max-width: 669px) 100vw, 669px\" \/><\/p>\n<div id=\"repor-72dcf0b7f26ced05da1b2d42b423d2a1\" class=\"repor-72dcf0b7f26ced05da1b2d42b423d2a1 repor-inarticle6\">\n<div id=\"repor-2016931098\" class=\"repor-inarticle6\"><\/div>\n<\/div>\n","protected":false},"excerpt":{"rendered":"<p>Muslimsk\u00fd antisemitismus si v t\u00fddnu, b\u011bhem nejsv\u011bt\u011bj\u0161\u00edho \u017eidovsk\u00e9ho sv\u00e1tku Jom kipur, op\u011bt vy\u017e\u00e1dal ob\u011bti. \u201eBritsk\u00fd&#8230;<\/p>\n","protected":false},"author":2,"featured_media":89151,"comment_status":"closed","ping_status":"closed","sticky":false,"template":"","format":"standard","meta":[],"categories":[7],"tags":[217,2852,2703,92],"_links":{"self":[{"href":"https:\/\/www.infokuryr.cz\/n\/wp-json\/wp\/v2\/posts\/89150"}],"collection":[{"href":"https:\/\/www.infokuryr.cz\/n\/wp-json\/wp\/v2\/posts"}],"about":[{"href":"https:\/\/www.infokuryr.cz\/n\/wp-json\/wp\/v2\/types\/post"}],"author":[{"embeddable":true,"href":"https:\/\/www.infokuryr.cz\/n\/wp-json\/wp\/v2\/users\/2"}],"replies":[{"embeddable":true,"href":"https:\/\/www.infokuryr.cz\/n\/wp-json\/wp\/v2\/comments?post=89150"}],"version-history":[{"count":0,"href":"https:\/\/www.infokuryr.cz\/n\/wp-json\/wp\/v2\/posts\/89150\/revisions"}],"wp:featuredmedia":[{"embeddable":true,"href":"https:\/\/www.infokuryr.cz\/n\/wp-json\/wp\/v2\/media\/89151"}],"wp:attachment":[{"href":"https:\/\/www.infokuryr.cz\/n\/wp-json\/wp\/v2\/media?parent=89150"}],"wp:term":[{"taxonomy":"category","embeddable":true,"href":"https:\/\/www.infokuryr.cz\/n\/wp-json\/wp\/v2\/categories?post=89150"},{"taxonomy":"post_tag","embeddable":true,"href":"https:\/\/www.infokuryr.cz\/n\/wp-json\/wp\/v2\/tags?post=89150"}],"curies":[{"name":"wp","href":"https:\/\/api.w.org\/{rel}","templated":true}]}}