{"id":89141,"date":"2025-10-04T00:14:38","date_gmt":"2025-10-03T22:14:38","guid":{"rendered":"https:\/\/www.infokuryr.cz\/n\/?p=89141"},"modified":"2025-10-03T11:03:42","modified_gmt":"2025-10-03T09:03:42","slug":"alexandr-dugin-valka-je-pred-nami","status":"publish","type":"post","link":"https:\/\/www.infokuryr.cz\/n\/2025\/10\/04\/alexandr-dugin-valka-je-pred-nami\/","title":{"rendered":"Alexandr Dugin: V\u00e1lka je p\u0159ed n\u00e1mi"},"content":{"rendered":"<div id=\"fb-root\"><\/div>\n<div class=\"elementor-element elementor-element-1fb4c2c elementor-widget elementor-widget-theme-post-content\" data-id=\"1fb4c2c\" data-element_type=\"widget\" data-widget_type=\"theme-post-content.default\">\n<div class=\"elementor-widget-container\">\n<p><span dir=\"auto\">Nov\u00fd multipol\u00e1rn\u00ed sv\u011btov\u00fd \u0159\u00e1d nen\u00ed vytes\u00e1n do kamene a je nepravd\u011bpodobn\u00e9, \u017ee bude p\u0159ijat m\u00edrovou cestou, ale bude sp\u00ed\u0161e formov\u00e1n eskaluj\u00edc\u00edmi konflikty \u2013 stejn\u011b jako se historick\u00e9 ot\u0159esy rozhoduj\u00ed v nep\u0159edv\u00eddateln\u00e9m pr\u016fb\u011bhu v\u00e1lek.<\/span><\/p>\n<p><span dir=\"auto\">Zm\u011bna sv\u011btov\u00e9ho \u0159\u00e1du obvykle nast\u00e1v\u00e1 v\u00e1lkou. Ti, kdo ovl\u00e1daj\u00ed glob\u00e1ln\u00ed moc, jsou jen z\u0159\u00eddka ochotni se j\u00ed dobrovoln\u011b vzd\u00e1t. Lp\u00ed na n\u00ed a\u017e do ho\u0159k\u00e9ho konce \u2013 dokud nebudou zni\u010deni a srovn\u00e1ni s troskami. Tot\u00e9\u017e nepochybn\u011b plat\u00ed i dnes.<\/span><\/p>\n<p><span dir=\"auto\">V historii samoz\u0159ejm\u011b existuj\u00ed r\u016fzn\u00e9 zvraty a obraty. Hypoteticky by se tedy dalo o\u010dek\u00e1vat, doufat nebo si alespo\u0148 p\u0159\u00e1t, aby se z\u00e1padn\u00ed v\u016fdci dobrovoln\u011b vzdali sv\u00e9 hegemonie. Ale n\u011bco mi \u0159\u00edk\u00e1, \u017ee se to pravd\u011bpodobn\u011b nestane. A pokud se to nestane, bude v\u00e1lka. Tato v\u00e1lka u\u017e prob\u00edh\u00e1: v\u00e1lka na Ukrajin\u011b, v\u00e1lky na Bl\u00edzk\u00e9m v\u00fdchod\u011b. Ale je\u0161t\u011b nebyla rozpout\u00e1na v pln\u00e9 s\u00edle. Zat\u00edm je to jen p\u0159edzv\u011bst velk\u00e9, z\u00e1sadn\u00ed v\u00e1lky, kter\u00e1 se bude v\u00e9st o p\u0159erozd\u011blen\u00ed skute\u010dn\u00e9 suverenity mezi mocnostmi, kter\u00e9 se v sou\u010dasn\u00e9 dob\u011b vymezuj\u00ed.<\/span><\/p>\n<p><span dir=\"auto\">V dne\u0161n\u00ed dob\u011b \u010dasto sl\u00fdch\u00e1me: Pod\u00edvejte, multipol\u00e1rn\u00ed sv\u011bt je tady, sv\u011bt u\u017e nen\u00ed unipol\u00e1rn\u00ed, existuje BRICS, existuje \u201ev\u011bt\u0161\u00ed lidskost\u201c a tak d\u00e1le. P\u0159esto vid\u00edme, \u017ee hegemonie unipol\u00e1rn\u00edho syst\u00e9mu je st\u00e1le siln\u00e1. Navzdory skute\u010dnosti, \u017ee je ve skute\u010dnosti na \u00fastupu, a navzdory skute\u010dnosti, \u017ee se jasn\u011b r\u00fdsuje jeho kolos\u00e1ln\u00ed vnit\u0159n\u00ed krize \u2013 sp\u00ed\u0161e imploze ne\u017e exploze z\u00e1padn\u00ed spole\u010dnosti a z\u00e1padn\u00ed civilizace jako celku. Ale v jist\u00e9m smyslu je i p\u0159es tento sestupn\u00fd trend z\u00e1padn\u00ed hegemonie st\u00e1le siln\u011bj\u0161\u00ed ne\u017e multipolarita.<\/span><\/p>\n<p><span dir=\"auto\">P\u0159iznejme si to: St\u00e1le je schopna mimo jin\u00e9 p\u0159etv\u00e1\u0159et situaci a rovnov\u00e1hu sil v postsov\u011btsk\u00e9m prostoru. V\u00edme, \u017ee globalist\u00e9 operuj\u00ed na Ukrajin\u011b, v Moldavsku, na ji\u017en\u00edm Kavkaze a ve St\u0159edn\u00ed Asii ji\u017e t\u0159i desetilet\u00ed. Ale my jsme jim to dovolili. A nyn\u00ed, i p\u0159es rozd\u011blen\u00ed Z\u00e1padu na dv\u011b nebo dokonce t\u0159i s\u00edly \u2013 globalisty, EU, Trumpa a MAGA \u2013 se jim p\u0159esto poda\u0159ilo zmanipulovat volby v Rumunsku, nahradit kandid\u00e1ty, kter\u00e9 globalist\u00e9 necht\u011bli, zab\u00edt n\u011bkolik des\u00edtek kandid\u00e1t\u016f AfD a maskovat to jako \u201en\u00e1hody\u201c a kone\u010dn\u011b se jim poda\u0159ilo ovlivnit volby v Moldavsku. Z\u00e1rove\u0148 v\u00e1lka na Ukrajin\u011b pokra\u010duje. Z\u00e1pad neustupuje a je pro n\u00e1s velmi t\u011b\u017ek\u00e9 dos\u00e1hnout rozhodn\u00e9ho v\u00edt\u011bzstv\u00ed.<\/span><\/p>\n<p><span dir=\"auto\">Je p\u0159\u00edli\u0161 brzy na to, abychom tvrdili, \u017ee z\u00e1padn\u00ed unipol\u00e1rn\u00ed sv\u011bt ji\u017e neexistuje. Existuje, i kdy\u017e v ag\u00f3nii.<\/span><\/p>\n<p><span dir=\"auto\">A samoz\u0159ejm\u011b je velmi pravd\u011bpodobn\u00e9, \u017ee pokud se unipol\u00e1rn\u00ed sv\u011bt v bl\u00edzk\u00e9 budoucnosti jednodu\u0161e nezhrout\u00ed, tak to v\u0161echno p\u0159eroste ve velkou v\u00e1lku.<\/span><\/p>\n<p><span dir=\"auto\">Nejsem si jist\u00fd, kde se tato v\u00e1lka odehraje \u2013 jestli v Pacifiku proti \u010c\u00edn\u011b nebo proti Indii, na Bl\u00edzk\u00e9m v\u00fdchod\u011b, nebo jestli se n\u00e1s p\u0159\u00edmo dotkne.<\/span><\/p>\n<p><span dir=\"auto\">Je docela mo\u017en\u00e9, \u017ee to za\u010d\u00edn\u00e1 u n\u00e1s. To, co se d\u011bje na Ukrajin\u011b, by proto mohlo b\u00fdt za\u010d\u00e1tkem v\u011bt\u0161\u00ed, masivn\u00ed v\u00e1lky.<\/span><\/p>\n<p><span dir=\"auto\">S na\u0161imi jadern\u00fdmi zbran\u011bmi, na\u0161imi \u00fazem\u00edmi, na\u0161\u00ed historickou identitou a na\u0161\u00ed schopnost\u00ed konceptualizovat sv\u011btov\u00e9 procesy je Rusko o n\u011bkolik krok\u016f nap\u0159ed p\u0159ed \u010c\u00ednou. \u010c\u00edna se teprve nyn\u00ed st\u00e1v\u00e1 skute\u010dnou sv\u011btovou velmoc\u00ed. To je pro zemi nov\u00e1 kvalita, nov\u00fd stav. Neexistuje \u017e\u00e1dn\u00e1 z\u00e1ruka, \u017ee se s t\u00edm \u010c\u00ed\u0148an\u00e9 vypo\u0159\u00e1daj\u00ed. Byli jsme v\u00fdznamnou sv\u011btovou velmoc\u00ed ve 20. stolet\u00ed (jednou ze dvou) a v 19. stolet\u00ed (jednou z n\u011bkolika). Velikost \u010c\u00edny spo\u010d\u00edvala ve starov\u011bku. \u010c\u00edna je nyn\u00ed bezpochyby jedn\u00edm z nejd\u016fle\u017eit\u011bj\u0161\u00edch st\u00e1t\u016f prvn\u00edho \u0159\u00e1du, jedn\u00edm ze dvou nebo t\u0159\u00ed, kter\u00e9 dominuj\u00ed sv\u011btu. Pro modern\u00ed \u010c\u00ednu je to v\u0161ak nov\u00e1 zku\u0161enost. St\u00e1le se na ni mus\u00ed p\u0159ipravit a zde se m\u016f\u017ee ud\u011blat mnoho chyb. S t\u00edm m\u00e1me velmi \u017eiv\u00e9 zku\u0161enosti, a proto je Rusko hlavn\u00ed p\u0159ek\u00e1\u017ekou pro globalisty a jejich hlavn\u00edm nep\u0159\u00edtelem. Proto jsme my, a nikdo jin\u00fd, hlavn\u00edmi akt\u00e9ry t\u00e9to v\u00e1lky, hlavn\u00edmi nositeli z\u00e1\u0159\u00edc\u00edho paprsku sv\u011btov\u00fdch d\u011bjin. My budujeme multipol\u00e1rn\u00ed sv\u011bt.<\/span><\/p>\n<p><span dir=\"auto\">Zda se za t\u011bchto okolnost\u00ed lze vyhnout t\u0159et\u00ed sv\u011btov\u00e9 v\u00e1lce, je z\u00e1sadn\u00ed ot\u00e1zkou. V sou\u010dasn\u00e9 dob\u011b je pro n\u00e1s jedinou nab\u00edzenou mo\u017enost\u00ed kapitulace \u2013 tedy \u00famysln\u00e9 p\u0159ed\u010dasn\u00e9 ukon\u010den\u00ed v\u00e1lky vzty\u010den\u00edm b\u00edl\u00e9 vlajky a kapitulac\u00ed napospas l\u00edtosti v\u00edt\u011bz\u016f. V\u011bdom\u00e9 uzn\u00e1n\u00ed por\u00e1\u017eky v\u0161ak neznamen\u00e1 konec v\u00e1lky. St\u00e1le jsme pln\u00ed v\u016fle a s\u00edly a sm\u011b\u0159ujeme k v\u00edt\u011bzstv\u00ed, nikoli k por\u00e1\u017ece. Pokud se tedy velk\u00e9 v\u00e1lce lze vyhnout pouze por\u00e1\u017ekou, pak to nen\u00ed n\u00e1\u0161 p\u0159\u00edpad \u2013 a v takov\u00e9m p\u0159\u00edpad\u011b se v\u00e1lce vyhnout nelze. Ale to, zda k v\u00e1lce dojde, nez\u00e1vis\u00ed na n\u00e1s. Z\u00e1le\u017e\u00ed na tom, jak se unipol\u00e1rn\u00ed sv\u011bt, kter\u00fd jej organizuje, rozhodne o nov\u00e9 f\u00e1zi eskalace.<\/span><\/p>\n<p><span dir=\"auto\">Celkov\u011b souhlas\u00edm s anal\u00fdzou, \u017ee se velk\u00e9 sv\u011btov\u00e9 v\u00e1lce nevyhneme. Takov\u00e1 v\u00e1lka zat\u00e1hne \u010c\u00ednu, s nejv\u011bt\u0161\u00ed pravd\u011bpodobnost\u00ed Indii, cel\u00fd Bl\u00edzk\u00fd v\u00fdchod a isl\u00e1msk\u00fd sv\u011bt. Z\u00e1rove\u0148 se p\u0159irozen\u011b odraz\u00ed v Africe a Latinsk\u00e9 Americe, kde se tak\u00e9 formuj\u00ed dv\u011b koalice: ta, kter\u00e1 up\u0159ednost\u0148uje unipolaritu, a ta, kter\u00e1 up\u0159ednost\u0148uje multipolaritu.<\/span><\/p>\n<p><span dir=\"auto\">Lidstvo tak \u010del\u00ed monstr\u00f3zn\u00edm zkou\u0161k\u00e1m. U\u017e prob\u00edhaj\u00ed; u\u017e jsme uprost\u0159ed nich. To, co nyn\u00ed za\u017e\u00edv\u00e1me, se bude zd\u00e1t jako d\u011btsk\u00e1 hra ve srovn\u00e1n\u00ed s t\u00edm, co n\u00e1s \u010dek\u00e1. Samoz\u0159ejm\u011b z toho nejsem nad\u0161en\u00fd, jako \u017e\u00e1dn\u00fd norm\u00e1ln\u00ed \u010dlov\u011bk. Ale v\u00e1lky prakticky v\u017edycky prob\u00edhaj\u00ed, kdy\u017e lid\u00e9 \u0159\u00edkaj\u00ed, \u017ee v\u00e1lku necht\u011bj\u00ed. V\u00e1lky nez\u00e1vis\u00ed na tom, jestli je lid\u00e9 cht\u011bj\u00ed, nebo ne. V d\u011bjin\u00e1ch existuje ur\u010dit\u00e1 logika, kter\u00e9 je prakticky nemo\u017en\u00e9 uniknout.<\/span><\/p>\n<\/div>\n<\/div>\n<div class=\"elementor-element elementor-element-8c57238 quelle dc-has-condition dc-condition-empty elementor-widget elementor-widget-heading\" data-id=\"8c57238\" data-element_type=\"widget\" data-widget_type=\"heading.default\">\n<div class=\"elementor-widget-container\">\n<h3 class=\"elementor-heading-title elementor-size-default\"><span style=\"font-size: 10pt;\"><a href=\"https:\/\/www.arktosjournal.com\/p\/war-is-ahead-of-us\" target=\"_blank\" rel=\"nofollow noopener\"><span dir=\"auto\">Zdroj<\/span><\/a><\/span><\/h3>\n<p><img decoding=\"async\" loading=\"lazy\" class=\"wp-image-86739 aligncenter\" src=\"http:\/\/www.infokuryr.cz\/n\/wp-content\/uploads\/2025\/08\/volby-program-211x300.png\" alt=\"\" width=\"711\" height=\"1011\" srcset=\"https:\/\/www.infokuryr.cz\/n\/wp-content\/uploads\/2025\/08\/volby-program-211x300.png 211w, https:\/\/www.infokuryr.cz\/n\/wp-content\/uploads\/2025\/08\/volby-program-721x1024.png 721w, https:\/\/www.infokuryr.cz\/n\/wp-content\/uploads\/2025\/08\/volby-program-768x1091.png 768w, https:\/\/www.infokuryr.cz\/n\/wp-content\/uploads\/2025\/08\/volby-program-1081x1536.png 1081w, https:\/\/www.infokuryr.cz\/n\/wp-content\/uploads\/2025\/08\/volby-program-1442x2048.png 1442w, https:\/\/www.infokuryr.cz\/n\/wp-content\/uploads\/2025\/08\/volby-program-1024x1455.png 1024w\" sizes=\"(max-width: 711px) 100vw, 711px\" \/><\/p>\n<\/div>\n<\/div>\n","protected":false},"excerpt":{"rendered":"<p>Nov\u00fd multipol\u00e1rn\u00ed sv\u011btov\u00fd \u0159\u00e1d nen\u00ed vytes\u00e1n do kamene a je nepravd\u011bpodobn\u00e9, \u017ee bude p\u0159ijat m\u00edrovou&#8230;<\/p>\n","protected":false},"author":2,"featured_media":89142,"comment_status":"closed","ping_status":"closed","sticky":false,"template":"","format":"standard","meta":[],"categories":[7],"tags":[1042,276,40],"_links":{"self":[{"href":"https:\/\/www.infokuryr.cz\/n\/wp-json\/wp\/v2\/posts\/89141"}],"collection":[{"href":"https:\/\/www.infokuryr.cz\/n\/wp-json\/wp\/v2\/posts"}],"about":[{"href":"https:\/\/www.infokuryr.cz\/n\/wp-json\/wp\/v2\/types\/post"}],"author":[{"embeddable":true,"href":"https:\/\/www.infokuryr.cz\/n\/wp-json\/wp\/v2\/users\/2"}],"replies":[{"embeddable":true,"href":"https:\/\/www.infokuryr.cz\/n\/wp-json\/wp\/v2\/comments?post=89141"}],"version-history":[{"count":0,"href":"https:\/\/www.infokuryr.cz\/n\/wp-json\/wp\/v2\/posts\/89141\/revisions"}],"wp:featuredmedia":[{"embeddable":true,"href":"https:\/\/www.infokuryr.cz\/n\/wp-json\/wp\/v2\/media\/89142"}],"wp:attachment":[{"href":"https:\/\/www.infokuryr.cz\/n\/wp-json\/wp\/v2\/media?parent=89141"}],"wp:term":[{"taxonomy":"category","embeddable":true,"href":"https:\/\/www.infokuryr.cz\/n\/wp-json\/wp\/v2\/categories?post=89141"},{"taxonomy":"post_tag","embeddable":true,"href":"https:\/\/www.infokuryr.cz\/n\/wp-json\/wp\/v2\/tags?post=89141"}],"curies":[{"name":"wp","href":"https:\/\/api.w.org\/{rel}","templated":true}]}}