{"id":89139,"date":"2025-10-04T00:13:07","date_gmt":"2025-10-03T22:13:07","guid":{"rendered":"https:\/\/www.infokuryr.cz\/n\/?p=89139"},"modified":"2025-10-03T11:00:51","modified_gmt":"2025-10-03T09:00:51","slug":"clenske-staty-osn-se-dohodly-na-digitalnich-identitach-prijetim-paktu-pro-budoucnost","status":"publish","type":"post","link":"https:\/\/www.infokuryr.cz\/n\/2025\/10\/04\/clenske-staty-osn-se-dohodly-na-digitalnich-identitach-prijetim-paktu-pro-budoucnost\/","title":{"rendered":"\u010clensk\u00e9 st\u00e1ty OSN se dohodly na digit\u00e1ln\u00edch identit\u00e1ch p\u0159ijet\u00edm \u201ePaktu pro budoucnost\u201c"},"content":{"rendered":"<div id=\"fb-root\"><\/div>\n<div class=\"elementor-element elementor-element-1fb4c2c elementor-widget elementor-widget-theme-post-content\" data-id=\"1fb4c2c\" data-element_type=\"widget\" data-widget_type=\"theme-post-content.default\">\n<div class=\"elementor-widget-container\" style=\"text-align: left;\">\n<h4 class=\"wp-block-heading\"><span dir=\"auto\">N\u011bkter\u00e9 zem\u011b rychle p\u0159ech\u00e1zej\u00ed k digit\u00e1ln\u00ed identifikaci, zat\u00edmco jin\u00e9 k DPI p\u0159ech\u00e1zej\u00ed pomalu a \u010dekaj\u00ed na zm\u011bnu re\u017eimu, vn\u00edmanou krizi nebo aktualizaci politik, aby se v\u0161e dostalo do online prost\u0159ed\u00ed: Perspektiva<\/span><\/h4>\n<p><span dir=\"auto\">S p\u0159ijet\u00edm \u201e\u00a0<\/span><strong><span dir=\"auto\">Dohody pro budoucnost<\/span><\/strong><span dir=\"auto\">\u00a0\u201c na summitu OSN\u00a0<\/span><strong><span dir=\"auto\">pro budoucnost<\/span><\/strong><span dir=\"auto\">\u00a0v z\u00e1\u0159\u00ed 2024 se 193 \u010dlensk\u00fdch st\u00e1t\u016f nez\u00e1vazn\u011b zav\u00e1zalo zav\u00e9st programy digit\u00e1ln\u00ed identity jako sou\u010d\u00e1st \u0161ir\u0161\u00edho pl\u00e1nu digit\u00e1ln\u00ed ve\u0159ejn\u00e9 infrastruktury (DPI).<\/span><\/p>\n<p><span dir=\"auto\">DPI je bal\u00edk ob\u010dansk\u00fdch technologi\u00ed sest\u00e1vaj\u00edc\u00ed ze t\u0159\u00ed hlavn\u00edch komponent:<\/span><\/p>\n<ul>\n<li><span dir=\"auto\">Digit\u00e1ln\u00ed identita<\/span><\/li>\n<li><span dir=\"auto\">Syst\u00e9my rychl\u00fdch plateb (nap\u0159. programovateln\u00e9 syst\u00e9my digit\u00e1ln\u00edch m\u011bn centr\u00e1ln\u00edch bank [CBDC], stablecoiny, aplikace online bankovnictv\u00ed atd.)<\/span><\/li>\n<li><span dir=\"auto\">Rozs\u00e1hl\u00e1 v\u00fdm\u011bna dat mezi ve\u0159ejn\u00fdmi a soukrom\u00fdmi institucemi<\/span><\/li>\n<\/ul>\n<p><span dir=\"auto\">Rok po p\u0159ijet\u00ed \u201eKompaktu\u00a0<\/span><strong><span dir=\"auto\">pro budoucnost<\/span><\/strong><span dir=\"auto\">\u00a0\u201c se n\u011bkolik zem\u00ed rychle posouv\u00e1 k f\u00e1zi implementace DPI, p\u0159i\u010dem\u017e Spojen\u00e9 kr\u00e1lovstv\u00ed je jednou z posledn\u00edch zem\u00ed z\u00e1padn\u00edho sv\u011bta, kter\u00e9 ozn\u00e1mily povinn\u00fd digit\u00e1ln\u00ed pr\u016fkaz toto\u017enosti pro v\u0161echny dosp\u011bl\u00e9 pracovn\u00edky.<\/span><\/p>\n<p><span dir=\"auto\">A\u010dkoli se na \u201e\u00a0<\/span><strong><span dir=\"auto\">Paktu pro budoucnost<\/span><\/strong><span dir=\"auto\">\u00a0\u201c dohodly \u010dlensk\u00e9 st\u00e1ty, jedn\u00e1 se o nez\u00e1vazn\u00e9 usnesen\u00ed a nevy\u017eaduje, aby se zem\u011b vzdaly sv\u00e9 suverenity, mnoho z nich se k pl\u00e1nu i p\u0159esto p\u0159ipojuje.<\/span><\/p>\n<p><span dir=\"auto\">A pro ty zem\u011b, kter\u00e9 v sou\u010dasn\u00e9 dob\u011b v\u00e1haj\u00ed s ozn\u00e1men\u00edm program\u016f digit\u00e1ln\u00ed identifikace, sta\u010d\u00ed zm\u011bna vl\u00e1dy, aktualizace politik nebo vn\u00edman\u00e1 nouzov\u00e1 situace, aby se v\u011bci znovu rozjely.<\/span><\/p>\n<p><em><strong><span dir=\"auto\">\u201eZavazujeme se k vytvo\u0159en\u00ed a p\u0159ijet\u00ed souboru ochrann\u00fdch opat\u0159en\u00ed pro inkluzivn\u00ed, odpov\u011bdnou, bezpe\u010dnou a na u\u017eivatele zam\u011b\u0159enou digit\u00e1ln\u00ed ve\u0159ejnou infrastrukturu do roku 2030, kter\u00e1 lze implementovat v r\u016fzn\u00fdch kontextech (c\u00edl udr\u017eiteln\u00e9ho rozvoje \u010d. 16).\u201c<\/span><\/strong><\/em><\/p>\n<p><span dir=\"auto\">Organizace spojen\u00fdch n\u00e1rod\u016f, Pakt pro budoucnost, z\u00e1\u0159\u00ed 2024<\/span><\/p>\n<p><span dir=\"auto\">V r\u00e1mci \u201e\u00a0<\/span><strong><span dir=\"auto\">Kompaktu pro budoucnost<\/span><\/strong><span dir=\"auto\">\u00a0\u201c existuje \u201e\u00a0<\/span><strong><span dir=\"auto\">Glob\u00e1ln\u00ed digit\u00e1ln\u00ed pakt<\/span><\/strong><span dir=\"auto\">\u00a0\u201c, p\u0159\u00edloha, kter\u00e1 v\u011bnuje celou jednu \u010d\u00e1st glob\u00e1ln\u00ed podpo\u0159e DPI.<\/span><\/p>\n<p><span dir=\"auto\">Nikde v cel\u00e9m dokumentu se neobjevuj\u00ed pojmy \u201edigit\u00e1ln\u00ed identifika\u010dn\u00ed \u010d\u00edslo\u201c nebo \u201edigit\u00e1ln\u00ed identita\u201c, a\u010dkoli jsou pro cel\u00fd koncept digit\u00e1ln\u00ed ve\u0159ejn\u00e9 infrastruktury z\u00e1sadn\u00ed.<\/span><\/p>\n<p><span dir=\"auto\">\u010clensk\u00e9 st\u00e1ty OSN se nicm\u00e9n\u011b dohodly na podpo\u0159e zaveden\u00ed digit\u00e1ln\u00edch identifika\u010dn\u00edch doklad\u016f do roku 2030 t\u00edm, \u017ee se zav\u00e1zaly k n\u00e1sleduj\u00edc\u00edm opat\u0159en\u00edm:<\/span><\/p>\n<ul>\n<li><strong><em><span dir=\"auto\">Vypracovat a definovat soubor z\u00e1ruk pro inkluzivn\u00ed, odpov\u011bdnou, bezpe\u010dnou a na u\u017eivatele zam\u011b\u0159enou digit\u00e1ln\u00ed ve\u0159ejnou infrastrukturu, kterou lze implementovat v r\u016fzn\u00fdch kontextech (c\u00edl udr\u017eiteln\u00e9ho rozvoje \u010d. 16)<\/span><\/em><\/strong><\/li>\n<li><em><strong><span dir=\"auto\">Sd\u00edlen\u00ed a publikov\u00e1n\u00ed osv\u011bd\u010den\u00fdch postup\u016f a p\u0159\u00edpad\u016f u\u017eit\u00ed digit\u00e1ln\u00ed ve\u0159ejn\u00e9 infrastruktury s c\u00edlem informovat vl\u00e1dy, soukrom\u00fd sektor a dal\u0161\u00ed z\u00fa\u010dastn\u011bn\u00e9 strany, a to na z\u00e1klad\u011b st\u00e1vaj\u00edc\u00edch datab\u00e1z\u00ed Organizace spojen\u00fdch n\u00e1rod\u016f a dal\u0161\u00edch (c\u00edle udr\u017eiteln\u00e9ho rozvoje 16 a 17)<\/span><\/strong><\/em><\/li>\n<li><em><strong><span dir=\"auto\">Zv\u00fd\u0161it investice a financov\u00e1n\u00ed rozvoje digit\u00e1ln\u00edch ve\u0159ejn\u00fdch statk\u016f a digit\u00e1ln\u00ed ve\u0159ejn\u00e9 infrastruktury, zejm\u00e9na v rozvojov\u00fdch zem\u00edch (c\u00edl udr\u017eiteln\u00e9ho rozvoje \u010d. 17)<\/span><\/strong><\/em><\/li>\n<li><em><strong><span dir=\"auto\">Podporovat vytv\u00e1\u0159en\u00ed partnerstv\u00ed, kter\u00e1 spojuj\u00ed vl\u00e1dy, soukrom\u00fd sektor, ob\u010danskou spole\u010dnost, technick\u00e9 a akademick\u00e9 komunity a mezin\u00e1rodn\u00ed a region\u00e1ln\u00ed organizace s c\u00edlem navrhovat, spou\u0161t\u011bt a podporovat iniciativy vyu\u017e\u00edvaj\u00edc\u00ed digit\u00e1ln\u00ed ve\u0159ejn\u00e9 statky a digit\u00e1ln\u00ed ve\u0159ejnou infrastrukturu k prosazov\u00e1n\u00ed \u0159e\u0161en\u00ed pro C\u00edle udr\u017eiteln\u00e9ho rozvoje (SDG 17).<\/span><\/strong><\/em><\/li>\n<\/ul>\n<p><span dir=\"auto\">V\u0161echno souvis\u00ed s C\u00edly udr\u017eiteln\u00e9ho rozvoje (SDG), zn\u00e1m\u00fdmi tak\u00e9 jako Agenda 2030.<\/span><\/p>\n<figure class=\"wp-block-image aligncenter size-large\"><img decoding=\"async\" class=\"aligncenter\" src=\"https:\/\/sociable.co\/wp-content\/uploads\/2025\/09\/image-24.png\" alt=\"\" \/><\/figure>\n<p><strong><span dir=\"auto\">A\u010dkoli to nen\u00ed v dokumentu v\u00fdslovn\u011b jmenovit\u011b zm\u00edn\u011bno, program pro p\u0159ijet\u00ed glob\u00e1ln\u00edch syst\u00e9m\u016f digit\u00e1ln\u00ed identity byl na Summitu budoucnosti<\/span><\/strong><span dir=\"auto\">\u00a0v\u00fdslovn\u011b zopakov\u00e1n\u00a0\u0159e\u010dn\u00edky .<\/span><\/p>\n<p><span dir=\"auto\">Achim Steiner, spr\u00e1vce Rozvojov\u00e9ho programu OSN (UNDP), tam vysv\u011btlil, \u017ee UNDP hraje kl\u00ed\u010dovou roli v roz\u0161i\u0159ov\u00e1n\u00ed digit\u00e1ln\u00ed ve\u0159ejn\u00e9 infrastruktury pro v\u0161echny na cel\u00e9m sv\u011bt\u011b.<\/span><\/p>\n<p><em><strong><span dir=\"auto\">\u201eP\u0159edstavte si digit\u00e1ln\u00ed ve\u0159ejnou infrastrukturu. Ka\u017ed\u00fd m\u00e1 dnes zabezpe\u010denou digit\u00e1ln\u00ed identitu \u2013 p\u0159edstavte si rok 2030. D\u00edky tomu jsou dostupn\u00e9 slu\u017eby, kter\u00e9 d\u0159\u00edve byly pro tolik lid\u00ed nep\u0159\u00edstupn\u00e9.\u201c<\/span><\/strong><\/em><\/p>\n<p><span dir=\"auto\">Spr\u00e1vce UNDP Achim Steiner, summit OSN \u201eDruh\u00fd den budouc\u00edch akc\u00ed\u201c, z\u00e1\u0159\u00ed 2024<\/span><\/p>\n<div class=\"twitter-tweet twitter-tweet-rendered\"><iframe id=\"twitter-widget-0\" class=\"\" title=\"X Post\" src=\"https:\/\/platform.twitter.com\/embed\/Tweet.html?dnt=false&amp;embedId=twitter-widget-0&amp;features=eyJ0ZndfdGltZWxpbmVfbGlzdCI6eyJidWNrZXQiOltdLCJ2ZXJzaW9uIjpudWxsfSwidGZ3X2ZvbGxvd2VyX2NvdW50X3N1bnNldCI6eyJidWNrZXQiOnRydWUsInZlcnNpb24iOm51bGx9LCJ0ZndfdHdlZXRfZWRpdF9iYWNrZW5kIjp7ImJ1Y2tldCI6Im9uIiwidmVyc2lvbiI6bnVsbH0sInRmd19yZWZzcmNfc2Vzc2lvbiI6eyJidWNrZXQiOiJvbiIsInZlcnNpb24iOm51bGx9LCJ0ZndfZm9zbnJfc29mdF9pbnRlcnZlbnRpb25zX2VuYWJsZWQiOnsiYnVja2V0Ijoib24iLCJ2ZXJzaW9uIjpudWxsfSwidGZ3X21peGVkX21lZGlhXzE1ODk3Ijp7ImJ1Y2tldCI6InRyZWF0bWVudCIsInZlcnNpb24iOm51bGx9LCJ0ZndfZXhwZXJpbWVudHNfY29va2llX2V4cGlyYXRpb24iOnsiYnVja2V0IjoxMjA5NjAwLCJ2ZXJzaW9uIjpudWxsfSwidGZ3X3Nob3dfYmlyZHdhdGNoX3Bpdm90c19lbmFibGVkIjp7ImJ1Y2tldCI6Im9uIiwidmVyc2lvbiI6bnVsbH0sInRmd19kdXBsaWNhdGVfc2NyaWJlc190b19zZXR0aW5ncyI6eyJidWNrZXQiOiJvbiIsInZlcnNpb24iOm51bGx9LCJ0ZndfdXNlX3Byb2ZpbGVfaW1hZ2Vfc2hhcGVfZW5hYmxlZCI6eyJidWNrZXQiOiJvbiIsInZlcnNpb24iOm51bGx9LCJ0ZndfdmlkZW9faGxzX2R5bmFtaWNfbWFuaWZlc3RzXzE1MDgyIjp7ImJ1Y2tldCI6InRydWVfYml0cmF0ZSIsInZlcnNpb24iOm51bGx9LCJ0ZndfbGVnYWN5X3RpbWVsaW5lX3N1bnNldCI6eyJidWNrZXQiOnRydWUsInZlcnNpb24iOm51bGx9LCJ0ZndfdHdlZXRfZWRpdF9mcm9udGVuZCI6eyJidWNrZXQiOiJvbiIsInZlcnNpb24iOm51bGx9fQ%3D%3D&amp;frame=false&amp;hideCard=false&amp;hideThread=false&amp;id=1837548530795205063&amp;lang=cs&amp;origin=https%3A%2F%2Funcutnews.ch%2Fun-mitgliedstaaten-einigten-sich-mit-der-verabschiedung-des-paktes-fuer-die-zukunft-auf-digitale-identitaeten%2F&amp;sessionId=9211c9673cd6ec5d3a3befcf2b36138ae59407f8&amp;theme=light&amp;widgetsVersion=2615f7e52b7e0%3A1702314776716&amp;width=550px\" frameborder=\"0\" scrolling=\"no\" allowfullscreen=\"allowfullscreen\" data-tweet-id=\"1837548530795205063\" data-mce-fragment=\"1\"><\/iframe><\/div>\n<p><em><strong><span dir=\"auto\">P\u0159eklad od X<\/span><\/strong><span dir=\"auto\">\u00a0: V roce 2030: \u201eP\u0159edstavte si digit\u00e1ln\u00ed ve\u0159ejnou infrastrukturu. Ka\u017ed\u00fd m\u00e1 nyn\u00ed zabezpe\u010denou digit\u00e1ln\u00ed identitu (digit\u00e1ln\u00ed identifika\u010dn\u00ed \u010d\u00edslo). D\u00edky tomu jsou slu\u017eby, kter\u00e9 byly d\u0159\u00edve pro tolik lid\u00ed nedostupn\u00e9, p\u0159\u00edstupn\u00e9.\u201c Spr\u00e1vce UNDP Achim Steiner, 2. den akc\u00ed Summitu budoucnosti https:\/\/webtv.un.org\/en\/asset\/k1y\/k<\/span><\/em><\/p>\n<p><span dir=\"auto\">Podle Steinera digit\u00e1ln\u00ed identita otev\u00edr\u00e1 p\u0159\u00edstup ke slu\u017eb\u00e1m, kter\u00e9 byly d\u0159\u00edve nedostupn\u00e9.<\/span><\/p>\n<p><span dir=\"auto\">Steiner si v roce 2030 p\u0159edstavoval budoucnost s DPI a fantaz\u00edroval: \u201e\u00a0<\/span><strong><em><span dir=\"auto\">Kdy\u017e se iniciativa digit\u00e1ln\u00ed identity dostala k mlad\u00e9 matce, nejen\u017ee j\u00ed to umo\u017enilo p\u0159\u00edstup ke vzd\u011bl\u00e1n\u00ed a zdravotn\u00ed p\u00e9\u010di, ale tak\u00e9 \u0159ekla: \u201aPoprv\u00e9 se c\u00edt\u00edm vid\u011bna<\/span><\/em><\/strong><span dir=\"auto\">\u00a0.\u2018\u201c<\/span><\/p>\n<p><span dir=\"auto\">A p\u0159esn\u011b o to syst\u00e9my digit\u00e1ln\u00ed identity jde \u2013 \u017eivot bez nich je t\u00e9m\u011b\u0159 nemo\u017en\u00fd.<\/span><\/p>\n<p><span dir=\"auto\">Vzhledem k velk\u00e9mu mno\u017estv\u00ed slu\u017eeb, p\u0159ihla\u0161ovac\u00edch \u00fadaj\u016f a dokument\u016f centralizovan\u00fdch a propojen\u00fdch v interoperabiln\u00edm syst\u00e9mu se digit\u00e1ln\u00ed identita st\u00e1v\u00e1 n\u00e1strojem pro \u00faplnou kontrolu nad jednotlivcem ovliv\u0148ov\u00e1n\u00edm lidsk\u00e9ho chov\u00e1n\u00ed prost\u0159ednictv\u00edm pob\u00eddek, n\u00e1tlaku nebo jin\u00e9 manipulace.<\/span><\/p>\n<p><span dir=\"auto\">To je n\u00e1\u0161 \u201edigit\u00e1ln\u00ed osud\u201c.<\/span><\/p>\n<p><em><strong><span dir=\"auto\">\u201eToto je okam\u017eik, kdy mus\u00edme p\u0159edefinovat n\u00e1\u0161 digit\u00e1ln\u00ed osud [\u2026] Sou\u010d\u00e1st\u00ed slibu OSN [\u2026] je podpo\u0159it pokrok v oblasti digit\u00e1ln\u00ed ve\u0159ejn\u00e9 infrastruktury [\u2026] Prost\u0159edky k dosa\u017een\u00ed c\u00edle\u201c<\/span><\/strong><\/em><\/p>\n<p><span dir=\"auto\">Spr\u00e1vce UNDP Achim Steiner, summit OSN \u201eDruh\u00fd den budouc\u00edch akc\u00ed\u201c, z\u00e1\u0159\u00ed 2024<\/span><\/p>\n<div class=\"twitter-tweet twitter-tweet-rendered\"><iframe id=\"twitter-widget-1\" class=\"\" title=\"X Post\" src=\"https:\/\/platform.twitter.com\/embed\/Tweet.html?dnt=false&amp;embedId=twitter-widget-1&amp;features=eyJ0ZndfdGltZWxpbmVfbGlzdCI6eyJidWNrZXQiOltdLCJ2ZXJzaW9uIjpudWxsfSwidGZ3X2ZvbGxvd2VyX2NvdW50X3N1bnNldCI6eyJidWNrZXQiOnRydWUsInZlcnNpb24iOm51bGx9LCJ0ZndfdHdlZXRfZWRpdF9iYWNrZW5kIjp7ImJ1Y2tldCI6Im9uIiwidmVyc2lvbiI6bnVsbH0sInRmd19yZWZzcmNfc2Vzc2lvbiI6eyJidWNrZXQiOiJvbiIsInZlcnNpb24iOm51bGx9LCJ0ZndfZm9zbnJfc29mdF9pbnRlcnZlbnRpb25zX2VuYWJsZWQiOnsiYnVja2V0Ijoib24iLCJ2ZXJzaW9uIjpudWxsfSwidGZ3X21peGVkX21lZGlhXzE1ODk3Ijp7ImJ1Y2tldCI6InRyZWF0bWVudCIsInZlcnNpb24iOm51bGx9LCJ0ZndfZXhwZXJpbWVudHNfY29va2llX2V4cGlyYXRpb24iOnsiYnVja2V0IjoxMjA5NjAwLCJ2ZXJzaW9uIjpudWxsfSwidGZ3X3Nob3dfYmlyZHdhdGNoX3Bpdm90c19lbmFibGVkIjp7ImJ1Y2tldCI6Im9uIiwidmVyc2lvbiI6bnVsbH0sInRmd19kdXBsaWNhdGVfc2NyaWJlc190b19zZXR0aW5ncyI6eyJidWNrZXQiOiJvbiIsInZlcnNpb24iOm51bGx9LCJ0ZndfdXNlX3Byb2ZpbGVfaW1hZ2Vfc2hhcGVfZW5hYmxlZCI6eyJidWNrZXQiOiJvbiIsInZlcnNpb24iOm51bGx9LCJ0ZndfdmlkZW9faGxzX2R5bmFtaWNfbWFuaWZlc3RzXzE1MDgyIjp7ImJ1Y2tldCI6InRydWVfYml0cmF0ZSIsInZlcnNpb24iOm51bGx9LCJ0ZndfbGVnYWN5X3RpbWVsaW5lX3N1bnNldCI6eyJidWNrZXQiOnRydWUsInZlcnNpb24iOm51bGx9LCJ0ZndfdHdlZXRfZWRpdF9mcm9udGVuZCI6eyJidWNrZXQiOiJvbiIsInZlcnNpb24iOm51bGx9fQ%3D%3D&amp;frame=false&amp;hideCard=false&amp;hideThread=false&amp;id=1837550148387283304&amp;lang=cs&amp;origin=https%3A%2F%2Funcutnews.ch%2Fun-mitgliedstaaten-einigten-sich-mit-der-verabschiedung-des-paktes-fuer-die-zukunft-auf-digitale-identitaeten%2F&amp;sessionId=9211c9673cd6ec5d3a3befcf2b36138ae59407f8&amp;theme=light&amp;widgetsVersion=2615f7e52b7e0%3A1702314776716&amp;width=550px\" frameborder=\"0\" scrolling=\"no\" allowfullscreen=\"allowfullscreen\" data-tweet-id=\"1837550148387283304\" data-mce-fragment=\"1\"><\/iframe><\/div>\n<p><em><strong><span dir=\"auto\">P\u0159eklad \u201eX\u201c<\/span><\/strong><span dir=\"auto\">\u00a0: \u201eToto je okam\u017eik k p\u0159edefinov\u00e1n\u00ed na\u0161eho digit\u00e1ln\u00edho osudu. Sou\u010d\u00e1st\u00ed slibu OSN je podpo\u0159it pokrok v oblasti digit\u00e1ln\u00ed ve\u0159ejn\u00e9 infrastruktury, budov\u00e1n\u00ed kapacit a financov\u00e1n\u00ed \u2013 PROST\u0158EDKY K C\u00cdLI\u201c: spr\u00e1vce UNDP Achim Steiner Summit OSN o budoucnosti, 2. den akc\u00ed https:\/\/webtv.un.org\/en\/asset\/k1y\/k<\/span><\/em><\/p>\n<p><em><strong><span dir=\"auto\">\u201eChytr\u00e1 m\u011bsta zam\u011b\u0159en\u00e1 na lidi vy\u017eaduj\u00ed p\u0159\u00edstupnou, bezpe\u010dnou a spravedlivou digit\u00e1ln\u00ed ve\u0159ejnou infrastrukturu, kter\u00e1 umo\u017e\u0148uje digit\u00e1ln\u00ed slu\u017eby a zaji\u0161\u0165uje, aby ka\u017ed\u00fd m\u011bl stejn\u00e9 p\u0159\u00edle\u017eitosti k pln\u00e9mu zapojen\u00ed do spole\u010dnosti.\u201c<\/span><\/strong><\/em><\/p>\n<p><em><span dir=\"auto\">Organizace spojen\u00fdch n\u00e1rod\u016f, Pokyny k budov\u00e1n\u00ed a zabezpe\u010den\u00ed digit\u00e1ln\u00ed ve\u0159ejn\u00e9 infrastruktury, \u010derven 2022<\/span><\/em><\/p>\n<p><span dir=\"auto\">Aby nebylo pochyb o tom, \u017ee digit\u00e1ln\u00ed identita je \u00fast\u0159edn\u00edm bodem DPI, uv\u00e1d\u00ed P\u0159\u00edru\u010dka OSN pro digit\u00e1ln\u00ed ve\u0159ejnou infrastrukturu, \u017ee digit\u00e1ln\u00ed identita je z\u00e1kladem DPI: \u201e\u00a0<\/span><strong><em><span dir=\"auto\">Obecn\u011b \u0159e\u010deno, existuj\u00ed t\u0159i hlavn\u00ed typy protokol\u016f, kter\u00e9 umo\u017e\u0148uj\u00ed digit\u00e1ln\u00ed ve\u0159ejnou infrastrukturu: digit\u00e1ln\u00ed identita, digit\u00e1ln\u00ed platby a sd\u00edlen\u00ed dat<\/span><\/em><\/strong><span dir=\"auto\">\u00a0.\u201c<\/span><\/p>\n<p><strong><em><span dir=\"auto\">Tyto t\u0159i protokoly jsou obvykle vy\u017eadov\u00e1ny pro v\u011bt\u0161inu transakc\u00ed digit\u00e1ln\u00edch slu\u017eeb, jako je ud\u011blov\u00e1n\u00ed autorizac\u00ed, vyd\u00e1v\u00e1n\u00ed licenc\u00ed nebo poskytov\u00e1n\u00ed dokumentace, kter\u00e9 \u010dasto vy\u017eaduj\u00ed ov\u011b\u0159en\u00ed identity u\u017eivatele, umo\u017en\u011bn\u00ed v\u00fdm\u011bny dat mezi \u00fa\u0159ady a u\u017eivateli a nakonec autorizaci online plateb<\/span><\/em><\/strong><span dir=\"auto\">\u00a0.<\/span><\/p>\n<p><span dir=\"auto\">\u201e\u00a0<\/span><strong><em><span dir=\"auto\">Up\u0159ednostn\u011bn\u00edm t\u011bchto t\u0159\u00ed protokol\u016f<\/span><\/em><\/strong><span dir=\"auto\">\u00a0,\u201c uv\u00e1d\u00ed OSN, \u201e\u00a0<\/span><strong><em><span dir=\"auto\">mohou m\u00edstn\u00ed \u00fa\u0159ady vytvo\u0159it podm\u00ednky pro \u00fasp\u011b\u0161n\u00fd rozvoj cel\u00e9ho ekosyst\u00e9mu digit\u00e1ln\u00edch slu\u017eeb p\u0159izp\u016fsoben\u00fdch specifick\u00fdm pot\u0159eb\u00e1m jejich komunity<\/span><\/em><\/strong><span dir=\"auto\">\u00a0.\u201c<\/span><\/p>\n<div class=\"twitter-tweet twitter-tweet-rendered\"><iframe id=\"twitter-widget-2\" class=\"\" title=\"X Post\" src=\"https:\/\/platform.twitter.com\/embed\/Tweet.html?dnt=false&amp;embedId=twitter-widget-2&amp;features=eyJ0ZndfdGltZWxpbmVfbGlzdCI6eyJidWNrZXQiOltdLCJ2ZXJzaW9uIjpudWxsfSwidGZ3X2ZvbGxvd2VyX2NvdW50X3N1bnNldCI6eyJidWNrZXQiOnRydWUsInZlcnNpb24iOm51bGx9LCJ0ZndfdHdlZXRfZWRpdF9iYWNrZW5kIjp7ImJ1Y2tldCI6Im9uIiwidmVyc2lvbiI6bnVsbH0sInRmd19yZWZzcmNfc2Vzc2lvbiI6eyJidWNrZXQiOiJvbiIsInZlcnNpb24iOm51bGx9LCJ0ZndfZm9zbnJfc29mdF9pbnRlcnZlbnRpb25zX2VuYWJsZWQiOnsiYnVja2V0Ijoib24iLCJ2ZXJzaW9uIjpudWxsfSwidGZ3X21peGVkX21lZGlhXzE1ODk3Ijp7ImJ1Y2tldCI6InRyZWF0bWVudCIsInZlcnNpb24iOm51bGx9LCJ0ZndfZXhwZXJpbWVudHNfY29va2llX2V4cGlyYXRpb24iOnsiYnVja2V0IjoxMjA5NjAwLCJ2ZXJzaW9uIjpudWxsfSwidGZ3X3Nob3dfYmlyZHdhdGNoX3Bpdm90c19lbmFibGVkIjp7ImJ1Y2tldCI6Im9uIiwidmVyc2lvbiI6bnVsbH0sInRmd19kdXBsaWNhdGVfc2NyaWJlc190b19zZXR0aW5ncyI6eyJidWNrZXQiOiJvbiIsInZlcnNpb24iOm51bGx9LCJ0ZndfdXNlX3Byb2ZpbGVfaW1hZ2Vfc2hhcGVfZW5hYmxlZCI6eyJidWNrZXQiOiJvbiIsInZlcnNpb24iOm51bGx9LCJ0ZndfdmlkZW9faGxzX2R5bmFtaWNfbWFuaWZlc3RzXzE1MDgyIjp7ImJ1Y2tldCI6InRydWVfYml0cmF0ZSIsInZlcnNpb24iOm51bGx9LCJ0ZndfbGVnYWN5X3RpbWVsaW5lX3N1bnNldCI6eyJidWNrZXQiOnRydWUsInZlcnNpb24iOm51bGx9LCJ0ZndfdHdlZXRfZWRpdF9mcm9udGVuZCI6eyJidWNrZXQiOiJvbiIsInZlcnNpb24iOm51bGx9fQ%3D%3D&amp;frame=false&amp;hideCard=false&amp;hideThread=false&amp;id=1702775010677711023&amp;lang=cs&amp;origin=https%3A%2F%2Funcutnews.ch%2Fun-mitgliedstaaten-einigten-sich-mit-der-verabschiedung-des-paktes-fuer-die-zukunft-auf-digitale-identitaeten%2F&amp;sessionId=9211c9673cd6ec5d3a3befcf2b36138ae59407f8&amp;theme=light&amp;widgetsVersion=2615f7e52b7e0%3A1702314776716&amp;width=550px\" frameborder=\"0\" scrolling=\"no\" allowfullscreen=\"allowfullscreen\" data-tweet-id=\"1702775010677711023\" data-mce-fragment=\"1\"><\/iframe><\/div>\n<p><em><strong><span dir=\"auto\">P\u0159eklad \u201eX\u201c<\/span><\/strong><span dir=\"auto\">\u00a0: Digit\u00e1ln\u00ed pr\u00e1vn\u00ed identita je z\u00e1kladn\u00ed digit\u00e1ln\u00ed ve\u0159ejn\u00e1 infrastruktura, kter\u00e1 m\u00e1 potenci\u00e1l podporovat rozvojov\u00e9 p\u0159\u00edle\u017eitosti v r\u016fzn\u00fdch zem\u00edch. Pro pln\u00e9 vyu\u017eit\u00ed jej\u00edch v\u00fdhod je nezbytn\u00e1 spr\u00e1va v\u011bc\u00ed ve\u0159ejn\u00fdch zalo\u017een\u00e1 na pr\u00e1vech a inkluzivn\u00ed spr\u00e1va v\u011bc\u00ed ve\u0159ejn\u00fdch. Zjist\u011bte v\u00edce<\/span><\/em><\/p>\n<p><span dir=\"auto\">Organizace spojen\u00fdch n\u00e1rod\u016f nen\u00ed zdaleka jedin\u00e1, kter\u00e1 chce vnutit digit\u00e1ln\u00ed identitu cel\u00e9mu lidstvu.<\/span><\/p>\n<p><span dir=\"auto\">V \u0159\u00edjnu 2023 OSN, Nadace Billa a Melindy Gatesov\u00fdch a partne\u0159i z Rockefellerovy nadace ozn\u00e1mili, \u017ee do roku 2028 zah\u00e1j\u00ed kampa\u0148 \u201e50 v 5\u201c s c\u00edlem prosazovat alespo\u0148 jednu slo\u017eku DPI (digit\u00e1ln\u00ed identifikace, digit\u00e1ln\u00ed platby a sd\u00edlen\u00ed dat) v 50 zem\u00edch.<\/span><\/p>\n<p><span dir=\"auto\">Kampa\u0148 50 v 5 je v\u00fdsledkem spolupr\u00e1ce mezi Nadac\u00ed Billa a Melindy Gatesov\u00fdch, Rozvojov\u00fdm programem OSN, Alianc\u00ed pro digit\u00e1ln\u00ed ve\u0159ejn\u00e9 statky a organizac\u00ed Co-Develop.<\/span><\/p>\n<p><span dir=\"auto\">Spole\u010dnost Co-Develop zalo\u017eily Rockefellerova nadace, Nadace Billa a Melindy Gatesov\u00fdch, Nilekani Philanthropies a s\u00ed\u0165 Omidyar.<\/span><\/p>\n<p><span dir=\"auto\">Aliance pro digit\u00e1ln\u00ed ve\u0159ejn\u00e9 statky (Digital Public Goods Alliance) ve sv\u00e9m pl\u00e1nu, kter\u00fd nasti\u0148uje \u201eaktivity na podporu digit\u00e1ln\u00edch ve\u0159ejn\u00fdch statk\u016f\u201c, uv\u00e1d\u00ed nadace Gates a Rockefeller spolu s dal\u0161\u00edmi organizacemi a n\u011bkolika vl\u00e1dami.<\/span><\/p>\n<p><span dir=\"auto\">Pr\u00e1v\u011b takov\u00e9 skupiny mus\u00ed financovat, vzd\u011bl\u00e1vat a povzbuzovat pomal\u00e9 nebo v\u00e1haj\u00edc\u00ed n\u00e1rody k dosa\u017een\u00ed c\u00edl\u016f Agendy 2030.<\/span><\/p>\n<p><em><strong><span dir=\"auto\">\u201eDo roku 2028 bude m\u00edt digit\u00e1ln\u00ed identitu v\u00edce ne\u017e 500 milion\u016f dal\u0161\u00edch lid\u00ed, co\u017e jim umo\u017en\u00ed snadn\u011bj\u0161\u00ed p\u0159\u00edstup k pracovn\u00edm a vzd\u011bl\u00e1vac\u00edm p\u0159\u00edle\u017eitostem, stejn\u011b jako k finan\u010dn\u00edm slu\u017eb\u00e1m, zdravotn\u00ed p\u00e9\u010di a vl\u00e1dn\u00edm program\u016fm.\u201c<\/span><\/strong><\/em><\/p>\n<p><span dir=\"auto\">Melinda French Gates, uveden\u00ed modelu 50 v 5 na trh, listopad 2023<\/span><\/p>\n<div class=\"twitter-tweet twitter-tweet-rendered\"><iframe id=\"twitter-widget-3\" class=\"\" title=\"X Post\" src=\"https:\/\/platform.twitter.com\/embed\/Tweet.html?dnt=false&amp;embedId=twitter-widget-3&amp;features=eyJ0ZndfdGltZWxpbmVfbGlzdCI6eyJidWNrZXQiOltdLCJ2ZXJzaW9uIjpudWxsfSwidGZ3X2ZvbGxvd2VyX2NvdW50X3N1bnNldCI6eyJidWNrZXQiOnRydWUsInZlcnNpb24iOm51bGx9LCJ0ZndfdHdlZXRfZWRpdF9iYWNrZW5kIjp7ImJ1Y2tldCI6Im9uIiwidmVyc2lvbiI6bnVsbH0sInRmd19yZWZzcmNfc2Vzc2lvbiI6eyJidWNrZXQiOiJvbiIsInZlcnNpb24iOm51bGx9LCJ0ZndfZm9zbnJfc29mdF9pbnRlcnZlbnRpb25zX2VuYWJsZWQiOnsiYnVja2V0Ijoib24iLCJ2ZXJzaW9uIjpudWxsfSwidGZ3X21peGVkX21lZGlhXzE1ODk3Ijp7ImJ1Y2tldCI6InRyZWF0bWVudCIsInZlcnNpb24iOm51bGx9LCJ0ZndfZXhwZXJpbWVudHNfY29va2llX2V4cGlyYXRpb24iOnsiYnVja2V0IjoxMjA5NjAwLCJ2ZXJzaW9uIjpudWxsfSwidGZ3X3Nob3dfYmlyZHdhdGNoX3Bpdm90c19lbmFibGVkIjp7ImJ1Y2tldCI6Im9uIiwidmVyc2lvbiI6bnVsbH0sInRmd19kdXBsaWNhdGVfc2NyaWJlc190b19zZXR0aW5ncyI6eyJidWNrZXQiOiJvbiIsInZlcnNpb24iOm51bGx9LCJ0ZndfdXNlX3Byb2ZpbGVfaW1hZ2Vfc2hhcGVfZW5hYmxlZCI6eyJidWNrZXQiOiJvbiIsInZlcnNpb24iOm51bGx9LCJ0ZndfdmlkZW9faGxzX2R5bmFtaWNfbWFuaWZlc3RzXzE1MDgyIjp7ImJ1Y2tldCI6InRydWVfYml0cmF0ZSIsInZlcnNpb24iOm51bGx9LCJ0ZndfbGVnYWN5X3RpbWVsaW5lX3N1bnNldCI6eyJidWNrZXQiOnRydWUsInZlcnNpb24iOm51bGx9LCJ0ZndfdHdlZXRfZWRpdF9mcm9udGVuZCI6eyJidWNrZXQiOiJvbiIsInZlcnNpb24iOm51bGx9fQ%3D%3D&amp;frame=false&amp;hideCard=false&amp;hideThread=false&amp;id=1722382399764406422&amp;lang=cs&amp;origin=https%3A%2F%2Funcutnews.ch%2Fun-mitgliedstaaten-einigten-sich-mit-der-verabschiedung-des-paktes-fuer-die-zukunft-auf-digitale-identitaeten%2F&amp;sessionId=9211c9673cd6ec5d3a3befcf2b36138ae59407f8&amp;theme=light&amp;widgetsVersion=2615f7e52b7e0%3A1702314776716&amp;width=550px\" frameborder=\"0\" scrolling=\"no\" allowfullscreen=\"allowfullscreen\" data-tweet-id=\"1722382399764406422\" data-mce-fragment=\"1\"><\/iframe><\/div>\n<p><em><strong><span dir=\"auto\">P\u0159eklad \u201eX\u201c<\/span><\/strong><span dir=\"auto\">\u00a0: \u201eDo roku 2028 bude m\u00edt v\u00edce ne\u017e 500 milion\u016f lid\u00ed digit\u00e1ln\u00ed identitu, co\u017e jim umo\u017en\u00ed snadn\u011bj\u0161\u00ed p\u0159\u00edstup k pracovn\u00edm a vzd\u011bl\u00e1vac\u00edm p\u0159\u00edle\u017eitostem, stejn\u011b jako k finan\u010dn\u00edm slu\u017eb\u00e1m, zdravotn\u00ed p\u00e9\u010di a vl\u00e1dn\u00edm program\u016fm\u201c: Melinda Gates, kampa\u0148 50 v 5 DPI #digitalID #digitalidentita<\/span><\/em><\/p>\n<p><span dir=\"auto\">Organizace spojen\u00fdch n\u00e1rod\u016f, Nadace Billa a Melindy Gatesov\u00fdch, Rockefellerova nadace, Sv\u011btov\u00e1 banka, Institut Tonyho Blaira pro glob\u00e1ln\u00ed zm\u011bnu, G20, Sv\u011btov\u00e9 ekonomick\u00e9 f\u00f3rum (WEF) a mnoho dal\u0161\u00edch globalistick\u00fdch organizac\u00ed spojily sv\u00e9 s\u00edly v n\u011bjak\u00e9 form\u011b, aby zajistily, \u017ee nikdo neunikne agend\u011b digit\u00e1ln\u00ed identifikace.<\/span><\/p>\n<p><span dir=\"auto\">Podle Sv\u011btov\u00e9ho ekonomick\u00e9ho f\u00f3ra\u00a0<\/span><strong><em><span dir=\"auto\">digit\u00e1ln\u00ed identita ur\u010duje<\/span><\/em><\/strong><span dir=\"auto\">\u00a0nejen \u201e\u00a0<\/span><strong><em><span dir=\"auto\">ke kter\u00fdm produkt\u016fm, slu\u017eb\u00e1m a informac\u00edm m\u00e1me p\u0159\u00edstup<\/span><\/em><\/strong><span dir=\"auto\">\u00a0\u201c, ale tak\u00e9 \u201e\u00a0<\/span><strong><em><span dir=\"auto\">ke kter\u00fdm nem\u00e1me p\u0159\u00edstup<\/span><\/em><\/strong><span dir=\"auto\">\u00a0\u201c.<\/span><\/p>\n<p><span dir=\"auto\">To je realita digit\u00e1ln\u00ed identity.<\/span><\/p>\n<p><span dir=\"auto\">Digit\u00e1ln\u00ed identifika\u010dn\u00ed \u010d\u00edslo neslou\u017e\u00ed k omezen\u00ed neleg\u00e1ln\u00edho p\u0159ist\u011bhovalectv\u00ed; nem\u00e1 nic spole\u010dn\u00e9ho se zaji\u0161\u0165ov\u00e1n\u00edm pracovn\u00edch m\u00edst a rozhodn\u011b neslou\u017e\u00ed k ochran\u011b mlad\u00fdch lid\u00ed online.<\/span><\/p>\n<figure class=\"wp-block-image aligncenter size-large\"><img decoding=\"async\" loading=\"lazy\" class=\"aligncenter\" src=\"https:\/\/sociable.co\/wp-content\/uploads\/2022\/02\/Digital-Identity-Chart.png\" alt=\"\" width=\"774\" height=\"780\" \/><figcaption class=\"wp-element-caption\"><em><span dir=\"auto\">Zdroj: Sv\u011btov\u00e9 ekonomick\u00e9 f\u00f3rum<\/span><\/em><\/figcaption><\/figure>\n<p><strong><span dir=\"auto\">Syst\u00e9my digit\u00e1ln\u00ed identifikace se zam\u011b\u0159uj\u00ed v\u00fdhradn\u011b na dohled a kontrolu prost\u0159ednictv\u00edm n\u00e1tlaku a n\u00e1sil\u00ed.<\/span><\/strong><\/p>\n<p><span dir=\"auto\">Spojen\u00e9 kr\u00e1lovstv\u00ed jasn\u011b uvedlo, \u017ee pob\u00eddky zcela nep\u0159ipadaj\u00ed v \u00favahu, kdy\u017e ozn\u00e1milo, \u017ee v\u0161em dosp\u011bl\u00fdm pracovn\u00edk\u016fm zavede digit\u00e1ln\u00ed identifikaci.<\/span><\/p>\n<p><span dir=\"auto\">A britsk\u00fd z\u00e1kon o online bezpe\u010dnosti ji\u017e podporuje digit\u00e1ln\u00ed identifika\u010dn\u00ed \u00fadaje s internetov\u00fdmi pasy, jako je online ov\u011b\u0159ov\u00e1n\u00ed v\u011bku.<\/span><\/p>\n<p><span dir=\"auto\">Tot\u00e9\u017e se stalo v Austr\u00e1lii a tot\u00e9\u017e se v sou\u010dasn\u00e9 dob\u011b d\u011bje v Evropsk\u00e9 unii.<\/span><\/p>\n<p><span dir=\"auto\">Mysl\u00edte si, \u017ee Spojen\u00e9 st\u00e1ty budou t\u00e9to agendy u\u0161et\u0159eny? To nen\u00ed pravda.<\/span><\/p>\n<p><em><strong><span dir=\"auto\">\u201eSpolupracovali jsme s dal\u0161\u00edmi \u010dlensk\u00fdmi st\u00e1ty na formulov\u00e1n\u00ed \u0161irok\u00e9 \u0161k\u00e1ly priorit v r\u00e1mci Paktu pro budoucnost, zav\u00e1zali jsme se k vytvo\u0159en\u00ed Digit\u00e1ln\u00edho glob\u00e1ln\u00edho paktu, podepsali Deklaraci o budouc\u00edch generac\u00edch a pos\u00edlili jsme Organizaci spojen\u00fdch n\u00e1rod\u016f a mezin\u00e1rodn\u00ed instituce, aby mohly l\u00e9pe reagovat na ot\u0159esy, jako jsou pandemie a p\u0159\u00edrodn\u00ed katastrofy.\u201c<\/span><\/strong><\/em><\/p>\n<p><span dir=\"auto\">Ministr zahrani\u010d\u00ed USA Antony Blinken, projev na Summitu budoucnosti, z\u00e1\u0159\u00ed 2024<\/span><\/p>\n<p><span dir=\"auto\">Krom\u011b z\u00e1vazku k\u00a0<\/span><strong><span dir=\"auto\">iniciativ\u011b Compact for Future<\/span><\/strong><span dir=\"auto\">\u00a0se USA sna\u017e\u00ed zav\u00e9st digit\u00e1ln\u00ed identifika\u010dn\u00ed \u00fadaje do r\u016fzn\u00fdch iniciativ, v\u010detn\u011b imigrace a zdravotnictv\u00ed.<\/span><\/p>\n<p><span dir=\"auto\">Americk\u00fd prezident Donald Trump pod rou\u0161kou bezpe\u010dnosti hranic prosazuje biometrick\u00e9 v\u00edzov\u00e9 \u200b\u200bsyst\u00e9my pro vstup a v\u00fdstup, ale je to tak\u00e9 zp\u016fsob, jak zadn\u00edmi vr\u00e1tky zav\u00e9st digit\u00e1ln\u00ed identifika\u010dn\u00ed \u00fadaje pro v\u0161echny cestuj\u00edc\u00ed Ameri\u010dany, nejen pro cizince.<\/span><\/p>\n<div class=\"twitter-tweet twitter-tweet-rendered\"><iframe id=\"twitter-widget-4\" class=\"\" title=\"X Post\" src=\"https:\/\/platform.twitter.com\/embed\/Tweet.html?dnt=false&amp;embedId=twitter-widget-4&amp;features=eyJ0ZndfdGltZWxpbmVfbGlzdCI6eyJidWNrZXQiOltdLCJ2ZXJzaW9uIjpudWxsfSwidGZ3X2ZvbGxvd2VyX2NvdW50X3N1bnNldCI6eyJidWNrZXQiOnRydWUsInZlcnNpb24iOm51bGx9LCJ0ZndfdHdlZXRfZWRpdF9iYWNrZW5kIjp7ImJ1Y2tldCI6Im9uIiwidmVyc2lvbiI6bnVsbH0sInRmd19yZWZzcmNfc2Vzc2lvbiI6eyJidWNrZXQiOiJvbiIsInZlcnNpb24iOm51bGx9LCJ0ZndfZm9zbnJfc29mdF9pbnRlcnZlbnRpb25zX2VuYWJsZWQiOnsiYnVja2V0Ijoib24iLCJ2ZXJzaW9uIjpudWxsfSwidGZ3X21peGVkX21lZGlhXzE1ODk3Ijp7ImJ1Y2tldCI6InRyZWF0bWVudCIsInZlcnNpb24iOm51bGx9LCJ0ZndfZXhwZXJpbWVudHNfY29va2llX2V4cGlyYXRpb24iOnsiYnVja2V0IjoxMjA5NjAwLCJ2ZXJzaW9uIjpudWxsfSwidGZ3X3Nob3dfYmlyZHdhdGNoX3Bpdm90c19lbmFibGVkIjp7ImJ1Y2tldCI6Im9uIiwidmVyc2lvbiI6bnVsbH0sInRmd19kdXBsaWNhdGVfc2NyaWJlc190b19zZXR0aW5ncyI6eyJidWNrZXQiOiJvbiIsInZlcnNpb24iOm51bGx9LCJ0ZndfdXNlX3Byb2ZpbGVfaW1hZ2Vfc2hhcGVfZW5hYmxlZCI6eyJidWNrZXQiOiJvbiIsInZlcnNpb24iOm51bGx9LCJ0ZndfdmlkZW9faGxzX2R5bmFtaWNfbWFuaWZlc3RzXzE1MDgyIjp7ImJ1Y2tldCI6InRydWVfYml0cmF0ZSIsInZlcnNpb24iOm51bGx9LCJ0ZndfbGVnYWN5X3RpbWVsaW5lX3N1bnNldCI6eyJidWNrZXQiOnRydWUsInZlcnNpb24iOm51bGx9LCJ0ZndfdHdlZXRfZWRpdF9mcm9udGVuZCI6eyJidWNrZXQiOiJvbiIsInZlcnNpb24iOm51bGx9fQ%3D%3D&amp;frame=false&amp;hideCard=false&amp;hideThread=false&amp;id=1880744382212768066&amp;lang=cs&amp;origin=https%3A%2F%2Funcutnews.ch%2Fun-mitgliedstaaten-einigten-sich-mit-der-verabschiedung-des-paktes-fuer-die-zukunft-auf-digitale-identitaeten%2F&amp;sessionId=9211c9673cd6ec5d3a3befcf2b36138ae59407f8&amp;theme=light&amp;widgetsVersion=2615f7e52b7e0%3A1702314776716&amp;width=550px\" frameborder=\"0\" scrolling=\"no\" allowfullscreen=\"allowfullscreen\" data-tweet-id=\"1880744382212768066\" data-mce-fragment=\"1\"><\/iframe><\/div>\n<p><em><strong><span dir=\"auto\">P\u0159eklady \u201eX\u201c<\/span><\/strong><span dir=\"auto\">\u00a0: Podle Trumpa se to stane letecky, pozemn\u011b i po mo\u0159i. Tak\u017ee se to net\u00fdk\u00e1 jen imigrant\u016f. V\u00edtejte ve sv\u00e9 svobod\u011b. Biometrick\u00fd sledovac\u00ed syst\u00e9m MAGA:<\/span><\/em><\/p>\n<p><em><span dir=\"auto\">Doufejme, \u017ee si Trumpovi p\u0159\u00edznivci brzy uv\u011bdom\u00ed, \u017ee \u201evirtu\u00e1ln\u00ed hrani\u010dn\u00ed ze\u010f\u201c postaven\u00e1 korporacemi veden\u00fdmi Peterem Thielem (\u010dlenem \u0159\u00edd\u00edc\u00edho v\u00fdboru Bilderbergu) m\u00e1 slou\u017eit jako trojsk\u00fd k\u016f\u0148 pro digit\u00e1ln\u00ed identifikaci t\u00edm, \u017ee vy\u017eaduje, aby se nejen cizinci vstupuj\u00edc\u00ed do USA, ale i v\u0161ichni Ameri\u010dan\u00e9 cestuj\u00edc\u00ed do zahrani\u010d\u00ed podrobili digit\u00e1ln\u00edmu biometrick\u00e9mu vstupn\u00edmu\/v\u00fdstupn\u00edmu syst\u00e9mu.<\/span><\/em><\/p>\n<p><span dir=\"auto\">Zdravotnictv\u00ed je dal\u0161\u00ed oblast\u00ed, kde by mohly b\u00fdt v USA zavedeny digit\u00e1ln\u00ed identifika\u010dn\u00ed \u00fadaje.<\/span><\/p>\n<p><span dir=\"auto\">V r\u00e1mci snahy B\u00edl\u00e9ho domu o modernizaci ekosyst\u00e9mu zdravotnick\u00fdch technologi\u00ed zkoum\u00e1 americk\u00e9 ministerstvo zdravotnictv\u00ed a soci\u00e1ln\u00edch slu\u017eeb (HHS), jak podpo\u0159it, na\u0159\u00eddit a v n\u011bkter\u00fdch p\u0159\u00edpadech dokonce vy\u017eadovat digit\u00e1ln\u00ed identifika\u010dn\u00ed \u00fadaje pro pacienty, poskytovatele a pl\u00e1tce.<\/span><\/p>\n<p><span dir=\"auto\">V \u010dervenci 2025 uspo\u0159\u00e1dal B\u00edl\u00fd d\u016fm akci s n\u00e1zvem \u201e\u00a0<\/span><strong><span dir=\"auto\">Ud\u011blejme zdravotnick\u00e9 technologie op\u011bt skv\u011bl\u00fdmi<\/span><\/strong><span dir=\"auto\">\u00a0\u201c, jej\u00edm\u017e c\u00edlem bylo sd\u00edlet nejnov\u011bj\u0161\u00ed v\u00fdvoj v oblasti digitalizace a partnerstv\u00ed ve\u0159ejn\u00e9ho a soukrom\u00e9ho sektoru.<\/span><\/p>\n<p><em><strong><span dir=\"auto\">\u201ePacienti mohou sv\u00fdm l\u00e9ka\u0159\u016fm jednodu\u0161e poskytnout p\u0159\u00edstup ke sv\u00fdm z\u00e1znam\u016fm stisknut\u00edm tla\u010d\u00edtka [\u2026] Tento syst\u00e9m bude zcela dobrovoln\u00fd a nebude existovat \u017e\u00e1dn\u00e1 centralizovan\u00e1, vl\u00e1dou spravovan\u00e1 datab\u00e1ze.\u201c<\/span><\/strong><\/em><\/p>\n<p><em><span dir=\"auto\">Prezident Donald Trump, Ud\u011blejme zdravotnick\u00e9 technologie op\u011bt skv\u011bl\u00fdmi, \u010dervenec 2025<\/span><\/em><\/p>\n<div class=\"twitter-tweet twitter-tweet-rendered\"><iframe id=\"twitter-widget-5\" class=\"\" title=\"X Post\" src=\"https:\/\/platform.twitter.com\/embed\/Tweet.html?dnt=false&amp;embedId=twitter-widget-5&amp;features=eyJ0ZndfdGltZWxpbmVfbGlzdCI6eyJidWNrZXQiOltdLCJ2ZXJzaW9uIjpudWxsfSwidGZ3X2ZvbGxvd2VyX2NvdW50X3N1bnNldCI6eyJidWNrZXQiOnRydWUsInZlcnNpb24iOm51bGx9LCJ0ZndfdHdlZXRfZWRpdF9iYWNrZW5kIjp7ImJ1Y2tldCI6Im9uIiwidmVyc2lvbiI6bnVsbH0sInRmd19yZWZzcmNfc2Vzc2lvbiI6eyJidWNrZXQiOiJvbiIsInZlcnNpb24iOm51bGx9LCJ0ZndfZm9zbnJfc29mdF9pbnRlcnZlbnRpb25zX2VuYWJsZWQiOnsiYnVja2V0Ijoib24iLCJ2ZXJzaW9uIjpudWxsfSwidGZ3X21peGVkX21lZGlhXzE1ODk3Ijp7ImJ1Y2tldCI6InRyZWF0bWVudCIsInZlcnNpb24iOm51bGx9LCJ0ZndfZXhwZXJpbWVudHNfY29va2llX2V4cGlyYXRpb24iOnsiYnVja2V0IjoxMjA5NjAwLCJ2ZXJzaW9uIjpudWxsfSwidGZ3X3Nob3dfYmlyZHdhdGNoX3Bpdm90c19lbmFibGVkIjp7ImJ1Y2tldCI6Im9uIiwidmVyc2lvbiI6bnVsbH0sInRmd19kdXBsaWNhdGVfc2NyaWJlc190b19zZXR0aW5ncyI6eyJidWNrZXQiOiJvbiIsInZlcnNpb24iOm51bGx9LCJ0ZndfdXNlX3Byb2ZpbGVfaW1hZ2Vfc2hhcGVfZW5hYmxlZCI6eyJidWNrZXQiOiJvbiIsInZlcnNpb24iOm51bGx9LCJ0ZndfdmlkZW9faGxzX2R5bmFtaWNfbWFuaWZlc3RzXzE1MDgyIjp7ImJ1Y2tldCI6InRydWVfYml0cmF0ZSIsInZlcnNpb24iOm51bGx9LCJ0ZndfbGVnYWN5X3RpbWVsaW5lX3N1bnNldCI6eyJidWNrZXQiOnRydWUsInZlcnNpb24iOm51bGx9LCJ0ZndfdHdlZXRfZWRpdF9mcm9udGVuZCI6eyJidWNrZXQiOiJvbiIsInZlcnNpb24iOm51bGx9fQ%3D%3D&amp;frame=false&amp;hideCard=false&amp;hideThread=false&amp;id=1950920022412435904&amp;lang=cs&amp;origin=https%3A%2F%2Funcutnews.ch%2Fun-mitgliedstaaten-einigten-sich-mit-der-verabschiedung-des-paktes-fuer-die-zukunft-auf-digitale-identitaeten%2F&amp;sessionId=9211c9673cd6ec5d3a3befcf2b36138ae59407f8&amp;theme=light&amp;widgetsVersion=2615f7e52b7e0%3A1702314776716&amp;width=550px\" frameborder=\"0\" scrolling=\"no\" allowfullscreen=\"allowfullscreen\" data-tweet-id=\"1950920022412435904\" data-mce-fragment=\"1\"><\/iframe><\/div>\n<p><em><strong><span dir=\"auto\">P\u0159eklad \u201eX\u201c<\/span><\/strong><span dir=\"auto\">\u00a0: \u201eZru\u0161te schr\u00e1nku\u201c = Digit\u00e1ln\u00ed identifikace. Trump \u0159\u00edk\u00e1, \u017ee to bude \u0159e\u0161en\u00ed na z\u00e1klad\u011b volby, ale HHS ji\u017e zkoum\u00e1, jak povzbudit, vy\u017eadovat a v n\u011bkter\u00fdch p\u0159\u00edpadech dokonce na\u0159\u00eddit \u201ejednotnou sadu d\u016fv\u011bryhodn\u00fdch digit\u00e1ln\u00edch identifika\u010dn\u00edch \u00fadaj\u016f\u201c. https:\/\/federalregister.gov\/documents\/2025<\/span><\/em><\/p>\n<p><strong><em><span dir=\"auto\">\u201eOhledn\u011b implementace digit\u00e1ln\u00edch identit: Jak\u00fd by byl dopad povinn\u00e9ho pou\u017e\u00edv\u00e1n\u00ed protokolu identity OpenID Connect<\/span><\/em><span dir=\"auto\">\u00a0?\u201c<\/span><\/strong><\/p>\n<p><span dir=\"auto\">Ministerstvo zdravotnictv\u00ed a soci\u00e1ln\u00edch slu\u017eeb USA,\u00a0<\/span><em><span dir=\"auto\">\u017d\u00e1dost o informace; Ekosyst\u00e9m zdravotnick\u00fdch technologi\u00ed, kv\u011bten 2025<\/span><\/em><\/p>\n<p><span dir=\"auto\">Prezident Donald Trump hovo\u0159il o iniciativ\u011b s n\u00e1zvem \u201eZni\u010dte schr\u00e1nku\u201c, v r\u00e1mci kter\u00e9 mohou pacienti poskytnout sv\u00fdm poskytovatel\u016fm zdravotn\u00ed p\u00e9\u010de QR k\u00f3d a z\u00edskat tak okam\u017eit\u00fd p\u0159\u00edstup ke sv\u00fdm z\u00e1znam\u016fm.<\/span><\/p>\n<p><span dir=\"auto\">Prezident ujistil, \u017ee tento typ syst\u00e9mu digit\u00e1ln\u00ed identity bude \u201ezcela dobrovoln\u00fd\u201c.<\/span><\/p>\n<p><span dir=\"auto\">\u017d\u00e1dost o informace (RFI) od HHS o\u00a0<\/span><strong><span dir=\"auto\">ekosyst\u00e9m zdravotnick\u00fdch technologi\u00ed<\/span><\/strong><span dir=\"auto\">\u00a0v\u0161ak ukazuje, jak se vl\u00e1da sna\u017eila podporovat, vy\u017eadovat a v n\u011bkter\u00fdch p\u0159\u00edpadech dokonce na\u0159izovat p\u0159ijet\u00ed syst\u00e9m\u016f digit\u00e1ln\u00ed identity.<\/span><\/p>\n<p><em><strong><span dir=\"auto\">\u201eS \u010d\u00edm by poskytovatel\u00e9 pot\u0159ebovali pomoci, aby urychlili p\u0159echod na jednu sadu d\u016fv\u011bryhodn\u00fdch digit\u00e1ln\u00edch identifika\u010dn\u00edch \u00fadaj\u016f, kter\u00e9 by pacient mohl sledovat, nam\u00edsto jedn\u00e9 pro ka\u017ed\u00e9ho poskytovatele?\u201c<\/span><\/strong><\/em><\/p>\n<p><span dir=\"auto\">Ministerstvo zdravotnictv\u00ed a soci\u00e1ln\u00edch slu\u017eeb USA,\u00a0<\/span><em><span dir=\"auto\">\u017d\u00e1dost o informace; Ekosyst\u00e9m zdravotnick\u00fdch technologi\u00ed, kv\u011bten 2025<\/span><\/em><\/p>\n<p><span dir=\"auto\">St\u00e1le pochybujete o tom, \u017ee by se digit\u00e1ln\u00ed identifika\u010dn\u00ed \u00fadaje mohly v USA etablovat?<\/span><\/p>\n<p><span dir=\"auto\">Vezm\u011bte v \u00favahu, \u017ee b\u00fdval\u00fd britsk\u00fd premi\u00e9r Tony Blair se po cel\u00e1 desetilet\u00ed zasazuje o digit\u00e1ln\u00ed identifika\u010dn\u00ed \u00fadaje.<\/span><\/p>\n<p><span dir=\"auto\">Nyn\u00ed si uv\u011bdomte, \u017ee Larry Ellison, spoluzakladatel spole\u010dnosti Oracle, je jedn\u00edm z Blairov\u00fdch nejlep\u0161\u00edch p\u0159\u00e1tel a oba sd\u00edlej\u00ed vizi vytvo\u0159en\u00ed n\u00e1rodn\u00edch datov\u00fdch knihoven s digit\u00e1ln\u00edmi identifika\u010dn\u00edmi \u00fadaji, kter\u00e9 by uchov\u00e1valy informace o populaci ka\u017ed\u00e9 zem\u011b.<\/span><\/p>\n<p><span dir=\"auto\">Spole\u010dnost Oracle nab\u00edz\u00ed v r\u00e1mci sv\u00e9 produktov\u00e9 \u0159ady Identity and Access Management \u0159adu \u0159e\u0161en\u00ed pro digit\u00e1ln\u00ed identitu a aktivn\u011b se v\u011bnuje demystifikaci digit\u00e1ln\u00edch identifik\u00e1tor\u016f.<\/span><\/p>\n<div class=\"twitter-tweet twitter-tweet-rendered\"><iframe id=\"twitter-widget-6\" class=\"\" title=\"X Post\" src=\"https:\/\/platform.twitter.com\/embed\/Tweet.html?dnt=false&amp;embedId=twitter-widget-6&amp;features=eyJ0ZndfdGltZWxpbmVfbGlzdCI6eyJidWNrZXQiOltdLCJ2ZXJzaW9uIjpudWxsfSwidGZ3X2ZvbGxvd2VyX2NvdW50X3N1bnNldCI6eyJidWNrZXQiOnRydWUsInZlcnNpb24iOm51bGx9LCJ0ZndfdHdlZXRfZWRpdF9iYWNrZW5kIjp7ImJ1Y2tldCI6Im9uIiwidmVyc2lvbiI6bnVsbH0sInRmd19yZWZzcmNfc2Vzc2lvbiI6eyJidWNrZXQiOiJvbiIsInZlcnNpb24iOm51bGx9LCJ0ZndfZm9zbnJfc29mdF9pbnRlcnZlbnRpb25zX2VuYWJsZWQiOnsiYnVja2V0Ijoib24iLCJ2ZXJzaW9uIjpudWxsfSwidGZ3X21peGVkX21lZGlhXzE1ODk3Ijp7ImJ1Y2tldCI6InRyZWF0bWVudCIsInZlcnNpb24iOm51bGx9LCJ0ZndfZXhwZXJpbWVudHNfY29va2llX2V4cGlyYXRpb24iOnsiYnVja2V0IjoxMjA5NjAwLCJ2ZXJzaW9uIjpudWxsfSwidGZ3X3Nob3dfYmlyZHdhdGNoX3Bpdm90c19lbmFibGVkIjp7ImJ1Y2tldCI6Im9uIiwidmVyc2lvbiI6bnVsbH0sInRmd19kdXBsaWNhdGVfc2NyaWJlc190b19zZXR0aW5ncyI6eyJidWNrZXQiOiJvbiIsInZlcnNpb24iOm51bGx9LCJ0ZndfdXNlX3Byb2ZpbGVfaW1hZ2Vfc2hhcGVfZW5hYmxlZCI6eyJidWNrZXQiOiJvbiIsInZlcnNpb24iOm51bGx9LCJ0ZndfdmlkZW9faGxzX2R5bmFtaWNfbWFuaWZlc3RzXzE1MDgyIjp7ImJ1Y2tldCI6InRydWVfYml0cmF0ZSIsInZlcnNpb24iOm51bGx9LCJ0ZndfbGVnYWN5X3RpbWVsaW5lX3N1bnNldCI6eyJidWNrZXQiOnRydWUsInZlcnNpb24iOm51bGx9LCJ0ZndfdHdlZXRfZWRpdF9mcm9udGVuZCI6eyJidWNrZXQiOiJvbiIsInZlcnNpb24iOm51bGx9fQ%3D%3D&amp;frame=false&amp;hideCard=false&amp;hideThread=false&amp;id=1971960403082236027&amp;lang=cs&amp;origin=https%3A%2F%2Funcutnews.ch%2Fun-mitgliedstaaten-einigten-sich-mit-der-verabschiedung-des-paktes-fuer-die-zukunft-auf-digitale-identitaeten%2F&amp;sessionId=9211c9673cd6ec5d3a3befcf2b36138ae59407f8&amp;theme=light&amp;widgetsVersion=2615f7e52b7e0%3A1702314776716&amp;width=550px\" frameborder=\"0\" scrolling=\"no\" allowfullscreen=\"allowfullscreen\" data-tweet-id=\"1971960403082236027\" data-mce-fragment=\"1\"><\/iframe><\/div>\n<p><em><strong><span dir=\"auto\">P\u0159eklad \u201eX\u201c<\/span><\/strong><span dir=\"auto\">\u00a0: Mu\u017eem, kter\u00fd stoj\u00ed za zaveden\u00edm digit\u00e1ln\u00edch identifika\u010dn\u00edch \u00fadaj\u016f, je Larry Ellison, majitel spole\u010dnost\u00ed Oracle, CBS, CNN a brzy i TikTok. Usiluje o centralizaci dat a tot\u00e1ln\u00ed dohled. \u201eOb\u010dan\u00e9 se budou sna\u017eit ze v\u0161ech sil, proto\u017ee neust\u00e1le monitorujeme a zaznamen\u00e1v\u00e1me v\u0161e, co se d\u011bje.\u201c D\u011bsiv\u00e9.<\/span><\/em><\/p>\n<p><span dir=\"auto\">Ned\u00e1vn\u00fd \u010dl\u00e1nek v\u00a0<em>Lighthouse Report<\/em>\u00a0, kter\u00fd spole\u010dn\u011b vydaly\u00a0<\/span><em><span dir=\"auto\">The New Statesman<\/span><\/em><span dir=\"auto\">\u00a0a\u00a0<\/span><em><span dir=\"auto\">Democracy for Sale<\/span><\/em><span dir=\"auto\">\u00a0, uv\u00e1d\u00ed, \u017ee \u201eEllison investoval v letech 2021 a\u017e 2023 do TBI [Institutu Tonyho Blaira] 130 milion\u016f dolar\u016f a od t\u00e9 doby p\u0159isl\u00edbil dal\u0161\u00edch 218 milion\u016f dolar\u016f.\u201c<\/span><\/p>\n<p><span dir=\"auto\">V sobotu investigativn\u00ed novin\u00e1\u0159 Michael Shellenberger napsal na X: \u201e\u00a0<\/span><strong><em><span dir=\"auto\">Mu\u017eem, kter\u00fd stoj\u00ed za zaveden\u00edm digit\u00e1ln\u00edch identifika\u010dn\u00edch \u00fadaj\u016f, je Larry Ellison, majitel spole\u010dnost\u00ed Oracle, CBS, CNN a brzy i TikTok. Jeho c\u00edlem je centralizace dat a tot\u00e1ln\u00ed dohled. \u201aOb\u010dan\u00e9 se budou sna\u017eit co nejl\u00e9pe, proto\u017ee neust\u00e1le sledujeme a nahr\u00e1v\u00e1me v\u0161echno, co se d\u011bje.\u2018 D\u011bsiv\u00e9<\/span><\/em><\/strong><span dir=\"auto\">\u00a0.\u201c<\/span><\/p>\n<p><em><strong><span dir=\"auto\">\u201ePokud chcete zlep\u0161it zdrav\u00ed populace, mus\u00edte p\u0159ev\u00e9st v\u0161echna sv\u00e1 zdravotn\u00ed data, diagnostick\u00e1 data, elektronick\u00e9 zdravotn\u00ed z\u00e1znamy, genomick\u00e1 data [\u2026] do jedin\u00e9, sjednocen\u00e9 datov\u00e9 platformy.\u201c<\/span><\/strong><\/em><\/p>\n<p><em><span dir=\"auto\">Larry Ellison, Sv\u011btov\u00fd summit vl\u00e1d, \u00fanor 2025<\/span><\/em><\/p>\n<div class=\"twitter-tweet twitter-tweet-rendered\"><iframe id=\"twitter-widget-7\" class=\"\" title=\"X Post\" src=\"https:\/\/platform.twitter.com\/embed\/Tweet.html?dnt=false&amp;embedId=twitter-widget-7&amp;features=eyJ0ZndfdGltZWxpbmVfbGlzdCI6eyJidWNrZXQiOltdLCJ2ZXJzaW9uIjpudWxsfSwidGZ3X2ZvbGxvd2VyX2NvdW50X3N1bnNldCI6eyJidWNrZXQiOnRydWUsInZlcnNpb24iOm51bGx9LCJ0ZndfdHdlZXRfZWRpdF9iYWNrZW5kIjp7ImJ1Y2tldCI6Im9uIiwidmVyc2lvbiI6bnVsbH0sInRmd19yZWZzcmNfc2Vzc2lvbiI6eyJidWNrZXQiOiJvbiIsInZlcnNpb24iOm51bGx9LCJ0ZndfZm9zbnJfc29mdF9pbnRlcnZlbnRpb25zX2VuYWJsZWQiOnsiYnVja2V0Ijoib24iLCJ2ZXJzaW9uIjpudWxsfSwidGZ3X21peGVkX21lZGlhXzE1ODk3Ijp7ImJ1Y2tldCI6InRyZWF0bWVudCIsInZlcnNpb24iOm51bGx9LCJ0ZndfZXhwZXJpbWVudHNfY29va2llX2V4cGlyYXRpb24iOnsiYnVja2V0IjoxMjA5NjAwLCJ2ZXJzaW9uIjpudWxsfSwidGZ3X3Nob3dfYmlyZHdhdGNoX3Bpdm90c19lbmFibGVkIjp7ImJ1Y2tldCI6Im9uIiwidmVyc2lvbiI6bnVsbH0sInRmd19kdXBsaWNhdGVfc2NyaWJlc190b19zZXR0aW5ncyI6eyJidWNrZXQiOiJvbiIsInZlcnNpb24iOm51bGx9LCJ0ZndfdXNlX3Byb2ZpbGVfaW1hZ2Vfc2hhcGVfZW5hYmxlZCI6eyJidWNrZXQiOiJvbiIsInZlcnNpb24iOm51bGx9LCJ0ZndfdmlkZW9faGxzX2R5bmFtaWNfbWFuaWZlc3RzXzE1MDgyIjp7ImJ1Y2tldCI6InRydWVfYml0cmF0ZSIsInZlcnNpb24iOm51bGx9LCJ0ZndfbGVnYWN5X3RpbWVsaW5lX3N1bnNldCI6eyJidWNrZXQiOnRydWUsInZlcnNpb24iOm51bGx9LCJ0ZndfdHdlZXRfZWRpdF9mcm9udGVuZCI6eyJidWNrZXQiOiJvbiIsInZlcnNpb24iOm51bGx9fQ%3D%3D&amp;frame=false&amp;hideCard=false&amp;hideThread=false&amp;id=1889731814270345293&amp;lang=cs&amp;origin=https%3A%2F%2Funcutnews.ch%2Fun-mitgliedstaaten-einigten-sich-mit-der-verabschiedung-des-paktes-fuer-die-zukunft-auf-digitale-identitaeten%2F&amp;sessionId=9211c9673cd6ec5d3a3befcf2b36138ae59407f8&amp;theme=light&amp;widgetsVersion=2615f7e52b7e0%3A1702314776716&amp;width=550px\" frameborder=\"0\" scrolling=\"no\" allowfullscreen=\"allowfullscreen\" data-tweet-id=\"1889731814270345293\" data-mce-fragment=\"1\"><\/iframe><\/div>\n<p><em><strong><span dir=\"auto\">P\u0159eklad \u201eX\u201c<\/span><\/strong><span dir=\"auto\">\u00a0: Pot\u0159ebuj\u00ed zdravotn\u00ed data, diagnostick\u00e1 data, genomick\u00e1 data a digit\u00e1ln\u00ed zdravotn\u00ed z\u00e1znamy cel\u00e9 populace a mus\u00ed je um\u00edstit \u201ena JEDNU UNIFIKOVANOU DATOVOU PLATFORMU, ABY UM\u011aL\u00c1 INTELIGENTN\u00cd ZEM\u011a MOHLA ROZUM\u011aT NA\u0160\u00cd ZEMI,\u201c \u0159ekl zakladatel spole\u010dnosti Oracle Larry Ellison na Sv\u011btov\u00e9m vl\u00e1dn\u00edm summitu #WGS25 #WorldGovSummit.<\/span><\/em><\/p>\n<p><span dir=\"auto\">B\u011bhem individu\u00e1ln\u00ed diskuse s Blairem na t\u00e9ma \u201e\u00a0<\/span><a href=\"https:\/\/www.youtube.com\/watch?v=FG2AtiInwKM\" target=\"_blank\" rel=\"noreferrer noopener\"><strong><span dir=\"auto\">Nov\u00e9 pojet\u00ed<\/span><\/strong><\/a><span dir=\"auto\">\u00a0technologi\u00ed pro vl\u00e1du\u201c na Sv\u011btov\u00e9m summitu vl\u00e1d 2025 v \u00fanoru Ellison navrhl, aby existovala jednotn\u00e1 platforma a datab\u00e1ze, kter\u00e1 by uchov\u00e1vala ve\u0161ker\u00e9 informace o zemi, aby vl\u00e1dy mohly lidem poskytovat lep\u0161\u00ed slu\u017eby.<\/span><\/p>\n<p><span dir=\"auto\">Ellison hovo\u0159il obs\u00e1hle o zdravotn\u00edch datech, ale tak\u00e9 uvedl, \u017ee datab\u00e1ze by m\u011bla obsahovat i data o soci\u00e1ln\u00edch slu\u017eb\u00e1ch, a to v\u0161e dostupn\u00e9 na jednom m\u00edst\u011b.<\/span><\/p>\n<p><em><strong><span dir=\"auto\">\u201eV\u0161echny tyto [rozt\u0159\u00ed\u0161t\u011bn\u00e9] informace, kter\u00e9 m\u00e1me o na\u0161\u00ed zemi [\u2026] Mus\u00edme tyto informace shrom\u00e1\u017edit do jedn\u00e9 datab\u00e1ze, aby datov\u00fd model m\u011bl p\u0159i kladen\u00ed ot\u00e1zek v\u0161echny informace pot\u0159ebn\u00e9 k zodpov\u011bzen\u00ed ot\u00e1zky, generov\u00e1n\u00ed poznatk\u016f a doporu\u010dov\u00e1n\u00ed akc\u00ed.\u201c<\/span><\/strong><\/em><\/p>\n<p><em><span dir=\"auto\">Larry Ellison, Sv\u011btov\u00fd summit vl\u00e1d, \u00fanor 2025<\/span><\/em><\/p>\n<div class=\"twitter-tweet twitter-tweet-rendered\"><iframe id=\"twitter-widget-8\" class=\"\" title=\"X Post\" src=\"https:\/\/platform.twitter.com\/embed\/Tweet.html?dnt=false&amp;embedId=twitter-widget-8&amp;features=eyJ0ZndfdGltZWxpbmVfbGlzdCI6eyJidWNrZXQiOltdLCJ2ZXJzaW9uIjpudWxsfSwidGZ3X2ZvbGxvd2VyX2NvdW50X3N1bnNldCI6eyJidWNrZXQiOnRydWUsInZlcnNpb24iOm51bGx9LCJ0ZndfdHdlZXRfZWRpdF9iYWNrZW5kIjp7ImJ1Y2tldCI6Im9uIiwidmVyc2lvbiI6bnVsbH0sInRmd19yZWZzcmNfc2Vzc2lvbiI6eyJidWNrZXQiOiJvbiIsInZlcnNpb24iOm51bGx9LCJ0ZndfZm9zbnJfc29mdF9pbnRlcnZlbnRpb25zX2VuYWJsZWQiOnsiYnVja2V0Ijoib24iLCJ2ZXJzaW9uIjpudWxsfSwidGZ3X21peGVkX21lZGlhXzE1ODk3Ijp7ImJ1Y2tldCI6InRyZWF0bWVudCIsInZlcnNpb24iOm51bGx9LCJ0ZndfZXhwZXJpbWVudHNfY29va2llX2V4cGlyYXRpb24iOnsiYnVja2V0IjoxMjA5NjAwLCJ2ZXJzaW9uIjpudWxsfSwidGZ3X3Nob3dfYmlyZHdhdGNoX3Bpdm90c19lbmFibGVkIjp7ImJ1Y2tldCI6Im9uIiwidmVyc2lvbiI6bnVsbH0sInRmd19kdXBsaWNhdGVfc2NyaWJlc190b19zZXR0aW5ncyI6eyJidWNrZXQiOiJvbiIsInZlcnNpb24iOm51bGx9LCJ0ZndfdXNlX3Byb2ZpbGVfaW1hZ2Vfc2hhcGVfZW5hYmxlZCI6eyJidWNrZXQiOiJvbiIsInZlcnNpb24iOm51bGx9LCJ0ZndfdmlkZW9faGxzX2R5bmFtaWNfbWFuaWZlc3RzXzE1MDgyIjp7ImJ1Y2tldCI6InRydWVfYml0cmF0ZSIsInZlcnNpb24iOm51bGx9LCJ0ZndfbGVnYWN5X3RpbWVsaW5lX3N1bnNldCI6eyJidWNrZXQiOnRydWUsInZlcnNpb24iOm51bGx9LCJ0ZndfdHdlZXRfZWRpdF9mcm9udGVuZCI6eyJidWNrZXQiOiJvbiIsInZlcnNpb24iOm51bGx9fQ%3D%3D&amp;frame=false&amp;hideCard=false&amp;hideThread=false&amp;id=1889735457342185499&amp;lang=cs&amp;origin=https%3A%2F%2Funcutnews.ch%2Fun-mitgliedstaaten-einigten-sich-mit-der-verabschiedung-des-paktes-fuer-die-zukunft-auf-digitale-identitaeten%2F&amp;sessionId=9211c9673cd6ec5d3a3befcf2b36138ae59407f8&amp;theme=light&amp;widgetsVersion=2615f7e52b7e0%3A1702314776716&amp;width=550px\" frameborder=\"0\" scrolling=\"no\" allowfullscreen=\"allowfullscreen\" data-tweet-id=\"1889735457342185499\" data-mce-fragment=\"1\"><\/iframe><\/div>\n<p><em><strong><span dir=\"auto\">P\u0159eklad \u201eX\u201c<\/span><\/strong><span dir=\"auto\">\u00a0: \u201eMus\u00edme konsolidovat v\u0161echna fragmentovan\u00e1 [zdravotn\u00ed] data, kter\u00e1 o na\u0161\u00ed zemi m\u00e1me, a sjednotit je do jedn\u00e9 datab\u00e1ze,\u201c abychom mohli z\u00e1sobovat um\u011blou inteligenci. Zakladatel spole\u010dnosti Oracle Larry Ellison, Sv\u011btov\u00fd summit vl\u00e1d, #WGS25 #WorldGovSummit https:\/\/youtube.com\/watch?v=_K1oHV<\/span><\/em><\/p>\n<p><span dir=\"auto\">Dva t\u00fddny pot\u00e9, co Blair hovo\u0159il s Ellisonem na Sv\u011btov\u00e9m summitu vl\u00e1d v Dubaji ve Spojen\u00fdch arabsk\u00fdch emir\u00e1tech, zve\u0159ejnil Blair\u016fv institut komplexn\u00ed pl\u00e1n pro vytvo\u0159en\u00ed a implementaci n\u00e1rodn\u00ed datov\u00e9 knihovny propojen\u00e9 s digit\u00e1ln\u00edmi identifika\u010dn\u00edmi \u00fadaji.<\/span><\/p>\n<p><span dir=\"auto\">Podle zpr\u00e1vy \u201e Vl\u00e1da\u00a0<\/span><strong><span dir=\"auto\">ve<\/span><\/strong><span dir=\"auto\">\u00a0v\u011bku um\u011bl\u00e9 inteligence: Budov\u00e1n\u00ed britsk\u00e9 n\u00e1rodn\u00ed datov\u00e9 knihovny\u201c<\/span><\/p>\n<p><span dir=\"auto\">\u201e\u00a0<\/span><strong><em><span dir=\"auto\">N\u00e1rodn\u00ed datov\u00e1 knihovna (NDL) m\u00e1 potenci\u00e1l st\u00e1t se kl\u00ed\u010dovou sou\u010d\u00e1st\u00ed infrastruktury pro poskytov\u00e1n\u00ed ve\u0159ejn\u00fdch slu\u017eeb a hospod\u00e1\u0159sk\u00fd r\u016fst ve Spojen\u00e9m kr\u00e1lovstv\u00ed<\/span><\/em><\/strong><span dir=\"auto\">\u00a0.\u201c<\/span><\/p>\n<p><span dir=\"auto\">\u201e\u00a0<\/span><strong><em><span dir=\"auto\">Je navr\u017een tak, aby uvolnil pln\u00fd potenci\u00e1l dat ve\u0159ejn\u00e9ho sektoru t\u00edm, \u017ee umo\u017en\u00ed bezpe\u010dn\u00fd, bezprobl\u00e9mov\u00fd, rychl\u00fd a \u0161k\u00e1lovateln\u00fd p\u0159\u00edstup k propojen\u00fdm datov\u00fdm sad\u00e1m<\/span><\/em><\/strong><span dir=\"auto\">\u00a0.\u201c<\/span><\/p>\n<p><span dir=\"auto\">C\u00edlem je vytvo\u0159it jednotnou, interoperabiln\u00ed knihovnu, kter\u00e1 propoj\u00ed data o prakticky ka\u017ed\u00e9 osob\u011b a v\u011bci ve Spojen\u00e9m kr\u00e1lovstv\u00ed.<\/span><\/p>\n<p><span dir=\"auto\">Ellison chce tot\u00e9\u017e pro USA.<\/span><\/p>\n<p><span dir=\"auto\">A nezapom\u00ednejme, \u017ee v\u0161ichni gener\u00e1ln\u00ed \u0159editel\u00e9 a technokrat\u00e9 velk\u00fdch technologick\u00fdch spole\u010dnost\u00ed se Trumpovi dvo\u0159ili od jeho n\u00e1stupu do \u00fa\u0159adu \u2013 Peter Thiel a jeho chr\u00e1n\u011bnec J. D. Vance, Elon Musk, Sam Altman, Sundar Pichai, Satya Nadella, Tim Cook, Mark Zuckerberg a mnoho dal\u0161\u00edch \u2013 v\u0161ichni se cht\u011bj\u00ed zapojit, ne-li p\u0159\u00edmo do digit\u00e1ln\u00edho ID, tak do slu\u017eeb zalo\u017een\u00fdch na um\u011bl\u00e9 inteligenci, kter\u00e9 budou nakonec s digit\u00e1ln\u00edm ID a DPI propojeny.<\/span><\/p>\n<p><em><strong><span dir=\"auto\">\u201eNic z toho by nebylo mo\u017en\u00e9 bez \u00fasil\u00ed o zlep\u0161en\u00ed celkov\u00e9 datov\u00e9 infrastruktury, v\u010detn\u011b interoperability a digit\u00e1ln\u00ed identity.\u201c<\/span><\/strong><\/em><\/p>\n<p><em><span dir=\"auto\">Institut Tonyho Blaira pro glob\u00e1ln\u00ed zm\u011bnu,\u00a0<\/span><\/em><strong><span dir=\"auto\">Vl\u00e1da ve v\u011bku um\u011bl\u00e9 inteligence: Budov\u00e1n\u00ed britsk\u00e9 n\u00e1rodn\u00ed datov\u00e9 knihovny\u00a0<\/span><\/strong><em><span dir=\"auto\">, \u00fanor 2025<\/span><\/em><\/p>\n<div class=\"twitter-tweet twitter-tweet-rendered\"><iframe id=\"twitter-widget-9\" class=\"\" title=\"X Post\" src=\"https:\/\/platform.twitter.com\/embed\/Tweet.html?dnt=false&amp;embedId=twitter-widget-9&amp;features=eyJ0ZndfdGltZWxpbmVfbGlzdCI6eyJidWNrZXQiOltdLCJ2ZXJzaW9uIjpudWxsfSwidGZ3X2ZvbGxvd2VyX2NvdW50X3N1bnNldCI6eyJidWNrZXQiOnRydWUsInZlcnNpb24iOm51bGx9LCJ0ZndfdHdlZXRfZWRpdF9iYWNrZW5kIjp7ImJ1Y2tldCI6Im9uIiwidmVyc2lvbiI6bnVsbH0sInRmd19yZWZzcmNfc2Vzc2lvbiI6eyJidWNrZXQiOiJvbiIsInZlcnNpb24iOm51bGx9LCJ0ZndfZm9zbnJfc29mdF9pbnRlcnZlbnRpb25zX2VuYWJsZWQiOnsiYnVja2V0Ijoib24iLCJ2ZXJzaW9uIjpudWxsfSwidGZ3X21peGVkX21lZGlhXzE1ODk3Ijp7ImJ1Y2tldCI6InRyZWF0bWVudCIsInZlcnNpb24iOm51bGx9LCJ0ZndfZXhwZXJpbWVudHNfY29va2llX2V4cGlyYXRpb24iOnsiYnVja2V0IjoxMjA5NjAwLCJ2ZXJzaW9uIjpudWxsfSwidGZ3X3Nob3dfYmlyZHdhdGNoX3Bpdm90c19lbmFibGVkIjp7ImJ1Y2tldCI6Im9uIiwidmVyc2lvbiI6bnVsbH0sInRmd19kdXBsaWNhdGVfc2NyaWJlc190b19zZXR0aW5ncyI6eyJidWNrZXQiOiJvbiIsInZlcnNpb24iOm51bGx9LCJ0ZndfdXNlX3Byb2ZpbGVfaW1hZ2Vfc2hhcGVfZW5hYmxlZCI6eyJidWNrZXQiOiJvbiIsInZlcnNpb24iOm51bGx9LCJ0ZndfdmlkZW9faGxzX2R5bmFtaWNfbWFuaWZlc3RzXzE1MDgyIjp7ImJ1Y2tldCI6InRydWVfYml0cmF0ZSIsInZlcnNpb24iOm51bGx9LCJ0ZndfbGVnYWN5X3RpbWVsaW5lX3N1bnNldCI6eyJidWNrZXQiOnRydWUsInZlcnNpb24iOm51bGx9LCJ0ZndfdHdlZXRfZWRpdF9mcm9udGVuZCI6eyJidWNrZXQiOiJvbiIsInZlcnNpb24iOm51bGx9fQ%3D%3D&amp;frame=false&amp;hideCard=false&amp;hideThread=false&amp;id=1810684825889624551&amp;lang=cs&amp;origin=https%3A%2F%2Funcutnews.ch%2Fun-mitgliedstaaten-einigten-sich-mit-der-verabschiedung-des-paktes-fuer-die-zukunft-auf-digitale-identitaeten%2F&amp;sessionId=9211c9673cd6ec5d3a3befcf2b36138ae59407f8&amp;theme=light&amp;widgetsVersion=2615f7e52b7e0%3A1702314776716&amp;width=550px\" frameborder=\"0\" scrolling=\"no\" allowfullscreen=\"allowfullscreen\" data-tweet-id=\"1810684825889624551\" data-mce-fragment=\"1\"><\/iframe><\/div>\n<p><em><strong><span dir=\"auto\">P\u0159eklad \u201eX\u201c<\/span><\/strong><span dir=\"auto\">\u00a0: Tony Blair o \u201eDigit\u00e1ln\u00edch identifik\u00e1torech jsou nezbytnou sou\u010d\u00e1st\u00ed modern\u00ed digit\u00e1ln\u00ed infrastruktury [&#8230;] St\u00e1le je v\u0161ak mus\u00edme trochu p\u0159esv\u011bd\u010dit!\u201c https:\/\/youtube.com\/watch?v=rpLovr<\/span><\/em><\/p>\n<p><span dir=\"auto\">Globalistick\u00e9 think tanky, velk\u00e9 technologick\u00e9 spole\u010dnosti, nevl\u00e1dn\u00ed organizace, vl\u00e1dy, spole\u010dnosti vyd\u00e1vaj\u00edc\u00ed kreditn\u00ed karty a velk\u00e9 banky, v\u0161echny podporuj\u00ed interoperabiln\u00ed digit\u00e1ln\u00ed ve\u0159ejnou infrastrukturu.<\/span><\/p>\n<p><span dir=\"auto\">Jak \u0159ekl indick\u00fd architekt digit\u00e1ln\u00ed identity Nandan Nilekani Mezin\u00e1rodn\u00edmu m\u011bnov\u00e9mu fondu (MMF) v dubnu 2023: \u201e\u00a0<\/span><strong><em><span dir=\"auto\">Jak\u00e9 jsou n\u00e1stroje nov\u00e9ho sv\u011bta? Ka\u017ed\u00fd by m\u011bl m\u00edt digit\u00e1ln\u00ed identitu, ka\u017ed\u00fd by m\u011bl m\u00edt bankovn\u00ed \u00fa\u010det, ka\u017ed\u00fd by m\u011bl m\u00edt chytr\u00fd telefon<\/span><\/em><\/strong><span dir=\"auto\">\u00a0.\u201c<\/span><\/p>\n<p><span dir=\"auto\">Na tom vlastn\u011b v\u0161echno ostatn\u00ed stav\u00ed.<\/span><\/p>\n<p><span dir=\"auto\">Va\u0161e soci\u00e1ln\u00ed kreditn\u00ed sk\u00f3re, va\u0161e povolenky na emise uhl\u00edku, va\u0161e cestovn\u00ed povolen\u00ed, v\u00e1\u0161 zdravotn\u00ed stav, co sm\u00edte nakupovat nebo prod\u00e1vat, kde sm\u00edte prov\u00e1d\u011bt transakce, co sm\u00edte \u0159\u00edkat na soci\u00e1ln\u00edch s\u00edt\u00edch \u2013 to v\u0161e z\u00e1vis\u00ed na digit\u00e1ln\u00edm identifika\u010dn\u00edm \u010d\u00edsle.<\/span><\/p>\n<p><strong><span dir=\"auto\">Jakmile bude ka\u017ed\u00fd ob\u010dan na planet\u011b propojen s digit\u00e1ln\u00ed identitou, bude moci b\u00fdt zcela ovl\u00e1d\u00e1n.<\/span><\/strong><\/p>\n<div class=\"twitter-tweet twitter-tweet-rendered\"><iframe id=\"twitter-widget-10\" class=\"\" title=\"X Post\" src=\"https:\/\/platform.twitter.com\/embed\/Tweet.html?dnt=false&amp;embedId=twitter-widget-10&amp;features=eyJ0ZndfdGltZWxpbmVfbGlzdCI6eyJidWNrZXQiOltdLCJ2ZXJzaW9uIjpudWxsfSwidGZ3X2ZvbGxvd2VyX2NvdW50X3N1bnNldCI6eyJidWNrZXQiOnRydWUsInZlcnNpb24iOm51bGx9LCJ0ZndfdHdlZXRfZWRpdF9iYWNrZW5kIjp7ImJ1Y2tldCI6Im9uIiwidmVyc2lvbiI6bnVsbH0sInRmd19yZWZzcmNfc2Vzc2lvbiI6eyJidWNrZXQiOiJvbiIsInZlcnNpb24iOm51bGx9LCJ0ZndfZm9zbnJfc29mdF9pbnRlcnZlbnRpb25zX2VuYWJsZWQiOnsiYnVja2V0Ijoib24iLCJ2ZXJzaW9uIjpudWxsfSwidGZ3X21peGVkX21lZGlhXzE1ODk3Ijp7ImJ1Y2tldCI6InRyZWF0bWVudCIsInZlcnNpb24iOm51bGx9LCJ0ZndfZXhwZXJpbWVudHNfY29va2llX2V4cGlyYXRpb24iOnsiYnVja2V0IjoxMjA5NjAwLCJ2ZXJzaW9uIjpudWxsfSwidGZ3X3Nob3dfYmlyZHdhdGNoX3Bpdm90c19lbmFibGVkIjp7ImJ1Y2tldCI6Im9uIiwidmVyc2lvbiI6bnVsbH0sInRmd19kdXBsaWNhdGVfc2NyaWJlc190b19zZXR0aW5ncyI6eyJidWNrZXQiOiJvbiIsInZlcnNpb24iOm51bGx9LCJ0ZndfdXNlX3Byb2ZpbGVfaW1hZ2Vfc2hhcGVfZW5hYmxlZCI6eyJidWNrZXQiOiJvbiIsInZlcnNpb24iOm51bGx9LCJ0ZndfdmlkZW9faGxzX2R5bmFtaWNfbWFuaWZlc3RzXzE1MDgyIjp7ImJ1Y2tldCI6InRydWVfYml0cmF0ZSIsInZlcnNpb24iOm51bGx9LCJ0ZndfbGVnYWN5X3RpbWVsaW5lX3N1bnNldCI6eyJidWNrZXQiOnRydWUsInZlcnNpb24iOm51bGx9LCJ0ZndfdHdlZXRfZWRpdF9mcm9udGVuZCI6eyJidWNrZXQiOiJvbiIsInZlcnNpb24iOm51bGx9fQ%3D%3D&amp;frame=false&amp;hideCard=false&amp;hideThread=false&amp;id=1648733976687673362&amp;lang=cs&amp;origin=https%3A%2F%2Funcutnews.ch%2Fun-mitgliedstaaten-einigten-sich-mit-der-verabschiedung-des-paktes-fuer-die-zukunft-auf-digitale-identitaeten%2F&amp;sessionId=9211c9673cd6ec5d3a3befcf2b36138ae59407f8&amp;theme=light&amp;widgetsVersion=2615f7e52b7e0%3A1702314776716&amp;width=550px\" frameborder=\"0\" scrolling=\"no\" allowfullscreen=\"allowfullscreen\" data-tweet-id=\"1648733976687673362\" data-mce-fragment=\"1\"><\/iframe><\/div>\n<p><em><strong><span dir=\"auto\">P\u0159eklad \u201eX\u201c<\/span><\/strong><span dir=\"auto\">\u00a0: \u201eJak\u00e9 jsou n\u00e1stroje nov\u00e9ho sv\u011bta? Ka\u017ed\u00fd by m\u011bl m\u00edt digit\u00e1ln\u00ed pr\u016fkaz toto\u017enosti, ka\u017ed\u00fd by m\u011bl m\u00edt bankovn\u00ed \u00fa\u010det, ka\u017ed\u00fd by m\u011bl m\u00edt chytr\u00fd telefon. Pak je mo\u017en\u00e9 cokoli. V\u0161echno ostatn\u00ed se na tom stav\u00ed.\u201c: @NandanNilekani pro @IMFNews #Digit\u00e1ln\u00edID #Digit\u00e1ln\u00edIdentita #Setk\u00e1n\u00edIMF<\/span><\/em><\/p>\n<p><span dir=\"auto\">Pokud nepoch\u00e1z\u00edte z Ruska, \u00cdr\u00e1nu, Nikaraguy, Severn\u00ed Koreje, B\u011bloruska, S\u00fdrie nebo S\u00fad\u00e1nu, va\u0161e vl\u00e1da se ji\u017e nez\u00e1vazn\u011b zav\u00e1zala k zaveden\u00ed digit\u00e1ln\u00edch identifika\u010dn\u00edch karet, rychl\u00fdch platebn\u00edch syst\u00e9m\u016f a masivn\u00edho sd\u00edlen\u00ed dat do roku 2030.<\/span><\/p>\n<p><span dir=\"auto\">N\u011bkter\u00e9 zem\u011b a regiony rychle sm\u011b\u0159uj\u00ed k p\u0159ijet\u00ed digit\u00e1ln\u00edch identifika\u010dn\u00edch \u00fadaj\u016f, zat\u00edmco jin\u00e9 pomalu sm\u011b\u0159uj\u00ed k digit\u00e1ln\u00edmu otroctv\u00ed a \u010dekaj\u00ed na spr\u00e1vnou zm\u011bnu re\u017eimu, vn\u00edmanou krizi nebo politick\u00e9 p\u0159eskupen\u00ed, aby v\u0161e p\u0159evedly do online prost\u0159ed\u00ed.<\/span><\/p>\n<p><span dir=\"auto\">O\u010dkovac\u00ed certifik\u00e1ty a lockdowny byly zku\u0161ebn\u00ed verz\u00ed. Polo\u017eily technologick\u00fd z\u00e1klad a slou\u017eily jako lakmusov\u00fd pap\u00edrek pro dodr\u017eov\u00e1n\u00ed p\u0159edpis\u016f.<\/span><\/p>\n<p><strong><span dir=\"auto\">Nyn\u00ed je digit\u00e1ln\u00ed identifika\u010dn\u00ed \u010d\u00edslo vnucov\u00e1no cel\u00e9 populaci.<\/span><\/strong><\/p>\n<p><span dir=\"auto\">D\u00e1le bude DPI pou\u017eito k monitorov\u00e1n\u00ed, manipulaci a monetizaci v\u0161eho v p\u0159\u00edrod\u011b ve jm\u00e9nu ochrany biodiverzity.<\/span><\/p>\n<p><strong><span dir=\"auto\">Digit\u00e1ln\u00ed identifika\u010dn\u00ed \u010d\u00edslo je kl\u00ed\u010dem ke v\u0161emu. Tot\u00e1ln\u00ed kontrola nad lidmi a planetou.<\/span><\/strong><\/p>\n<p><span dir=\"auto\">Toto je Agenda 2030. Toto je Velk\u00fd reset.<\/span><\/p>\n<p><em><span dir=\"auto\">T\u00e9m\u011b\u0159 p\u011bt let se The Sociable<\/span><\/em><span dir=\"auto\">\u00a0v\u011bnuje dokumentov\u00e1n\u00ed digit\u00e1ln\u00ed identifikace, Agendy 2030, Velk\u00e9ho resetu a DPI a vysv\u011btluje, co n\u00e1s v\u0161echny \u010dek\u00e1.<\/span><\/p>\n<\/div>\n<\/div>\n<div class=\"elementor-element elementor-element-8c57238 quelle dc-has-condition dc-condition-empty elementor-widget elementor-widget-heading\" data-id=\"8c57238\" data-element_type=\"widget\" data-widget_type=\"heading.default\">\n<div class=\"elementor-widget-container\">\n<h3 class=\"elementor-heading-title elementor-size-default\"><span style=\"font-size: 10pt;\"><a href=\"https:\/\/sociable.co\/government-and-policy\/un-member-states-digital-id-pact-for-the-future\/\" target=\"_blank\" rel=\"nofollow noopener\"><span dir=\"auto\">Zdroj<\/span><\/a><\/span><\/h3>\n<p><img decoding=\"async\" loading=\"lazy\" class=\"wp-image-86739 aligncenter\" src=\"http:\/\/www.infokuryr.cz\/n\/wp-content\/uploads\/2025\/08\/volby-program-211x300.png\" alt=\"\" width=\"687\" height=\"976\" srcset=\"https:\/\/www.infokuryr.cz\/n\/wp-content\/uploads\/2025\/08\/volby-program-211x300.png 211w, https:\/\/www.infokuryr.cz\/n\/wp-content\/uploads\/2025\/08\/volby-program-721x1024.png 721w, https:\/\/www.infokuryr.cz\/n\/wp-content\/uploads\/2025\/08\/volby-program-768x1091.png 768w, https:\/\/www.infokuryr.cz\/n\/wp-content\/uploads\/2025\/08\/volby-program-1081x1536.png 1081w, https:\/\/www.infokuryr.cz\/n\/wp-content\/uploads\/2025\/08\/volby-program-1442x2048.png 1442w, https:\/\/www.infokuryr.cz\/n\/wp-content\/uploads\/2025\/08\/volby-program-1024x1455.png 1024w\" sizes=\"(max-width: 687px) 100vw, 687px\" \/><\/p>\n<\/div>\n<\/div>\n","protected":false},"excerpt":{"rendered":"<p>N\u011bkter\u00e9 zem\u011b rychle p\u0159ech\u00e1zej\u00ed k digit\u00e1ln\u00ed identifikaci, zat\u00edmco jin\u00e9 k DPI p\u0159ech\u00e1zej\u00ed pomalu a \u010dekaj\u00ed&#8230;<\/p>\n","protected":false},"author":2,"featured_media":89140,"comment_status":"closed","ping_status":"closed","sticky":false,"template":"","format":"standard","meta":[],"categories":[7],"tags":[2214,186,2452],"_links":{"self":[{"href":"https:\/\/www.infokuryr.cz\/n\/wp-json\/wp\/v2\/posts\/89139"}],"collection":[{"href":"https:\/\/www.infokuryr.cz\/n\/wp-json\/wp\/v2\/posts"}],"about":[{"href":"https:\/\/www.infokuryr.cz\/n\/wp-json\/wp\/v2\/types\/post"}],"author":[{"embeddable":true,"href":"https:\/\/www.infokuryr.cz\/n\/wp-json\/wp\/v2\/users\/2"}],"replies":[{"embeddable":true,"href":"https:\/\/www.infokuryr.cz\/n\/wp-json\/wp\/v2\/comments?post=89139"}],"version-history":[{"count":0,"href":"https:\/\/www.infokuryr.cz\/n\/wp-json\/wp\/v2\/posts\/89139\/revisions"}],"wp:featuredmedia":[{"embeddable":true,"href":"https:\/\/www.infokuryr.cz\/n\/wp-json\/wp\/v2\/media\/89140"}],"wp:attachment":[{"href":"https:\/\/www.infokuryr.cz\/n\/wp-json\/wp\/v2\/media?parent=89139"}],"wp:term":[{"taxonomy":"category","embeddable":true,"href":"https:\/\/www.infokuryr.cz\/n\/wp-json\/wp\/v2\/categories?post=89139"},{"taxonomy":"post_tag","embeddable":true,"href":"https:\/\/www.infokuryr.cz\/n\/wp-json\/wp\/v2\/tags?post=89139"}],"curies":[{"name":"wp","href":"https:\/\/api.w.org\/{rel}","templated":true}]}}