{"id":89128,"date":"2025-10-03T06:41:05","date_gmt":"2025-10-03T04:41:05","guid":{"rendered":"https:\/\/www.infokuryr.cz\/n\/?p=89128"},"modified":"2025-10-03T06:41:05","modified_gmt":"2025-10-03T04:41:05","slug":"jindrich-kulhavy-takze-vzhuru-k-volebnim-urnam","status":"publish","type":"post","link":"https:\/\/www.infokuryr.cz\/n\/2025\/10\/03\/jindrich-kulhavy-takze-vzhuru-k-volebnim-urnam\/","title":{"rendered":"Jind\u0159ich Kulhav\u00fd: Tak\u017ee vzh\u016fru k volebn\u00edm urn\u00e1m"},"content":{"rendered":"<div id=\"fb-root\"><\/div>\n<p><span class=\"anotation\">Den D je tady a po \u010dty\u0159ech letech m\u016f\u017ee b\u00fdt ukon\u010dena vl\u00e1da nejprolhan\u011bj\u0161\u00edho premi\u00e9ra a nejneschopn\u011bj\u0161\u00edho kabinetu v\u00a0historii \u010ceskoslovenska i \u010cesk\u00e9 republiky. Samoz\u0159ejm\u011b m\u016f\u017eete nesouhlasit, ale p\u0159erod z\u00a0velk\u00e9ho kritika Evropsk\u00e9 unie v\u00a0jej\u00edho mopsl\u00edka je jist\u011b d\u016fkazem toho, \u017ee charakter a mor\u00e1lka jsou v\u00a0politice n\u011b\u010d\u00edm, co v\u00a0n\u00ed lze jen t\u011b\u017eko nal\u00e9zt.<\/span><\/p>\n<div id=\"pagetext\">\n<p>\u00a0 Dnes u\u017e nechceme nikoho p\u0159esv\u011bd\u010dovat, koho m\u00e1te volit. Je to ka\u017ed\u00e9ho z\u00a0v\u00e1s v\u011bc a pravd\u011bpodobn\u011b u\u017e jste rozhodnuti. Nebudeme ani hodnotit kon\u010d\u00edc\u00ed vl\u00e1du, proto\u017ee nic pozitivn\u00edho tu nen\u00ed a zaob\u00edrat se z\u00e1porn\u00fdmi vlastnostmi Fialova kabinetu by vydalo na knihu. Je li mezi v\u00e1mi n\u011bkdo, kdo m\u00e1 tendenci p\u016fsobit si bolest, mo\u017en\u00e1 jste rozhodnuti sv\u016fj hlas hodit komukoliv z\u00a0kon\u010d\u00edc\u00ed vl\u00e1dn\u00ed koalice, do kter\u00e9 st\u00e1le po\u010d\u00edt\u00e1me i pir\u00e1tskou svolo\u010d. Sebepo\u0161kozov\u00e1n\u00ed je pro n\u011bkter\u00e9 lidi b\u011b\u017enou prax\u00ed, p\u0159i\u010dem\u017e d\u00e1vat d\u016fv\u011bru t\u011bm, kte\u0159\u00ed ve velk\u00e9m kradli, poru\u0161ovali z\u00e1kony a rozd\u00e1vali ze spole\u010dn\u00e9ho, za nic jin\u00e9ho pova\u017eovat nelze. A br\u00e1nit mu v\u00a0tom mimo psychiatrick\u00e9 odd\u011blen\u00ed tak\u00e9 ne. Sv\u011brac\u00ed kazajky pro \u010d\u00e1st n\u00e1roda je\u0161t\u011b nikdo vyrobit nenavrhnul.<\/p>\n<p>Mimo SPOLU, STAN a Pir\u00e1t\u016f je tu dal\u0161\u00ed bohat\u00fd v\u00fdb\u011br. M\u00e9dia pomoc\u00ed pochybn\u00fdch agentur v\u011bt\u0161inu men\u0161\u00edch subjekt\u016f diskvalifikovala a mimo t\u011bch, kter\u00e9 maj\u00ed \u0161ance z\u00edskat pot\u0159ebn\u00fdch 5% voli\u010dsk\u00fdch hlas\u016f, zmi\u0148uj\u00ed u\u017e jen P\u0159\u00edsahu. Takzvan\u00e9 pr\u016fzkumy ve\u0159ejn\u00e9ho m\u00edn\u011bn\u00ed p\u0159edev\u0161\u00edm ke konci volebn\u00edch kampan\u00ed z\u00e1zra\u010dn\u011b p\u0159ihodily procenta potencion\u00e1ln\u00edch hlas\u016f pr\u00e1v\u011b stran\u00e1m vl\u00e1dn\u00ed koalice. Vzestup Pir\u00e1t\u016f a STAN m\u00e1 navnadit nerozhodnut\u00e9 voli\u010de nemaj\u00edc\u00ed dostate\u010dn\u00e9 kritick\u00e9 pov\u011bdom\u00ed o praktik\u00e1ch politik\u016f kolem Fialy, Raku\u0161ana a H\u0159iba. Oh\u00fdb\u00e1n\u00ed lidsk\u00e9 mysli i pravdy je standardem liber\u00e1l\u016f.<\/p>\n<p>ANO m\u00e1 ji\u017e dlouho dostate\u010dn\u011b siln\u00e9 p\u0159edvolebn\u00ed preference. Pravd\u011bpodobn\u011b moc lidem nevadilo nic z\u00a0toho, co se d\u011blo za covidu. Prvn\u00ed obrovsk\u00fd schodek rozpo\u010dtu, n\u00e1znaky st\u00e1tn\u00edho teroru a medi\u00e1ln\u00ed stra\u0161en\u00ed ve spojen\u00ed s\u00a0doslova \u0161okuj\u00edc\u00edmi protiob\u010dansk\u00fdmi opat\u0159en\u00edmi byly tedy zapomenuty? Ne v\u0161emi, ale dle predikovan\u00e9ho po\u010dtu potencion\u00e1ln\u00edch voli\u010d\u016f t\u011bch zapomn\u011btliv\u00fdch z\u016fstalo pom\u011brn\u011b dost. Mo\u017en\u00e1 si p\u0159\u00edjemci vakc\u00edn nejsou schopni p\u0159ipustit, \u017ee asi dost pochybili, kdy\u017e nalet\u011bli na o\u010dkovac\u00ed propagandu, p\u0159\u00edpadn\u011b podlehli n\u00e1tlaku ze strany st\u00e1tu (mimo vl\u00e1dy se na zisc\u00edch Big Pharmy pod\u00edlela i tehdej\u0161\u00ed opozice s\u00a0v\u00fdjimkou SPD), tak\u017ee jim vlastn\u011b v\u0161e ze strany ANO p\u0159ipadalo v\u00a0po\u0159\u00e1dku. Nav\u00edc je tato partaj v\u00a0eurohujerstv\u00ed velmi bl\u00edzk\u00e1 sou\u010dasn\u00e9mu vl\u00e1dn\u00edmu anc\u00e1blu. Znamen\u00e1 to tedy, \u017ee jsou \u00be n\u00e1roda spojen\u00e9 s\u00a0bruselskou agendou a protiruskou hysteri\u00ed?<\/p>\n<p>Jak jsme si sl\u00edbili, nebudeme nikoho k\u00a0ni\u010demu p\u0159esv\u011bd\u010dovat. Pouze jsme se zeptali, pro\u010d tolik lid\u00ed rept\u00e1 a z\u00e1rove\u0148 vol\u00ed ty, kte\u0159\u00ed to st\u011b\u017eov\u00e1n\u00ed si zavinili. Ne, netvrd\u00edme, \u017ee ostatn\u00ed jsou mnohem lep\u0161\u00ed, chyt\u0159ej\u0161\u00ed \u010di schopn\u011bj\u0161\u00ed. Pouze si mysl\u00edme, \u017ee u\u017e jsme za\u017eili mnoh\u00e9 a vracet se k\u00a0t\u011bm, u kter\u00fdch je zjevn\u00e9, \u017ee \u010ceskou republiku nijak dop\u0159edu neposunuli, nen\u00ed dobr\u00fd n\u00e1pad. D\u00e1t \u0161anci nov\u00fdm a politikou nezka\u017een\u00fdm odborn\u00edk\u016fm by bylo jist\u011b mnohem perspektivn\u011bj\u0161\u00ed. Star\u00e9 struktury si vytvo\u0159ily auru nevym\u011bnitelnosti, viz t\u0159eba N\u011bmcov\u00e1 za\u0161it\u00e1 v\u00a0Sen\u00e1tu, nebo doty\u010dn\u00ed prost\u011b vsadili v\u0161e na jednu kartu, z\u00e1zra\u010dn\u011b zbohatnuli, nikdo je nezav\u0159el a te\u010f to zkou\u0161\u00ed znovu. Kauz, ve kter\u00fdch se rozto\u010dily velk\u00e9 pen\u00edze, je mnoho. Uv\u011bdomte si, kolik z\u00a0v\u00e1s na konci m\u011bs\u00edce po\u010d\u00edt\u00e1 ka\u017edou korunu, jak\u00e9 odv\u00e1d\u00edte dan\u011b, \u010di kolik nech\u00e1te v\u00a0supermarketech p\u0159i n\u00e1kupu potravin, jejich\u017e kvalita m\u00e1 k\u00a0t\u00e9 p\u0159edsametov\u00e9 \u010dasto mnohem d\u00e1le, ne\u017e si jsme schopni p\u0159ipustit. P\u0159esto mnoz\u00ed z\u00a0v\u00e1s budou hlasovat pro zlod\u011bje, manipulanty a korup\u010dn\u00edky.<\/p>\n<p>A\u017e p\u016fjdete do volebn\u00edch m\u00edstnost\u00ed, po\u0159\u00e1dn\u011b zva\u017ete v\u0161echna pro a proti. Uv\u011bdomte si, co jste za posledn\u00ed roky pro\u017eili, kolik se zm\u011bnilo skute\u010dn\u011b k\u00a0lep\u0161\u00edmu a naopak, co se nepovedlo a co n\u00e1m hroz\u00ed. Mo\u017en\u00e1 jsme pesimist\u00e9, ale \u0159\u00edk\u00e1me, chce to radik\u00e1ln\u00ed zm\u011bnu. Z\u00e1rove\u0148 tu\u0161\u00edme, \u017ee ta nep\u0159ijde. Ale t\u0159eba budeme p\u0159ekvapeni. Tak hodn\u011b \u0161t\u011bst\u00ed \u010cesk\u00e1 republiko.<\/p>\n<p><a href=\"https:\/\/www.inadhled.live\/uvaha-dne\/takze-vzhuru-k-volebnim-urnam\/\">Jind\u0159ich Kulhav\u00fd<\/a><\/p>\n<p><img decoding=\"async\" loading=\"lazy\" class=\"alignnone size-full wp-image-48136\" src=\"http:\/\/www.infokuryr.cz\/n\/wp-content\/uploads\/2024\/02\/kulhavy-jindrich.jpg\" alt=\"\" width=\"219\" height=\"221\" srcset=\"https:\/\/www.infokuryr.cz\/n\/wp-content\/uploads\/2024\/02\/kulhavy-jindrich.jpg 219w, https:\/\/www.infokuryr.cz\/n\/wp-content\/uploads\/2024\/02\/kulhavy-jindrich-150x150.jpg 150w\" sizes=\"(max-width: 219px) 100vw, 219px\" \/><\/p>\n<p><img decoding=\"async\" loading=\"lazy\" class=\"wp-image-86739 aligncenter\" src=\"http:\/\/www.infokuryr.cz\/n\/wp-content\/uploads\/2025\/08\/volby-program-211x300.png\" alt=\"\" width=\"783\" height=\"1113\" srcset=\"https:\/\/www.infokuryr.cz\/n\/wp-content\/uploads\/2025\/08\/volby-program-211x300.png 211w, https:\/\/www.infokuryr.cz\/n\/wp-content\/uploads\/2025\/08\/volby-program-721x1024.png 721w, https:\/\/www.infokuryr.cz\/n\/wp-content\/uploads\/2025\/08\/volby-program-768x1091.png 768w, https:\/\/www.infokuryr.cz\/n\/wp-content\/uploads\/2025\/08\/volby-program-1081x1536.png 1081w, https:\/\/www.infokuryr.cz\/n\/wp-content\/uploads\/2025\/08\/volby-program-1442x2048.png 1442w, https:\/\/www.infokuryr.cz\/n\/wp-content\/uploads\/2025\/08\/volby-program-1024x1455.png 1024w\" sizes=\"(max-width: 783px) 100vw, 783px\" \/><\/p>\n<p>&nbsp;<\/p>\n<\/div>\n","protected":false},"excerpt":{"rendered":"<p>Den D je tady a po \u010dty\u0159ech letech m\u016f\u017ee b\u00fdt ukon\u010dena vl\u00e1da nejprolhan\u011bj\u0161\u00edho premi\u00e9ra a&#8230;<\/p>\n","protected":false},"author":2,"featured_media":89129,"comment_status":"closed","ping_status":"closed","sticky":false,"template":"","format":"standard","meta":[],"categories":[6],"tags":[1503,122,27],"_links":{"self":[{"href":"https:\/\/www.infokuryr.cz\/n\/wp-json\/wp\/v2\/posts\/89128"}],"collection":[{"href":"https:\/\/www.infokuryr.cz\/n\/wp-json\/wp\/v2\/posts"}],"about":[{"href":"https:\/\/www.infokuryr.cz\/n\/wp-json\/wp\/v2\/types\/post"}],"author":[{"embeddable":true,"href":"https:\/\/www.infokuryr.cz\/n\/wp-json\/wp\/v2\/users\/2"}],"replies":[{"embeddable":true,"href":"https:\/\/www.infokuryr.cz\/n\/wp-json\/wp\/v2\/comments?post=89128"}],"version-history":[{"count":0,"href":"https:\/\/www.infokuryr.cz\/n\/wp-json\/wp\/v2\/posts\/89128\/revisions"}],"wp:featuredmedia":[{"embeddable":true,"href":"https:\/\/www.infokuryr.cz\/n\/wp-json\/wp\/v2\/media\/89129"}],"wp:attachment":[{"href":"https:\/\/www.infokuryr.cz\/n\/wp-json\/wp\/v2\/media?parent=89128"}],"wp:term":[{"taxonomy":"category","embeddable":true,"href":"https:\/\/www.infokuryr.cz\/n\/wp-json\/wp\/v2\/categories?post=89128"},{"taxonomy":"post_tag","embeddable":true,"href":"https:\/\/www.infokuryr.cz\/n\/wp-json\/wp\/v2\/tags?post=89128"}],"curies":[{"name":"wp","href":"https:\/\/api.w.org\/{rel}","templated":true}]}}