{"id":89125,"date":"2025-10-03T06:34:28","date_gmt":"2025-10-03T04:34:28","guid":{"rendered":"https:\/\/www.infokuryr.cz\/n\/?p=89125"},"modified":"2025-10-03T06:34:28","modified_gmt":"2025-10-03T04:34:28","slug":"jana-markova-kratky-apel-aneb-nevolit-neni-bojkot","status":"publish","type":"post","link":"https:\/\/www.infokuryr.cz\/n\/2025\/10\/03\/jana-markova-kratky-apel-aneb-nevolit-neni-bojkot\/","title":{"rendered":"Jana Markov\u00e1: Kr\u00e1tk\u00fd apel, aneb nevolit nen\u00ed bojkot"},"content":{"rendered":"<div id=\"fb-root\"><\/div>\n<p>Pokud nep\u016fjdete volit, neznamen\u00e1 to, \u017ee demonstrujete nesouhlas. Naopak. Znamen\u00e1 to, \u017ee d\u00e1v\u00e1te sv\u016fj hlas v\u00edt\u011bzi, a\u0165 je to kdokoliv. Nech\u00e1v\u00e1te tak jin\u00e9, aby rozhodli za v\u00e1s.<\/p>\n<p>Nech\u00e1v\u00e1te jin\u00e9, aby rozhodovali o pravidlech, podle kter\u00fdch budete vy \u017e\u00edt. Nic v\u00edc, nic m\u00ed\u0148. Nech\u00e1v\u00e1te sousedku nebo souseda aby rozhodovali o tom, jestli si budete je\u0161t\u011b za rok moct zatopit v krbovk\u00e1ch, jestli si budete moct dovolit koupit benz\u00edn, jestli se uzbroj\u00edme a ugr\u00fdnd\u00fdlujeme k ekonomick\u00e9 smrti, jestli chceme pr\u00e1va men\u0161in stav\u011bt nad pr\u00e1va v\u011bt\u0161iny. Jestli tu budeme m\u00edt migra\u010dn\u00ed boom a sto pohlav\u00ed u\u017e od \u0161kolky. Jestli budeme m\u00edt dostupn\u00e9 energie nebo jestli budou ty na\u0161e dostupn\u00e9 jen pro N\u011bmce.<\/p>\n<p>S t\u00edm v\u0161\u00edm m\u016f\u017eete souhlasit, ani\u017e byste zvedli zadek z gau\u010de. V\u00edt\u011bzstv\u00ed a prohry b\u00fdvaj\u00ed v posledn\u00edch letech t\u011bsn\u00e9 a vysloven\u011b o prsa korejsk\u00e9 baletky. Svou ne\u00fa\u010dast\u00ed ne\u0159\u00edk\u00e1te NE v\u016fbec nikomu. \u0158\u00edk\u00e1te, \u017ee je v\u00e1m tohle v\u0161echno jedno a nez\u00e1le\u017e\u00ed v\u00e1m na tom, kde budou va\u0161i potomci \u017e\u00edt a jestli jim jednou v\u0161echno to, co jste pro n\u011b cht\u011bli, v r\u00e1mci n\u011bjak\u00e9 \u0161\u00edlen\u00e9 ideologie seberou. \u0158\u00edk\u00e1te t\u0159eba i to, \u017ee va\u0161e pr\u00e1ce nem\u011bla smysl a \u017e\u00e1dnou cenu. \u017de se vzd\u00e1v\u00e1te pr\u00e1va na d\u016fstojn\u00fd d\u016fchod, funguj\u00edc\u00ed zdravotn\u00ed a soci\u00e1ln\u00ed syst\u00e9m. Ml\u010den\u00ed nen\u00ed nesouhlas. Ml\u010den\u00ed je souhlas s v\u00edt\u011bzem.<\/p>\n<p>A proto\u017ee ta v\u00edt\u011bzstv\u00ed a prohry b\u00fdvaj\u00ed tak t\u011bsn\u00e1, tak rozhoduje skute\u010dn\u011b ka\u017ed\u00fd hlas. A p\u0159esn\u011b a jen podle va\u0161ich a na\u0161ich hlas\u016f bude dal\u0161\u00ed roky vypadat tahle zem. Ne jinak. Tak\u017ee \u0159e\u010di o tom, \u017ee to nem\u00e1 smysl jsou jen alibistick\u00e9 kecy, jak omluvit vlastn\u00ed neochotu zapojit rozum a sv\u011bdom\u00ed a podle toho to n\u011bkomu \u201ehodit\u201c. Klidn\u011b cestou men\u0161\u00edho zla. Po\u0159\u00e1d je to lep\u0161\u00ed, ne\u017e zlo krystalick\u00e9.<\/p>\n<p>Samoz\u0159ejm\u011b po\u0159\u00e1d m\u016f\u017eete vyu\u017e\u00edt sv\u00e9 pr\u00e1vo a navzdory tomu v\u0161emu si m\u00edsto k volb\u00e1m sko\u010dit pro pivo nebo pro rohl\u00edky. Volebn\u00ed m\u00edstnost je p\u0159ece pro ka\u017ed\u00e9ho stra\u0161n\u011b daleko, dokonce i p\u00e1r stovek metr\u016f. Skoro se vsad\u00edm, \u017ee bl\u00ed\u017e ne\u017e nejbli\u017e\u0161\u00ed korpor\u00e1tn\u00ed obchod, na kter\u00fd n\u011bkdy tak nad\u00e1v\u00e1te. Ale pak od v\u00e1s nechci dal\u0161\u00ed \u010dty\u0159i roky sly\u0161et ani slovo, \u017ee je tady n\u011bco \u0161patn\u011b. \u017de nem\u00e1te na l\u00e9ky. \u017de se v\u00e1m nel\u00edb\u00ed da\u0148 z nemovitosti, \u017ee byste cht\u011bli slevu na studuj\u00edc\u00ed d\u011bti nebo ni\u017e\u0161\u00ed DPH na kojeneckou vodu. \u017de se v\u00e1m nel\u00edb\u00ed EET, proto\u017ee u\u017e te\u010f \u010dek\u00e1te m\u011bs\u00edce na \u0159emesln\u00edka. \u017de jako OSV\u010c s t\u00edm u\u017e rad\u0161i pra\u0161t\u00edte. \u017de nem\u00e1te pediatra, zuba\u0159e a na vy\u0161et\u0159en\u00ed \u010dek\u00e1te m\u011bs\u00edce. \u017de d\u011bti ve \u0161kol\u00e1ch maj\u00ed v\u00edc psycholog\u016f a poruch, ne\u017e znalost\u00ed. Nez\u00e1jem. Bude mi to \u00fapln\u011b stejn\u011b fuk, jako v\u00e1m bylo fuk, co se tu dal\u0161\u00ed volebn\u00ed obdob\u00ed bude d\u00edt.<\/p>\n<p>Na z\u00e1v\u011br chci poprosit, abychom nebyli k volb\u00e1m lhostejn\u00ed. Jinou \u0161anci v\u011bci m\u011bnit nem\u00e1me. A jak jsme vid\u011bli v USA, kormidlem lze hnout. I my m\u016f\u017eeme tu lo\u010f oto\u010dit. Ot\u00e1zka je, kolik n\u00e1s bude.<\/p>\n<p><a href=\"https:\/\/web.litterate.cz\/kratky-apel-aneb-nevolit-neni-bojkot\/\">Jana Markov\u00e1<\/a><\/p>\n<p><img decoding=\"async\" loading=\"lazy\" class=\"alignnone size-full wp-image-34862\" src=\"http:\/\/www.infokuryr.cz\/n\/wp-content\/uploads\/2023\/08\/jana-markova.jpg\" alt=\"\" width=\"180\" height=\"180\" srcset=\"https:\/\/www.infokuryr.cz\/n\/wp-content\/uploads\/2023\/08\/jana-markova.jpg 180w, https:\/\/www.infokuryr.cz\/n\/wp-content\/uploads\/2023\/08\/jana-markova-150x150.jpg 150w\" sizes=\"(max-width: 180px) 100vw, 180px\" \/><\/p>\n<p><img decoding=\"async\" loading=\"lazy\" class=\"wp-image-86739 aligncenter\" src=\"http:\/\/www.infokuryr.cz\/n\/wp-content\/uploads\/2025\/08\/volby-program-211x300.png\" alt=\"\" width=\"718\" height=\"1021\" srcset=\"https:\/\/www.infokuryr.cz\/n\/wp-content\/uploads\/2025\/08\/volby-program-211x300.png 211w, https:\/\/www.infokuryr.cz\/n\/wp-content\/uploads\/2025\/08\/volby-program-721x1024.png 721w, https:\/\/www.infokuryr.cz\/n\/wp-content\/uploads\/2025\/08\/volby-program-768x1091.png 768w, https:\/\/www.infokuryr.cz\/n\/wp-content\/uploads\/2025\/08\/volby-program-1081x1536.png 1081w, https:\/\/www.infokuryr.cz\/n\/wp-content\/uploads\/2025\/08\/volby-program-1442x2048.png 1442w, https:\/\/www.infokuryr.cz\/n\/wp-content\/uploads\/2025\/08\/volby-program-1024x1455.png 1024w\" sizes=\"(max-width: 718px) 100vw, 718px\" \/><\/p>\n","protected":false},"excerpt":{"rendered":"<p>Pokud nep\u016fjdete volit, neznamen\u00e1 to, \u017ee demonstrujete nesouhlas. Naopak. Znamen\u00e1 to, \u017ee d\u00e1v\u00e1te sv\u016fj hlas&#8230;<\/p>\n","protected":false},"author":2,"featured_media":55786,"comment_status":"closed","ping_status":"closed","sticky":false,"template":"","format":"standard","meta":[],"categories":[6],"tags":[1503,27,1758,538],"_links":{"self":[{"href":"https:\/\/www.infokuryr.cz\/n\/wp-json\/wp\/v2\/posts\/89125"}],"collection":[{"href":"https:\/\/www.infokuryr.cz\/n\/wp-json\/wp\/v2\/posts"}],"about":[{"href":"https:\/\/www.infokuryr.cz\/n\/wp-json\/wp\/v2\/types\/post"}],"author":[{"embeddable":true,"href":"https:\/\/www.infokuryr.cz\/n\/wp-json\/wp\/v2\/users\/2"}],"replies":[{"embeddable":true,"href":"https:\/\/www.infokuryr.cz\/n\/wp-json\/wp\/v2\/comments?post=89125"}],"version-history":[{"count":0,"href":"https:\/\/www.infokuryr.cz\/n\/wp-json\/wp\/v2\/posts\/89125\/revisions"}],"wp:featuredmedia":[{"embeddable":true,"href":"https:\/\/www.infokuryr.cz\/n\/wp-json\/wp\/v2\/media\/55786"}],"wp:attachment":[{"href":"https:\/\/www.infokuryr.cz\/n\/wp-json\/wp\/v2\/media?parent=89125"}],"wp:term":[{"taxonomy":"category","embeddable":true,"href":"https:\/\/www.infokuryr.cz\/n\/wp-json\/wp\/v2\/categories?post=89125"},{"taxonomy":"post_tag","embeddable":true,"href":"https:\/\/www.infokuryr.cz\/n\/wp-json\/wp\/v2\/tags?post=89125"}],"curies":[{"name":"wp","href":"https:\/\/api.w.org\/{rel}","templated":true}]}}