{"id":89122,"date":"2025-10-03T06:19:15","date_gmt":"2025-10-03T04:19:15","guid":{"rendered":"https:\/\/www.infokuryr.cz\/n\/?p=89122"},"modified":"2025-10-03T06:25:45","modified_gmt":"2025-10-03T04:25:45","slug":"jiri-mincic-bes","status":"publish","type":"post","link":"https:\/\/www.infokuryr.cz\/n\/2025\/10\/03\/jiri-mincic-bes\/","title":{"rendered":"Ji\u0159\u00ed Min\u010di\u010d: B\u011bs"},"content":{"rendered":"<div id=\"fb-root\"><\/div>\n<p><strong>Ano, to co se p\u0159edev\u0161\u00edm v posledn\u00edch p\u0159ibli\u017en\u011b deseti letech odehr\u00e1v\u00e1 v \u010cesk\u00e9 republice, Evrop\u011b a vlastn\u011b na cel\u00e9 planet\u011b, je doopravdy b\u011bs. St\u00e1le rychleji a d\u016fkladn\u011bji se zdokonaluj\u00edc\u00ed metody lhan\u00ed, manipulac\u00ed, vyd\u00edr\u00e1n\u00ed a v\u00fdhr\u016f\u017eek, jejich\u017e c\u00edlem je p\u0159edev\u0161\u00edm ne\u00fam\u011brn\u00fd majetkov\u00fd prosp\u011bch \u2013 p\u0159edev\u0161\u00edm ten, kter\u00fd je u\u017e na hranici loupe\u017ee, jsou st\u00e1le v\u00edce nep\u0159ijateln\u00e9 a nesnesiteln\u00e9 (ETS1,ETS2 \u2013 Evropsk\u00fd syst\u00e9m emisn\u00edho obchodov\u00e1n\u00ed).<\/strong><\/p>\n<p>C\u00edl, ale p\u0159edev\u0161\u00edm pou\u017e\u00edvan\u00e9 prost\u0159edky pom\u011brn\u011b p\u0159esn\u011b definovan\u00e9 velmi \u00fazkou skupinou lid\u00ed, p\u0159est\u00e1v\u00e1 b\u00fdt zakr\u00fdv\u00e1n. Jednak proto, \u017ee \u201eprojekty\u201c spu\u0161t\u011bn\u00e9 v posledn\u00edch p\u0159ibli\u017en\u011b 25 letech sv\u00fdm z\u00e1b\u011brem a hlavn\u011b pou\u017eit\u00fdmi metodami realizac\u00ed, kryt\u00ed neumo\u017e\u0148uj\u00ed. A pokud, tak na velmi kr\u00e1tkou dobu.<\/p>\n<p>Dal\u0161\u00edm d\u016fvodem je zku\u0161enostmi z\u00edskan\u00e1 otrlost takzvan\u00fdch elit. Evropskou \u201adivizi\u2018 t\u00e9to skupiny \u0159\u00edd\u00ed pe\u010dliv\u011b vybran\u00fd po\u010det nevolen\u00fdch, ale vyvolen\u00fdch, pe\u010dliv\u011b vyb\u00edran\u00fdch jedinc\u016f, jak z \u010cR, ale tak\u00e9 mimo ni.<\/p>\n<p>Pravd\u011bpodobn\u011b mezi nej\u00fa\u010dinn\u011bj\u0161\u00ed n\u00e1stroje k ovl\u00e1d\u00e1n\u00ed ob\u010dan\u016f nap\u0159\u00ed\u010d sv\u011btem a v sou\u010dasnosti samoz\u0159ejm\u011b i v \u010cesk\u00e9 republice, jsou strach a zadlu\u017een\u00ed. A to jak jednotliv\u00fdch ob\u010dan\u016f, tak cel\u00e9ho st\u00e1tu.<\/p>\n<p>Pr\u00e1v\u011b pomoc\u00ed strachu, ale tak\u00e9 intenzivn\u00edho lhan\u00ed, v\u010detn\u011b aktivn\u00ed pomoci jednoho ze t\u0159\u00ed \u201epil\u00ed\u0159\u016f d\u011blby moci\u201c se v \u010cesk\u00e9 republice dostala sou\u010dasn\u00e1 sm\u011bsice politick\u00fdch dobrodruh\u016f a lichv\u00e1\u0159\u016f k moci. A v \u010dele t\u00e9to opr\u00e1vn\u011bn\u00fd odpor bud\u00edc\u00ed sm\u011bsice, stanul p\u0159edseda politick\u00e9 strany, kter\u00fd dok\u00e1zal tuto stranu prakticky zcela znehodnotit a tak potvrdit, \u017ee je kvalifikovan\u00fd k znehodnocen\u00ed cel\u00e9ho st\u00e1tu.<\/p>\n<p>Nepo\u010d\u00edtal jsemkolik m\u011bl Petr Fiala k ruce\u00a0<i>p\u0159\u00e1tel po boku<\/i>. Je to vlastn\u011b jedno, proto\u017ee jen ty, kter\u00e9 si vybral z vlastn\u00ed politick\u00e9 strany, dostate\u010dn\u011b vysv\u011btluj\u00ed ekonomick\u00fd a mor\u00e1ln\u00ed \u00fapadek \u010cesk\u00e9 republiky v\u010detn\u011b faktu, pro\u010d se mu nap\u0159\u00edklad povedlo za \u010dty\u0159i roky zv\u00fd\u0161it zadlu\u017een\u00ed st\u00e1tu o polovinu ro\u010dn\u00edho st\u00e1tn\u00edho rozpo\u010dtu (cca 1,25 bilionu K\u010d).<\/p>\n<p>D\u016fle\u017eit\u00e9 pro pana Fialu bylo podrb\u00e1n\u00ed za ou\u0161ky od \u201aDear Ursuly\u2018, nebo \u201aDear Roberty\u2018. Pokud se zm\u00edn\u011bn\u00e9ho dluhu t\u00fdk\u00e1, je asi st\u00e1le co doh\u00e1n\u011bt ve srovn\u00e1n\u00ed s tzv. vysp\u011bl\u00fdm Z\u00e1padem, kam se po\u0159\u00e1d Petr Fiala cpe.<\/p>\n<p>P\u0159edn\u00ed reprezentant arogance Stanjura, si tohoto zaost\u00e1v\u00e1n\u00ed je v\u011bdom, co\u017e potvrdil nyn\u00ed ji\u017e vl\u00e1dou schv\u00e1len\u00fdm n\u00e1vrhem rozpo\u010dtu na rok 2026. Jak pravil klasik: \u201eTo se n\u00e1m to hoduje, kdy\u017e n\u00e1m lidi p\u016fj\u010dujou.\u201c. Jen to \u201ehodov\u00e1n\u00ed\u201c je nutno nahradit slovem \u201ezbroj\u00ed\u201c . K velk\u00e9mu uspokojen\u00ed sle\u010dny \u010cernochov\u00e9, jej\u00ed\u017e jedinou kvalifikac\u00ed k v\u00fdkonu ministryn\u011b v\u00e1lky, pardon obrany, je z\u00e1liba ve st\u0159elb\u011b. Jej\u00ed st\u00e1le h\u016f\u0159e skr\u00fdvan\u00e1 touha po v\u00e1le\u010dn\u00e9m st\u0159etu s Ruskou federac\u00ed, siln\u011b podporovan\u00e1 p\u0159edsedou vl\u00e1dy a asistovan\u00e1 psychopatem ze ZAMINI, by m\u011bla b\u00fdt dostate\u010dn\u00fdm d\u016fvodem k jej\u00ed (a tak\u00e9 jej\u00edch podruh\u016f) do\u010dasn\u00e9 izolaci od zbytku spole\u010dnosti.<\/p>\n<p>Bylo by nespravedliv\u00e9 nezm\u00ednit se o Ev\u011b Decroix, sou\u010dasn\u00e9 ministryni spravedlnosti. Tato velmi ambiciosn\u00ed (!?) \u017eena m\u016f\u017ee poslou\u017eit jako p\u0159\u00edklad, jak lze podv\u00e1d\u011bt, manipulovat, p\u0159\u00edpadn\u011b zakr\u00fdvat relevantn\u00ed skute\u010dnosti. To byly toti\u017e hlavn\u00ed p\u0159edpoklady pro jej\u00ed vysazen\u00ed do pozice ministryn\u011b spravedlnosti Petrem Fialou. Nem\u00e1m ambici posuzovat rozd\u00edly v kvalit\u011b ( dosa\u017een\u00e9 v\u00fd\u0161ce) jej\u00edho studia v zem\u00edch mimo \u010cR, v\u010detn\u011b pou\u017eit\u00ed v tomto p\u0159\u00edpad\u011b problematick\u00e9 nostrifikace. Nicm\u00e9n\u011b, \u017ee se probl\u00e9m opr\u00e1vn\u011bnosti tohoto uzn\u00e1n\u00ed dosa\u017een\u00e9ho vzd\u011bl\u00e1n\u00ed z\u00fa\u017eil jen na mo\u017enost (ne)pou\u017e\u00edv\u00e1n\u00ed titulu Mgr., mohl b\u00fdt inspirac\u00ed Ev\u011b Decroix k jej\u00edm verb\u00e1ln\u00edm ministersk\u00fdm tane\u010dk\u016fm, p\u0159\u00edpadn\u011b drobn\u00fdm \u00fakrok\u016fm v neuv\u011b\u0159iteln\u00e9 af\u00e9\u0159e legalizace tzv. \u0161pinav\u00fdch pen\u011bz st\u00e1tem (Bitcoinov\u00e1 af\u00e9ra Pavla Bla\u017eka). Sebe sama resp. v\u00fd\u0161ku sv\u00e9ho IQ, stanovila tato r\u00e1da se pohupuj\u00edc\u00ed \u017eena zcela v\u00fdsti\u017en\u011b sv\u00fdm vlastn\u00edm v\u00fdrokem: \u201eLep\u0161\u00ed je b\u00fdt zklaman\u00fdm voli\u010dem demokratick\u00fdch stran, ne\u017e b\u00fdt spokojen\u00fdm voli\u010dem prorusk\u00fdch stran.\u201c.<\/p>\n<p>A jsme u bleskov\u00e9ho ukon\u010den\u00ed programu COVID. D\u016fvodem p\u0159edev\u0161\u00edm bylo Spojen\u00fdmi st\u00e1ty a Brit\u00e1ni\u00ed p\u0159ipraven\u00e9 spu\u0161t\u011bn\u00ed programu UKRAJINA. Jeho program\u00e1to\u0159i tak dnes spokojen\u011b inkasuj\u00ed, maskov\u00e1ni bl\u00e1bolen\u00edm o agresorovi, rusk\u00fdch reparac\u00edch a muni\u010dn\u00ed iniciativ\u011b. Pokud by se inkaso zadrhlo, pak se nebudou rozpakovat a klidn\u011b za\u010dnou kr\u00e1st. Zde by m\u011bl standardn\u00ed ob\u010dan zpozorn\u011bt. Jsou-li vl\u00e1dy ochotny se uch\u00fdlit k takov\u00e9mu kroku v\u016f\u010di tak siln\u00e9mu st\u00e1tu jak\u00fdm RF bezesporu je, jak se asi budou rozpakovat pou\u017e\u00edt stejnou \u201emetodu\u201c proti vlastn\u00edm obyvatel\u016fm.<\/p>\n<p>V \u010cR v tomto t\u00fddnu vrchol\u00ed sp\u00ed\u0161e volebn\u00ed agonie, ne\u017e volebn\u00ed kampa\u0148. Je k neuv\u011b\u0159en\u00ed, \u010deho jsou schopni p\u0159edev\u0161\u00edm vl\u00e1dn\u00ed poslanci. Takov\u00fd p\u0159etlak drz\u00fdch \u010del a poplu\u017en\u00edch dvor\u016f, v\u010detn\u011b bojovn\u011b vytr\u010den\u00fdch brad, je v uplynul\u00fdch jeden\u00e1cti parlamentn\u00edch volebn\u00edch kl\u00e1n\u00edch zcela neb\u00fdval\u00fd.<\/p>\n<p>Pr\u00e1v\u011b program UKRAJINA umo\u017enil otev\u0159en\u00ed stavidel sprostot a lhan\u00ed v\u0161em, kte\u0159\u00ed bin\u00e1rn\u011b (0\/1)rozli\u0161uj\u00ed mezi cenou \u017eivota Rusa a \u017eivota Ukrajince. Chov\u00e1 se tak p\u0159edseda vl\u00e1dy \u010cR a s n\u00edm cel\u00e1 vl\u00e1da.<\/p>\n<p>Chov\u00e1 se tak N\u011bmka von der Pfizer, chov\u00e1 se tak N\u011bmec, \u0159\u00ed\u0161sk\u00fd kancl\u00e9\u0159 Merz. Zejm\u00e9na posledn\u011b jmenovan\u00fd by se m\u011bl povinn\u011b podrobn\u011b sezn\u00e1mit se sv\u00fdm rodokmenem.<\/p>\n<p>Bylo by toho je\u0161t\u011b tolik, co bych cht\u011bl napsat pod dojmem zcela pitom\u00fdch p\u0159edvolebn\u00edch debat (?) veden\u00fdch je\u0161t\u011b pitom\u011bj\u0161\u00edmi moder\u00e1tory oboj\u00edho pohlav\u00ed. Spol\u00e9h\u00e1m se na ty, kte\u0159\u00ed je\u0161t\u011b maj\u00ed s\u00edlu se brodit t\u00edm b\u011bsem a dod\u00e1vat nad\u011bji. Proto z\u00e1v\u011brem vzkaz t\u011bm st\u00e1le je\u0161t\u011b vl\u00e1dnouc\u00edm od pana Cromwella:<\/p>\n<p><i>\u2026 je nejvy\u0161\u0161\u00ed \u010das ukon\u010dit va\u0161e zased\u00e1n\u00ed, je\u017e jste zostudili opovrhov\u00e1n\u00edm v\u0161\u00edm dobr\u00fdm a poskvrnili v\u0161emi ne\u0159estmi. Nejste ne\u017e sebranka a odp\u016frci blahod\u00e1rn\u00e9 spr\u00e1vy\u2026 Zlato je va\u0161\u00edm Bohem&#8230; Kdo z v\u00e1s neuml\u010del sv\u00e9 sv\u011bdom\u00ed za \u00faplatek? \u2026 Jak hnusn\u011b odporn\u00ed jste cel\u00e9mu n\u00e1rodu, jen\u017e v\u00e1s pov\u011b\u0159il k napravov\u00e1n\u00ed k\u0159ivd! Tak tedy! Seberte se, zamkn\u011bte za sebou a ve jm\u00e9nu Boha, jd\u011bte!<\/i><\/p>\n<p><i><a href=\"https:\/\/zvedavec.news\/prispevky\/2025\/10\/10709-bes.htm\">Ji\u0159\u00ed Min\u010di\u010d,<\/a> autor je \u010dlen MS ODS Liberec<\/i><\/p>\n<p><img decoding=\"async\" loading=\"lazy\" class=\"wp-image-86739 aligncenter\" src=\"http:\/\/www.infokuryr.cz\/n\/wp-content\/uploads\/2025\/08\/volby-program-211x300.png\" alt=\"\" width=\"709\" height=\"1008\" srcset=\"https:\/\/www.infokuryr.cz\/n\/wp-content\/uploads\/2025\/08\/volby-program-211x300.png 211w, https:\/\/www.infokuryr.cz\/n\/wp-content\/uploads\/2025\/08\/volby-program-721x1024.png 721w, https:\/\/www.infokuryr.cz\/n\/wp-content\/uploads\/2025\/08\/volby-program-768x1091.png 768w, https:\/\/www.infokuryr.cz\/n\/wp-content\/uploads\/2025\/08\/volby-program-1081x1536.png 1081w, https:\/\/www.infokuryr.cz\/n\/wp-content\/uploads\/2025\/08\/volby-program-1442x2048.png 1442w, https:\/\/www.infokuryr.cz\/n\/wp-content\/uploads\/2025\/08\/volby-program-1024x1455.png 1024w\" sizes=\"(max-width: 709px) 100vw, 709px\" \/><\/p>\n","protected":false},"excerpt":{"rendered":"<p>Ano, to co se p\u0159edev\u0161\u00edm v posledn\u00edch p\u0159ibli\u017en\u011b deseti letech odehr\u00e1v\u00e1 v \u010cesk\u00e9 republice, Evrop\u011b&#8230;<\/p>\n","protected":false},"author":2,"featured_media":55348,"comment_status":"closed","ping_status":"closed","sticky":false,"template":"","format":"standard","meta":[],"categories":[6],"tags":[1094,192,122],"_links":{"self":[{"href":"https:\/\/www.infokuryr.cz\/n\/wp-json\/wp\/v2\/posts\/89122"}],"collection":[{"href":"https:\/\/www.infokuryr.cz\/n\/wp-json\/wp\/v2\/posts"}],"about":[{"href":"https:\/\/www.infokuryr.cz\/n\/wp-json\/wp\/v2\/types\/post"}],"author":[{"embeddable":true,"href":"https:\/\/www.infokuryr.cz\/n\/wp-json\/wp\/v2\/users\/2"}],"replies":[{"embeddable":true,"href":"https:\/\/www.infokuryr.cz\/n\/wp-json\/wp\/v2\/comments?post=89122"}],"version-history":[{"count":0,"href":"https:\/\/www.infokuryr.cz\/n\/wp-json\/wp\/v2\/posts\/89122\/revisions"}],"wp:featuredmedia":[{"embeddable":true,"href":"https:\/\/www.infokuryr.cz\/n\/wp-json\/wp\/v2\/media\/55348"}],"wp:attachment":[{"href":"https:\/\/www.infokuryr.cz\/n\/wp-json\/wp\/v2\/media?parent=89122"}],"wp:term":[{"taxonomy":"category","embeddable":true,"href":"https:\/\/www.infokuryr.cz\/n\/wp-json\/wp\/v2\/categories?post=89122"},{"taxonomy":"post_tag","embeddable":true,"href":"https:\/\/www.infokuryr.cz\/n\/wp-json\/wp\/v2\/tags?post=89122"}],"curies":[{"name":"wp","href":"https:\/\/api.w.org\/{rel}","templated":true}]}}