{"id":89120,"date":"2025-10-03T06:20:55","date_gmt":"2025-10-03T04:20:55","guid":{"rendered":"https:\/\/www.infokuryr.cz\/n\/?p=89120"},"modified":"2025-10-03T06:20:55","modified_gmt":"2025-10-03T04:20:55","slug":"letiste-v-mnichove-pozastavuje-lety-kvuli-dronum","status":"publish","type":"post","link":"https:\/\/www.infokuryr.cz\/n\/2025\/10\/03\/letiste-v-mnichove-pozastavuje-lety-kvuli-dronum\/","title":{"rendered":"Leti\u0161t\u011b v Mnichov\u011b pozastavuje lety kv\u016fli dron\u016fm"},"content":{"rendered":"<div id=\"fb-root\"><\/div>\n<p class=\"lead\"><strong><span dir=\"auto\">Pozd\u011b ve\u010der 2. \u0159\u00edjna pozastavila n\u011bmeck\u00e1 leteck\u00e1 kontrola let\u016f na leti\u0161ti v Mnichov\u011b kv\u016fli n\u011bkolika pozorov\u00e1n\u00edm dron\u016f.<\/span><\/strong><\/p>\n<p><span dir=\"auto\">Omezen\u00ed byla zavedena v 22:18 m\u00edstn\u00edho \u010dasu a vedla ke zru\u0161en\u00ed 17 let\u016f, co\u017e se dotklo t\u00e9m\u011b\u0159 3 000 cestuj\u00edc\u00edch. Dal\u0161\u00edch 15 p\u0159\u00edletov\u00fdch let\u016f bylo odklon\u011bno do Stuttgartu, Norimberku, V\u00eddn\u011b a Frankfurtu.<\/span><\/p>\n<p><span dir=\"auto\">ZDF s odvol\u00e1n\u00edm na feder\u00e1ln\u00ed policii uv\u00e1d\u00ed, \u017ee lety budou obnoveny v p\u00e1tek 3. \u0159\u00edjna r\u00e1no.<\/span><\/p>\n<p><span dir=\"auto\">Podle policie byly v oblasti leti\u0161t\u011b a v sousedn\u00edch m\u011bstech Erding a Freising mezi 21:30 a p\u016flnoc\u00ed spat\u0159eny drony. Policie p\u0159\u00edpad vy\u0161et\u0159uje a bylo zah\u00e1jeno p\u00e1tr\u00e1n\u00ed po letadle a t\u011bch, kte\u0159\u00ed je mohli odp\u00e1lit. Policie nasadila vrtuln\u00edk. Mo\u017en\u00fd majitel dron\u016f zat\u00edm nebyl ur\u010den.<\/span><\/p>\n<p><span dir=\"auto\">V posledn\u00edch dnech byly drony spat\u0159eny v n\u011bkolika evropsk\u00fdch m\u011bstech: pobl\u00ed\u017e leti\u0161\u0165 ve Vilniusu, Kodani a Bukure\u0161ti, pobl\u00ed\u017e vojensk\u00fdch za\u0159\u00edzen\u00ed v D\u00e1nsku a nad Norskem. D\u00e1le v z\u00e1\u0159\u00ed Polsko, Estonsko a Rumunsko hl\u00e1sily naru\u0161en\u00ed sv\u00e9ho vzdu\u0161n\u00e9ho prostoru drony a vojensk\u00fdmi letadly. Evropsk\u00e9 zem\u011b obvinily Rusko z incident\u016f v z\u00e1\u0159\u00ed, zat\u00edmco Moskva zd\u016fraz\u0148uje, \u017ee s nimi nem\u00e1 \u017e\u00e1dnou souvislost.<\/span><\/p>\n<p><img decoding=\"async\" loading=\"lazy\" class=\"alignnone size-full wp-image-1185\" src=\"http:\/\/www.infokuryr.cz\/n\/wp-content\/uploads\/2021\/04\/kuryr-podpis.png\" alt=\"\" width=\"84\" height=\"24\" \/><\/p>\n<p><img decoding=\"async\" loading=\"lazy\" class=\"wp-image-86739 aligncenter\" src=\"http:\/\/www.infokuryr.cz\/n\/wp-content\/uploads\/2025\/08\/volby-program-211x300.png\" alt=\"\" width=\"707\" height=\"1005\" srcset=\"https:\/\/www.infokuryr.cz\/n\/wp-content\/uploads\/2025\/08\/volby-program-211x300.png 211w, https:\/\/www.infokuryr.cz\/n\/wp-content\/uploads\/2025\/08\/volby-program-721x1024.png 721w, https:\/\/www.infokuryr.cz\/n\/wp-content\/uploads\/2025\/08\/volby-program-768x1091.png 768w, https:\/\/www.infokuryr.cz\/n\/wp-content\/uploads\/2025\/08\/volby-program-1081x1536.png 1081w, https:\/\/www.infokuryr.cz\/n\/wp-content\/uploads\/2025\/08\/volby-program-1442x2048.png 1442w, https:\/\/www.infokuryr.cz\/n\/wp-content\/uploads\/2025\/08\/volby-program-1024x1455.png 1024w\" sizes=\"(max-width: 707px) 100vw, 707px\" \/><\/p>\n","protected":false},"excerpt":{"rendered":"<p>Pozd\u011b ve\u010der 2. \u0159\u00edjna pozastavila n\u011bmeck\u00e1 leteck\u00e1 kontrola let\u016f na leti\u0161ti v Mnichov\u011b kv\u016fli n\u011bkolika&#8230;<\/p>\n","protected":false},"author":2,"featured_media":89121,"comment_status":"closed","ping_status":"closed","sticky":false,"template":"","format":"standard","meta":[],"categories":[7],"tags":[2856,806,1272],"_links":{"self":[{"href":"https:\/\/www.infokuryr.cz\/n\/wp-json\/wp\/v2\/posts\/89120"}],"collection":[{"href":"https:\/\/www.infokuryr.cz\/n\/wp-json\/wp\/v2\/posts"}],"about":[{"href":"https:\/\/www.infokuryr.cz\/n\/wp-json\/wp\/v2\/types\/post"}],"author":[{"embeddable":true,"href":"https:\/\/www.infokuryr.cz\/n\/wp-json\/wp\/v2\/users\/2"}],"replies":[{"embeddable":true,"href":"https:\/\/www.infokuryr.cz\/n\/wp-json\/wp\/v2\/comments?post=89120"}],"version-history":[{"count":0,"href":"https:\/\/www.infokuryr.cz\/n\/wp-json\/wp\/v2\/posts\/89120\/revisions"}],"wp:featuredmedia":[{"embeddable":true,"href":"https:\/\/www.infokuryr.cz\/n\/wp-json\/wp\/v2\/media\/89121"}],"wp:attachment":[{"href":"https:\/\/www.infokuryr.cz\/n\/wp-json\/wp\/v2\/media?parent=89120"}],"wp:term":[{"taxonomy":"category","embeddable":true,"href":"https:\/\/www.infokuryr.cz\/n\/wp-json\/wp\/v2\/categories?post=89120"},{"taxonomy":"post_tag","embeddable":true,"href":"https:\/\/www.infokuryr.cz\/n\/wp-json\/wp\/v2\/tags?post=89120"}],"curies":[{"name":"wp","href":"https:\/\/api.w.org\/{rel}","templated":true}]}}