{"id":89118,"date":"2025-10-03T06:18:34","date_gmt":"2025-10-03T04:18:34","guid":{"rendered":"https:\/\/www.infokuryr.cz\/n\/?p=89118"},"modified":"2025-10-03T06:18:34","modified_gmt":"2025-10-03T04:18:34","slug":"policie-identifikovala-podezreleho-z-utoku-na-manchesterskou-synagogu","status":"publish","type":"post","link":"https:\/\/www.infokuryr.cz\/n\/2025\/10\/03\/policie-identifikovala-podezreleho-z-utoku-na-manchesterskou-synagogu\/","title":{"rendered":"Policie identifikovala podez\u0159el\u00e9ho z \u00fatoku na manchesterskou synagogu"},"content":{"rendered":"<div id=\"fb-root\"><\/div>\n<p class=\"lead\"><strong><span dir=\"auto\">\u00datok na manchesterskou synagogu provedl 35let\u00fd britsk\u00fd ob\u010dan syrsk\u00e9ho p\u016fvodu D\u017eih\u00e1d a\u0161-\u0160\u00e1m\u00ed, informuje BBC.<\/span><\/strong><\/p>\n<p><span dir=\"auto\">Policie uvedla, \u017ee al-\u0160\u00e1m\u00ed p\u0159ijel do Velk\u00e9 Brit\u00e1nie jako d\u00edt\u011b a britsk\u00fdm ob\u010danem se stal v roce 2006, kdy\u017e byl nezletil\u00fd.<\/span><\/p>\n<p><span dir=\"auto\">V Manchesteru 2. \u0159\u00edjna nejprve najel autem do lid\u00ed a pot\u00e9 je napadl no\u017eem. Dva lid\u00e9 byli zabiti a \u010dty\u0159i zran\u011bni. \u00dato\u010dn\u00edka zast\u0159elila policie.<\/span><\/p>\n<p><span dir=\"auto\">Manchestersk\u00e1 policie ozn\u00e1mila, \u017ee v r\u00e1mci vy\u0161et\u0159ov\u00e1n\u00ed teroristick\u00e9ho \u00fatoku byly zat\u010deny dal\u0161\u00ed t\u0159i osoby. Dva mu\u017ei, oba ve v\u011bku kolem 30 let, a jedna \u017eena ve v\u011bku kolem 60 let byli zat\u010deni pro podez\u0159en\u00ed ze sp\u00e1ch\u00e1n\u00ed, p\u0159\u00edpravy a podn\u011bcov\u00e1n\u00ed teroristick\u00fdch \u010din\u016f, informuje RBC.<\/span><\/p>\n<p><img decoding=\"async\" loading=\"lazy\" class=\"alignnone size-full wp-image-1185\" src=\"http:\/\/www.infokuryr.cz\/n\/wp-content\/uploads\/2021\/04\/kuryr-podpis.png\" alt=\"\" width=\"84\" height=\"24\" \/><\/p>\n<p><img decoding=\"async\" loading=\"lazy\" class=\"wp-image-86739 aligncenter\" src=\"http:\/\/www.infokuryr.cz\/n\/wp-content\/uploads\/2025\/08\/volby-program-211x300.png\" alt=\"\" width=\"741\" height=\"1054\" srcset=\"https:\/\/www.infokuryr.cz\/n\/wp-content\/uploads\/2025\/08\/volby-program-211x300.png 211w, https:\/\/www.infokuryr.cz\/n\/wp-content\/uploads\/2025\/08\/volby-program-768x1091.png 768w, https:\/\/www.infokuryr.cz\/n\/wp-content\/uploads\/2025\/08\/volby-program-1081x1536.png 1081w, https:\/\/www.infokuryr.cz\/n\/wp-content\/uploads\/2025\/08\/volby-program-1024x1455.png 1024w\" sizes=\"(max-width: 741px) 100vw, 741px\" \/><\/p>\n","protected":false},"excerpt":{"rendered":"<p>\u00datok na manchesterskou synagogu provedl 35let\u00fd britsk\u00fd ob\u010dan syrsk\u00e9ho p\u016fvodu D\u017eih\u00e1d a\u0161-\u0160\u00e1m\u00ed, informuje BBC. Policie&#8230;<\/p>\n","protected":false},"author":2,"featured_media":89119,"comment_status":"closed","ping_status":"closed","sticky":false,"template":"","format":"standard","meta":[],"categories":[7],"tags":[1188,37,488],"_links":{"self":[{"href":"https:\/\/www.infokuryr.cz\/n\/wp-json\/wp\/v2\/posts\/89118"}],"collection":[{"href":"https:\/\/www.infokuryr.cz\/n\/wp-json\/wp\/v2\/posts"}],"about":[{"href":"https:\/\/www.infokuryr.cz\/n\/wp-json\/wp\/v2\/types\/post"}],"author":[{"embeddable":true,"href":"https:\/\/www.infokuryr.cz\/n\/wp-json\/wp\/v2\/users\/2"}],"replies":[{"embeddable":true,"href":"https:\/\/www.infokuryr.cz\/n\/wp-json\/wp\/v2\/comments?post=89118"}],"version-history":[{"count":0,"href":"https:\/\/www.infokuryr.cz\/n\/wp-json\/wp\/v2\/posts\/89118\/revisions"}],"wp:featuredmedia":[{"embeddable":true,"href":"https:\/\/www.infokuryr.cz\/n\/wp-json\/wp\/v2\/media\/89119"}],"wp:attachment":[{"href":"https:\/\/www.infokuryr.cz\/n\/wp-json\/wp\/v2\/media?parent=89118"}],"wp:term":[{"taxonomy":"category","embeddable":true,"href":"https:\/\/www.infokuryr.cz\/n\/wp-json\/wp\/v2\/categories?post=89118"},{"taxonomy":"post_tag","embeddable":true,"href":"https:\/\/www.infokuryr.cz\/n\/wp-json\/wp\/v2\/tags?post=89118"}],"curies":[{"name":"wp","href":"https:\/\/api.w.org\/{rel}","templated":true}]}}