{"id":89116,"date":"2025-10-03T06:16:08","date_gmt":"2025-10-03T04:16:08","guid":{"rendered":"https:\/\/www.infokuryr.cz\/n\/?p=89116"},"modified":"2025-10-03T06:16:08","modified_gmt":"2025-10-03T04:16:08","slug":"na-ruskych-hranicich-se-ztratilo-pet-norskych-brancu","status":"publish","type":"post","link":"https:\/\/www.infokuryr.cz\/n\/2025\/10\/03\/na-ruskych-hranicich-se-ztratilo-pet-norskych-brancu\/","title":{"rendered":"Na rusk\u00fdch hranic\u00edch se ztratilo p\u011bt norsk\u00fdch branc\u016f"},"content":{"rendered":"<div id=\"fb-root\"><\/div>\n<p class=\"lead\"><strong><span dir=\"auto\">Norsko p\u00e1tr\u00e1 po p\u011bti voj\u00e1c\u00edch z povol\u00e1n\u00ed, kte\u0159\u00ed se ztratili b\u011bhem cvi\u010den\u00ed ve Finnmarku v Norsku, kter\u00e9 hrani\u010d\u00ed s Ruskem, informovala TV2 s odvol\u00e1n\u00edm na policii.<\/span><\/strong><\/p>\n<p><em><span dir=\"auto\">\u201ePolicie ve Finnmarku zah\u00e1jila p\u00e1trac\u00ed operaci pot\u00e9, co se objevily zpr\u00e1vy o deseti voj\u00e1c\u00edch, kte\u0159\u00ed se nevr\u00e1tili z v\u00fdcviku. P\u011bt z nich bylo nalezeno v po\u0159\u00e1dku.\u201c<\/span><span class=\"after-quote\"><span dir=\"auto\">\u00a0\u2014 informuje televizn\u00ed kan\u00e1l.<\/span><\/span><\/em><\/p>\n<p><span dir=\"auto\">Podle policejn\u00edho mluv\u010d\u00edho\u00a0<\/span><strong><span dir=\"auto\">J\u00f8rgena H\u00f8jklanda Hansena<\/span><\/strong><span dir=\"auto\"> se t\u0159i z p\u011bti nalezen\u00fdch dostali na dohodnut\u00e9 m\u00edsto setk\u00e1n\u00ed sami a dva dal\u0161\u00ed byli nalezeni vrtuln\u00edkem. P\u00e1tr\u00e1n\u00ed po zb\u00fdvaj\u00edc\u00edch p\u011bti st\u00e1le pokra\u010duje, vyu\u017e\u00edvaj\u00ed se k n\u011bmu tak\u00e9 drony a psi.<\/span><\/p>\n<p><span dir=\"auto\">Policie se domn\u00edv\u00e1, \u017ee poh\u0159e\u0161ovan\u00e9 osoby si mohly popl\u00e9st \u010das sch\u016fzky. Zva\u017euj\u00ed tak\u00e9 mo\u017enost nehody, nebo se prost\u011b jen ztratily.<\/span><\/p>\n<p><span dir=\"auto\">Podle vojensk\u00e9ho mluv\u010d\u00edho p\u00e1tr\u00e1n\u00ed za\u010dalo, proto\u017ee voj\u00e1ci v ur\u010den\u00fd \u010das nereagovali. Uv\u00e1d\u00ed se, \u017ee c\u00edlem cvi\u010den\u00ed bylo procvi\u010dit si schopnost z\u016fstat del\u0161\u00ed dobu nepozorov\u00e1ni.<\/span><\/p>\n<p><span dir=\"auto\">Podle NRK cvi\u010den\u00ed trvalo t\u00e9m\u011b\u0159 dva t\u00fddny a m\u011blo skon\u010dit ve \u010dtvrtek r\u00e1no.<\/span><\/p>\n<p><img decoding=\"async\" loading=\"lazy\" class=\"alignnone size-full wp-image-1185\" src=\"http:\/\/www.infokuryr.cz\/n\/wp-content\/uploads\/2021\/04\/kuryr-podpis.png\" alt=\"\" width=\"84\" height=\"24\" \/><\/p>\n<p><img decoding=\"async\" loading=\"lazy\" class=\"wp-image-86739 aligncenter\" src=\"http:\/\/www.infokuryr.cz\/n\/wp-content\/uploads\/2025\/08\/volby-program-211x300.png\" alt=\"\" width=\"699\" height=\"994\" srcset=\"https:\/\/www.infokuryr.cz\/n\/wp-content\/uploads\/2025\/08\/volby-program-211x300.png 211w, https:\/\/www.infokuryr.cz\/n\/wp-content\/uploads\/2025\/08\/volby-program-721x1024.png 721w, https:\/\/www.infokuryr.cz\/n\/wp-content\/uploads\/2025\/08\/volby-program-768x1091.png 768w, https:\/\/www.infokuryr.cz\/n\/wp-content\/uploads\/2025\/08\/volby-program-1081x1536.png 1081w, https:\/\/www.infokuryr.cz\/n\/wp-content\/uploads\/2025\/08\/volby-program-1442x2048.png 1442w, https:\/\/www.infokuryr.cz\/n\/wp-content\/uploads\/2025\/08\/volby-program-1024x1455.png 1024w\" sizes=\"(max-width: 699px) 100vw, 699px\" \/><\/p>\n","protected":false},"excerpt":{"rendered":"<p>Norsko p\u00e1tr\u00e1 po p\u011bti voj\u00e1c\u00edch z povol\u00e1n\u00ed, kte\u0159\u00ed se ztratili b\u011bhem cvi\u010den\u00ed ve Finnmarku v&#8230;<\/p>\n","protected":false},"author":2,"featured_media":89117,"comment_status":"closed","ping_status":"closed","sticky":false,"template":"","format":"standard","meta":[],"categories":[7],"tags":[4258,853,3034],"_links":{"self":[{"href":"https:\/\/www.infokuryr.cz\/n\/wp-json\/wp\/v2\/posts\/89116"}],"collection":[{"href":"https:\/\/www.infokuryr.cz\/n\/wp-json\/wp\/v2\/posts"}],"about":[{"href":"https:\/\/www.infokuryr.cz\/n\/wp-json\/wp\/v2\/types\/post"}],"author":[{"embeddable":true,"href":"https:\/\/www.infokuryr.cz\/n\/wp-json\/wp\/v2\/users\/2"}],"replies":[{"embeddable":true,"href":"https:\/\/www.infokuryr.cz\/n\/wp-json\/wp\/v2\/comments?post=89116"}],"version-history":[{"count":0,"href":"https:\/\/www.infokuryr.cz\/n\/wp-json\/wp\/v2\/posts\/89116\/revisions"}],"wp:featuredmedia":[{"embeddable":true,"href":"https:\/\/www.infokuryr.cz\/n\/wp-json\/wp\/v2\/media\/89117"}],"wp:attachment":[{"href":"https:\/\/www.infokuryr.cz\/n\/wp-json\/wp\/v2\/media?parent=89116"}],"wp:term":[{"taxonomy":"category","embeddable":true,"href":"https:\/\/www.infokuryr.cz\/n\/wp-json\/wp\/v2\/categories?post=89116"},{"taxonomy":"post_tag","embeddable":true,"href":"https:\/\/www.infokuryr.cz\/n\/wp-json\/wp\/v2\/tags?post=89116"}],"curies":[{"name":"wp","href":"https:\/\/api.w.org\/{rel}","templated":true}]}}