{"id":8906,"date":"2022-03-07T02:03:43","date_gmt":"2022-03-07T01:03:43","guid":{"rendered":"http:\/\/www.infokuryr.cz\/n\/?p=8906"},"modified":"2022-03-06T18:13:22","modified_gmt":"2022-03-06T17:13:22","slug":"ruske-ministerstvo-obrany-oznamilo-prevzeti-dokumentu-o-vyvoji-biologickych-zbrani-na-ukrajine","status":"publish","type":"post","link":"https:\/\/www.infokuryr.cz\/n\/2022\/03\/07\/ruske-ministerstvo-obrany-oznamilo-prevzeti-dokumentu-o-vyvoji-biologickych-zbrani-na-ukrajine\/","title":{"rendered":"Rusk\u00e9 ministerstvo obrany ozn\u00e1milo p\u0159evzet\u00ed dokument\u016f o v\u00fdvoji biologick\u00fdch zbran\u00ed na Ukrajin\u011b"},"content":{"rendered":"<div id=\"fb-root\"><\/div>\n<div class=\"article__summary article__summary_article-page js-mediator-article\">Rusk\u00e1 strana obdr\u017eela dokumenty o v\u00fdvoji komponent\u016f biologick\u00fdch zbran\u00ed v ukrajinsk\u00fdch laborato\u0159\u00edch pobl\u00ed\u017e hranic Ruska. Uvedl to ofici\u00e1ln\u00ed p\u0159edstavitel rusk\u00e9ho ministerstva obrany gener\u00e1lmajor Igor Kona\u0161enkov.<\/div>\n<div class=\"article__text article__text_article-page js-mediator-article\">\n<p>&#8222;Od zam\u011bstnanc\u016f ukrajinsk\u00fdch biologick\u00fdch laborato\u0159\u00ed jsme obdr\u017eeli dokumentaci o nouzov\u00e9 likvidaci zvl\u00e1\u0161t\u011b nebezpe\u010dn\u00fdch patogen\u016f 24. \u00fanora: moru, antraxu, tular\u00e9mie, cholery a dal\u0161\u00edch smrteln\u00fdch nemoc\u00ed,&#8220; \u0159ekl.<\/p>\n<p>Kona\u0161enkov dodal, \u017ee obdr\u017een\u00e1 data analyzuj\u00ed ru\u0161t\u00ed specialist\u00e9 z jednotek RCBZ.<\/p>\n<p>&#8222;Doru\u010den\u00e9 dokumenty potvrzuj\u00ed, \u017ee v\u00fdvoj komponent\u016f biologick\u00fdch zbran\u00ed byl prov\u00e1d\u011bn v ukrajinsk\u00fdch biolaborato\u0159\u00edch, v t\u011bsn\u00e9 bl\u00edzkosti \u00fazem\u00ed Ruska,&#8220; uvedl mluv\u010d\u00ed rusk\u00e9ho ministerstva obrany.<\/p>\n<p>P\u0159edt\u00edm Jurij Averjanov, prvn\u00ed n\u00e1m\u011bstek tajemn\u00edka rusk\u00e9 bezpe\u010dnostn\u00ed rady, \u0159ekl, \u017ee Spojen\u00e9 st\u00e1ty vypracov\u00e1vaj\u00ed\u00a0<a href=\"https:\/\/russian.rt.com\/russia\/news\/860727-programma-ssha-biooruzhie\" target=\"_blank\" rel=\"noopener noreferrer\">individu\u00e1ln\u00ed pl\u00e1ny biologick\u00e9ho v\u00fdzkumu<\/a>\u00a0pro mnoho zem\u00ed , p\u0159edev\u0161\u00edm vojensk\u00e9ho charakteru.<\/p>\n<p>Ukrajina za podpory USA tajn\u011b vyv\u00edjela biologick\u00e9 zbran\u011b zak\u00e1zan\u00e9 mezin\u00e1rodn\u00edm spole\u010denstv\u00edm. Bude zaj\u00edmav\u00e9 co se dal\u0161\u00edho je\u0161t\u011b dov\u00edme.<\/p>\n<p><img decoding=\"async\" loading=\"lazy\" class=\"alignnone size-full wp-image-1185\" src=\"http:\/\/www.infokuryr.cz\/n\/wp-content\/uploads\/2021\/04\/kuryr-podpis.png\" alt=\"\" width=\"84\" height=\"24\" \/><\/p>\n<\/div>\n<p>&nbsp;<\/p>\n","protected":false},"excerpt":{"rendered":"<p>Rusk\u00e1 strana obdr\u017eela dokumenty o v\u00fdvoji komponent\u016f biologick\u00fdch zbran\u00ed v ukrajinsk\u00fdch laborato\u0159\u00edch pobl\u00ed\u017e hranic Ruska&#8230;.<\/p>\n","protected":false},"author":2,"featured_media":1008,"comment_status":"closed","ping_status":"closed","sticky":false,"template":"","format":"standard","meta":[],"categories":[7],"tags":[1963,2010,26],"_links":{"self":[{"href":"https:\/\/www.infokuryr.cz\/n\/wp-json\/wp\/v2\/posts\/8906"}],"collection":[{"href":"https:\/\/www.infokuryr.cz\/n\/wp-json\/wp\/v2\/posts"}],"about":[{"href":"https:\/\/www.infokuryr.cz\/n\/wp-json\/wp\/v2\/types\/post"}],"author":[{"embeddable":true,"href":"https:\/\/www.infokuryr.cz\/n\/wp-json\/wp\/v2\/users\/2"}],"replies":[{"embeddable":true,"href":"https:\/\/www.infokuryr.cz\/n\/wp-json\/wp\/v2\/comments?post=8906"}],"version-history":[{"count":0,"href":"https:\/\/www.infokuryr.cz\/n\/wp-json\/wp\/v2\/posts\/8906\/revisions"}],"wp:featuredmedia":[{"embeddable":true,"href":"https:\/\/www.infokuryr.cz\/n\/wp-json\/wp\/v2\/media\/1008"}],"wp:attachment":[{"href":"https:\/\/www.infokuryr.cz\/n\/wp-json\/wp\/v2\/media?parent=8906"}],"wp:term":[{"taxonomy":"category","embeddable":true,"href":"https:\/\/www.infokuryr.cz\/n\/wp-json\/wp\/v2\/categories?post=8906"},{"taxonomy":"post_tag","embeddable":true,"href":"https:\/\/www.infokuryr.cz\/n\/wp-json\/wp\/v2\/tags?post=8906"}],"curies":[{"name":"wp","href":"https:\/\/api.w.org\/{rel}","templated":true}]}}