{"id":89047,"date":"2025-10-03T00:13:23","date_gmt":"2025-10-02T22:13:23","guid":{"rendered":"https:\/\/www.infokuryr.cz\/n\/?p=89047"},"modified":"2025-10-02T10:17:03","modified_gmt":"2025-10-02T08:17:03","slug":"robert-f-kennedy-jr-trump-a-pfizer-mezi-kritikou-a-miliardovymi-dohodami","status":"publish","type":"post","link":"https:\/\/www.infokuryr.cz\/n\/2025\/10\/03\/robert-f-kennedy-jr-trump-a-pfizer-mezi-kritikou-a-miliardovymi-dohodami\/","title":{"rendered":"Robert F. Kennedy Jr., Trump a Pfizer: Mezi kritikou a miliardov\u00fdmi dohodami"},"content":{"rendered":"<div id=\"fb-root\"><\/div>\n<h3 class=\"wp-block-heading\"><span dir=\"auto\">Ostr\u00e1 slova proti spole\u010dnosti Pfizer<\/span><\/h3>\n<p><img decoding=\"async\" class=\"aligncenter\" src=\"https:\/\/pbs.twimg.com\/media\/G2JIXxhX0AAM966?format=jpg&amp;name=900x900\" alt=\"Robert F. Kennedy Jr., Trump a Pfizer: Mezi kritikou a miliardov\u00fdmi dohodami\" \/><\/p>\n<p><span dir=\"auto\">Je\u0161t\u011b v lednu 2023 Robert F. Kennedy Jr. ozna\u010dil farmaceutickou spole\u010dnost Pfizer za\u00a0<\/span><em><span dir=\"auto\">\u201ezbab\u011bl\u00fd, chamtiv\u00fd, vra\u017eedn\u00fd a mor\u00e1ln\u011b zkrachoval\u00fd zlo\u010dineck\u00fd podnik, kter\u00fd ovl\u00e1dl a zkorumpoval sv\u00e9 regula\u010dn\u00ed org\u00e1ny<\/span><\/em><span dir=\"auto\">\u00a0\u201c. Jeho prohl\u00e1\u0161en\u00ed byla zalo\u017eena na odhalen\u00ed investigativn\u00edho novin\u00e1\u0159e Jamese O&#8217;Keefeho, kter\u00fd odhalil obchodn\u00ed praktiky spole\u010dnosti Pfizer. Kennedy to vid\u011bl jako potvrzen\u00ed toho, co mnoho kritik\u016f dlouho tvrdilo: Pfizer nejednal v z\u00e1jmu ve\u0159ejn\u00e9ho zdrav\u00ed, ale v\u00fdhradn\u011b pro sv\u016fj vlastn\u00ed zisk.<\/span><\/p>\n<div class=\"twitter-tweet twitter-tweet-rendered\"><iframe id=\"twitter-widget-0\" class=\"\" title=\"X Post\" src=\"https:\/\/platform.twitter.com\/embed\/Tweet.html?dnt=false&amp;embedId=twitter-widget-0&amp;features=eyJ0ZndfdGltZWxpbmVfbGlzdCI6eyJidWNrZXQiOltdLCJ2ZXJzaW9uIjpudWxsfSwidGZ3X2ZvbGxvd2VyX2NvdW50X3N1bnNldCI6eyJidWNrZXQiOnRydWUsInZlcnNpb24iOm51bGx9LCJ0ZndfdHdlZXRfZWRpdF9iYWNrZW5kIjp7ImJ1Y2tldCI6Im9uIiwidmVyc2lvbiI6bnVsbH0sInRmd19yZWZzcmNfc2Vzc2lvbiI6eyJidWNrZXQiOiJvbiIsInZlcnNpb24iOm51bGx9LCJ0ZndfZm9zbnJfc29mdF9pbnRlcnZlbnRpb25zX2VuYWJsZWQiOnsiYnVja2V0Ijoib24iLCJ2ZXJzaW9uIjpudWxsfSwidGZ3X21peGVkX21lZGlhXzE1ODk3Ijp7ImJ1Y2tldCI6InRyZWF0bWVudCIsInZlcnNpb24iOm51bGx9LCJ0ZndfZXhwZXJpbWVudHNfY29va2llX2V4cGlyYXRpb24iOnsiYnVja2V0IjoxMjA5NjAwLCJ2ZXJzaW9uIjpudWxsfSwidGZ3X3Nob3dfYmlyZHdhdGNoX3Bpdm90c19lbmFibGVkIjp7ImJ1Y2tldCI6Im9uIiwidmVyc2lvbiI6bnVsbH0sInRmd19kdXBsaWNhdGVfc2NyaWJlc190b19zZXR0aW5ncyI6eyJidWNrZXQiOiJvbiIsInZlcnNpb24iOm51bGx9LCJ0ZndfdXNlX3Byb2ZpbGVfaW1hZ2Vfc2hhcGVfZW5hYmxlZCI6eyJidWNrZXQiOiJvbiIsInZlcnNpb24iOm51bGx9LCJ0ZndfdmlkZW9faGxzX2R5bmFtaWNfbWFuaWZlc3RzXzE1MDgyIjp7ImJ1Y2tldCI6InRydWVfYml0cmF0ZSIsInZlcnNpb24iOm51bGx9LCJ0ZndfbGVnYWN5X3RpbWVsaW5lX3N1bnNldCI6eyJidWNrZXQiOnRydWUsInZlcnNpb24iOm51bGx9LCJ0ZndfdHdlZXRfZWRpdF9mcm9udGVuZCI6eyJidWNrZXQiOiJvbiIsInZlcnNpb24iOm51bGx9fQ%3D%3D&amp;frame=false&amp;hideCard=false&amp;hideThread=false&amp;id=1973397217387094234&amp;lang=cs&amp;origin=https%3A%2F%2Funcutnews.ch%2Frobert-f-kennedy-jr-trump-und-pfizer-zwischen-kritik-und-milliarden-deals%2F&amp;sessionId=39cb18436faa99ce2b138d675eaba000744c14f7&amp;theme=light&amp;widgetsVersion=2615f7e52b7e0%3A1702314776716&amp;width=550px\" frameborder=\"0\" scrolling=\"no\" allowfullscreen=\"allowfullscreen\" data-tweet-id=\"1973397217387094234\" data-mce-fragment=\"1\"><\/iframe><\/div>\n<h3 class=\"wp-block-heading\"><span dir=\"auto\">Bl\u00edzkost k Trumpovi \u2013 a k Bourlovi<\/span><\/h3>\n<p><span dir=\"auto\">Sou\u010dasn\u00e1 politick\u00e1 situace je o to p\u0159ekvapiv\u011bj\u0161\u00ed. Kennedy se ned\u00e1vno objevil po boku Donalda Trumpa, kter\u00fd gener\u00e1ln\u00edho \u0159editele spole\u010dnosti Pfizer Alberta Bourlu nazval \u201ep\u0159\u00edtelem\u201c a zprost\u0159edkoval <\/span><strong><span dir=\"auto\">s n\u00edm megaobchod v hodnot\u011b 70 miliard dolar\u016f<\/span><\/strong><span dir=\"auto\">\u00a0. Sd\u011blen\u00ed: Trump spole\u010dnosti Pfizer d\u016fv\u011b\u0159uje a nad\u00e1le se na spole\u010dnost spol\u00e9h\u00e1 jako na partnera.<\/span><\/p>\n<p><span dir=\"auto\">Pro pozorovatele to vytv\u00e1\u0159\u00ed otev\u0159en\u00fd rozpor: Kennedy, kter\u00fd se prezentuje jako nekompromisn\u00ed kritik farmaceutick\u00e9ho pr\u016fmyslu, nyn\u00ed stoj\u00ed vedle mu\u017ee, kter\u00fd d\u00e1v\u00e1 miliardy spole\u010dnosti Pfizer.<\/span><\/p>\n<div class=\"twitter-tweet twitter-tweet-rendered\"><iframe id=\"twitter-widget-1\" class=\"\" title=\"X Post\" src=\"https:\/\/platform.twitter.com\/embed\/Tweet.html?dnt=false&amp;embedId=twitter-widget-1&amp;features=eyJ0ZndfdGltZWxpbmVfbGlzdCI6eyJidWNrZXQiOltdLCJ2ZXJzaW9uIjpudWxsfSwidGZ3X2ZvbGxvd2VyX2NvdW50X3N1bnNldCI6eyJidWNrZXQiOnRydWUsInZlcnNpb24iOm51bGx9LCJ0ZndfdHdlZXRfZWRpdF9iYWNrZW5kIjp7ImJ1Y2tldCI6Im9uIiwidmVyc2lvbiI6bnVsbH0sInRmd19yZWZzcmNfc2Vzc2lvbiI6eyJidWNrZXQiOiJvbiIsInZlcnNpb24iOm51bGx9LCJ0ZndfZm9zbnJfc29mdF9pbnRlcnZlbnRpb25zX2VuYWJsZWQiOnsiYnVja2V0Ijoib24iLCJ2ZXJzaW9uIjpudWxsfSwidGZ3X21peGVkX21lZGlhXzE1ODk3Ijp7ImJ1Y2tldCI6InRyZWF0bWVudCIsInZlcnNpb24iOm51bGx9LCJ0ZndfZXhwZXJpbWVudHNfY29va2llX2V4cGlyYXRpb24iOnsiYnVja2V0IjoxMjA5NjAwLCJ2ZXJzaW9uIjpudWxsfSwidGZ3X3Nob3dfYmlyZHdhdGNoX3Bpdm90c19lbmFibGVkIjp7ImJ1Y2tldCI6Im9uIiwidmVyc2lvbiI6bnVsbH0sInRmd19kdXBsaWNhdGVfc2NyaWJlc190b19zZXR0aW5ncyI6eyJidWNrZXQiOiJvbiIsInZlcnNpb24iOm51bGx9LCJ0ZndfdXNlX3Byb2ZpbGVfaW1hZ2Vfc2hhcGVfZW5hYmxlZCI6eyJidWNrZXQiOiJvbiIsInZlcnNpb24iOm51bGx9LCJ0ZndfdmlkZW9faGxzX2R5bmFtaWNfbWFuaWZlc3RzXzE1MDgyIjp7ImJ1Y2tldCI6InRydWVfYml0cmF0ZSIsInZlcnNpb24iOm51bGx9LCJ0ZndfbGVnYWN5X3RpbWVsaW5lX3N1bnNldCI6eyJidWNrZXQiOnRydWUsInZlcnNpb24iOm51bGx9LCJ0ZndfdHdlZXRfZWRpdF9mcm9udGVuZCI6eyJidWNrZXQiOiJvbiIsInZlcnNpb24iOm51bGx9fQ%3D%3D&amp;frame=false&amp;hideCard=false&amp;hideThread=false&amp;id=1973379733263175700&amp;lang=cs&amp;origin=https%3A%2F%2Funcutnews.ch%2Frobert-f-kennedy-jr-trump-und-pfizer-zwischen-kritik-und-milliarden-deals%2F&amp;sessionId=39cb18436faa99ce2b138d675eaba000744c14f7&amp;theme=light&amp;widgetsVersion=2615f7e52b7e0%3A1702314776716&amp;width=550px\" frameborder=\"0\" scrolling=\"no\" allowfullscreen=\"allowfullscreen\" data-tweet-id=\"1973379733263175700\" data-mce-fragment=\"1\"><\/iframe><\/div>\n<h3 class=\"wp-block-heading\"><span dir=\"auto\">Efekt politick\u00e9 signalizace<\/span><\/h3>\n<p><span dir=\"auto\">Dohoda vyvol\u00e1v\u00e1 ot\u00e1zky:<\/span><\/p>\n<ul>\n<li><span dir=\"auto\">Jak d\u016fv\u011bryhodn\u00e1 je Kennedyho kritika spole\u010dnosti Pfizer, kdy\u017e se objevuje ve stejnou dobu, kdy se Trump dvo\u0159\u00ed spole\u010dnosti?<\/span><\/li>\n<li><span dir=\"auto\">Jakou roli Kennedy ve skute\u010dnosti hraje v politick\u00e9 mocensk\u00e9 struktu\u0159e \u2013 zda \u200b\u200bje opozi\u010dn\u00ed postavou proti farmaceutick\u00fdm gigant\u016fm, nebo sou\u010d\u00e1st\u00ed produkce, kter\u00e1 nakonec op\u011bt nasm\u011bruje miliardy farmaceutick\u00fdm gigant\u016fm?<\/span><\/li>\n<li><span dir=\"auto\">A p\u0159edev\u0161\u00edm: Pro\u010d nen\u00ed Pfizer po v\u0161ech skand\u00e1lech a obvin\u011bn\u00edch oslaben, ale naopak je\u0161t\u011b siln\u011bj\u0161\u00ed d\u00edky miliard\u00e1m nov\u00fdch st\u00e1tn\u00edch financ\u00ed?<\/span><\/li>\n<\/ul>\n<h3 class=\"wp-block-heading\"><span dir=\"auto\">Lekce o moci a dvoj\u00edm metru<\/span><\/h3>\n<p><span dir=\"auto\">Tento p\u0159\u00edklad ukazuje rozporuplnou povahu politick\u00e9 krajiny, pokud jde o jedn\u00e1n\u00ed s korporacemi, jako je Pfizer. Hlasit\u00e1 kritika a mor\u00e1ln\u00ed pobou\u0159en\u00ed na jedn\u00e9 stran\u011b a t\u011bsn\u00e9 obchody a finan\u010dn\u00ed zisky na stran\u011b druh\u00e9.<\/span><\/p>\n<p><span dir=\"auto\">Nakonec se potvrzuje obraz, kter\u00fd kritici maluj\u00ed u\u017e l\u00e9ta:\u00a0<\/span><strong><span dir=\"auto\">Pfizer z\u016fst\u00e1v\u00e1 nedotknuteln\u00fd, proto\u017ee politika a farmaceutick\u00fd pr\u016fmysl jsou ji\u017e dlouho propojeny \u2013 bez ohledu na to, kdo je moment\u00e1ln\u011b u kormidla.<\/span><\/strong><\/p>\n<p><img decoding=\"async\" loading=\"lazy\" class=\"alignnone size-full wp-image-1185\" src=\"http:\/\/www.infokuryr.cz\/n\/wp-content\/uploads\/2021\/04\/kuryr-podpis.png\" alt=\"\" width=\"84\" height=\"24\" \/><\/p>\n<p><img decoding=\"async\" loading=\"lazy\" class=\"wp-image-86739 aligncenter\" src=\"http:\/\/www.infokuryr.cz\/n\/wp-content\/uploads\/2025\/08\/volby-program-211x300.png\" alt=\"\" width=\"733\" height=\"1042\" srcset=\"https:\/\/www.infokuryr.cz\/n\/wp-content\/uploads\/2025\/08\/volby-program-211x300.png 211w, https:\/\/www.infokuryr.cz\/n\/wp-content\/uploads\/2025\/08\/volby-program-721x1024.png 721w, https:\/\/www.infokuryr.cz\/n\/wp-content\/uploads\/2025\/08\/volby-program-768x1091.png 768w, https:\/\/www.infokuryr.cz\/n\/wp-content\/uploads\/2025\/08\/volby-program-1081x1536.png 1081w, https:\/\/www.infokuryr.cz\/n\/wp-content\/uploads\/2025\/08\/volby-program-1442x2048.png 1442w, https:\/\/www.infokuryr.cz\/n\/wp-content\/uploads\/2025\/08\/volby-program-1024x1455.png 1024w\" sizes=\"(max-width: 733px) 100vw, 733px\" \/><\/p>\n","protected":false},"excerpt":{"rendered":"<p>Ostr\u00e1 slova proti spole\u010dnosti Pfizer Je\u0161t\u011b v lednu 2023 Robert F. Kennedy Jr. ozna\u010dil farmaceutickou&#8230;<\/p>\n","protected":false},"author":2,"featured_media":84659,"comment_status":"closed","ping_status":"closed","sticky":false,"template":"","format":"standard","meta":[],"categories":[7],"tags":[1468,207,90,315],"_links":{"self":[{"href":"https:\/\/www.infokuryr.cz\/n\/wp-json\/wp\/v2\/posts\/89047"}],"collection":[{"href":"https:\/\/www.infokuryr.cz\/n\/wp-json\/wp\/v2\/posts"}],"about":[{"href":"https:\/\/www.infokuryr.cz\/n\/wp-json\/wp\/v2\/types\/post"}],"author":[{"embeddable":true,"href":"https:\/\/www.infokuryr.cz\/n\/wp-json\/wp\/v2\/users\/2"}],"replies":[{"embeddable":true,"href":"https:\/\/www.infokuryr.cz\/n\/wp-json\/wp\/v2\/comments?post=89047"}],"version-history":[{"count":0,"href":"https:\/\/www.infokuryr.cz\/n\/wp-json\/wp\/v2\/posts\/89047\/revisions"}],"wp:featuredmedia":[{"embeddable":true,"href":"https:\/\/www.infokuryr.cz\/n\/wp-json\/wp\/v2\/media\/84659"}],"wp:attachment":[{"href":"https:\/\/www.infokuryr.cz\/n\/wp-json\/wp\/v2\/media?parent=89047"}],"wp:term":[{"taxonomy":"category","embeddable":true,"href":"https:\/\/www.infokuryr.cz\/n\/wp-json\/wp\/v2\/categories?post=89047"},{"taxonomy":"post_tag","embeddable":true,"href":"https:\/\/www.infokuryr.cz\/n\/wp-json\/wp\/v2\/tags?post=89047"}],"curies":[{"name":"wp","href":"https:\/\/api.w.org\/{rel}","templated":true}]}}