{"id":8904,"date":"2022-03-07T02:01:26","date_gmt":"2022-03-07T01:01:26","guid":{"rendered":"http:\/\/www.infokuryr.cz\/n\/?p=8904"},"modified":"2022-03-06T17:59:59","modified_gmt":"2022-03-06T16:59:59","slug":"ukrajina-spoustec-noveho-energetickeho-radu","status":"publish","type":"post","link":"https:\/\/www.infokuryr.cz\/n\/2022\/03\/07\/ukrajina-spoustec-noveho-energetickeho-radu\/","title":{"rendered":"Ukrajina \u2013 spou\u0161t\u011b\u010d nov\u00e9ho energetick\u00e9ho \u0159\u00e1du?"},"content":{"rendered":"<div id=\"fb-root\"><\/div>\n<div class=\"elementor-element elementor-element-1fb4c2c elementor-widget elementor-widget-theme-post-content\" data-id=\"1fb4c2c\" data-element_type=\"widget\" data-widget_type=\"theme-post-content.default\">\n<div class=\"elementor-widget-container\">\n<p><strong><span>V\u00e1lka na Ukrajin\u011b by mohla m\u00edt mnohem v\u011bt\u0161\u00ed v\u00fdznam, ne\u017e jak jej vykresluj\u00ed m\u00e9dia.\u00a0Hra je slo\u017eit\u011bj\u0161\u00ed a obsahuje kl\u00ed\u010dov\u00e9 hr\u00e1\u010de hraj\u00edc\u00ed na obou stran\u00e1ch konfliktu.\u00a0V\u00e1lka rychle p\u0159esunula pozornost od pandemie a jej\u00edch n\u00e1sledk\u016f.\u00a0M\u016f\u017ee tak\u00e9 slou\u017eit jako spou\u0161t\u011b\u010d, kter\u00fd nakonec podpo\u0159\u00ed nastolen\u00ed nov\u00e9ho mezin\u00e1rodn\u00edho hospod\u00e1\u0159sk\u00e9ho \u0159\u00e1du a realizaci \u010dtvrt\u00e9 pr\u016fmyslov\u00e9 revoluce a Agendy OSN 2030.\u00a0T\u00fdk\u00e1 se to oblasti kybernetick\u00e9 bezpe\u010dnosti, kde jsou hlavn\u00edmi hr\u00e1\u010di Rusko a WEF, stejn\u011b jako c\u00edle udr\u017eiteln\u00e9ho rozvoje OSN \u010d\u00edslo 7, \u201eUdr\u017eiteln\u00e1 energie pro v\u0161echny\u201c.<\/span><\/strong><\/p>\n<p><span>Ukrajinsk\u00e1 krize op\u011bt vynesla do pop\u0159ed\u00ed\u00a0mou diplomovou pr\u00e1ci\u00a0<\/span><a href=\"https:\/\/axelkra.us\/wp-content\/uploads\/2022\/03\/FULLTEXT01.pdf\" target=\"_blank\" rel=\"noreferrer noopener\"><span>\u201eZvony do Evropy\u201c , kterou jsem napsal v roce 2007 (rok p\u0159ed zah\u00e1jen\u00edm doktor\u00e1tu).\u00a0<\/span><\/a><span>T\u00e9matem byla politick\u00e1 geografie (nebo geopolitika) a siln\u00e9 spol\u00e9h\u00e1n\u00ed Evropsk\u00e9 unie na ruskou energii.\u00a0Popsal jsem evropsk\u00fd kontinent, kter\u00fd by se mohl dostat do pasti, kter\u00e1 by mohla v\u00e9st ke zm\u011bn\u011b geopolitick\u00e9ho uspo\u0159\u00e1d\u00e1n\u00ed.<\/span><\/p>\n<p><em><span>Pokud bude Evropa nad\u00e1le podporovat Spojen\u00e9 st\u00e1ty v budouc\u00edch konfliktech, mohlo by Rusko potrestat Evropu p\u0159\u00e1telskou k USA p\u0159eru\u0161en\u00edm dod\u00e1vek energie a zp\u016fsoben\u00edm v\u00e1\u017en\u00fdch probl\u00e9m\u016f s dod\u00e1vkami.\u00a0Star\u00fd, z\u00e1padem ovl\u00e1dan\u00fd syst\u00e9m je v\u00e1\u017en\u011b ohro\u017een novou energetickou situac\u00ed.\u00a0Energie a nov\u00e9 siln\u00e9 s\u00edly le\u017e\u00ed sp\u00ed\u0161e na v\u00fdchod\u011b<\/span><\/em><span>\u00a0[1]\u00a0<\/span><em><span>.<\/span><\/em><\/p>\n<p><span>Rusko tuto strategii proti Ukrajin\u011b pou\u017eilo ji\u017e p\u0159ed n\u011bkolika lety.<\/span><\/p>\n<p><em><span>Zvl\u00e1\u0161t\u011b patrn\u00e9 to bylo v p\u0159\u00edpad\u011b Ukrajiny a velmocensk\u00e9 hry, kter\u00e1 charakterizovala prezidentsk\u00e9 volby v roce 2005.\u00a0Kdy\u017e se v oran\u017eov\u00e9 revoluci dostal k moci proz\u00e1padn\u00ed prezident Viktor Ju\u0161\u010denko a aktivn\u011b usiloval o \u010dlenstv\u00ed v EU i NATO, Rusko reagovalo zv\u00fd\u0161en\u00edm ceny zemn\u00edho plynu o 450 %<\/span><\/em><span>\u00a0[2].<\/span><\/p>\n<p><span>Skute\u010dnost, \u017ee Rusko pou\u017eilo sv\u00e9 ceny energie jako zbra\u0148, byla skute\u010dn\u00fdm d\u016fvodem, pro\u010d EU v\u00fdrazn\u011b investovala do \u00faspor energie a obnoviteln\u00e9 energie.\u00a0Navenek v\u0161ak \u0161lo pouze o z\u00e1chranu klimatu.\u00a0C\u00edlem stanoven\u00fdm v roce 2007 bylo 20 % obnoviteln\u00e9 energie a 20 % zlep\u0161en\u00ed energetick\u00e9 \u00fa\u010dinnosti do roku 2020 (sm\u011brnice EU o obnoviteln\u00e9 energii p\u0159ijat\u00e1 v prosinci 2008 to stanovila jako c\u00edl) [3].<\/span><\/p>\n<p><span>V roce 2018 byl c\u00edl zv\u00fd\u0161en na 32 % obnoviteln\u00e9 energie do roku 2030 a 32,5 % energetickou \u00fa\u010dinnost.\u00a0V roce 2019 se to stalo sou\u010d\u00e1st\u00ed Zelen\u00e9 dohody EU s c\u00edlem dos\u00e1hnout do roku 2050 uhl\u00edkov\u00e9 neutrality.\u00a0[4]<\/span><\/p>\n<p><span>V\u00fdsledkem v\u0161ak je, \u017ee z\u00e1vislost na vn\u011bj\u0161\u00edm sv\u011bt\u011b vzrostla.\u00a0Zelen\u00e9 investice nep\u0159inesly skute\u010dnou nez\u00e1vislost a uzav\u0159en\u00ed jadern\u00fdch a uheln\u00fdch elektr\u00e1ren situaci jen zhor\u0161ilo.\u00a0K v\u00fdrob\u011b obnoviteln\u00e9 energie ve velk\u00e9m mno\u017estv\u00ed je zapot\u0159eb\u00ed syst\u00e9m fosiln\u00edch paliv (ropa, zemn\u00ed plyn nebo uhl\u00ed).\u00a0[5] V\u011btrn\u00e1 a slune\u010dn\u00ed energie vy\u017eaduj\u00ed regula\u010dn\u00ed energii.\u00a0To vedlo k tomu, \u017ee se dnes do EU dov\u00e1\u017e\u00ed v\u00edce ne\u017e 60 % energie.<\/span><\/p>\n<p><span>M\u00edsto toho se rusk\u00fd zemn\u00ed plyn stal p\u00e1te\u0159\u00ed evropsk\u00e9ho energetick\u00e9ho syst\u00e9mu.\u00a0Po lobov\u00e1n\u00ed n\u011bkolika zem\u00ed se EU v prosinci 2021 rozhodla klasifikovat spalov\u00e1n\u00ed zemn\u00edho plynu v elektr\u00e1rn\u00e1ch jako \u201eudr\u017eiteln\u00e9\u201c [6].<\/span><\/p>\n<p><span>Rostouc\u00ed z\u00e1vislost na Rusku dostala N\u011bmecko do obzvl\u00e1\u0161t\u011b nejist\u00e9 bezpe\u010dnostn\u00ed situace.\u00a0Evropa m\u00e1 pouze 1,5 % zn\u00e1m\u00fdch zdroj\u016f zemn\u00edho plynu, zat\u00edmco Rusko m\u00e1 t\u00e9m\u011b\u0159 40 %.\u00a0To objas\u0148uje, co se rozum\u00ed \u201evz\u00e1jemnou z\u00e1vislost\u00ed\u201c.<\/span><\/p>\n<p><span>N\u011bmeck\u00e1\u00a0<\/span><a href=\"https:\/\/en.wikipedia.org\/wiki\/Energiewende\" target=\"_blank\" rel=\"noreferrer noopener\"><span>energetick\u00e1 transformace<\/span><\/a><span>\u00a0se zd\u00e1 b\u00fdt zalo\u017eena na \u010dist\u00fdch snech a spojila gigantick\u00e9 n\u00e1klady s pr\u016fm\u011brn\u00fdm v\u00fdsledkem.\u00a0V\u00edce ne\u017e polovinu (56 %) n\u011bmeck\u00fdch pot\u0159eb plynu nyn\u00ed uspokojuje Rusko ve srovn\u00e1n\u00ed s t\u0159etinou p\u0159ed deseti lety.<\/span><\/p>\n<p><span>Krom\u011b toho rusk\u00e9 spole\u010dnosti jako Gazprom, v jeho\u017e spr\u00e1vn\u00ed rad\u011b je b\u00fdval\u00fd n\u011bmeck\u00fd kancl\u00e9\u0159\u00a0<\/span><strong><span>Gerhard Schr\u00f6der<\/span><\/strong><span>\u00a0, nakoupily strategick\u00e1 plyn\u00e1rensk\u00e1 aktiva v N\u011bmecku [7].\u00a0Gazprom, nejv\u011bt\u0161\u00ed sv\u011btov\u00fd dodavatel zemn\u00edho plynu, je ovl\u00e1d\u00e1n rusk\u00fdm st\u00e1tem a Vladimir Putin jmenoval gener\u00e1ln\u00edho \u0159editele\u00a0<\/span><strong><span>Alexeje Millera<\/span><\/strong><span>\u00a0(je tak\u00e9 n\u00e1m\u011bstkem rusk\u00e9ho ministra energetiky).\u00a0P\u0159edseda p\u0159edstavenstva\u00a0<\/span><strong><span>Viktor Zubkov<\/span><\/strong><span>\u00a0byl v letech 2007-2009 rusk\u00fdm premi\u00e9rem a v letech 2009-2012 m\u00edstop\u0159edsedou vl\u00e1dy.<\/span><\/p>\n<p><span>Zat\u00edmco Rusko (nebo Gazprom) m\u00e1 Evropu v pasti, zem\u011b je z\u00e1rove\u0148 velmi z\u00e1visl\u00e1 na p\u0159\u00edjmech, proto\u017ee 2\/3 rusk\u00e9ho exportu poch\u00e1z\u00ed z ropy a plynu.\u00a0V ka\u017ed\u00e9m p\u0159\u00edpad\u011b hroz\u00ed evropsk\u00e1 energetick\u00e1 krize s v\u00e1\u017en\u00fdmi d\u016fsledky pro na\u0161e dod\u00e1vky v Evrop\u011b.\u00a0Je to naprosto ne\u00fanosn\u00e1 situace, kter\u00e1 se zhor\u0161uje.\u00a0Ceny energi\u00ed raketov\u011b rostou.\u00a0Cena ropy ji\u017e vzrostla na v\u00edce ne\u017e 100 dolar\u016f za barel a cena benz\u00ednu zde ve \u0160v\u00e9dsku je nyn\u00ed n\u011bco m\u00e1lo p\u0159es 20 SEK za litr.\u00a0To m\u00e1 samoz\u0159ejm\u011b vliv i na ceny potravin.\u00a0B\u00fdval\u00fd \u0161v\u00e9dsk\u00fd ministr obrany\u00a0<\/span><strong><span>Mikael Odenberg<\/span><\/strong><span>\u00a0tak\u00e9 varuje, \u017ee ciz\u00ed mocnosti by mohly na dlouhou dobu p\u0159eru\u0161it dod\u00e1vky energie \u0160v\u00e9dsku.<\/span><\/p>\n<p><span>Od naps\u00e1n\u00ed geopolitick\u00e9 anal\u00fdzy p\u0159ed 15 lety jsem se toho hodn\u011b nau\u010dil.\u00a0Hra je slo\u017eit\u011bj\u0161\u00ed, ne\u017e jsem si v tu chv\u00edli myslel.\u00a0Kl\u00ed\u010dov\u00ed hr\u00e1\u010di hraj\u00ed na stran\u00e1ch, kter\u00e9 jsou mimo kontrolu n\u00e1rod\u016f a kde existuje velmi odli\u0161n\u00e1 agenda.<\/span><\/p>\n<p><span>Konflikt m\u00e1 d\u016fsledky, kter\u00e9 ovliv\u0148uj\u00ed tuto z\u00e1kladn\u00ed hru.\u00a0Pozornost lid\u00ed se okam\u017eit\u011b p\u0159esunula z pandemie na v\u00e1lku.\u00a0Mnoz\u00ed nyn\u00ed prohla\u0161uj\u00ed, \u017ee pohrdaj\u00ed Vladimirem Putinem a podporuj\u00ed Ukrajinu, m\u00edsto aby mluvili o tom, kolik d\u00e1vek vakc\u00edny vzali a jak bl\u00e1zniv\u00ed a nebezpe\u010dn\u00ed by byli ti, kte\u0159\u00ed se nenechali o\u010dkovat.<\/span><\/p>\n<p><span>Rostouc\u00ed po\u010det lid\u00ed, kte\u0159\u00ed o pandemii za\u010dali pochybovat, znepokojil i ostatn\u00ed.\u00a0Do nov\u00e9ho vlaku nasko\u010dil prakticky ka\u017ed\u00fd.\u00a0To znamen\u00e1, \u017ee rostouc\u00ed pov\u011bdom\u00ed a diskuse o tom, co se skute\u010dn\u011b stalo za posledn\u00ed dva roky, ustoupily do pozad\u00ed.\u00a0To tak\u00e9 ukazuje, jak snadno lze ovl\u00e1dat mnoho lid\u00ed.\u00a0Je z\u0159ejm\u00e9, \u017ee k tomu nejsou pot\u0159eba mozkov\u00e9 \u010dipy a d\u00e1lkov\u00e9 ovlada\u010de, kdy\u017e dob\u0159e namazan\u00fd propagandistick\u00fd stroj m\u016f\u017ee b\u00fdt stejn\u011b \u00fa\u010dinn\u00fd.<\/span><\/p>\n<p><span>N\u00e1sledky a hodnocen\u00ed pandemie nyn\u00ed ustoupily do pozad\u00ed.\u00a0Co t\u0159eba hl\u00e1\u0161en\u00ed o vedlej\u0161\u00edch \u00fa\u010dinc\u00edch nebo dechberouc\u00ed zneu\u017eit\u00ed pravomoci Justina Trudeaua v Kanad\u011b?\u00a0Nebo Jacinda Ardens na Nov\u00e9m Z\u00e9landu a tamn\u00ed demonstrace?\u00a0Co se stane s Corona Commission Reinera Fuellmicha (kter\u00e1 se v\u0161ak nedostala p\u0159ed skute\u010dn\u00fd soud, jak p\u016fvodn\u011b slibovalo, ale bude \u0159\u00edzena jako nez\u00e1visl\u00fd soud bez v\u00fdkonn\u00e9 moci)?\u00a0[8] Mainstreamov\u00e1 i alternativn\u00ed m\u00e9dia se nyn\u00ed t\u00e9m\u011b\u0159 stoprocentn\u011b soust\u0159ed\u00ed na novou krizi na Ukrajin\u011b.<\/span><\/p>\n<h2><span>&#8222;Jedno zdrav\u00ed&#8220;<\/span><\/h2>\n<p><span>To tak\u00e9 znamen\u00e1, \u017ee d\u016fle\u017eit\u00e1 rozhodnut\u00ed o budouc\u00edm \u0159\u00edzen\u00ed pandemie nejsou prodiskutov\u00e1na a utajov\u00e1na p\u0159ed ve\u0159ejnost\u00ed.\u00a0V prosinci 2021 nap\u0159\u00edklad WHO p\u0159edstavila n\u00e1vrh mezin\u00e1rodn\u00ed smlouvy o prevenci a p\u0159ipravenosti na pandemii.\u00a0P\u0159\u00edpravy na to za\u010daly 1. b\u0159ezna 2022 a maj\u00ed b\u00fdt p\u0159edstaveny na Sv\u011btov\u00e9m zdravotnick\u00e9m shrom\u00e1\u017ed\u011bn\u00ed v roce 2023 a p\u0159ijaty v roce 2024.\u00a0[9] To d\u00e1v\u00e1 WHO v\u011bt\u0161\u00ed mand\u00e1t k veden\u00ed pr\u00e1ce na vytvo\u0159en\u00ed jednotn\u00e9 glob\u00e1ln\u00ed reakce v oblasti zdrav\u00ed \u2013 \u201eJedno zdrav\u00ed\u201c.\u00a0Jak p\u00ed\u0161e Evropsk\u00e1 rada:<\/span><\/p>\n<p><strong><em>Viry neznaj\u00ed hranice.\u00a0\u017d\u00e1dn\u00e1 vl\u00e1da ani instituce sama se nem\u016f\u017ee vypo\u0159\u00e1dat s budouc\u00edmi pandemiemi.<\/em><\/strong><\/p>\n<p><span>Evropsk\u00e1 komise tak\u00e9 navrhla prodlou\u017een\u00ed platnosti na\u0159\u00edzen\u00ed Covidpass o 12 m\u011bs\u00edc\u016f.\u00a0Covidpass tedy m\u016f\u017ee b\u00fdt st\u00e1le vy\u017eadov\u00e1n na hrani\u010dn\u00edch p\u0159echodech v r\u00e1mci Unie [10].<\/span><\/p>\n<p><span>Nen\u00ed nepravd\u011bpodobn\u00e9, \u017ee se pas pot\u00e9 stane st\u00e1l\u00fdm subjektem v EU a \u017ee budou zahrnuty i dal\u0161\u00ed typy po\u017eadavk\u016f na \u00fadaje.<\/span><\/p>\n<p><span>Ve skute\u010dnosti by to mohla b\u00fdt br\u00e1na k \u201edigit\u00e1ln\u00ed pen\u011b\u017eence\u201c, o kter\u00e9 se hovo\u0159\u00ed ve zpr\u00e1v\u00e1ch Sv\u011btov\u00e9ho ekonomick\u00e9ho f\u00f3ra a na n\u00ed\u017e jm\u00e9nem \u0161v\u00e9dsk\u00e9 vl\u00e1dy rovn\u011b\u017e pracuje \u0160v\u00e9dsk\u00e1 agentura pro digit\u00e1ln\u00ed vl\u00e1dnut\u00ed (DIGG) [11].<\/span><\/p>\n<figure class=\"wp-block-embed is-type-video is-provider-youtube wp-block-embed-youtube wp-embed-aspect-16-9 wp-has-aspect-ratio\">\n<div class=\"wp-block-embed__wrapper\"><iframe loading=\"lazy\" title=\"Digit\u00e1ln\u00ed ID pen\u011b\u017eenka - Thales\" src=\"https:\/\/www.youtube.com\/embed\/PxvNzzgoJX8?feature=oembed\" width=\"800\" height=\"450\" frameborder=\"0\" allowfullscreen=\"allowfullscreen\" data-mce-fragment=\"1\"><\/iframe><\/div>\n<\/figure>\n<p><span>Sou\u010dasn\u011b se zkoum\u00e1 nov\u00fd \u0161v\u00e9dsk\u00fd pandemick\u00fd z\u00e1kon a n\u00e1vrh m\u00e1 b\u00fdt p\u0159edlo\u017een v kv\u011btnu, p\u0159i\u010dem\u017e z\u00e1v\u011bre\u010dn\u00e1 zpr\u00e1va m\u00e1 b\u00fdt p\u0159edlo\u017eena nejpozd\u011bji v z\u00e1\u0159\u00ed 2023.\u00a0[12] To by mohlo b\u00fdt dob\u0159e koordinov\u00e1no se smlouvou WHO, aby se zajistilo, \u017ee \u0161v\u00e9dsk\u00e1 legislativa umo\u017en\u00ed v p\u0159\u00ed\u0161t\u00ed pandemii dalekos\u00e1hlej\u0161\u00ed opat\u0159en\u00ed, ne\u017e jak\u00e1 byla \u00fastavn\u011b povolena b\u011bhem krize Covid-19.\u00a0Uva\u017euje se nap\u0159\u00edklad o z\u00e1kazu vych\u00e1zen\u00ed, region\u00e1ln\u00edch z\u00e1kazech cestov\u00e1n\u00ed a vy\u0161\u0161\u00edch n\u00e1roc\u00edch na povinnosti jednotlivce.<\/span><\/p>\n<h2><span>\u00a8Dezinformace<\/span><\/h2>\n<p><span>WHO a EU cht\u011bj\u00ed tak\u00e9 \u201ezlep\u0161it tok spolehliv\u00fdch a p\u0159esn\u00fdch informac\u00ed a bojovat proti dezinformac\u00edm po cel\u00e9m sv\u011bt\u011b\u201c.\u00a0To nabralo na s\u00edle v souvislosti s ukrajinskou kriz\u00ed, kter\u00e1 zaznamenala v\u00fdzvy k p\u0159\u00edsn\u011bj\u0161\u00ed kontrole internetu s c\u00edlem potla\u010dit rusk\u00e9 dezinformace.\u00a0EU, veden\u00e1\u00a0<\/span><strong><span>Ursulou von der Leyenovou<\/span><\/strong><span>\u00a0, chce\u00a0uzav\u0159\u00edt rusk\u00e9 zpravodajsk\u00e9 weby jako\u00a0<\/span><strong><span>Russia Today<\/span><\/strong><span>\u00a0a\u00a0<\/span><strong><span>Sputnik .<\/span><\/strong><\/p>\n<p><strong><em>Vyv\u00edj\u00edme n\u00e1stroje k z\u00e1kazu toxick\u00fdch a \u0161kodliv\u00fdch dezinformac\u00ed v Evrop\u011b.\u00a0(Ursula von der Leyen)<\/em><\/strong><\/p>\n<p><span>To se samoz\u0159ejm\u011b m\u016f\u017ee brzy roz\u0161\u00ed\u0159it i na dal\u0161\u00ed syst\u00e9mov\u011b kritick\u00e1 m\u00edsta.\u00a0M\u016f\u017ee to tak\u00e9 v\u00e9st ke zmrazen\u00ed bankovn\u00edch \u00fa\u010dt\u016f, jako jsou demonstrace kamion\u016f v Kanad\u011b.\u00a0B\u00fdval\u00fd \u0161v\u00e9dsk\u00fd ministr obrany\u00a0<\/span><strong><span>Mikael Odenberg<\/span><\/strong><span>\u00a0se rovn\u011b\u017e domn\u00edv\u00e1, \u017ee v\u0161ichni ru\u0161t\u00ed ob\u010dan\u00e9 by m\u011bli b\u00fdt ze \u0160v\u00e9dska vyho\u0161t\u011bni (!).\u00a0Mezit\u00edm se z reg\u00e1l\u016f obchod\u016f stahuj\u00ed rusk\u00e9 produkty, jako je vodka [13].<\/span><\/p>\n<p><span>Ve \u0160v\u00e9dsku byla v lednu spu\u0161t\u011bna \u0160v\u00e9dsk\u00e1 agentura pro psychologickou obranu, jej\u00edm\u017e \u00fakolem je \u201eidentifikovat, analyzovat, zac\u00edlit a p\u0159edch\u00e1zet manipulaci s informacemi a jin\u00fdm zav\u00e1d\u011bj\u00edc\u00edm informac\u00edm nam\u00ed\u0159en\u00fdm proti \u0160v\u00e9dsku nebo proti \u0161v\u00e9dsk\u00fdm z\u00e1jm\u016fm\u201c.\u00a0Zpr\u00e1va \u0161v\u00e9dsk\u00e9ho \u00fa\u0159adu pro civiln\u00ed nouzov\u00e9 situace o konspira\u010dn\u00edch teori\u00edch poskytuje obr\u00e1zek o tom, co to znamen\u00e1.<\/span><\/p>\n<p><em><span>Konspira\u010dn\u00ed teorie jako sou\u010d\u00e1st operac\u00ed vlivu zam\u011b\u0159en\u00fdch na Evropu, tedy zven\u010d\u00ed dovnit\u0159, aktivn\u011b \u0161\u00ed\u0159\u00ed re\u017eim loaj\u00e1ln\u00ed tisk v Rusku a ve v\u00fdchodn\u00ed a jihov\u00fdchodn\u00ed Evrop\u011b.\u00a0<\/span><\/em><span>[14]<\/span><\/p>\n<p><em><span>Brexit i prezidentsk\u00e9 volby v USA v letech 2016 a 2020 byly ovlivn\u011bny dezinformacemi a konspira\u010dn\u00edmi teoriemi a b\u011bhem pandemie Covid-19 nov\u00e9 koalice mezi odp\u016frci o\u010dkov\u00e1n\u00ed, pop\u00edra\u010di klimatick\u00fdch zm\u011bn a \u201eklasick\u00fdmi\u201c konspira\u010dn\u00edmi teoretiky spojen\u00fdmi s mocenskou elitou, tajn\u00e9. spole\u010dnosti nebo sdru\u017een\u00ed byly pozorov\u00e1ny v\u011b\u0159it.\u00a0<\/span><\/em><span>[15]<\/span><\/p>\n<p><span>Odp\u016frci o\u010dkov\u00e1n\u00ed a dal\u0161\u00ed kritici mohou b\u00fdt nyn\u00ed spojov\u00e1ni s Ruskem.\u00a0N\u011bkolik profil\u016f s vazbami na \u201eHnut\u00ed pravdy\u201c, jako je profil New Age\u00a0<\/span><strong><span>Sacha Stone<\/span><\/strong><span>\u00a0a \u201emistr dezinformac\u00ed\u201c\u00a0<\/span><strong><span>Benjamin Fulford<\/span><\/strong><span>\u00a0, ji\u017e n\u011bkolik let \u0161\u00ed\u0159\u00ed zpr\u00e1vu, \u017ee\u00a0<\/span><strong><span>Vladimir Putin<\/span><\/strong><span>\u00a0spolupracuje s\u00a0<\/span><strong><span>Donaldem Trumpem<\/span><\/strong><span>\u00a0na odhalen\u00ed a svr\u017een\u00ed globalistick\u00e9ho New Sv\u011btov\u00fd \u0159\u00e1d bude:<\/span><\/p>\n<p><em><span>Jsem velk\u00fdm fanou\u0161kem Donalda Trumpa.\u00a0Stejn\u011b jako fand\u00edm Vladimiru Putinovi.\u00a0Jsi ten nejlep\u0161\u00ed dvojn\u00edk, jak\u00e9ho jsem si mohl p\u0159\u00e1t.\u00a0\u0160achov\u00e1 hra, kter\u00e1 se zde hraje, je vynikaj\u00edc\u00ed.<\/span><\/em><\/p>\n<p><span>P\u0159ehnan\u00e1 r\u00e9torika a zpr\u00e1vy, kter\u00e9 se \u0161iroce \u0161\u00ed\u0159ily na soci\u00e1ln\u00edch s\u00edt\u00edch, lze nyn\u00ed pou\u017e\u00edt k neutralizaci odporu v\u016f\u010di \u010dtvrt\u00e9 pr\u016fmyslov\u00e9 revoluci.<\/span><\/p>\n<h2><span>Kybernetick\u00fd mnoho\u00faheln\u00edk<\/span><\/h2>\n<p><span>S t\u00edm souvis\u00ed i cvi\u010den\u00ed Cyber \u200b\u200b\u200b\u200bPolygon.\u00a0Sv\u011btov\u00e9 ekonomick\u00e9 f\u00f3rum od roku 2019 ka\u017edoro\u010dn\u011b vede kybernetickou v\u00e1lku s velk\u00fdm pod\u00edlem rusk\u00fdch akt\u00e9r\u016f.\u00a0V prvn\u00edm roce se cvi\u010den\u00ed konalo v Moskv\u011b.\u00a0N\u011bkter\u00e1 z t\u00e9mat jsou \u201eFake News \u2013 nov\u00e1 \u201edigit\u00e1ln\u00ed\u201c pandemie?\u201c a \u201eMezin\u00e1rodn\u00ed regulace na internetu \u2013 nutn\u00e9, ale tak\u00e9 mo\u017en\u00e9?\u201c.<\/span><\/p>\n<p><span>Mezi \u00fa\u010dastn\u00edky byli rusk\u00fd premi\u00e9r\u00a0<\/span><strong><span>Michail Mi\u0161ustin<\/span><\/strong><span>\u00a0, p\u0159edseda velk\u00e9 rusk\u00e9 banky Sberbank\u00a0<\/span><strong><span>Herman Gref<\/span><\/strong><span>\u00a0(\u010dlen p\u0159edstavenstva Sv\u011btov\u00e9ho ekonomick\u00e9ho f\u00f3ra 2011-2022 a d\u0159\u00edve Gazprom) a rusk\u00fd novin\u00e1\u0159\u00a0<\/span><strong><span>Vladimir Pozner<\/span><\/strong><span>\u00a0, jako\u017e i\u00a0<\/span><strong><span>Klaus Schwab<\/span><\/strong><span>\u00a0,\u00a0<\/span><strong><span>Tony Blair<\/span><\/strong><span>\u00a0,\u00a0<\/span><strong><span>Steve Vozniak<\/span><\/strong><span>\u00a0( Apple) a\u00a0<\/span><strong><span>Jeremy Jurgens<\/span><\/strong><span>\u00a0(WEF).<\/span><\/p>\n<p><span>To ukazuje, jak bl\u00edzko si tito \u201enep\u0159\u00e1tel\u00e9\u201c jsou.\u00a0<\/span><strong><span>Klaus Schwab<\/span><\/strong><span>\u00a0ve sv\u00e9m zahajovac\u00edm projevu v roce 2020 ocenil\u00a0dobr\u00e9 vztahy mezi Sv\u011btov\u00fdm ekonomick\u00fdm f\u00f3rem a Ruskem.<\/span><\/p>\n<p><em><span>Zvl\u00e1\u0161t\u011b bych cht\u011bl pod\u011bkovat sv\u00e9mu dobr\u00e9mu p\u0159\u00edteli a anga\u017eovan\u00e9mu partnerovi na Sv\u011btov\u00e9m ekonomick\u00e9m f\u00f3ru, panu Hermanu Grefovi, gener\u00e1ln\u00edmu \u0159editeli a p\u0159edsedovi p\u0159edstavenstva Sberbank a samoz\u0159ejm\u011b tak\u00e9 \u010dlenu spr\u00e1vn\u00ed rady Sv\u011btov\u00e9ho ekonomick\u00e9ho f\u00f3ra .\u00a0<\/span><strong><span>F\u00f3rum nav\u00e1zalo vynikaj\u00edc\u00ed vztahy s Ruskou federac\u00ed.\u00a0Jak s obchodn\u00edm sv\u011btem, tak s vl\u00e1dou.\u00a0<\/span><\/strong><span>S pot\u011b\u0161en\u00edm jsem se minul\u00fd rok setkal s prezidentem Putinem a t\u011b\u0161\u00edm se na prohlouben\u00ed t\u011bchto vztah\u016f s v\u00e1mi, premi\u00e9rem (Michail Mi\u0161ustin) a va\u0161\u00ed vl\u00e1dou.\u00a0<\/span><\/em><span>[16]<\/span><\/p>\n<p><span>Schwab z\u00e1rove\u0148 zd\u016fraznil zm\u011bnu, ke kter\u00e9 v souvislosti s pandemi\u00ed do\u0161lo a jak se otev\u00edr\u00e1 digitalizaci sv\u011bta.<\/span><\/p>\n<p><em><span>Rok 2020 je rokem, kter\u00fd skute\u010dn\u011b zm\u011bnil sv\u011bt.\u00a0D\u00edky technologii jsme schopni zapojit se do kybernetick\u00e9ho polygonu zcela na d\u00e1lku.\u00a0Poprv\u00e9 od druh\u00e9 sv\u011btov\u00e9 v\u00e1lky znamen\u00e1 pandemie koronaviru z\u00e1sadn\u00ed obrat v na\u0161em glob\u00e1ln\u00edm kurzu.\u00a0<\/span><\/em><span>[17]<\/span><\/p>\n<figure class=\"wp-block-embed is-type-video is-provider-youtube wp-block-embed-youtube wp-embed-aspect-16-9 wp-has-aspect-ratio\">\n<div class=\"wp-block-embed__wrapper\"><iframe loading=\"lazy\" title=\"Uv\u00edtac\u00ed pozn\u00e1mky.  Klaus Schwab\" src=\"https:\/\/www.youtube.com\/embed\/EOvz1Flfrfw?feature=oembed\" width=\"800\" height=\"450\" frameborder=\"0\" allowfullscreen=\"allowfullscreen\" data-mce-fragment=\"1\"><\/iframe><\/div>\n<\/figure>\n<p><a href=\"https:\/\/odysee.com\/@axel.bckrauss:7\/Welcoming-Remarks.-Klaus-Schwab---YouTube-1:d\" target=\"_blank\" rel=\"noreferrer noopener\"><span>Z\u00e1lohujte video do Bitchute<\/span><\/a><\/p>\n<p><span>Po invazi na Ukrajinu bylo n\u011bkolik rusk\u00fdch herc\u016f odstran\u011bno z webov\u00fdch str\u00e1nek Sv\u011btov\u00e9ho ekonomick\u00e9ho f\u00f3ra, zat\u00edmco Klaus Schwab a gener\u00e1ln\u00ed \u0159editel WEF B\u00f6rge Brende rusk\u00e9 \u010diny odsoudili.<\/span><\/p>\n<p><em><span>Podstatou na\u0161\u00ed organizace je v\u00edra v respekt, dialog a spole\u010dn\u00e9 a spole\u010dn\u00e9 \u00fasil\u00ed.\u00a0Hluboce proto odsuzujeme ruskou agresi proti Ukrajin\u011b, \u00fatoky a zv\u011brstva.\u00a0Na\u0161e pln\u00e1 solidarita pat\u0159\u00ed ukrajinsk\u00e9mu lidu a v\u0161em, kte\u0159\u00ed nevinn\u011b trp\u00ed touto naprosto nep\u0159ijatelnou v\u00e1lkou.\u00a0Ud\u011bl\u00e1me v\u0161e, co je v na\u0161ich sil\u00e1ch, abychom pomohli a aktivn\u011b podpo\u0159ili humanit\u00e1rn\u00ed a diplomatick\u00e9 \u00fasil\u00ed.\u00a0Douf\u00e1me jen, \u017ee v del\u0161\u00edm \u010dasov\u00e9m horizontu zv\u00edt\u011bz\u00ed rozum a bude op\u011bt prostor pro p\u0159emost\u011bn\u00ed a usm\u00ed\u0159en\u00ed.\u00a0<\/span><\/em><span>[18]<\/span><\/p>\n<p><span>Ale lze toto tvrzen\u00ed br\u00e1t v\u00e1\u017en\u011b?\u00a0Nen\u00ed konflikt sp\u00ed\u0161e o dal\u0161\u00edm kroku na cest\u011b k nov\u00e9mu digit\u00e1ln\u00edmu sv\u011btov\u00e9mu \u0159\u00e1du?<\/span><\/p>\n<p><span>Je\u0161t\u011b v \u0159\u00edjnu, po dohod\u011b mezi WEF a ruskou vl\u00e1dou, Rusko spustilo sv\u00e9 Centrum pro \u010dtvrtou pr\u016fmyslovou revoluci.\u00a0[19] V tomto ohledu\u00a0<\/span><strong><span>Evgeny Kovnir<\/span><\/strong><span>\u00a0, gener\u00e1ln\u00ed \u0159editel ANO \u201eDigit\u00e1ln\u00ed ekonomika\u201c uvedl:<\/span><\/p>\n<p><em><span>Na\u0161e organizace sdru\u017euje p\u0159edn\u00ed rusk\u00e9 technologick\u00e9 spole\u010dnosti.\u00a0Budeme spolupracovat s l\u00eddry z t\u011bchto spole\u010dnost\u00ed a nap\u0159\u00ed\u010d s\u00edt\u00ed na v\u00fdzkumu a implementaci nejlep\u0161\u00edch mezin\u00e1rodn\u00edch \u0159e\u0161en\u00ed pro AI, IoT a datovou politiku.\u00a0Pokrok Ruska v t\u011bchto oblastech p\u0159eneseme do glob\u00e1ln\u00ed s\u00edt\u011b a pom\u016f\u017eeme utv\u00e1\u0159et glob\u00e1ln\u00ed pokrok ve \u010dtvrt\u00e9 pr\u016fmyslov\u00e9 revoluci.\u00a0<\/span><\/em><span>[20]<\/span><\/p>\n<p><span>Port\u00e1l WEF\u00a0<\/span><a href=\"https:\/\/archive.ph\/ccXOp\" target=\"_blank\" rel=\"noreferrer noopener\"><span>Strategic Intelligence<\/span><\/a><span>\u00a0, spu\u0161t\u011bn\u00fd na konci roku 2019, popisuje pozici Ruska v glob\u00e1ln\u00ed h\u0159e.<\/span><\/p>\n<p><em><span>Pos\u00edlen\u00edm instituc\u00ed glob\u00e1ln\u00edho vl\u00e1dnut\u00ed m\u016f\u017ee Rusko pomoci vytvo\u0159it spole\u010dn\u00fd z\u00e1jem na \u0159e\u0161en\u00ed glob\u00e1ln\u00edch probl\u00e9m\u016f v oblastech energetick\u00e9 bezpe\u010dnosti, potravinov\u00e9 bezpe\u010dnosti, kybernetick\u00e9 bezpe\u010dnosti, klimatick\u00fdch zm\u011bn a udr\u017eitelnosti \u017eivotn\u00edho prost\u0159ed\u00ed.\u00a0<\/span><\/em><span>[21]<\/span><\/p>\n<p><span>Tyto ot\u00e1zky nyn\u00ed v\u00e1lka velmi n\u00e1hle vynesla do pop\u0159ed\u00ed.\u00a0To je tak\u00e9 t\u0159eba vid\u011bt v kontextu toho, co je \u0159e\u010deno pod nadpisem \u201eGeopolitick\u00e9 z\u00fa\u010dtov\u00e1n\u00ed EU\u201c.<\/span><\/p>\n<p><em><span>Energetick\u00e9 pot\u0159eby vztah\u016f s Ruskem tak\u00e9 otestuj\u00ed odhodl\u00e1n\u00ed Evropy b\u00fdt jednotn\u00fdm strategick\u00fdm akt\u00e9rem.\u00a0Ve sv\u011bt\u011b, kde st\u00e1le dominuje mocensk\u00e1 politika a transak\u010dn\u00ed my\u0161len\u00ed, mus\u00ed Evropa nad\u00e1le prosazovat demokracii a multilateralismus a slou\u017eit jako laborato\u0159 (a model) \u00fasp\u011b\u0161n\u00e9 nadn\u00e1rodn\u00ed spr\u00e1vy v\u011bc\u00ed ve\u0159ejn\u00fdch.\u00a0<\/span><\/em><span>[22]<\/span><\/p>\n<p><span>Aby byla EU \u00fasp\u011b\u0161n\u00e1, pot\u0159ebuje dos\u00e1hnout v\u011bt\u0161\u00ed jednoty.\u00a0Nyn\u00ed je zde spole\u010dn\u00fd nep\u0159\u00edtel.\u00a0Krom\u011b toho je strategick\u00e9 partnerstv\u00ed s \u010c\u00ednou pova\u017eov\u00e1no za \u201enevyhnuteln\u00e9\u201c, pokud maj\u00ed b\u00fdt realizov\u00e1ny geopolitick\u00e9 aspirace EU [23].<\/span><\/p>\n<p><span>Pravdou je, \u017ee \u010del\u00edme geopolitick\u00e9mu posunu.\u00a0Star\u00fd sv\u011bt se s ka\u017edou kriz\u00ed v\u00edc a v\u00edc hrout\u00ed.\u00a0V pozad\u00ed se odehr\u00e1v\u00e1 pochod sm\u011brem k nov\u00e9mu glob\u00e1ln\u00edmu syst\u00e9mu.\u00a0Nov\u00fd mezin\u00e1rodn\u00ed ekonomick\u00fd \u0159\u00e1d \u2013 ve kter\u00e9m hraj\u00ed \u00fast\u0159edn\u00ed roli\u00a0akt\u00e9\u0159i jako\u00a0<\/span><strong><span>WEF<\/span><\/strong><span>\u00a0,\u00a0<\/span><strong><span>G20<\/span><\/strong><span>\u00a0,\u00a0<\/span><strong><span>OECD<\/span><\/strong><span>\u00a0,\u00a0<\/span><strong><span>MMF<\/span><\/strong><span>\u00a0,\u00a0<\/span><strong><span>Sv\u011btov\u00e1 banka<\/span><\/strong><span>\u00a0a\u00a0<\/span><strong><span>Organizace spojen\u00fdch n\u00e1rod\u016f .<\/span><\/strong><\/p>\n<p><span>P\u0159edn\u00ed sv\u011btov\u00e9 politick\u00e9 f\u00f3rum G20, k n\u011bmu\u017e pat\u0159\u00ed EU i Rusko, stanovilo glob\u00e1ln\u00ed zdrav\u00ed, p\u0159echod na udr\u017eitelnou energetiku a digit\u00e1ln\u00ed transformaci za priority leto\u0161n\u00edho roku [24]: V prvn\u00edm p\u0159\u00edpad\u011b by se m\u011blo diskutovat o tom, jak by se m\u011bla diskutovat o nov\u00e9 architektu\u0159e glob\u00e1ln\u00edho zdrav\u00ed. se vytvo\u0159\u00ed po pandemii a ve druh\u00e9m p\u0159\u00edpad\u011b se pozornost soust\u0159ed\u00ed na ot\u00e1zky souvisej\u00edc\u00ed s novou kriz\u00ed (udr\u017eiteln\u00fd energetick\u00fd p\u0159echod).\u00a0Posledn\u00ed jmenovan\u00fd souvis\u00ed s c\u00edlem udr\u017eiteln\u00e9ho rozvoje OSN \u010d. 7, \u201eUdr\u017eiteln\u00e1 energie pro v\u0161echny\u201c, pro kter\u00fd OSN zve\u0159ejnila glob\u00e1ln\u00ed pl\u00e1n 3. listopadu 2021.<\/span><\/p>\n<p><span>V\u00e1lka na Ukrajin\u011b a jej\u00ed n\u00e1sledky jsou \u201espou\u0161t\u011bc\u00ed ud\u00e1lost\u00ed\u201c, kter\u00e1 ilustruje probl\u00e9m.\u00a0Jak dos\u00e1hnout glob\u00e1ln\u00ed energetick\u00e9 bezpe\u010dnosti bude pravd\u011bpodobn\u011b \u017ehav\u00fdm t\u00e9matem koncem tohoto roku, p\u0159i\u010dem\u017e mezi kl\u00ed\u010dov\u00e9 hr\u00e1\u010de pat\u0159\u00ed Rusko a EU.<\/span><\/p>\n<p><span>Uprost\u0159ed obr\u00e1zku naho\u0159e je \u00fast\u0159edn\u00ed pil\u00ed\u0159 \u2013 Digit\u00e1ln\u00ed transformace, kter\u00e1 se zam\u011b\u0159uje na splynut\u00ed lid\u00ed a digit\u00e1ln\u00edho sv\u011bta.\u00a0V\u0161e by m\u011blo v\u00e9st k digit\u00e1ln\u00ed m\u011bn\u011b oxidu uhli\u010dit\u00e9ho a p\u0159ipojen\u00e9 lidsk\u00e9 bytosti.\u00a0Zd\u00e1 se, \u017ee v t\u00e9to oblasti neexistuje \u017e\u00e1dn\u00e9 schizma mezi v\u016fdci V\u00fdchodu a Z\u00e1padu.\u00a0V ka\u017ed\u00e9m p\u0159\u00edpad\u011b WEF zahrnuje ob\u011b strany.<\/span><\/p>\n<p><span>V\u00e1lka na Ukrajin\u011b tak\u00e9 otev\u00edr\u00e1 mo\u017enost zaveden\u00ed stann\u00e9ho pr\u00e1va s digit\u00e1ln\u00edmi p\u0159\u00edd\u011blov\u00fdmi l\u00edstky a reorganizaci potravinov\u00e9ho syst\u00e9mu.\u00a0Prodej bezpe\u010dnostn\u00edch z\u00e1sob a likvidace obrann\u00fdch kapacit, ke kter\u00fdm do\u0161lo v 90. letech, otev\u0159ely nov\u00e9 dobr\u00e9 obchody pro obrann\u00fd pr\u016fmysl a dodavatele ochrann\u00fdch prost\u0159edk\u016f, skladovateln\u00fdch potravin a tak d\u00e1le.\u00a0To tak\u00e9 motivuje zem\u011b jako \u0160v\u00e9dsko a Finsko, aby se rychle p\u0159ipojily k NATO kv\u016fli ochran\u011b.\u00a0Krize otev\u00edr\u00e1 nov\u00e9 p\u0159\u00edle\u017eitosti&#8230;<\/span><\/p>\n<p><strong><em>dr\u00a0Jacob Nordang\u00e5rd, v\u011bda a technologie<\/em><\/strong><\/p>\n<hr class=\"wp-block-separator\" \/>\n<p><span>P\u0159e\u010dt\u011bte si v\u00edce o Sv\u011btov\u00e9m ekonomick\u00e9m f\u00f3ru, Agend\u011b 2030 a \u010dtvrt\u00e9 pr\u016fmyslov\u00e9 revoluci v\u00a0<\/span><a href=\"https:\/\/archive.ph\/LeF3q\" target=\"_blank\" rel=\"noreferrer noopener\"><span>\u201eRockefeller \u2013 Controlling the Game\u201c<\/span><\/a><\/p>\n<hr class=\"wp-block-separator\" \/>\n<p><strong><span>zdroje a odkazy<\/span><\/strong><\/p>\n<p><a href=\"http:\/\/pharos.stiftelsen-pharos.org\/ukraine-the-trigger-to-a-new-energy-order\/#_ftnref1\"><sup><span>[1]<\/span><\/sup><\/a><span>\u00a0Nordang\u00e5rd, J. (2007).\u00a0<\/span><a href=\"http:\/\/urn.kb.se\/resolve?urn=urn:nbn:se:liu:diva-9228\" target=\"_blank\" rel=\"noreferrer noopener\"><span>\u00d6desstund f\u00f6r Europa: Om de geopolitiska konsekvenserna av Europa beroende av rysk energi<\/span><\/a><span>\u00a0(Dizertace, Avdelning f\u00f6r geografi).<\/span><br \/>\n<a href=\"http:\/\/pharos.stiftelsen-pharos.org\/ukraine-the-trigger-to-a-new-energy-order\/#_ftnref2\"><sup><span>[2]<\/span><\/sup><\/a><span>\u00a0Tamt\u00e9\u017e.<\/span><br \/>\n<a href=\"http:\/\/pharos.stiftelsen-pharos.org\/ukraine-the-trigger-to-a-new-energy-order\/#_ftnref3\"><sup><span>[3]<\/span><\/sup><\/a><span>\u00a0Nordang\u00e5rd, J. (2012).\u00a0<\/span><a href=\"http:\/\/urn.kb.se\/resolve?urn=urn:nbn:se:liu:diva-85821\" target=\"_blank\" rel=\"noreferrer noopener\"><span>ORDO AB CHAO : Den politiska historien om biodrivmedel in den Europeiska Unionen \u2013 Akt\u00f6rer, n\u00e4tverk och strategier<\/span><\/a><span>\u00a0(PhD diserta\u010dn\u00ed pr\u00e1ce, Link\u00f6ping University Electronic Press).<\/span><br \/>\n<a href=\"http:\/\/pharos.stiftelsen-pharos.org\/ukraine-the-trigger-to-a-new-energy-order\/#_ftnref4\"><sup><span>[4]<\/span><\/sup><\/a><span>\u00a0Europeiska Commissions (2020),<\/span><a href=\"https:\/\/eur-lex.europa.eu\/legal-content\/SV\/TXT\/PDF\/?uri=CELEX:52020DC0954&amp;from=PL\" target=\"_blank\" rel=\"noreferrer noopener\"><span>Zpr\u00e1va Fr\u00e5n Commissions Till European Parlamentet OCH R\u00e5det 2020 \u00c5rs Bed\u00f6ming Av de Framsteg Som Medlemsstaerna Gjort F\u00f6r ATT Genomf\u00f6ra Director 2012\/27 \/ EU OM Energy Fields Och F\u00f6r ATT Inf\u00f6ra-Nolleenergggnader EN02020 EULOCHet Mini Director 0020 EULOCHT 2020 EULECRETIMEDICEMEDLE3Pred. om byggnaders energiprestanda<\/span><\/a><span>\u00a0, Bryssel dne 14. 10. 2020 KOM(2020) 954 v kone\u010dn\u00e9m zn\u011bn\u00ed<\/span><br \/>\n<a href=\"http:\/\/pharos.stiftelsen-pharos.org\/ukraine-the-trigger-to-a-new-energy-order\/#_ftnref5\"><sup><span>[5]<\/span><\/sup><\/a><span>\u00a0Nordang\u00e5rd, J. (2007).\u00a0<\/span><a href=\"http:\/\/urn.kb.se\/resolve?urn=urn:nbn:se:liu:diva-8116\" target=\"_blank\" rel=\"noreferrer noopener\"><span>Med br\u00f6df\u00f6dan som drivkraft: En study om att byta mot biodrivmedel i ett globalt perspektiv<\/span><\/a><span>\u00a0(diserta\u010dn\u00ed pr\u00e1ce, Avdelning f\u00f6r geografi).<\/span><br \/>\n<a href=\"http:\/\/pharos.stiftelsen-pharos.org\/ukraine-the-trigger-to-a-new-energy-order\/#_ftnref6\"><sup><span>[6]<\/span><\/sup><\/a><span>\u00a0Shashi Kant Yadav (2022), \u201e\u00a0<\/span><a href=\"https:\/\/theconversation.com\/natural-gas-is-a-fossil-fuel-but-the-eu-will-count-it-as-a-green-investment-heres-why-175867\" target=\"_blank\" rel=\"noreferrer noopener\"><span>Zemn\u00ed plyn je fosiln\u00ed palivo, ale EU ho bude po\u010d\u00edtat jako zelenou investici \u2013 zde je d\u016fvod<\/span><\/a><span>\u00a0\u201c<\/span><br \/>\n<a href=\"http:\/\/pharos.stiftelsen-pharos.org\/ukraine-the-trigger-to-a-new-energy-order\/#_ftnref7\"><sup><span>[7]<\/span><\/sup><\/a><span>\u00a0\u00a0Gazprom Germania,<\/span><a href=\"https:\/\/www.gazprom-germania.de\/en\/de\/business-areas\/natural-gas-storage.html\" target=\"_blank\" rel=\"noreferrer noopener\"><span>Skladov\u00e1n\u00ed zemn\u00edho plynu<\/span><\/a><br \/>\n<a href=\"http:\/\/pharos.stiftelsen-pharos.org\/ukraine-the-trigger-to-a-new-energy-order\/#_ftnref8\"><sup><span>[8]<\/span><\/sup><\/a><span>\u00a0Stiftung Corona Anschuss (2022),\u00a0<\/span><a href=\"https:\/\/corona-ausschuss.de\/en\/sessions\/\" target=\"_blank\" rel=\"noreferrer noopener\"><span>Sessions<\/span><\/a><br \/>\n<a href=\"http:\/\/pharos.stiftelsen-pharos.org\/ukraine-the-trigger-to-a-new-energy-order\/#_ftnref9\"><sup><span>[9]<\/span><\/sup><\/a><span>\u00a0Europeiska R\u00e5det (2021),\u00a0<\/span><a href=\"https:\/\/www.consilium.europa.eu\/en\/policies\/coronavirus\/pandemic-treaty\/\" target=\"_blank\" rel=\"noreferrer noopener\"><span>Ett international f\u00f6rdrag om f\u00f6rebyggande av och beredskap inf\u00f6r pandemier<\/span><\/a><br \/>\n<a href=\"http:\/\/pharos.stiftelsen-pharos.org\/ukraine-the-trigger-to-a-new-energy-order\/#_ftnref10\"><sup><span>[10]<\/span><\/sup><\/a><span>\u00a0F\u00f6rslag to EUROPAPARLAMENTETS OCH\u00f6r Rord\u00c5ndring om F\u00d60 \/953 om en ram f\u00f6r utf\u00e4rdande, check och godtagande av interoperabla intyg om o\u010dkov\u00e1n\u00ed mot, testov\u00e1n\u00ed na och tillfrisknande fr\u00e5n covid-19 (EU:s digitala covidintyg) for att underl\u00e4tta fri r\u00f6rlighet under covid-109-pandemin,223.2pandemin KOM(2022) 50 v kone\u010dn\u00e9m zn\u011bn\u00ed 2022\/0031 (COD)<\/span><br \/>\n<a href=\"http:\/\/pharos.stiftelsen-pharos.org\/ukraine-the-trigger-to-a-new-energy-order\/#_ftnref11\"><sup><span>[11]<\/span><\/sup><\/a><span>\u00a0Sv\u011btov\u00e9 ekonomick\u00e9 f\u00f3rum (2021),\u00a0<\/span><a href=\"https:\/\/www3.weforum.org\/docs\/WEF_Digital_Currency_Governance_Consortium_White_Paper_Series_2021.pdf\" target=\"_blank\" rel=\"noreferrer noopener\"><span>\u0159ada b\u00edl\u00fdch knih konsorcia pro spr\u00e1vu digit\u00e1ln\u00ed m\u011bny<\/span><\/a><span>\u00a0;<\/span><br \/>\n<span>DIGG (2022),<\/span><a href=\"https:\/\/www.digg.se\/48e2e1\/globalassets\/dokument\/publicerat\/publikationer\/digital_planbok.pdf\" target=\"_blank\" rel=\"noreferrer noopener\"><span>Digit\u00e1ln\u00ed pl\u00e1n<\/span><\/a><br \/>\n<a href=\"http:\/\/pharos.stiftelsen-pharos.org\/ukraine-the-trigger-to-a-new-energy-order\/#_ftnref12\"><sup><span>[12]<\/span><\/sup><\/a><span>\u00a0Regeringen (2021),\u00a0<\/span><a href=\"https:\/\/www.regeringen.se\/rattsliga-dokument\/kommittedirektiv\/2021\/09\/dir-202168\/\" target=\"_blank\" rel=\"noreferrer noopener\"><span>F\u00f6rfattningsberedskap inf\u00f6r framtida pandemier<\/span><\/a><br \/>\n<a href=\"http:\/\/pharos.stiftelsen-pharos.org\/ukraine-the-trigger-to-a-new-energy-order\/#_ftnref13\"><sup><span>[13]<\/span><\/sup><\/a><span>\u00a0Ramachandran, Naman (2022), \u201e\u00a0<\/span><a href=\"https:\/\/variety.com\/2022\/politics\/global\/european-union-ban-russian-media-outlets-russia-today-sputnik-1235191175\/\" target=\"_blank\" rel=\"noreferrer noopener\"><span>Evropsk\u00e1 unie dnes zak\u00e1\u017ee Rusko a Sputnik, zav\u0159\u00edt vzdu\u0161n\u00fd prostor jako prezident Putin ohro\u017euje jadernou akci<\/span><\/a><span>\u00a0, \u010dl\u00e1nek ve\u00a0<\/span><em><span>Variety<\/span><\/em><span>\u00a027. \u00fanora 2022;<\/span><br \/>\n<em><span>Kvartal<\/span><\/em><span>\u00a0(2022), \u201c\u00a0<\/span><a href=\"https:\/\/kvartal.se\/artiklar\/tidigare-forsvarsministern-utvisa-alla-ryska-medborgare\"><span>Tidigare f\u00f6rsvarsminstern: Utvisa alla ryska medborgare<\/span><\/a><span>\u00a0\u201c, 2. b\u0159ezna 2020<\/span><br \/>\n<a href=\"http:\/\/pharos.stiftelsen-pharos.org\/ukraine-the-trigger-to-a-new-energy-order\/#_ftnref14\"><sup><span>[14]<\/span><\/sup><\/a><span>\u00a0MSB (2021),\u00a0<\/span><a href=\"https:\/\/www.msb.se\/contentassets\/555542e57381475cb26d6862dc7a543a\/msb-studie.pdf\" target=\"_blank\" rel=\"noreferrer noopener\"><span>Konspirationtheorier och covid-19: mekanismerna bakom en snabbv\u00e4xande samh\u00e4llsutmaning<\/span><\/a><span>\u00a0[\u00a014<\/span><br \/>\n<a href=\"http:\/\/pharos.stiftelsen-pharos.org\/ukraine-the-trigger-to-a-new-energy-order\/#_ftnref15\"><sup><span>]\u00a0<\/span><\/sup><\/a><span>sid 23<\/span><br \/>\n<a href=\"http:\/\/pharos.stiftelsen-pharos.org\/ukraine-the-trigger-to-a-new-energy-order\/#_ftnref16\"><sup><span>[16]<\/span><\/sup><\/a><span>\u00a0Kybernetick\u00fd polygon (2020),\u00a0<\/span><a href=\"https:\/\/www.youtube.com\/watch?v=EOvz1Flfrfw\" target=\"_blank\" rel=\"noreferrer noopener\"><span>Uv\u00edtac\u00ed pozn\u00e1mky<\/span><\/a><span>\u00a0.\u00a0Klaus Schwab<\/span><br \/>\n<a href=\"http:\/\/pharos.stiftelsen-pharos.org\/ukraine-the-trigger-to-a-new-energy-order\/#_ftnref17\"><sup><span>[17]<\/span><\/sup><\/a><span>\u00a0Tamt\u00e9\u017e.<\/span><br \/>\n<a href=\"http:\/\/pharos.stiftelsen-pharos.org\/ukraine-the-trigger-to-a-new-energy-order\/#_ftnref18\"><sup><span>[18]<\/span><\/sup><\/a><span>\u00a0Sv\u011btov\u00e9 ekonomick\u00e9 f\u00f3rum (2022), \u201e<\/span><a href=\"https:\/\/www.weforum.org\/agenda\/2022\/02\/ukraine-our-full-solidarity\" target=\"_blank\" rel=\"noreferrer noopener\"><span>\u00a0Na\u0161e pln\u00e1 solidarita je s ukrajinsk\u00fdm lidem<\/span><\/a><span>\u00a0\u201c<\/span><br \/>\n<a href=\"http:\/\/pharos.stiftelsen-pharos.org\/ukraine-the-trigger-to-a-new-energy-order\/#_ftnref19\"><sup><span>[19]<\/span><\/sup><\/a>\u00a0<a href=\"http:\/\/publication.pravo.gov.ru\/Document\/View\/0001202109030023\" target=\"_blank\" rel=\"noreferrer noopener\"><span>Vyhl\u00e1\u0161ka federac\u00ed Ryska o datu 1. z\u00e1\u0159\u00ed 2021 \u010d. 2419-r<\/span><\/a><br \/>\n<a href=\"http:\/\/pharos.stiftelsen-pharos.org\/ukraine-the-trigger-to-a-new-energy-order\/#_ftnref20\"><sup><span>[20]<\/span><\/sup><\/a><span>\u00a0Sv\u011btov\u00e9 ekonomick\u00e9 f\u00f3rum (2021), \u201e<\/span><a href=\"https:\/\/www.weforum.org\/press\/2021\/10\/russia-joins-centre-for-the-fourth-industrial-revolution-network\/\" target=\"_blank\" rel=\"noreferrer noopener\"><span>\u00a0Rusko se p\u0159ipojuje k centru pro S\u00ed\u0165 \u010dtvrt\u00e9 pr\u016fmyslov\u00e9 revoluce<\/span><\/a><span>\u00a0\u201c, Tiskov\u00e1 zpr\u00e1va z 13. \u0159\u00edjna 2021,<\/span><br \/>\n<a href=\"http:\/\/pharos.stiftelsen-pharos.org\/ukraine-the-trigger-to-a-new-energy-order\/#_ftnref21\"><sup><span>[21]<\/span><\/sup><\/a><span>\u00a0Sv\u011btov\u00e9 ekonomick\u00e9 f\u00f3rum (2022), \u201e<\/span><a href=\"https:\/\/intelligence.weforum.org\/topics\/a1Gb0000000M77BEAS\/key-issues\/a1Gb00000015R4sEAE\" target=\"_blank\" rel=\"noreferrer noopener\"><span>\u00a0Strategick\u00e9 zpravodajstv\u00ed, Rusk\u00e1 federace: Glob\u00e1ln\u00ed pozice Ruska<\/span><\/a><span>\u00a0\u201c<\/span><br \/>\n<a href=\"http:\/\/pharos.stiftelsen-pharos.org\/ukraine-the-trigger-to-a-new-energy-order\/#_ftnref22\"><sup><span>[22]<\/span><\/sup><\/a><span>\u00a0Sv\u011btov\u00e9 ekonomick\u00e9 f\u00f3rum (2022), \u201e<\/span><a href=\"https:\/\/intelligence.weforum.org\/topics\/a1Gb0000000LHMsEAO\/key-issues\/a1Gb00000015QLkEAM\" target=\"_blank\" rel=\"noreferrer noopener\"><span>\u00a0Evropsk\u00e1 unie: EU Geopolitick\u00e9 z\u00fa\u010dtov\u00e1n\u00ed<\/span><\/a><span>\u00a0\u201c<\/span><br \/>\n<a href=\"http:\/\/pharos.stiftelsen-pharos.org\/ukraine-the-trigger-to-a-new-energy-order\/#_ftnref23\"><sup><span>[23]<\/span><\/sup><\/a><span>Autory prvn\u00edho cit\u00e1tu jsou p\u0159edn\u00ed rusk\u00e1 univerzita Moskevsk\u00e1 st\u00e1tn\u00ed univerzita, zat\u00edmco druh\u00fd je ze School of Transnational Governance p\u0159i Evropsk\u00e9m univerzitn\u00edm institutu.\u00a0Vedeni b\u00fdval\u00fdm finsk\u00fdm premi\u00e9rem Alexandrem Stubbem, tito \u0161kol\u00ed nadn\u00e1rodn\u00ed v\u016fdce, kte\u0159\u00ed jsou podporov\u00e1ni mezin\u00e1rodn\u00edmi institucemi, jako je EU a OSN.\u00a0<\/span><a href=\"https:\/\/www.eui.eu\/en\/academic-units\/school-of-transnational-governance\"><span>https:\/\/www.eui.eu\/en\/academic-units\/school-of-transnational-governance<\/span><\/a><br \/>\n<a href=\"http:\/\/pharos.stiftelsen-pharos.org\/ukraine-the-trigger-to-a-new-energy-order\/#_ftnref24\"><sup><span>[24]<\/span><\/sup><\/a><span>\u00a0G20, Indon\u00e9sk\u00e9 p\u0159edsednictv\u00ed (2022),\u00a0<\/span><a href=\"https:\/\/g20.org\/g20-presidency-of-indonesia\/#priorities\" target=\"_blank\" rel=\"noreferrer noopener\"><span>Prioritn\u00ed ot\u00e1zky<\/span><\/a><\/p>\n<\/div>\n<\/div>\n<div class=\"elementor-element elementor-element-8c57238 quelle dc-has-condition dc-condition-empty elementor-widget elementor-widget-heading\" data-id=\"8c57238\" data-element_type=\"widget\" data-widget_type=\"heading.default\">\n<div class=\"elementor-widget-container\">\n<h3 class=\"elementor-heading-title elementor-size-default\"><span style=\"font-size: 8pt;\"><a href=\"http:\/\/pharos.stiftelsen-pharos.org\/ukraine-the-trigger-to-a-new-energy-order\/\" target=\"_blank\" rel=\"nofollow noopener\">ZDROJ: UKRAJINA \u2013 SPOU\u0160T\u011a\u010c NOV\u00c9HO ENERGETICK\u00c9HO \u0158\u00c1DU?<\/a><\/span><\/h3>\n<p>&nbsp;<\/p>\n<\/div>\n<\/div>\n","protected":false},"excerpt":{"rendered":"<p>V\u00e1lka na Ukrajin\u011b by mohla m\u00edt mnohem v\u011bt\u0161\u00ed v\u00fdznam, ne\u017e jak jej vykresluj\u00ed m\u00e9dia.\u00a0Hra je&#8230;<\/p>\n","protected":false},"author":2,"featured_media":8905,"comment_status":"closed","ping_status":"closed","sticky":false,"template":"","format":"standard","meta":[],"categories":[7],"tags":[1042,285,371,276,26,613],"_links":{"self":[{"href":"https:\/\/www.infokuryr.cz\/n\/wp-json\/wp\/v2\/posts\/8904"}],"collection":[{"href":"https:\/\/www.infokuryr.cz\/n\/wp-json\/wp\/v2\/posts"}],"about":[{"href":"https:\/\/www.infokuryr.cz\/n\/wp-json\/wp\/v2\/types\/post"}],"author":[{"embeddable":true,"href":"https:\/\/www.infokuryr.cz\/n\/wp-json\/wp\/v2\/users\/2"}],"replies":[{"embeddable":true,"href":"https:\/\/www.infokuryr.cz\/n\/wp-json\/wp\/v2\/comments?post=8904"}],"version-history":[{"count":0,"href":"https:\/\/www.infokuryr.cz\/n\/wp-json\/wp\/v2\/posts\/8904\/revisions"}],"wp:featuredmedia":[{"embeddable":true,"href":"https:\/\/www.infokuryr.cz\/n\/wp-json\/wp\/v2\/media\/8905"}],"wp:attachment":[{"href":"https:\/\/www.infokuryr.cz\/n\/wp-json\/wp\/v2\/media?parent=8904"}],"wp:term":[{"taxonomy":"category","embeddable":true,"href":"https:\/\/www.infokuryr.cz\/n\/wp-json\/wp\/v2\/categories?post=8904"},{"taxonomy":"post_tag","embeddable":true,"href":"https:\/\/www.infokuryr.cz\/n\/wp-json\/wp\/v2\/tags?post=8904"}],"curies":[{"name":"wp","href":"https:\/\/api.w.org\/{rel}","templated":true}]}}