{"id":89032,"date":"2025-10-02T06:01:11","date_gmt":"2025-10-02T04:01:11","guid":{"rendered":"https:\/\/www.infokuryr.cz\/n\/?p=89032"},"modified":"2025-10-02T06:01:11","modified_gmt":"2025-10-02T04:01:11","slug":"kolumbie-vyhosti-vsechny-izraelske-diplomaty","status":"publish","type":"post","link":"https:\/\/www.infokuryr.cz\/n\/2025\/10\/02\/kolumbie-vyhosti-vsechny-izraelske-diplomaty\/","title":{"rendered":"Kolumbie vyhost\u00ed v\u0161echny izraelsk\u00e9 diplomaty"},"content":{"rendered":"<div id=\"fb-root\"><\/div>\n<h3>Prezident Gustavo Petro ozn\u00e1mil toto opat\u0159en\u00ed po zabaven\u00ed flotily v Gaze<\/h3>\n<p data-start=\"102\" data-end=\"359\"><span dir=\"auto\">Kolumbijsk\u00fd prezident Gustavo Petro ozn\u00e1mil vyho\u0161t\u011bn\u00ed v\u0161ech zb\u00fdvaj\u00edc\u00edch izraelsk\u00fdch diplomat\u016f po zadr\u017een\u00ed flotily v Gaze izraelsk\u00fdm n\u00e1mo\u0159nictvem.<\/span><\/p>\n<p data-start=\"530\" data-end=\"656\"><span dir=\"auto\">Petrova kancel\u00e1\u0159 uvedla, \u017ee mezi osobami na zabaven\u00fdch lod\u00edch byli dva kolumbij\u0161t\u00ed st\u00e1tn\u00ed p\u0159\u00edslu\u0161n\u00edci, a po\u017eaduje jejich okam\u017eit\u00e9 propu\u0161t\u011bn\u00ed.<\/span><\/p>\n<p data-start=\"658\" data-end=\"850\"><span dir=\"auto\">Kolumbijci se\u00a0<\/span><em><span dir=\"auto\">\u201ezapojili do humanit\u00e1rn\u00edch aktivit na znak solidarity s Palestinou,\u201c<\/span><\/em><span dir=\"auto\">\u00a0napsal Petro ve st\u0159edu na serveru X a dodal, \u017ee byla pozastavena i dohoda o voln\u00e9m obchodu s Izraelem.<\/span><\/p>\n<p data-start=\"852\" data-end=\"1208\"><span dir=\"auto\">Flotila, kter\u00e1 minul\u00fd m\u011bs\u00edc vyplula ze \u0160pan\u011blska, vezla aktivisty z v\u00edce ne\u017e 40 zem\u00ed, v\u010detn\u011b \u0161v\u00e9dsk\u00e9 klimatick\u00e9 aktivistky Grety Thunbergov\u00e9, kter\u00e1 byla mezi zadr\u017een\u00fdmi pot\u00e9, co Izrael ve st\u0159edu ve\u010der zadr\u017eel n\u011bkolik lod\u00ed.<\/span><\/p>\n<p data-start=\"852\" data-end=\"1208\"><span dir=\"auto\">Izrael\u0161t\u00ed p\u0159edstavitel\u00e9 ozna\u010dili flotilu za\u00a0<\/span><em><span dir=\"auto\">\u201eprovokaci\u201c,<\/span><\/em><span dir=\"auto\">\u00a0jej\u00edm\u017e c\u00edlem nebylo poskytov\u00e1n\u00ed pomoci, ale podpora Ham\u00e1su.<\/span><\/p>\n<p data-start=\"1210\" data-end=\"1300\"><span dir=\"auto\">Operace vyvolala mezin\u00e1rodn\u00ed odsouzen\u00ed a protesty v n\u011bkolika zem\u00edch.<\/span><\/p>\n<p data-start=\"1210\" data-end=\"1300\"><span dir=\"auto\">Minul\u00fd t\u00fdden USA Petrovi odebraly v\u00edzum pot\u00e9, co vyzval americk\u00e9 voj\u00e1ky k\u00a0<\/span><em><span dir=\"auto\">\u201eneuposlechnut\u00ed\u201c<\/span><\/em><span dir=\"auto\">\u00a0rozkaz\u016f prezidenta Donalda Trumpa. Pronesl to b\u011bhem zased\u00e1n\u00ed Valn\u00e9ho shrom\u00e1\u017ed\u011bn\u00ed OSN v New Yorku.<\/span><\/p>\n<p data-start=\"1210\" data-end=\"1300\"><img decoding=\"async\" loading=\"lazy\" class=\"alignnone size-full wp-image-1185\" src=\"http:\/\/www.infokuryr.cz\/n\/wp-content\/uploads\/2021\/04\/kuryr-podpis.png\" alt=\"\" width=\"84\" height=\"24\" \/><\/p>\n<p data-start=\"1210\" data-end=\"1300\"><img decoding=\"async\" loading=\"lazy\" class=\"wp-image-86739 aligncenter\" src=\"http:\/\/www.infokuryr.cz\/n\/wp-content\/uploads\/2025\/08\/volby-program-211x300.png\" alt=\"\" width=\"736\" height=\"1046\" srcset=\"https:\/\/www.infokuryr.cz\/n\/wp-content\/uploads\/2025\/08\/volby-program-211x300.png 211w, https:\/\/www.infokuryr.cz\/n\/wp-content\/uploads\/2025\/08\/volby-program-721x1024.png 721w, https:\/\/www.infokuryr.cz\/n\/wp-content\/uploads\/2025\/08\/volby-program-768x1091.png 768w, https:\/\/www.infokuryr.cz\/n\/wp-content\/uploads\/2025\/08\/volby-program-1081x1536.png 1081w, https:\/\/www.infokuryr.cz\/n\/wp-content\/uploads\/2025\/08\/volby-program-1442x2048.png 1442w, https:\/\/www.infokuryr.cz\/n\/wp-content\/uploads\/2025\/08\/volby-program-1024x1455.png 1024w\" sizes=\"(max-width: 736px) 100vw, 736px\" \/><\/p>\n","protected":false},"excerpt":{"rendered":"<p>Prezident Gustavo Petro ozn\u00e1mil toto opat\u0159en\u00ed po zabaven\u00ed flotily v Gaze Kolumbijsk\u00fd prezident Gustavo Petro&#8230;<\/p>\n","protected":false},"author":2,"featured_media":89033,"comment_status":"closed","ping_status":"closed","sticky":false,"template":"","format":"standard","meta":[],"categories":[7],"tags":[1375,107,5377,2283],"_links":{"self":[{"href":"https:\/\/www.infokuryr.cz\/n\/wp-json\/wp\/v2\/posts\/89032"}],"collection":[{"href":"https:\/\/www.infokuryr.cz\/n\/wp-json\/wp\/v2\/posts"}],"about":[{"href":"https:\/\/www.infokuryr.cz\/n\/wp-json\/wp\/v2\/types\/post"}],"author":[{"embeddable":true,"href":"https:\/\/www.infokuryr.cz\/n\/wp-json\/wp\/v2\/users\/2"}],"replies":[{"embeddable":true,"href":"https:\/\/www.infokuryr.cz\/n\/wp-json\/wp\/v2\/comments?post=89032"}],"version-history":[{"count":0,"href":"https:\/\/www.infokuryr.cz\/n\/wp-json\/wp\/v2\/posts\/89032\/revisions"}],"wp:featuredmedia":[{"embeddable":true,"href":"https:\/\/www.infokuryr.cz\/n\/wp-json\/wp\/v2\/media\/89033"}],"wp:attachment":[{"href":"https:\/\/www.infokuryr.cz\/n\/wp-json\/wp\/v2\/media?parent=89032"}],"wp:term":[{"taxonomy":"category","embeddable":true,"href":"https:\/\/www.infokuryr.cz\/n\/wp-json\/wp\/v2\/categories?post=89032"},{"taxonomy":"post_tag","embeddable":true,"href":"https:\/\/www.infokuryr.cz\/n\/wp-json\/wp\/v2\/tags?post=89032"}],"curies":[{"name":"wp","href":"https:\/\/api.w.org\/{rel}","templated":true}]}}