{"id":89020,"date":"2025-10-02T05:37:36","date_gmt":"2025-10-02T03:37:36","guid":{"rendered":"https:\/\/www.infokuryr.cz\/n\/?p=89020"},"modified":"2025-10-02T05:37:36","modified_gmt":"2025-10-02T03:37:36","slug":"viktor-orban-prohlasil-ze-ukrajina-v-eu-nebude-protoze-madari-si-to-odhlasovali-v-referendu","status":"publish","type":"post","link":"https:\/\/www.infokuryr.cz\/n\/2025\/10\/02\/viktor-orban-prohlasil-ze-ukrajina-v-eu-nebude-protoze-madari-si-to-odhlasovali-v-referendu\/","title":{"rendered":"Viktor Orb\u00e1n prohl\u00e1sil, \u017ee Ukrajina v EU nebude, proto\u017ee Ma\u010fa\u0159i si to odhlasovali v referendu!"},"content":{"rendered":"<div id=\"fb-root\"><\/div>\n<h4>Viktor Orb\u00e1n prohl\u00e1sil, \u017ee Ukrajina v EU nebude, proto\u017ee Ma\u010fa\u0159i si to odhlasovali v referendu! Nam\u00edsto toho je nab\u00edzeno Ukrajin\u011b strategick\u00e9 partnerstv\u00ed. Sch\u016fzka \u0161pi\u010dek zem\u00ed EU v Kodani odhalila, \u017ee nov\u00fd 7-let\u00fd rozpo\u010det Evropsk\u00e9 unie je v\u00edce vy\u010dlen\u011bn\u00fd na pomoc Ukrajin\u011b ne\u017e na pomoc 27 zem\u00edm unie! Podle v\u0161eho jde o pl\u00e1n na Evropskou arm\u00e1du pod ukrajinsk\u00fdm velen\u00edm!<\/h4>\n<p>Ve st\u00ednu p\u0159edvolebn\u00edch debat a medi\u00e1ln\u00edho \u0161\u00edlenstv\u00ed v \u010cR prob\u011bhlo ve st\u0159edu v Kodani velk\u00e9 a kl\u00ed\u010dov\u00e9 setk\u00e1n\u00ed \u0161pi\u010dek EU a vrcholn\u00fdch p\u0159edstavitel\u016f sedmadvac\u00edtky, kde se \u0159e\u0161il nov\u00fd rozpo\u010det Evropsk\u00e9 unie na p\u0159\u00ed\u0161t\u00ed sedmiletku, proto\u017ee na rozd\u00edl od Sov\u011btsk\u00e9ho svazu a zem\u00ed RVHP jede bruselsk\u00e1 byrokracie m\u00edsto p\u011btiletek na sedmiletky.<\/p>\n<p>A vedle schvalov\u00e1n\u00ed rozpo\u010dtu se m\u011blo jednat o tzv. urychlen\u00ed p\u0159ijet\u00ed Ukrajiny a rovn\u011b\u017e Mold\u00e1vie do EU, a to z bezpe\u010dnostn\u00edch z\u00e1jm\u016f Bruselu. Mnoho politik\u016f v Evrop\u011b je zd\u011b\u0161eno, \u017ee EU se pomalu a postupn\u011b m\u011bn\u00ed z hospod\u00e1\u0159sk\u00e9 organizace na bezpe\u010dnostn\u00ed a vojenskou unii. Ma\u010farsko p\u0159itom vstup Ukrajiny zablokovalo.<\/p>\n<p>&nbsp;<\/p>\n<div id=\"rumble_v6xjt6e\">\n<div id=\"vid_v6xjt6e\" class=\"rumble_v6xjt6e-Rumble-cls\" tabindex=\"-1\"><div class='videoWrapper'>\r\n\t            <iframe src='https:\/\/rumble.com\/embed\/pj.v6xjt6e\/' frameborder='0' allowfullscreen><\/iframe>\r\n\t        <\/div><\/div>\n<\/div>\n<p>&nbsp;<\/p>\n<p>Jak zopakoval na tiskovce v Kodani s\u00e1m Viktor Orb\u00e1n, ma\u010far\u0161t\u00ed ob\u010dan\u00e9 vstup Ukrajiny do EU odm\u00edtli v ned\u00e1vn\u00e9m referendu, kter\u00e9 je pro ma\u010farskou vl\u00e1du z\u00e1vazn\u00e9. Budape\u0161\u0165 tak nedovol\u00ed p\u0159ijet\u00ed Ukrajiny do EU,\u00a0 ale nab\u00edz\u00ed j\u00ed tzv. strategick\u00e9 partnerstv\u00ed, a to ve smyslu zv\u00fdhodn\u011bn\u00fdch obchodn\u00edch vztah\u016f, voln\u011bj\u0161\u00ed pohyb ob\u010dan\u016f, m\u00e9n\u011b celn\u00edch bari\u00e9r atd.\u00a0<strong>Jen\u017ee, pro Kyjev a i pro Brusel je n\u011bco takov\u00e9ho nep\u0159ijateln\u00e9, proto\u017ee Brusel pot\u0159ebuje Ukrajinu za pln\u00e9ho \u010dlena jako\u00a0n\u00e1stupn\u00ed platformu pro vznik Evropsk\u00e9 arm\u00e1dy<\/strong>, jej\u00edm\u017e j\u00e1drem bude ukrajinsk\u00e1 a zhruba milionov\u00e1 arm\u00e1da. Po Rusku druh\u00e1 nejv\u011bt\u0161\u00ed v Evrop\u011b.<\/p>\n<h3>Ma\u010farsk\u00fd ministr zahrani\u010d\u00ed odhalil, \u017ee evropsk\u00e1 sedmiletka m\u00e1 v pl\u00e1nu financovat celou Ukrajinu i s jej\u00ed arm\u00e1dou<\/h3>\n<p>Podle prohl\u00e1\u0161en\u00ed ministerstva zahrani\u010d\u00ed Ma\u010farska ministr P\u00e9ter Szijj\u00e1rt\u00f3 vystoupil\u00a0<strong>[<a href=\"https:\/\/href.li\/?https:\/\/abouthungary.hu\/news-in-brief\/fm-szijjarto-brussels-wants-to-fund-ukraine-instead-of-solving-europes-problems\" target=\"_blank\" rel=\"nofollow noopener\">1<\/a>]<\/strong>\u00a0p\u0159ed neform\u00e1ln\u00edm summitem EU v Kodani a zd\u016fraznil, \u017ee bezpe\u010dnostn\u00ed a hospod\u00e1\u0159sk\u00e1 situace Evropy se v\u00e1\u017en\u011b zhor\u0161ila v d\u016fsledku chybn\u00fdch rozhodnut\u00ed v Bruselu. \u201c<em>Brusel se p\u0159ipravuje na v\u00e1lku a chce, aby za to Evropan\u00e9, v\u010detn\u011b Ma\u010far\u016f, zaplatili. Navrhovan\u00fd rozpo\u010det na p\u0159\u00ed\u0161t\u00edch sedm let se mnohem v\u00edce t\u00fdk\u00e1 Ukrajiny ne\u017e samotn\u00e9 Evropsk\u00e9 uni<\/em>e,\u201d \u0159ekl Szijj\u00e1rt\u00f3.<\/p>\n<p>N\u00e1vrh pl\u00e1nu ozna\u010dil za \u201c<em>ukrajinsk\u00fd rozpo\u010det<\/em>\u201c, kter\u00fd se zam\u011b\u0159uje na vyzbrojen\u00ed zem\u011b a udr\u017een\u00ed jej\u00edho fungov\u00e1n\u00ed, zat\u00edmco zanedb\u00e1v\u00e1 nal\u00e9hav\u00e9 pot\u0159eby Evropy. M\u00edsto toho by se podle n\u011bj m\u011bl Brusel zab\u00fdvat poklesem konkurenceschopnosti, zaji\u0161t\u011bn\u00edm dod\u00e1vek energie a obnovou z\u00e1klad\u016f evropsk\u00e9ho r\u016fstu.<\/p>\n<figure id=\"attachment_59738\" class=\"wp-caption aligncenter\" style=\"width: 711px;\"><a href=\"https:\/\/aeronet.news\/wp-content\/uploads\/peter-szijjarto-FM.jpg\"><img decoding=\"async\" loading=\"lazy\" class=\"wp-image-59738 \" src=\"https:\/\/aeronet.news\/wp-content\/uploads\/peter-szijjarto-FM-1024x576.jpg\" sizes=\"(max-width: 700px) 100vw, 700px\" srcset=\"https:\/\/aeronet.news\/wp-content\/uploads\/peter-szijjarto-FM-1024x576.jpg 1024w, https:\/\/aeronet.news\/wp-content\/uploads\/peter-szijjarto-FM-300x169.jpg 300w, https:\/\/aeronet.news\/wp-content\/uploads\/peter-szijjarto-FM-768x432.jpg 768w, https:\/\/aeronet.news\/wp-content\/uploads\/peter-szijjarto-FM-700x394.jpg 700w, https:\/\/aeronet.news\/wp-content\/uploads\/peter-szijjarto-FM-635x357.jpg 635w, https:\/\/aeronet.news\/wp-content\/uploads\/peter-szijjarto-FM-859x483.jpg 859w, https:\/\/aeronet.news\/wp-content\/uploads\/peter-szijjarto-FM.jpg 1280w\" alt=\"\" width=\"711\" height=\"400\" \/><\/a><figcaption class=\"wp-caption-text\">P\u00e9ter Szijj\u00e1rt\u00f3, ministr zahrani\u010d\u00ed Ma\u010farska<\/figcaption><\/figure>\n<p>\u201c<em>Ale m\u00edsto toho chce Evropsk\u00e1 komise poslat pen\u00edze evropsk\u00fdch da\u0148ov\u00fdch poplatn\u00edk\u016f \u2013 v\u010detn\u011b ma\u010farsk\u00fdch \u2013 na Ukrajinu, aby financovala ukrajinsk\u00fd st\u00e1t a arm\u00e1du<\/em>,\u201d varoval ministr. Zd\u016fraznil, \u017ee Ma\u010farsko odm\u00edt\u00e1, aby pen\u00edze jeho ob\u010dan\u016f byly pou\u017eity na v\u00e1le\u010dn\u00e9 \u00fasil\u00ed.\u00a0<strong>\u201c<em>Nechceme, aby pen\u00edze ma\u010farsk\u00fdch da\u0148ov\u00fdch poplatn\u00edk\u016f byly pos\u00edl\u00e1ny na Ukrajinu, nechceme, aby byly vynakl\u00e1d\u00e1ny na v\u00e1lku, a nechceme, aby z nich bylo hrazeno vyzbrojov\u00e1n\u00ed a provoz ukrajinsk\u00e9 arm\u00e1dy<\/em>,\u201d<\/strong>\u00a0prohl\u00e1sil Szijj\u00e1rt\u00f3.<\/p>\n<p>Ministr dosp\u011bl k z\u00e1v\u011bru, \u017ee EU m\u016f\u017ee zm\u011bnit sv\u016fj kurz pouze tehdy, pokud v Bruselu dojde k \u201c<em>vlasteneck\u00e9mu posunu<\/em>\u201c. \u201c<em>Do t\u00e9 doby bude Brusel i nad\u00e1le zast\u00e1vat pro-v\u00e1le\u010dnou, pro-migra\u010dn\u00ed a pro-genderovou politiku. Ale my nechceme v\u00e1lku, nechceme migraci, nechceme genderov\u00e9 \u0161\u00edlenstv\u00ed a nechceme, aby pen\u00edze Ma\u010far\u016f odt\u00e9kaly na Ukrajinu,<\/em>\u201d \u0159ekl.<\/p>\n<h3>Obrovsk\u00e1 snaha o p\u0159ijet\u00ed Ukrajiny do EU je z\u0159ejm\u011b motivov\u00e1na pl\u00e1ny na vznik Evropsk\u00e9 arm\u00e1dy veden\u00e9 ukrajinskou arm\u00e1dou a pod velen\u00edm ukrajinsk\u00fdch gener\u00e1l\u016f<\/h3>\n<p>Bez Ukrajiny nelze vznik Evropsk\u00e9 arm\u00e1dy v\u016fbec realizovat. To ukazuj\u00ed zoufal\u00e9 stavy evropsk\u00fdch kabaretn\u00edch arm\u00e1d, kter\u00e9 nep\u0159edstavuj\u00ed bez USA v\u016fbec nic, pouze komedii. A nen\u00ed to efekt posledn\u00ed doby v d\u016fsledku v\u00e1lky na Ukrajin\u011b. Je to efekt vytvo\u0159en\u00fd od samotn\u00e9ho po\u010d\u00e1tku NATO. Americk\u00e1 arm\u00e1da m\u011bla \u00falohu \u00fadern\u00e9 s\u00edly, kter\u00e1 povede ve\u0161ker\u00e9 hlavn\u00ed boje proti Var\u0161avsk\u00e9 smlouv\u011b.<\/p>\n<p>Zat\u00edmco ostatn\u00ed z\u00e1padn\u00ed st\u00e1ty a jejich arm\u00e1dy m\u011bly \u00falohu staf\u00e1\u017ee a f\u00edkov\u00e9ho list\u00ed. Up\u0159\u00edmn\u011b \u0159e\u010deno, tot\u00e9\u017e platilo o vztahu sov\u011btsk\u00e9 arm\u00e1dy s ostatn\u00edmi arm\u00e1dami Var\u0161avsk\u00e9 smlouvy. P\u0159edstava, \u017ee by Var\u0161avsk\u00e1 smlouva mohla bojovat proti USA bez asistence Sov\u011btsk\u00e9 arm\u00e1dy, byla naprosto a tot\u00e1ln\u011b mimo st\u016fl. Na to prost\u011b ostatn\u00ed st\u00e1ty VS nem\u011bly kapacity, sbory, v\u00fdzbroj a hlavn\u011b ani velen\u00ed. A to byla tehdy ta vojska VS v daleko lep\u0161\u00ed form\u011b, ne\u017e ve kter\u00e9 jsou dnes arm\u00e1dy z\u00e1padn\u00edch st\u00e1t\u016f.<\/p>\n<figure id=\"attachment_63647\" class=\"wp-caption aligncenter\" style=\"width: 801px;\"><a href=\"https:\/\/aeronet.news\/wp-content\/uploads\/UrsulaVonDerLeyenNazi.jpg\"><img decoding=\"async\" loading=\"lazy\" class=\"wp-image-63647 \" src=\"https:\/\/aeronet.news\/wp-content\/uploads\/UrsulaVonDerLeyenNazi.jpg\" sizes=\"(max-width: 1280px) 100vw, 1280px\" srcset=\"https:\/\/aeronet.news\/wp-content\/uploads\/UrsulaVonDerLeyenNazi.jpg 1280w, https:\/\/aeronet.news\/wp-content\/uploads\/UrsulaVonDerLeyenNazi-300x195.jpg 300w, https:\/\/aeronet.news\/wp-content\/uploads\/UrsulaVonDerLeyenNazi-768x500.jpg 768w, https:\/\/aeronet.news\/wp-content\/uploads\/UrsulaVonDerLeyenNazi-1024x667.jpg 1024w, https:\/\/aeronet.news\/wp-content\/uploads\/UrsulaVonDerLeyenNazi-700x456.jpg 700w, https:\/\/aeronet.news\/wp-content\/uploads\/UrsulaVonDerLeyenNazi-100x65.jpg 100w, https:\/\/aeronet.news\/wp-content\/uploads\/UrsulaVonDerLeyenNazi-548x357.jpg 548w, https:\/\/aeronet.news\/wp-content\/uploads\/UrsulaVonDerLeyenNazi-741x483.jpg 741w\" alt=\"\" width=\"801\" height=\"522\" \/><\/a><figcaption class=\"wp-caption-text\">EU se m\u00e1 v nov\u00e9 sedmiletce prom\u011bnit na euronacistickou vojenskou alianci s vlastn\u00ed arm\u00e1dou s bojov\u00fdm j\u00e1drem ukrajinsk\u00e9 arm\u00e1dy a jej\u00edch gener\u00e1l\u016f<\/figcaption><\/figure>\n<p>Jen\u017ee ve stejn\u00e9 situaci je te\u010f NATO v Evrop\u011b. Bez USA se jedn\u00e1 o kabaretn\u00ed sbor a Kreml to v\u00ed moc dob\u0159e. Bez ochoty americk\u00e9 arm\u00e1dy pokl\u00e1dat \u017eivoty americk\u00fdch voj\u00e1k\u016f v Evrop\u011b proti Rusku je jak\u00e9koliv \u00fasil\u00ed NATO o bojov\u00e9 operace odsouzeno k nezdaru.\u00a0<strong>Proto p\u0159i\u0161el v Kodani na sv\u011btlo ten pl\u00e1n, \u017ee n\u00e1sleduj\u00edc\u00ed sedmiletka EU se pojede v modelu placen\u00ed Ukrajiny a jej\u00ed arm\u00e1dy,\u00a0\u010d\u00edm\u017e si EU ukrajinskou arm\u00e1du de facto koup\u00ed!<\/strong>\u00a0Ch\u00e1pete?<\/p>\n<p>To je ten pl\u00e1n. A Kyjev s t\u00edm de facto spokojen\u011b souhlas\u00ed. Ukrajinsk\u00e1 arm\u00e1da se m\u00e1 st\u00e1t t\u00edm, \u010d\u00edm u\u017e nechce v Evrop\u011b b\u00fdt americk\u00e1 arm\u00e1da, tedy bojovou p\u00e1te\u0159\u00ed evropsk\u00fdch st\u00e1t\u016f. Jadern\u00e9 zbran\u011b t\u00e9to Evropsk\u00e9 arm\u00e1d\u011b zajist\u00ed Francie a v p\u0159\u00edpad\u011b pot\u0159eby Velk\u00e1 Brit\u00e1nie.<\/p>\n<h3>NATO je mrtv\u00e9 a odepsan\u00e9 vzhledem k demisi USA a k trval\u00e9 neochot\u011b Ameri\u010dan\u016f j\u00edt do p\u0159\u00edm\u00e9 v\u00e1lky s Ruskem<\/h3>\n<p>Je to zkr\u00e1tka pl\u00e1n Bruselu, jak se vymanit ze z\u00e1vislosti na americk\u00e9m Pentagonu, kter\u00fd je nespolehliv\u00fd v ot\u00e1zce ochoty j\u00edt do v\u00e1lky proti Rusku. Proto\u017ee toto nen\u00ed probl\u00e9m Trumpa a jeho vl\u00e1dy. To byl probl\u00e9m i Joea Bidena a jeho vl\u00e1dy, proto\u017ee ani oni necht\u011bli americkou arm\u00e1du zat\u00e1hnout do p\u0159\u00edm\u00e9ho st\u0159etu s Ruskem. Z tohoto d\u016fvodu tedy Lond\u00fdn a jeho nosat\u00ed klobou\u010dn\u00edci pochopili, \u017ee americk\u00e1 arm\u00e1da je odepsan\u00e1 pro pot\u0159eby v\u00e1lky s Ruskem.<\/p>\n<p>Proto te\u010f v Americe prob\u00edhaj\u00ed kabaretn\u00ed sc\u00e9ny s ministrem obrany, kter\u00fd pob\u00edh\u00e1 po p\u00f3diu jako na tripu a \u0159ve na 800 gener\u00e1l\u016f a admir\u00e1l\u016f, \u017ee jsou tlust\u00ed a nezvl\u00e1daj\u00ed PT fyzick\u00e9 testy. To je ten d\u016fsledek. A proto Lond\u00fdn zavelel k pl\u00e1nu B \u2013 ke vzniku Evropsk\u00e9 arm\u00e1dy veden\u00e9 ukrajinskou arm\u00e1dou a velen\u00e9 ukrajinsk\u00fdmi gener\u00e1ly, z nich\u017e ten nejvy\u0161\u0161\u00ed u\u017e je n\u011bjak\u00fd \u010das \u0161kolen\u00fd u klobou\u010dn\u00edk\u016f v Lond\u00fdn\u011b jako ukrajinsk\u00fd velvyslanec \u2013 gener\u00e1l a b\u00fdval\u00fd vrchn\u00ed velitel ukrajinsk\u00e9 arm\u00e1dy Valerij Zalu\u017en\u00fd.<\/p>\n<figure id=\"attachment_63646\" class=\"wp-caption aligncenter\" style=\"width: 707px;\"><a href=\"https:\/\/aeronet.news\/wp-content\/uploads\/ZaluzhnyRUSI_Panel.jpg\"><img decoding=\"async\" loading=\"lazy\" class=\"wp-image-63646 \" src=\"https:\/\/aeronet.news\/wp-content\/uploads\/ZaluzhnyRUSI_Panel-1024x576.jpg\" sizes=\"(max-width: 700px) 100vw, 700px\" srcset=\"https:\/\/aeronet.news\/wp-content\/uploads\/ZaluzhnyRUSI_Panel-1024x576.jpg 1024w, https:\/\/aeronet.news\/wp-content\/uploads\/ZaluzhnyRUSI_Panel-300x169.jpg 300w, https:\/\/aeronet.news\/wp-content\/uploads\/ZaluzhnyRUSI_Panel-768x432.jpg 768w, https:\/\/aeronet.news\/wp-content\/uploads\/ZaluzhnyRUSI_Panel-700x394.jpg 700w, https:\/\/aeronet.news\/wp-content\/uploads\/ZaluzhnyRUSI_Panel-635x357.jpg 635w, https:\/\/aeronet.news\/wp-content\/uploads\/ZaluzhnyRUSI_Panel-859x483.jpg 859w, https:\/\/aeronet.news\/wp-content\/uploads\/ZaluzhnyRUSI_Panel.jpg 1280w\" alt=\"\" width=\"707\" height=\"398\" \/><\/a><figcaption class=\"wp-caption-text\">Zalu\u017en\u00e9ho tahaj\u00ed Britov\u00e9 po ostrovech jako cirkusov\u00e9 \u010d\u00edslo, ale ve skute\u010dnosti je to p\u0159\u00edprava na jeho funkci Nejvy\u0161\u0161\u00edho velitele Evropsk\u00e9 arm\u00e1dy<\/figcaption><\/figure>\n<p><strong>Te\u010f ho chystaj\u00ed do dvou funkc\u00ed \u2013 do funkce prezidenta Ukrajiny, ale i do funkce nejvy\u0161\u0161\u00edho velitele Evropsk\u00e9 arm\u00e1dy.<\/strong>\u00a0To je p\u0159esn\u011b ten d\u016fvod, pro\u010d maj\u00ed Zalu\u017en\u00e9ho v Lond\u00fdn\u011b a voz\u00ed ho po p\u0159edn\u00e1\u0161k\u00e1ch, ale i po britsk\u00fdch vojensk\u00fdch skladech, leti\u0161t\u00edch a z\u00e1kladn\u00e1ch, kde mu ukazuj\u00ed zbran\u011b, struktury velen\u00ed a rovn\u011b\u017e sklady s britsk\u00fdmi jadern\u00fdmi hlavicemi.<\/p>\n<p>Tohle je p\u0159\u00edprava na jeho budouc\u00ed roli nejvy\u0161\u0161\u00edho velitele Evropsk\u00e9 arm\u00e1dy, jej\u00ed\u017e z\u00e1kladn\u00ed \u00fadernou silou bude restrukturalizovan\u00e1 ukrajinsk\u00e1 arm\u00e1da v budoucnu. Ne to torzo, kter\u00e9 po n\u00ed z\u016fstalo na Donbasu, kter\u00e9 te\u010f ohlod\u00e1vaj\u00ed bu\u010f my\u0161i, anebo rusk\u00e9 jednotky, kter\u00e9 tu oblast navrac\u00ed do n\u00e1ru\u010de Ruska. Jen\u017ee, m\u00e1 to h\u00e1\u010dek. Evropsk\u00e1 arm\u00e1da bude st\u00e1t obrovsk\u00e9 prachy.<\/p>\n<h3>Ukrajina nevstoup\u00ed do NATO, ale to nen\u00ed t\u0159eba, proto\u017ee EU se chce transformovat na vojenskou alianci<\/h3>\n<p>A ty se mus\u00ed n\u011bkde alokovat. A ta alokace se nach\u00e1z\u00ed v r\u00e1mci evropsk\u00e9 sedmiletky EU. Proto nastal ten \u0159ev z Ma\u010farska, \u017ee ten rozpo\u010det se v\u00edc t\u00fdk\u00e1 Ukrajiny a jej\u00ed arm\u00e1dy ne\u017e 27 zem\u00ed EU. Je to logick\u00e9, ten rozpo\u010det vymezuje prost\u0159edky na vytvo\u0159en\u00ed Evropsk\u00e9 arm\u00e1dy, kde ukrajinsk\u00e1 AFU bude tvo\u0159it novou bojovou p\u00e1te\u0159 m\u00edsto americk\u00fdch tlust\u00fdch gener\u00e1l\u016f.<\/p>\n<p><strong>A pr\u00e1v\u011b proto, aby to mohlo fungovat, aby ta arm\u00e1da EU mohla vzniknout, tak pr\u00e1v\u011b proto mus\u00ed b\u00fdt Ukrajina regul\u00e9rn\u00edm \u010dlenem EU.<\/strong>\u00a0To nejde vy\u0159e\u0161it strategick\u00fdm partnerstv\u00edm. Viktor Orb\u00e1n i ministr zahrani\u010d\u00ed P\u00e9ter Szijj\u00e1rt\u00f3 mus\u00ed v\u011bd\u011bt, pro\u010d Brusel tak moc chce Ukrajinu do EU. A pr\u00e1v\u011b proto se to sna\u017e\u00ed zablokovat. Proto\u017ee vznik Evropsk\u00e9 arm\u00e1dy pod veden\u00edm ukrajinsk\u00fdch gener\u00e1l\u016f by m\u011bl jenom jeden jedin\u00fd c\u00edl a \u00fakol \u2013 v\u00e1lku s Ruskem!<\/p>\n<figure id=\"attachment_61727\" class=\"wp-caption aligncenter\" style=\"width: 712px;\"><a href=\"https:\/\/aeronet.news\/wp-content\/uploads\/ZaluzhnyBootcampFeat.jpg\"><img decoding=\"async\" loading=\"lazy\" class=\"wp-image-61727 \" src=\"https:\/\/aeronet.news\/wp-content\/uploads\/ZaluzhnyBootcampFeat-1024x682.jpg\" sizes=\"(max-width: 700px) 100vw, 700px\" srcset=\"https:\/\/aeronet.news\/wp-content\/uploads\/ZaluzhnyBootcampFeat-1024x682.jpg 1024w, https:\/\/aeronet.news\/wp-content\/uploads\/ZaluzhnyBootcampFeat-300x200.jpg 300w, https:\/\/aeronet.news\/wp-content\/uploads\/ZaluzhnyBootcampFeat-768x512.jpg 768w, https:\/\/aeronet.news\/wp-content\/uploads\/ZaluzhnyBootcampFeat-700x466.jpg 700w, https:\/\/aeronet.news\/wp-content\/uploads\/ZaluzhnyBootcampFeat-536x357.jpg 536w, https:\/\/aeronet.news\/wp-content\/uploads\/ZaluzhnyBootcampFeat-725x483.jpg 725w, https:\/\/aeronet.news\/wp-content\/uploads\/ZaluzhnyBootcampFeat.jpg 1280w\" alt=\"\" width=\"712\" height=\"474\" \/><\/a><figcaption class=\"wp-caption-text\">Valerij Zalu\u017en\u00fd s ukrajinsk\u00fdmi voj\u00e1ky na cvi\u010di\u0161ti ve Velk\u00e9 Brit\u00e1nii<\/figcaption><\/figure>\n<p>Rozd\u00edl oproti dne\u0161ku by byl v tom, \u017ee toho ta\u017een\u00ed by se \u00fa\u010dastnila cel\u00e1 Evropa i s Ukrajinou pod vlajkou u\u017e ne NATO, ale pod vlajkou Evropsk\u00e9 unie. A bylo by to ta\u017een\u00ed op\u0159en\u00e9 o jadern\u00e9 zbran\u011b Francie a Velk\u00e9 Brit\u00e1nie. Hlavn\u00edm \u00fadern\u00fdm vojem by byla ukrajinsk\u00e1 arm\u00e1da a ostatn\u00ed zem\u011b EU by op\u011bt tvo\u0159ily f\u00edkov\u00e9 list\u00ed.<\/p>\n<p>I kdy\u017e s t\u00edm rozd\u00edlem, \u017ee to list\u00ed by kontrolovalo jadern\u00e9 zbran\u011b. Nen\u00ed t\u0159eba pochybovat o \u00famyslech euron\u00e1ck\u016f, kdy\u017e sedmilet\u00fd rozpo\u010det cht\u011bj\u00ed nasypat do ukrajinsk\u00e9 arm\u00e1dy. Prost\u011b si t\u00edm kupuj\u00ed nejen ukrajinskou arm\u00e1du, ale celou Ukrajinu. A zaplatit to m\u00e1 cel\u00e1 Evropsk\u00e1 unie, tedy ob\u010dan\u00e9 zem\u00ed EU. A jak tomu zabr\u00e1nit? Jedin\u011b vystoupen\u00edm z EU! Jin\u00e9 \u0159e\u0161en\u00ed nen\u00ed a nebude! A takov\u00e1 je realita 3 dny p\u0159ed volbami v \u010cR.<\/p>\n<p><a href=\"https:\/\/aeronet.news\/viktor-orban-prohlasil-ze-ukrajina-v-eu-nebude-protoze-madari-si-to-odhlasovali-v-referendu-namisto-toho-je-nabizeno-ukrajine-strategicke-partnerstvi-schuzka-spicek-zemi-eu-v-kodani-odhalila\/\">-VK-<\/a><\/p>\n<p><img decoding=\"async\" loading=\"lazy\" class=\"wp-image-86739 aligncenter\" src=\"http:\/\/www.infokuryr.cz\/n\/wp-content\/uploads\/2025\/08\/volby-program-211x300.png\" alt=\"\" width=\"775\" height=\"1102\" srcset=\"https:\/\/www.infokuryr.cz\/n\/wp-content\/uploads\/2025\/08\/volby-program-211x300.png 211w, https:\/\/www.infokuryr.cz\/n\/wp-content\/uploads\/2025\/08\/volby-program-721x1024.png 721w, https:\/\/www.infokuryr.cz\/n\/wp-content\/uploads\/2025\/08\/volby-program-768x1091.png 768w, https:\/\/www.infokuryr.cz\/n\/wp-content\/uploads\/2025\/08\/volby-program-1081x1536.png 1081w, https:\/\/www.infokuryr.cz\/n\/wp-content\/uploads\/2025\/08\/volby-program-1442x2048.png 1442w, https:\/\/www.infokuryr.cz\/n\/wp-content\/uploads\/2025\/08\/volby-program-1024x1455.png 1024w\" sizes=\"(max-width: 775px) 100vw, 775px\" \/><\/p>\n","protected":false},"excerpt":{"rendered":"<p>Viktor Orb\u00e1n prohl\u00e1sil, \u017ee Ukrajina v EU nebude, proto\u017ee Ma\u010fa\u0159i si to odhlasovali v referendu!&#8230;<\/p>\n","protected":false},"author":2,"featured_media":89021,"comment_status":"closed","ping_status":"closed","sticky":false,"template":"","format":"standard","meta":[],"categories":[6],"tags":[1042,80,41,439,26],"_links":{"self":[{"href":"https:\/\/www.infokuryr.cz\/n\/wp-json\/wp\/v2\/posts\/89020"}],"collection":[{"href":"https:\/\/www.infokuryr.cz\/n\/wp-json\/wp\/v2\/posts"}],"about":[{"href":"https:\/\/www.infokuryr.cz\/n\/wp-json\/wp\/v2\/types\/post"}],"author":[{"embeddable":true,"href":"https:\/\/www.infokuryr.cz\/n\/wp-json\/wp\/v2\/users\/2"}],"replies":[{"embeddable":true,"href":"https:\/\/www.infokuryr.cz\/n\/wp-json\/wp\/v2\/comments?post=89020"}],"version-history":[{"count":0,"href":"https:\/\/www.infokuryr.cz\/n\/wp-json\/wp\/v2\/posts\/89020\/revisions"}],"wp:featuredmedia":[{"embeddable":true,"href":"https:\/\/www.infokuryr.cz\/n\/wp-json\/wp\/v2\/media\/89021"}],"wp:attachment":[{"href":"https:\/\/www.infokuryr.cz\/n\/wp-json\/wp\/v2\/media?parent=89020"}],"wp:term":[{"taxonomy":"category","embeddable":true,"href":"https:\/\/www.infokuryr.cz\/n\/wp-json\/wp\/v2\/categories?post=89020"},{"taxonomy":"post_tag","embeddable":true,"href":"https:\/\/www.infokuryr.cz\/n\/wp-json\/wp\/v2\/tags?post=89020"}],"curies":[{"name":"wp","href":"https:\/\/api.w.org\/{rel}","templated":true}]}}