{"id":89014,"date":"2025-10-02T04:59:13","date_gmt":"2025-10-02T02:59:13","guid":{"rendered":"https:\/\/www.infokuryr.cz\/n\/?p=89014"},"modified":"2025-10-02T04:59:13","modified_gmt":"2025-10-02T02:59:13","slug":"ondrej-prokop-do-ceska-proudi-tri-tisice-ukrajincu-tydne-vlada-situaci-nezvladla-robert-kralicek","status":"publish","type":"post","link":"https:\/\/www.infokuryr.cz\/n\/2025\/10\/02\/ondrej-prokop-do-ceska-proudi-tri-tisice-ukrajincu-tydne-vlada-situaci-nezvladla-robert-kralicek\/","title":{"rendered":"Ond\u0159ej Prokop: Do \u010ceska proud\u00ed t\u0159i tis\u00edce Ukrajinc\u016f t\u00fddn\u011b. Vl\u00e1da situaci nezvl\u00e1dla. | Robert Kr\u00e1l\u00ed\u010dek"},"content":{"rendered":"<div id=\"fb-root\"><\/div>\n<p>Do \u010ceska proud\u00ed t\u0159i tis\u00edce Ukrajinc\u016f t\u00fddn\u011b. Vl\u00e1da to nezvl\u00e1dla a \u0159ada lid\u00ed si sem jezdila jen pro d\u00e1vky.<br \/>\n\ud83d\udc49 &#8222;Berl\u00edn je rud\u00fd chal\u00edf\u00e1t,&#8220; napsal Die Zeit. \u017did\u00e9 se poprv\u00e9 po 80 letech boj\u00ed v z\u00e1padn\u00ed Evrop\u011b. Imigrace m\u016f\u017ee b\u00fdt nebezpe\u010dn\u00e1 i pro \u010cesko. Pro\u010d se politici tv\u00e1\u0159\u00ed, \u017ee ne?<br \/>\n\ud83d\udc49 Praha zat\u00edm pat\u0159\u00ed k nejbezpe\u010dn\u011bj\u0161\u00edm m\u011bst\u016fm, ale situaci mus\u00edme \u0159e\u0161it, aby to tak i z\u016fstalo.<br \/>\n\ud83d\udc49 Raku\u0161an protla\u010dil migra\u010dn\u00ed pakt, ale republika na n\u011bj nen\u00ed ani zdaleka p\u0159ipravena. Hroz\u00ed n\u00e1m n\u011bmeck\u00fd sc\u00e9n\u00e1\u0159?<\/p>\n<p>O tom i o dal\u0161\u00edch t\u00e9matech jsme se bavili v podcastu \u010cau Praho s hostem\ud83d\udde3\ufe0f, kde v\u00e1m pr\u016fb\u011b\u017en\u011b p\u0159edstavuji zaj\u00edmav\u00e9 osobnosti. Budu moc r\u00e1d, kdy\u017e si dne\u0161n\u00ed d\u00edl pust\u00edte a nap\u00ed\u0161ete n\u00e1m v\u00e1\u0161 n\u00e1zor nebo post\u0159eh do koment\u00e1\u0159\u016f. Pros\u00edm tak\u00e9 o sd\u00edlen\u00ed. P\u0159edem moc d\u011bkuji!<\/p>\n<p><strong>Robert Kr\u00e1l\u00ed\u010dek<\/strong>\u00a0je bezpe\u010dnostn\u00ed expert, \u010dlen st\u00ednov\u00e9 vl\u00e1dy hnut\u00ed ANO a poslanec.<\/p>\n<p><iframe loading=\"lazy\" title=\"Do \u010ceska proud\u00ed t\u0159i tis\u00edce Ukrajinc\u016f t\u00fddn\u011b. Vl\u00e1da situaci nezvl\u00e1dla. | Robert Kr\u00e1l\u00ed\u010dek\" width=\"640\" height=\"360\" src=\"https:\/\/www.youtube.com\/embed\/gDfMQc1ArQY?feature=oembed\" frameborder=\"0\" allow=\"accelerometer; autoplay; clipboard-write; encrypted-media; gyroscope; picture-in-picture; web-share\" referrerpolicy=\"strict-origin-when-cross-origin\" allowfullscreen><\/iframe><\/p>\n<h4>Ing. Ond\u0159ej Prokop<\/h4>\n<p><img decoding=\"async\" loading=\"lazy\" class=\"wp-image-86739 aligncenter\" src=\"http:\/\/www.infokuryr.cz\/n\/wp-content\/uploads\/2025\/08\/volby-program-211x300.png\" alt=\"\" width=\"799\" height=\"1136\" srcset=\"https:\/\/www.infokuryr.cz\/n\/wp-content\/uploads\/2025\/08\/volby-program-211x300.png 211w, https:\/\/www.infokuryr.cz\/n\/wp-content\/uploads\/2025\/08\/volby-program-721x1024.png 721w, https:\/\/www.infokuryr.cz\/n\/wp-content\/uploads\/2025\/08\/volby-program-768x1091.png 768w, https:\/\/www.infokuryr.cz\/n\/wp-content\/uploads\/2025\/08\/volby-program-1081x1536.png 1081w, https:\/\/www.infokuryr.cz\/n\/wp-content\/uploads\/2025\/08\/volby-program-1442x2048.png 1442w, https:\/\/www.infokuryr.cz\/n\/wp-content\/uploads\/2025\/08\/volby-program-1024x1455.png 1024w\" sizes=\"(max-width: 799px) 100vw, 799px\" \/><\/p>\n","protected":false},"excerpt":{"rendered":"<p>Do \u010ceska proud\u00ed t\u0159i tis\u00edce Ukrajinc\u016f t\u00fddn\u011b. Vl\u00e1da to nezvl\u00e1dla a \u0159ada lid\u00ed si sem&#8230;<\/p>\n","protected":false},"author":2,"featured_media":47151,"comment_status":"closed","ping_status":"closed","sticky":false,"template":"","format":"standard","meta":[],"categories":[6],"tags":[119,1052,1635,889],"_links":{"self":[{"href":"https:\/\/www.infokuryr.cz\/n\/wp-json\/wp\/v2\/posts\/89014"}],"collection":[{"href":"https:\/\/www.infokuryr.cz\/n\/wp-json\/wp\/v2\/posts"}],"about":[{"href":"https:\/\/www.infokuryr.cz\/n\/wp-json\/wp\/v2\/types\/post"}],"author":[{"embeddable":true,"href":"https:\/\/www.infokuryr.cz\/n\/wp-json\/wp\/v2\/users\/2"}],"replies":[{"embeddable":true,"href":"https:\/\/www.infokuryr.cz\/n\/wp-json\/wp\/v2\/comments?post=89014"}],"version-history":[{"count":0,"href":"https:\/\/www.infokuryr.cz\/n\/wp-json\/wp\/v2\/posts\/89014\/revisions"}],"wp:featuredmedia":[{"embeddable":true,"href":"https:\/\/www.infokuryr.cz\/n\/wp-json\/wp\/v2\/media\/47151"}],"wp:attachment":[{"href":"https:\/\/www.infokuryr.cz\/n\/wp-json\/wp\/v2\/media?parent=89014"}],"wp:term":[{"taxonomy":"category","embeddable":true,"href":"https:\/\/www.infokuryr.cz\/n\/wp-json\/wp\/v2\/categories?post=89014"},{"taxonomy":"post_tag","embeddable":true,"href":"https:\/\/www.infokuryr.cz\/n\/wp-json\/wp\/v2\/tags?post=89014"}],"curies":[{"name":"wp","href":"https:\/\/api.w.org\/{rel}","templated":true}]}}