{"id":89007,"date":"2025-10-02T00:22:09","date_gmt":"2025-10-01T22:22:09","guid":{"rendered":"https:\/\/www.infokuryr.cz\/n\/?p=89007"},"modified":"2025-10-01T13:36:02","modified_gmt":"2025-10-01T11:36:02","slug":"pavel-dudr-monsignore-halik-se-opet-odhalil","status":"publish","type":"post","link":"https:\/\/www.infokuryr.cz\/n\/2025\/10\/02\/pavel-dudr-monsignore-halik-se-opet-odhalil\/","title":{"rendered":"Pavel Dudr: Monsignore Hal\u00edk se op\u011bt odhalil"},"content":{"rendered":"<div id=\"fb-root\"><\/div>\n<p>Ned\u00e1vno m\u011bl prof. T. Hal\u00edk dlouh\u00fd rozhovor v po\u0159adu K j\u00e1dru v\u011bci na TV Noe, kde mluvil tak\u00e9 o nadch\u00e1zej\u00edc\u00edch volb\u00e1ch. Nejd\u0159\u00edve mluvil o sv\u00fdch p\u0159edn\u00e1\u0161k\u00e1ch, konferenc\u00edch a funkc\u00edch, potom tak\u00e9 \u201e o pokusu o obnoven\u00ed rusk\u00e9ho imp\u00e9ria.\u201c Podle pana prof. je Orb\u00e1n Jid\u00e1\u0161em Evropy, proto\u017ee za\u010d\u00edn\u00e1 likvidovat demokratickou kulturu. D\u00e1le m\u016f\u017eeme citovat:<\/p>\n<p><em>\u201eBabi\u0161 otv\u00edr\u00e1 vr\u00e1tka t\u011bm skute\u010dn\u011b jedovat\u00fdm sil\u00e1m, jako jsou komunist\u00e9 a Sta\u010dilo! Je\u0161t\u011b nebezpe\u010dn\u011bj\u0161\u00ed je SPD\u2026.Opozice se chovala jako hyenist\u00e9\u2026.. patologick\u00e1 sedlina\u2026.Jd\u011bte k volb\u00e1m, volte demokratick\u00e9 strany!\u201e<\/em><\/p>\n<p>Ani slovo o tom, \u017ee u\u017e 24.3.2022 pape\u017e Franti\u0161ek kritizoval z\u00e1vazek zem\u00ed Severoatlantick\u00e9 aliance zv\u00fd\u0161it sv\u00e9 v\u00fddaje na obranu, tedy i na n\u00e1kup zbran\u00ed na dv\u011b procenta hrub\u00e9ho dom\u00e1c\u00edho produktu (HDP). Ozna\u010dil to za &#8222;\u0161\u00edlenstv\u00ed&#8220;.<\/p>\n<p>Ani zm\u00ednka o tom, co \u0159\u00edk\u00e1 pape\u017e Lev XIV: \u201eje t\u0159eba povzbuzovat v\u0161echny, aby odlo\u017eili zbran\u011b a opustili tak\u00e9 ve\u0161ker\u00fd obchod, kter\u00fd stoj\u00ed za ka\u017edou v\u00e1lkou. \u010casto se st\u00e1v\u00e1, \u017ee v d\u016fsledku obchodu se zbran\u011bmi se lid\u00e9 st\u00e1vaj\u00ed pouh\u00fdmi n\u00e1stroji bez hodnot.\u201e<\/p>\n<p>P\u0159itom pr\u00e1v\u011b SPD jako jedin\u00e1 parlamentn\u00ed strana hlasovala v parlamentu proti zvy\u0161ov\u00e1n\u00ed v\u00fddaj\u016f na arm\u00e1du, kter\u00e9 p\u0159in\u00e1\u0161\u00ed miliardov\u00e9 zisky zbroja\u0159\u016fm, ale n\u00e1s zb\u00edda\u010duje. A tak\u00e9 proti neust\u00e1l\u00e9mu zadlu\u017eov\u00e1n\u00ed st\u00e1tu, kter\u00e9 p\u0159in\u00e1\u0161\u00ed miliardov\u00e9 zisky bank\u00e9\u0159\u016fm, proto\u017ee \u00faroky z t\u011bchto \u00fav\u011br\u016f nebo st\u00e1tn\u00edch dluhopis\u016f je jejich zisk, viz nap\u0159.: &#8220; \u0160est nejv\u011bt\u0161\u00edch bank v \u010cesk\u00e9 republice dos\u00e1hlo v prvn\u00edm pololet\u00ed 2025 \u010dist\u00e9ho zisku 45,9 miliardy korun, co\u017e je o 16 % v\u00edce ne\u017e loni. Za t\u00edmto \u00fasp\u011bchem stoj\u00ed o\u017eiven\u00ed hypote\u010dn\u00edho trhu, digitalizace a stabiln\u00ed ekonomick\u00e9 podm\u00ednky&#8230; \u201e O zadlu\u017eov\u00e1n\u00ed st\u00e1tu pochopiteln\u011b ani slovo.<\/p>\n<p>Tato rafinovan\u00e1 demagogie zm\u00edn\u011bn\u00e9ho v\u011bhlasn\u00e9ho pana profesora je udivuj\u00edc\u00ed, jak kr\u00e1sn\u011b um\u00ed mluvit o kontemplaci, pape\u017eovi a vzd\u011blanosti, jak um\u00ed br\u00e1nit americk\u00e9 univerzity proti \u201e\u0161\u00edlen\u00e9mu Trumpovi\u201c. P\u0159itom dnes u\u017e kdekdo v\u00ed, \u017ee se v EU jedn\u00e1 o z\u00e1m\u011brnou likvidaci evropsk\u00e9 civilizace i k\u0159es\u0165anstv\u00ed, a to pomoc\u00ed organizovan\u00e9 invaze negramotn\u00fdch krimin\u00e1ln\u00edk\u016f a d\u017eih\u00e1dist\u016f, greendealu, \u0161\u00edlen\u00e9ho zbrojen\u00ed a zadlu\u017eov\u00e1n\u00ed, kter\u00e9 budou spl\u00e1cet je\u0161t\u011b na\u0161e vnou\u010data. V Anglii je nyn\u00ed 6x v\u00edc hl\u00e1\u0161en\u00fdch zn\u00e1siln\u011bn\u00ed ne\u017e u n\u00e1s a ve \u0160v\u00e9dsku 5x, podle Eurostatu. O p\u0159est\u0159elk\u00e1ch krimin\u00e1ln\u00edch gang\u016f nemluv\u011b. Migra\u010dn\u00ed pakt, kter\u00fd tato vl\u00e1da schv\u00e1lila, m\u00e1 potom zajistit, aby tito krimin\u00e1ln\u00edci a\u00a0drogov\u00ed deale\u0159i byli rozm\u00edst\u011bni i k n\u00e1m, aby ten rozvrat byl komplexn\u00ed. Cel\u00e9 to p\u0159ipom\u00edn\u00e1 jedno heslo z 50. let: \u201e Zni\u010dit prohnil\u00fd kapitalismus!\u201c<\/p>\n<p>Na\u0161t\u011bst\u00ed je zde u\u017e m\u00e1lo lid\u00ed, kte\u0159\u00ed mu je\u0161t\u011b tyto kr\u00e1sn\u00e9 l\u017ei v\u011b\u0159\u00ed a brzy se to uk\u00e1\u017ee ve volb\u00e1ch.<\/p>\n<p><a href=\"https:\/\/www.czechfreepress.cz\/dalsi-blogy\/monsignore-halik-se-opet-odhalil.html\">Pavel Drdu<\/a><\/p>\n<p><img decoding=\"async\" loading=\"lazy\" class=\"wp-image-86739 aligncenter\" src=\"http:\/\/www.infokuryr.cz\/n\/wp-content\/uploads\/2025\/08\/volby-program-211x300.png\" alt=\"\" width=\"766\" height=\"1089\" srcset=\"https:\/\/www.infokuryr.cz\/n\/wp-content\/uploads\/2025\/08\/volby-program-211x300.png 211w, https:\/\/www.infokuryr.cz\/n\/wp-content\/uploads\/2025\/08\/volby-program-721x1024.png 721w, https:\/\/www.infokuryr.cz\/n\/wp-content\/uploads\/2025\/08\/volby-program-768x1091.png 768w, https:\/\/www.infokuryr.cz\/n\/wp-content\/uploads\/2025\/08\/volby-program-1081x1536.png 1081w, https:\/\/www.infokuryr.cz\/n\/wp-content\/uploads\/2025\/08\/volby-program-1442x2048.png 1442w, https:\/\/www.infokuryr.cz\/n\/wp-content\/uploads\/2025\/08\/volby-program-1024x1455.png 1024w\" sizes=\"(max-width: 766px) 100vw, 766px\" \/><\/p>\n","protected":false},"excerpt":{"rendered":"<p>Ned\u00e1vno m\u011bl prof. T. Hal\u00edk dlouh\u00fd rozhovor v po\u0159adu K j\u00e1dru v\u011bci na TV Noe,&#8230;<\/p>\n","protected":false},"author":2,"featured_media":33844,"comment_status":"closed","ping_status":"closed","sticky":false,"template":"","format":"standard","meta":[],"categories":[6],"tags":[1503,5640,27],"_links":{"self":[{"href":"https:\/\/www.infokuryr.cz\/n\/wp-json\/wp\/v2\/posts\/89007"}],"collection":[{"href":"https:\/\/www.infokuryr.cz\/n\/wp-json\/wp\/v2\/posts"}],"about":[{"href":"https:\/\/www.infokuryr.cz\/n\/wp-json\/wp\/v2\/types\/post"}],"author":[{"embeddable":true,"href":"https:\/\/www.infokuryr.cz\/n\/wp-json\/wp\/v2\/users\/2"}],"replies":[{"embeddable":true,"href":"https:\/\/www.infokuryr.cz\/n\/wp-json\/wp\/v2\/comments?post=89007"}],"version-history":[{"count":0,"href":"https:\/\/www.infokuryr.cz\/n\/wp-json\/wp\/v2\/posts\/89007\/revisions"}],"wp:featuredmedia":[{"embeddable":true,"href":"https:\/\/www.infokuryr.cz\/n\/wp-json\/wp\/v2\/media\/33844"}],"wp:attachment":[{"href":"https:\/\/www.infokuryr.cz\/n\/wp-json\/wp\/v2\/media?parent=89007"}],"wp:term":[{"taxonomy":"category","embeddable":true,"href":"https:\/\/www.infokuryr.cz\/n\/wp-json\/wp\/v2\/categories?post=89007"},{"taxonomy":"post_tag","embeddable":true,"href":"https:\/\/www.infokuryr.cz\/n\/wp-json\/wp\/v2\/tags?post=89007"}],"curies":[{"name":"wp","href":"https:\/\/api.w.org\/{rel}","templated":true}]}}