{"id":8900,"date":"2022-03-07T02:01:59","date_gmt":"2022-03-07T01:01:59","guid":{"rendered":"http:\/\/www.infokuryr.cz\/n\/?p=8900"},"modified":"2022-03-06T17:39:24","modified_gmt":"2022-03-06T16:39:24","slug":"sef-zpravodajske-sluzby-ukrajina-pracovala-na-jadernych-zbranich-a-usa-o-tom-vedely","status":"publish","type":"post","link":"https:\/\/www.infokuryr.cz\/n\/2022\/03\/07\/sef-zpravodajske-sluzby-ukrajina-pracovala-na-jadernych-zbranich-a-usa-o-tom-vedely\/","title":{"rendered":"\u0160\u00e9f zpravodajsk\u00e9 slu\u017eby: &#8222;Ukrajina pracovala na jadern\u00fdch zbran\u00edch a USA o tom v\u011bd\u011bly&#8220;"},"content":{"rendered":"<div id=\"fb-root\"><\/div>\n<p><span>Sergej Narishkin, \u0161\u00e9f rusk\u00e9 zahrani\u010dn\u00ed zpravodajsk\u00e9 slu\u017eby, \u0159ekl\u00a0<\/span><a href=\"https:\/\/sputniknews.com\/20220303\/russian-intelligence-chief-says-intel-showed-ukraine-was-working-on-nukes-us-knew-about-it-1093559308.html\" target=\"_blank\" rel=\"noreferrer noopener\" data-type=\"URL\" data-id=\"https:\/\/sputniknews.com\/20220303\/russian-intelligence-chief-says-intel-showed-ukraine-was-working-on-nukes-us-knew-about-it-1093559308.html\"><strong><span>,<\/span><\/strong><\/a><span>\u00a0\u017ee jeho slu\u017eba m\u00e1 zpravodajsk\u00e9 informace, kter\u00e9 ukazuj\u00ed, \u017ee Ukrajina pracuje na jadern\u00fdch zbran\u00edch.<\/span><\/p>\n<p><span>Ukrajinsk\u00fd prezident Zelenskyj ji\u017e d\u0159\u00edve pohrozil, \u017ee od Budape\u0161\u0165sk\u00e9ho memoranda odstoup\u00ed.\u00a0To jsou bezpe\u010dnostn\u00ed z\u00e1ruky, kter\u00e9 Ukrajina obdr\u017eela od Ruska v\u00fdm\u011bnou za p\u0159ed\u00e1n\u00ed jadern\u00fdch zbran\u00ed a p\u0159ipojen\u00ed k NPT.\u00a0To nen\u00ed pr\u00e1zdn\u00e1 hrozba, zd\u016fraznil Narishkin.<\/span><\/p>\n<p><span>Ukrajina m\u00e1 podle n\u011bj ve vztahu k jadern\u00fdm zbran\u00edm v\u00edce technick\u00e9ho know-how ne\u017e nap\u0159\u00edklad \u00cdr\u00e1n nebo Severn\u00ed Korea.\u00a0\u201eV\u011bd\u011blo o tom nejen Rusko, ale i Ameri\u010dan\u00e9,\u201c \u0159ekl \u0161\u00e9f rozv\u011bdky.<\/span><\/p>\n<p><span>&#8222;Ameri\u010dan\u00e9 nebrzdili ukrajinsk\u00e9 pl\u00e1ny, ale podali jim pomocnou ruku v nad\u011bji, \u017ee ukrajinsk\u00e9 jadern\u00e9 hlavice nebudou m\u00ed\u0159it na Z\u00e1pad, ale na V\u00fdchod.&#8220;<\/span><\/p>\n<p><span>Narishkin tak\u00e9 vyj\u00e1d\u0159il sv\u00e9 rozho\u0159\u010den\u00ed nad t\u00edm, \u017ee zem\u011b EU neud\u011blaly nic pot\u00e9, co Zelenskij na mnichovsk\u00e9 bezpe\u010dnostn\u00ed konferenci pohrozil, \u017ee jeho zem\u011b odstoup\u00ed od Budape\u0161\u0165sk\u00e9ho memoranda.<\/span><\/p>\n<p><span>Rusk\u00fd ministr zahrani\u010d\u00ed Sergej Lavrov d\u0159\u00edve \u0159ekl, \u017ee Moskva nedovol\u00ed, aby na ukrajinsk\u00e9m \u00fazem\u00ed byly zbran\u011b, kter\u00e9 by mohly p\u0159edstavovat hrozbu pro Rusko.<\/span><\/p>\n<p><img decoding=\"async\" loading=\"lazy\" class=\"alignnone size-full wp-image-1185\" src=\"http:\/\/www.infokuryr.cz\/n\/wp-content\/uploads\/2021\/04\/kuryr-podpis.png\" alt=\"\" width=\"84\" height=\"24\" \/><\/p>\n<p>&nbsp;<\/p>\n","protected":false},"excerpt":{"rendered":"<p>Sergej Narishkin, \u0161\u00e9f rusk\u00e9 zahrani\u010dn\u00ed zpravodajsk\u00e9 slu\u017eby, \u0159ekl\u00a0,\u00a0\u017ee jeho slu\u017eba m\u00e1 zpravodajsk\u00e9 informace, kter\u00e9 ukazuj\u00ed,&#8230;<\/p>\n","protected":false},"author":2,"featured_media":880,"comment_status":"closed","ping_status":"closed","sticky":false,"template":"","format":"standard","meta":[],"categories":[7],"tags":[1069,1104,26,37,2009],"_links":{"self":[{"href":"https:\/\/www.infokuryr.cz\/n\/wp-json\/wp\/v2\/posts\/8900"}],"collection":[{"href":"https:\/\/www.infokuryr.cz\/n\/wp-json\/wp\/v2\/posts"}],"about":[{"href":"https:\/\/www.infokuryr.cz\/n\/wp-json\/wp\/v2\/types\/post"}],"author":[{"embeddable":true,"href":"https:\/\/www.infokuryr.cz\/n\/wp-json\/wp\/v2\/users\/2"}],"replies":[{"embeddable":true,"href":"https:\/\/www.infokuryr.cz\/n\/wp-json\/wp\/v2\/comments?post=8900"}],"version-history":[{"count":1,"href":"https:\/\/www.infokuryr.cz\/n\/wp-json\/wp\/v2\/posts\/8900\/revisions"}],"predecessor-version":[{"id":8901,"href":"https:\/\/www.infokuryr.cz\/n\/wp-json\/wp\/v2\/posts\/8900\/revisions\/8901"}],"wp:featuredmedia":[{"embeddable":true,"href":"https:\/\/www.infokuryr.cz\/n\/wp-json\/wp\/v2\/media\/880"}],"wp:attachment":[{"href":"https:\/\/www.infokuryr.cz\/n\/wp-json\/wp\/v2\/media?parent=8900"}],"wp:term":[{"taxonomy":"category","embeddable":true,"href":"https:\/\/www.infokuryr.cz\/n\/wp-json\/wp\/v2\/categories?post=8900"},{"taxonomy":"post_tag","embeddable":true,"href":"https:\/\/www.infokuryr.cz\/n\/wp-json\/wp\/v2\/tags?post=8900"}],"curies":[{"name":"wp","href":"https:\/\/api.w.org\/{rel}","templated":true}]}}