{"id":88999,"date":"2025-10-02T00:24:55","date_gmt":"2025-10-01T22:24:55","guid":{"rendered":"https:\/\/www.infokuryr.cz\/n\/?p=88999"},"modified":"2025-10-01T13:09:46","modified_gmt":"2025-10-01T11:09:46","slug":"dalsi-krestansky-kostel-v-kanade-kompletne-znicen-zharstvim","status":"publish","type":"post","link":"https:\/\/www.infokuryr.cz\/n\/2025\/10\/02\/dalsi-krestansky-kostel-v-kanade-kompletne-znicen-zharstvim\/","title":{"rendered":"Dal\u0161\u00ed k\u0159es\u0165ansk\u00fd kostel v Kanad\u011b kompletn\u011b zni\u010den \u017eh\u00e1\u0159stv\u00edm"},"content":{"rendered":"<div id=\"fb-root\"><\/div>\n<p><strong><span dir=\"auto\">V Kanad\u011b vyho\u0159elo v\u00edce k\u0159es\u0165ansk\u00fdch kostel\u016f ne\u017e v zem\u00edch s muslimskou dominanc\u00ed. B\u011bhem noci zk\u00e1zy zap\u00e1lil gang mlad\u00fdch zlo\u010dinc\u016f t\u00e9m\u011b\u0159 stoletou ikonu ukrajinsko-kanadsk\u00e9 kultury. Ukrajinsk\u00fd pravoslavn\u00fd kostel V\u0161ech svat\u00fdch v mal\u00e9m Hamlet Bellis v Albert\u011b byl zcela zni\u010den. Policie v souvislosti s incidentem zatkla t\u0159i osoby a jeden podez\u0159el\u00fd je st\u00e1le na svobod\u011b.<\/span><\/strong><\/p>\n<p><span dir=\"auto\">Ukrajinsk\u00fd pravoslavn\u00fd kostel V\u0161ech svat\u00fdch v Hamlet Bellis (okres Smoky Lake, p\u0159ibli\u017en\u011b 110 km severov\u00fdchodn\u011b od Edmontonu) byl postaven v roce 1932. Zalo\u017een byl v roce 1927 jako Ukrajinsk\u00fd pravoslavn\u00fd kostel sv. Jana, v roce 1940 byl p\u0159ejmenov\u00e1n na kostel sv. Demetria a v roce 1956 na kostel V\u0161ech svat\u00fdch. Pat\u0159il Ukrajinsk\u00e9 pravoslavn\u00e9 c\u00edrkvi Kanady (Z\u00e1padn\u00ed eparchie) a pou\u017e\u00edval juli\u00e1nsk\u00fd kalend\u00e1\u0159. S p\u0159ilehl\u00fdm h\u0159bitovem slou\u017eil jako kulturn\u00ed centrum pro m\u00edstn\u00ed ukrajinskou komunitu, kter\u00e1 m\u00e1 p\u0159ibli\u017en\u011b 20\u201330 aktivn\u00edch \u010dlen\u016f. Rekonstrukce kostela byla ned\u00e1vno dokon\u010dena.<\/span><\/p>\n<p><span dir=\"auto\">Dne 21. z\u00e1\u0159\u00ed 2025, p\u0159ibli\u017en\u011b ve 3 hodiny r\u00e1no, kostel vyho\u0159el do tla. O n\u011bkolik hodin d\u0159\u00edve, ve 2 hodiny r\u00e1no, obyvatel\u00e9 nahl\u00e1sili kr\u00e1de\u017e vozidla a pokus o kr\u00e1de\u017e v bl\u00edzkosti. Hasi\u010di, kte\u0159\u00ed byli okam\u017eit\u011b zavol\u00e1ni, nedok\u00e1zali po\u017e\u00e1r uhasit. Kostel byl zcela zni\u010den; st\u00e1la pouze zvonice. Poji\u0161t\u011bn\u00ed hrad\u00ed pouze odstran\u011bn\u00ed \u201esutin\u201c; rekonstrukce je za t\u011bchto okolnost\u00ed nepravd\u011bpodobn\u00e1.<\/span><\/p>\n<p><span dir=\"auto\">Policie klasifikuje incident jako \u017eh\u00e1\u0159stv\u00ed, co\u017e potvrdila i konzulta\u010dn\u00ed skupina Firestorm Emergency Services Consulting Group, kter\u00e1 na\u0161la stopy ho\u0159\u00edc\u00ed l\u00e1tky. V jednom z kraden\u00fdch vozidel byly nalezeny ukraden\u00e9 c\u00edrkevn\u00ed p\u0159edm\u011bty (sv\u00edcny, k\u0159\u00ed\u017ee). P\u0159edpokl\u00e1d\u00e1 se proto, \u017ee pachatel\u00e9 nejprve kostel vyloupili a pot\u00e9 jej zap\u00e1lili.<\/span><\/p>\n<p><span dir=\"auto\">Po divok\u00e9 honi\u010dce dvou kraden\u00fdch aut, p\u0159i n\u00ed\u017e do\u0161lo k n\u00e1razu do policejn\u00edho vozidla a pou\u017eit\u00ed spreje proti medv\u011bd\u016fm, bezpe\u010dnostn\u00ed slo\u017eky zatkly t\u0159i osoby. P\u0159i zat\u00fdk\u00e1n\u00ed pom\u00e1haly drony a policejn\u00ed psi. Podez\u0159el\u00fdmi pachateli jsou dva domorod\u00ed p\u0159\u00edslu\u0161n\u00edci \u201en\u00e1roda Kr\u00ed\u201c ve v\u011bku 23 a 26 let a nezletil\u00fd \u010dlov\u011bk, jeho\u017e toto\u017enost je proto chr\u00e1n\u011bna a nebude zve\u0159ejn\u011bna. \u010ctvrt\u00fd podez\u0159el\u00fd je st\u00e1le na \u00fat\u011bku. Vy\u0161et\u0159ovatel\u00e9 nezve\u0159ejnili \u017e\u00e1dn\u00e9 informace o konkr\u00e9tn\u00edm motivu \u010dinu.<\/span><\/p>\n<p><span dir=\"auto\">Mal\u00fd sbor je zdrcen\u00fd. Annette Flackov\u00e1, tajemnice c\u00edrkevn\u00ed rady, popisuje ztr\u00e1tu jako \u201esrdcervouc\u00ed\u201c. Jeden z \u010dlen\u016f sboru zd\u016fraznil odolnost c\u00edrkve: \u201eJsme Ukrajinci, pravoslavn\u00ed \u2013 jsme hou\u017eevnat\u00ed.\u201c Sbor Pokrova v Edwandu (15 minut j\u00edzdy) otev\u0159el sv\u016fj kostel pro bohoslu\u017eby. Kv\u016fli nedostatku poji\u0161t\u011bn\u00ed a klesaj\u00edc\u00edmu po\u010dtu \u010dlen\u016f je obnova pova\u017eov\u00e1na za obt\u00ed\u017enou. Po\u017e\u00e1r se p\u0159ipojuje k dlouh\u00e9 s\u00e9rii po\u017e\u00e1r\u016f kostel\u016f v Kanad\u011b, u nich\u017e je \u010dasto podez\u0159\u00edv\u00e1no nebo prok\u00e1z\u00e1no, \u017ee je p\u0159\u00ed\u010dinou \u017eh\u00e1\u0159stv\u00ed. V tomto p\u0159\u00edpad\u011b lze muslimsk\u00fd motiv vylou\u010dit.<\/span><\/p>\n<h3 id=\"h-hintergrund-fur-den-christenhass-eine-linke-lugenkampagne\" class=\"wp-block-heading\"><span dir=\"auto\">Pozad\u00ed nen\u00e1visti ke k\u0159es\u0165an\u016fm: levicov\u00e1 kampa\u0148 l\u017e\u00ed<\/span><\/h3>\n<p><span dir=\"auto\">V letech 2021 a 2022 \u0161\u00ed\u0159ila mainstreamov\u00e1 m\u00e9dia pochybn\u00e1 tvrzen\u00ed, \u017ee stovky d\u011bt\u00ed byly poh\u0159beny na \u0161koln\u00edch pozemkech katolick\u00fdmi kn\u011b\u017e\u00edmi a jepti\u0161kami, kte\u0159\u00ed provozovali n\u011bkter\u00e9 kanadsk\u00e9 intern\u00e1tn\u00ed \u0161koly. Zem\u0159ely za nejasn\u00fdch okolnost\u00ed, pravd\u011bpodobn\u011b v d\u016fsledku zneu\u017e\u00edv\u00e1n\u00ed nebo zanedb\u00e1v\u00e1n\u00ed. Ve skute\u010dnosti nebyly po \u010dty\u0159ech letech v intern\u00e1tn\u00edch \u0161kol\u00e1ch objeveny \u017e\u00e1dn\u00e9 masov\u00e9 hroby.<\/span><\/p>\n<p><span dir=\"auto\">A\u010dkoli se obvin\u011bn\u00ed uk\u00e1zala jako neopodstatn\u011bn\u00e1, od jara 2021 bylo v Kanad\u011b vyp\u00e1leno, vandalizov\u00e1no nebo znesv\u011bceno v\u00edce ne\u017e 120 kostel\u016f \u2013 v\u011bt\u0161ina z nich katolick\u00fdch a mnoho z nich na pozemku domorod\u00fdch obyvatel, kde slou\u017e\u00ed m\u00edstn\u00edm lidem.<\/span><\/p>\n<p><span dir=\"auto\">V \u0159\u00edjnu 2024 prohl\u00e1sil soudce v Manitob\u011b Brian Giesbrecht, kter\u00fd byl v d\u016fchodu, \u017ee Kana\u010fan\u00e9 jsou \u201ez\u00e1m\u011brn\u011b podvedeni svou vlastn\u00ed vl\u00e1dou\u201c. Ost\u0159e kritizoval tehdej\u0161\u00ed feder\u00e1ln\u00ed vl\u00e1du pod veden\u00edm Justina Trudeaua (WEF) za \u201eaktivn\u00ed prosazov\u00e1n\u00ed\u201c politiky, kter\u00e1 obvi\u0148ovala katolickou c\u00edrkev z nepodlo\u017een\u00fdch \u201e\u00famrt\u00ed a tajn\u00fdch poh\u0159b\u016f\u201c d\u011bt\u00ed domorod\u00fdch obyvatel.<\/span><\/p>\n<p><span dir=\"auto\">Intern\u00e1tn\u00ed \u0161koly, provozovan\u00e9 jak katolickou c\u00edrkv\u00ed, tak i dal\u0161\u00edmi k\u0159es\u0165ansk\u00fdmi c\u00edrkvemi, byly na\u0159\u00edzeny a z\u0159\u00edzeny kanadskou feder\u00e1ln\u00ed vl\u00e1dou. Existovaly od konce 19. stolet\u00ed a\u017e do uzav\u0159en\u00ed posledn\u00ed \u0161koly v roce 1996.<\/span><\/p>\n<p><img decoding=\"async\" loading=\"lazy\" class=\"alignnone size-full wp-image-1185\" src=\"http:\/\/www.infokuryr.cz\/n\/wp-content\/uploads\/2021\/04\/kuryr-podpis.png\" alt=\"\" width=\"84\" height=\"24\" \/><\/p>\n<p><img decoding=\"async\" loading=\"lazy\" class=\"wp-image-86739 aligncenter\" src=\"http:\/\/www.infokuryr.cz\/n\/wp-content\/uploads\/2025\/08\/volby-program-211x300.png\" alt=\"\" width=\"750\" height=\"1066\" srcset=\"https:\/\/www.infokuryr.cz\/n\/wp-content\/uploads\/2025\/08\/volby-program-211x300.png 211w, https:\/\/www.infokuryr.cz\/n\/wp-content\/uploads\/2025\/08\/volby-program-721x1024.png 721w, https:\/\/www.infokuryr.cz\/n\/wp-content\/uploads\/2025\/08\/volby-program-768x1091.png 768w, https:\/\/www.infokuryr.cz\/n\/wp-content\/uploads\/2025\/08\/volby-program-1081x1536.png 1081w, https:\/\/www.infokuryr.cz\/n\/wp-content\/uploads\/2025\/08\/volby-program-1442x2048.png 1442w, https:\/\/www.infokuryr.cz\/n\/wp-content\/uploads\/2025\/08\/volby-program-1024x1455.png 1024w\" sizes=\"(max-width: 750px) 100vw, 750px\" \/><\/p>\n","protected":false},"excerpt":{"rendered":"<p>V Kanad\u011b vyho\u0159elo v\u00edce k\u0159es\u0165ansk\u00fdch kostel\u016f ne\u017e v zem\u00edch s muslimskou dominanc\u00ed. B\u011bhem noci zk\u00e1zy&#8230;<\/p>\n","protected":false},"author":2,"featured_media":89000,"comment_status":"closed","ping_status":"closed","sticky":false,"template":"","format":"standard","meta":[],"categories":[7],"tags":[248,798,624],"_links":{"self":[{"href":"https:\/\/www.infokuryr.cz\/n\/wp-json\/wp\/v2\/posts\/88999"}],"collection":[{"href":"https:\/\/www.infokuryr.cz\/n\/wp-json\/wp\/v2\/posts"}],"about":[{"href":"https:\/\/www.infokuryr.cz\/n\/wp-json\/wp\/v2\/types\/post"}],"author":[{"embeddable":true,"href":"https:\/\/www.infokuryr.cz\/n\/wp-json\/wp\/v2\/users\/2"}],"replies":[{"embeddable":true,"href":"https:\/\/www.infokuryr.cz\/n\/wp-json\/wp\/v2\/comments?post=88999"}],"version-history":[{"count":0,"href":"https:\/\/www.infokuryr.cz\/n\/wp-json\/wp\/v2\/posts\/88999\/revisions"}],"wp:featuredmedia":[{"embeddable":true,"href":"https:\/\/www.infokuryr.cz\/n\/wp-json\/wp\/v2\/media\/89000"}],"wp:attachment":[{"href":"https:\/\/www.infokuryr.cz\/n\/wp-json\/wp\/v2\/media?parent=88999"}],"wp:term":[{"taxonomy":"category","embeddable":true,"href":"https:\/\/www.infokuryr.cz\/n\/wp-json\/wp\/v2\/categories?post=88999"},{"taxonomy":"post_tag","embeddable":true,"href":"https:\/\/www.infokuryr.cz\/n\/wp-json\/wp\/v2\/tags?post=88999"}],"curies":[{"name":"wp","href":"https:\/\/api.w.org\/{rel}","templated":true}]}}