{"id":88984,"date":"2025-10-02T00:15:17","date_gmt":"2025-10-01T22:15:17","guid":{"rendered":"https:\/\/www.infokuryr.cz\/n\/?p=88984"},"modified":"2025-10-01T12:38:11","modified_gmt":"2025-10-01T10:38:11","slug":"larry-c-johnson-mirovy-plan-donalda-trumpa-pro-gazu-je-od-zacatku-odsouzen-k-neuspechu","status":"publish","type":"post","link":"https:\/\/www.infokuryr.cz\/n\/2025\/10\/02\/larry-c-johnson-mirovy-plan-donalda-trumpa-pro-gazu-je-od-zacatku-odsouzen-k-neuspechu\/","title":{"rendered":"Larry C. Johnson: M\u00edrov\u00fd pl\u00e1n Donalda Trumpa pro Gazu je od za\u010d\u00e1tku odsouzen k ne\u00fasp\u011bchu"},"content":{"rendered":"<div id=\"fb-root\"><\/div>\n<div class=\"elementor-element elementor-element-1fb4c2c elementor-widget elementor-widget-theme-post-content\" data-id=\"1fb4c2c\" data-element_type=\"widget\" data-widget_type=\"theme-post-content.default\">\n<div class=\"elementor-widget-container\">\n<p><strong><span dir=\"auto\">Hned v\u00e1m \u0159eknu, k \u010demu to ve v\u00fdsledku je: Sionist\u00e9, nejen izraelsk\u00fd premi\u00e9r Netanjahu, zcela odm\u00edtaj\u00ed \u0159e\u0161en\u00ed dvou st\u00e1t\u016f. Trump\u016fv m\u00edrov\u00fd pl\u00e1n pro Gazu je tedy od za\u010d\u00e1tku odsouzen k z\u00e1niku&#8230; Mrtev hned po p\u0159\u00edjezdu.<\/span><\/strong><\/p>\n<p><span dir=\"auto\">Prezident Trump b\u011bhem tiskov\u00e9 konference v B\u00edl\u00e9m dom\u011b s Benjaminem Netanjahuem p\u0159edstavil podrobn\u00fd n\u00e1vrh na ukon\u010den\u00ed v\u00e1lky mezi Izraelem a Ham\u00e1sem v Gaze, kter\u00e1 zu\u0159\u00ed od \u0159\u00edjna 2023 a vy\u00fastila v v\u00edce ne\u017e 66 000 palestinsk\u00fdch \u00famrt\u00ed a rozs\u00e1hl\u00e9 ni\u010den\u00ed. Pl\u00e1n s ofici\u00e1ln\u011b nazvan\u00fdm \u201eKomplexn\u00ed pl\u00e1n prezidenta Donalda J. Trumpa k ukon\u010den\u00ed konfliktu v Gaze\u201c je strukturov\u00e1n jako 20bodov\u00fd r\u00e1mec (a\u010dkoli n\u011bkter\u00e9 zpr\u00e1vy jej uv\u00e1d\u011bj\u00ed jako 21 bod\u016f, pravd\u011bpodobn\u011b v\u010detn\u011b \u00favodn\u00ed preambule). Zd\u016fraz\u0148uje okam\u017eit\u00e9 p\u0159\u00edm\u011b\u0159\u00ed, propu\u0161t\u011bn\u00ed rukojm\u00edch, odzbrojen\u00ed a vylou\u010den\u00ed Ham\u00e1su z vl\u00e1dy, mezin\u00e1rodn\u00ed dohled, rozs\u00e1hlou rekonstrukci a v\u00e1gn\u00ed cestu k palestinsk\u00e9mu sebeur\u010den\u00ed. Netanjahu pl\u00e1n schv\u00e1lil s t\u00edm, \u017ee napl\u0148uje v\u00e1le\u010dn\u00e9 c\u00edle Izraele, zat\u00edmco Trump varoval, \u017ee Ham\u00e1s jej mus\u00ed p\u0159ijmout, jinak bude \u010delit zni\u010den\u00ed s plnou podporou USA pro Izrael. Ham\u00e1s uvedl, \u017ee p\u00edsemn\u00fd n\u00e1vrh neobdr\u017eel, ale v dobr\u00e9 v\u00ed\u0159e jej zv\u00e1\u017e\u00ed.<\/span><\/p>\n<p><span dir=\"auto\">Pl\u00e1n vych\u00e1z\u00ed z prvk\u016f p\u0159edchoz\u00edch americk\u00fdch n\u00e1pad\u016f (nap\u0159. Trumpova r\u00e1mce pro Abrahamovy dohody z roku 2020 a sa\u00fadsko-francouzsk\u00e9ho n\u00e1vrhu) a p\u0159\u00edsp\u011bvk\u016f osobnost\u00ed, jako je b\u00fdval\u00fd britsk\u00fd premi\u00e9r Tony Blair, kter\u00fd p\u0159isp\u011bl ke koncept\u016fm pov\u00e1le\u010dn\u00e9 spr\u00e1vy v\u011bc\u00ed ve\u0159ejn\u00fdch. Poprv\u00e9 byl p\u0159edlo\u017een arabsk\u00fdm a muslimsk\u00fdm v\u016fdc\u016fm na Valn\u00e9m shrom\u00e1\u017ed\u011bn\u00ed OSN 24. z\u00e1\u0159\u00ed 2025 ve form\u011b 21bodov\u00e9ho n\u00e1vrhu a z\u00edskal podm\u00edn\u011bnou podporu od zem\u00ed v\u010detn\u011b Egypta, Jord\u00e1nska, Sa\u00fadsk\u00e9 Ar\u00e1bie a Kataru, kter\u00e9 uv\u00edtaly snahy o ukon\u010den\u00ed v\u00e1lky, ale zd\u016fraznily, \u017ee by nem\u011blo doj\u00edt k \u017e\u00e1dn\u00e9mu vys\u00eddlov\u00e1n\u00ed, k \u00fapln\u00e9mu sta\u017een\u00ed izraelsk\u00fdch vojsk a k \u0159e\u0161en\u00ed dvou st\u00e1t\u016f. Tureck\u00fd prezident Erdogan ocenil Trumpovo \u201e\u00fasil\u00ed a veden\u00ed\u201c o p\u0159\u00edm\u011b\u0159\u00ed, zat\u00edmco palestinsk\u00e1 samospr\u00e1va vyj\u00e1d\u0159ila d\u016fv\u011bru v jeho schopnost naj\u00edt cestu k m\u00edru.<\/span><\/p>\n<p><span dir=\"auto\">Kritici, v\u010detn\u011b Palestinsk\u00e9ho isl\u00e1msk\u00e9ho d\u017eih\u00e1du, ozna\u010dili pl\u00e1n za \u201erecept na vyhozen\u00ed regionu do pov\u011bt\u0159\u00ed\u201c s argumentem, \u017ee vylu\u010duje Palestince a umo\u017e\u0148uje neomezenou izraelskou bezpe\u010dnostn\u00ed kontrolu. Pl\u00e1n se vyh\u00fdb\u00e1 nucen\u00fdm p\u0159es\u00eddlen\u00edm, ale umo\u017e\u0148uje dobrovoln\u00e9 odchody, na rozd\u00edl od Trumpova kontroverzn\u00edho n\u00e1vrhu z \u00fanora 2025 na vytvo\u0159en\u00ed \u201eBl\u00edzkov\u00fdchodn\u00ed rivi\u00e9ry\u201c hromadn\u00fdch p\u0159es\u00eddlen\u00ed veden\u00e9 USA (kter\u00fd se setkal s odporem a pozd\u011bji byl oslaben). Nejv\u011bt\u0161\u00edm d\u016fkazem toho, \u017ee tento pl\u00e1n nen\u00ed nic v\u00edc ne\u017e klam, byla p\u0159\u00edtomnost Trumpova zet\u011b Jareda Kushnera p\u0159i ozn\u00e1men\u00ed. Jared\u016fv sen o stavb\u011b rekrea\u010dn\u00edch dom\u016f na pl\u00e1\u017e\u00edch p\u00e1sma Gazy z\u016fst\u00e1v\u00e1 nezmen\u0161en\u00fd.<\/span><\/p>\n<p><span dir=\"auto\">Zde jsou tzv. hlavn\u00ed body Trumpova n\u00e1vrhu:<\/span><\/p>\n<ul>\n<li><strong><span dir=\"auto\">Okam\u017eit\u00e9 p\u0159\u00edm\u011b\u0159\u00ed a propu\u0161t\u011bn\u00ed rukojm\u00edch<\/span><\/strong><span dir=\"auto\">\u00a0\u2013 V\u00e1lka skon\u010d\u00ed okam\u017eit\u011b po vz\u00e1jemn\u00e9 dohod\u011b. \u2013 Ve\u0161ker\u00e9 vojensk\u00e9 operace budou zastaveny; frontov\u00e9 linie budou zmrazeny. \u2013 Propu\u0161t\u011bn\u00ed v\u0161ech p\u0159ibli\u017en\u011b 20 \u017eiv\u00fdch rukojm\u00edch a ostatk\u016f v\u00edce ne\u017e 25 zem\u0159el\u00fdch do 48\u201372 hodin. \u2013 Na opl\u00e1tku Izrael propust\u00ed tis\u00edce palestinsk\u00fdch v\u011bz\u0148\u016f. \u2013 B\u011bhem jedn\u00e1n\u00ed budou pozastaveny nep\u0159\u00e1telsk\u00e9 akce.<\/span><\/li>\n<li><strong><span dir=\"auto\">Odzbrojen\u00ed a amnestie pro Ham\u00e1s<\/span><\/strong><span dir=\"auto\">\u00a0\u2013 Ham\u00e1s mus\u00ed b\u00fdt zcela odzbrojen, vzd\u00e1t se vl\u00e1dn\u00ed moci a rozpustit se jako vojensk\u00fd subjekt. \u2013 Amnestie pro \u010dleny, kte\u0159\u00ed se zav\u00e1\u017eou k \u201em\u00edrov\u00e9mu sou\u017eit\u00ed\u201c a odevzdaj\u00ed sv\u00e9 zbran\u011b; mohou z\u016fstat v Gaze. \u2013 Bezpe\u010dn\u00fd pr\u016fchod pro ty, kte\u0159\u00ed si p\u0159ej\u00ed odej\u00edt do hostitelsk\u00fdch zem\u00ed (\u017e\u00e1dn\u00e9 nucen\u00e9 vyho\u0161t\u011bn\u00ed). \u2013 Gaza se stane \u201ederadikalizovanou z\u00f3nou bez teroru\u201c, kter\u00e1 nep\u0159edstavuje \u017e\u00e1dnou hrozbu pro sv\u00e9 sousedy.<\/span><\/li>\n<li><strong><span dir=\"auto\">Izraelsk\u00e9 sta\u017een\u00ed vojsk a zaji\u0161t\u011bn\u00ed bezpe\u010dnosti<\/span><\/strong><span dir=\"auto\">\u00a0\u2013 Postupn\u00e9 sta\u017een\u00ed izraelsk\u00fdch vojsk z cel\u00e9ho p\u00e1sma Gazy. \u2013 Izrael udr\u017euje \u201ebezpe\u010dnostn\u00ed\/n\u00e1razn\u00edkovou z\u00f3nu\u201c, dokud nebude Gaza pova\u017eov\u00e1na za bezpe\u010dnou p\u0159ed teroristick\u00fdmi hrozbami (krit\u00e9ria nedefinovan\u00e1, mo\u017en\u00e1 na dobu neur\u010ditou). \u2013 Nasazen\u00ed Mezin\u00e1rodn\u00edch stabiliza\u010dn\u00edch sil (ISF), pravd\u011bpodobn\u011b z arabsk\u00fdch\/muslimsk\u00fdch st\u00e1t\u016f (nap\u0159. Egypt, Spojen\u00e9 arabsk\u00e9 emir\u00e1ty), pod dohledem OSN za \u00fa\u010delem p\u0159enesen\u00ed odpov\u011bdnosti za bezpe\u010dnost.<\/span><\/li>\n<li><strong><span dir=\"auto\">Spr\u00e1va v\u011bc\u00ed ve\u0159ejn\u00fdch a dohled<\/span><\/strong><span dir=\"auto\">\u00a0\u2013 Do\u010dasn\u00fd technokratick\u00fd, nepolitick\u00fd palestinsk\u00fd v\u00fdbor (kvalifikovan\u00ed Palestinci + mezin\u00e1rodn\u00ed experti) bude m\u00edt na starosti ka\u017edodenn\u00ed operace (nap\u0159. m\u00edstn\u00ed samospr\u00e1vu, ve\u0159ejn\u00e9 slu\u017eby). \u2013 Dohl\u00ed\u017eet bude na n\u011bj nov\u00e1 \u201eM\u00edrov\u00e1 rada\u201c v \u010dele s Trumpem, jej\u00edmi\u017e \u010dleny jsou Tony Blair a dal\u0161\u00ed hlavy st\u00e1t\u016f. \u2013 Rada bude dohl\u00ed\u017eet na r\u00e1mec a financov\u00e1n\u00ed, dokud Palestinsk\u00e1 samospr\u00e1va (PA) nedokon\u010d\u00ed reformy (podle Trumpova pl\u00e1nu z roku 2020 a sa\u00fadsko-francouzsk\u00e9ho n\u00e1vrhu) a znovu nez\u00edsk\u00e1 kontrolu. \u2013 \u017d\u00e1dn\u00e1 izraelsk\u00e1 okupace ani anexe Gazy nebo Z\u00e1padn\u00edho b\u0159ehu Jord\u00e1nu.<\/span><\/li>\n<li><strong><span dir=\"auto\">Humanit\u00e1rn\u00ed pomoc a rekonstrukce<\/span><\/strong><span dir=\"auto\">\u00a0\u2013 Okam\u017eit\u00e9 a neomezen\u00e9 dod\u00e1vky pomoci v souladu s dohodou z 19. ledna 2025: potraviny, voda, zdravotnick\u00fd materi\u00e1l, rekonstrukce infrastruktury (voda, elekt\u0159ina, kanalizace), nemocnice, pek\u00e1rny a odstra\u0148ov\u00e1n\u00ed trosek. \u2013 Hrani\u010dn\u00ed p\u0159echod Raf\u00e1h bude otev\u0159en v obou sm\u011brech podle st\u00e1vaj\u00edc\u00edch mechanism\u016f. \u2013 \u201eTrumpov rozvojov\u00fd pl\u00e1n\u201c: Rekonstrukce Gazy v prosperuj\u00edc\u00ed z\u00f3nu ve prosp\u011bch jej\u00edch obyvatel (nap\u0159. ekonomick\u00e1 centra; \u017e\u00e1dn\u00e9 podrobnosti o vizi \u201eRivi\u00e9ra\u201c). \u2013 Financov\u00e1n\u00ed od mezin\u00e1rodn\u00edch partner\u016f; zam\u011b\u0159en\u00ed na deradikalizaci a zm\u011bnu mentality prost\u0159ednictv\u00edm mezin\u00e1bo\u017eensk\u00e9ho dialogu.<\/span><\/li>\n<li><strong><span dir=\"auto\">Dlouhodob\u00fd politick\u00fd horizont<\/span><\/strong><span dir=\"auto\">\u00a0\u2013 Dialog mezi Izraelem a Palestinci veden\u00fd USA o \u201em\u00edrov\u00e9m sou\u017eit\u00ed\u201c. \u2013 Cesta k palestinsk\u00e9mu sebeur\u010den\u00ed\/vytvo\u0159en\u00ed st\u00e1tu jako \u201ec\u00edl\u201c, z\u00e1visl\u00fd na reform\u00e1ch Palestinsk\u00e9 samospr\u00e1vy, obnov\u011b Gazy a bezpe\u010dnosti. \u2013 Podpora \u201etolerance\u201c prost\u0159ednictv\u00edm zm\u011bny narativ\u016f; integrace p\u00e1sma Gazy se Z\u00e1padn\u00edm b\u0159ehem Jord\u00e1nu do potenci\u00e1ln\u00edho st\u00e1tu podle mezin\u00e1rodn\u00edho pr\u00e1va.<\/span><\/li>\n<\/ul>\n<p><span dir=\"auto\">Trump zjevn\u011b ignoroval Netanjahu\u016fv projev na 80. Valn\u00e9m shrom\u00e1\u017ed\u011bn\u00ed OSN 26. z\u00e1\u0159\u00ed 2025&#8230; Projev byl vzdorovit\u00fd a zam\u011b\u0159oval se na izraelsk\u00e9 vojensk\u00e9 akce v p\u00e1smu Gazy, obvin\u011bn\u00ed z genocidy Izraele a region\u00e1ln\u00ed hrozby ze strany \u00cdr\u00e1nu a Hizball\u00e1hu.<\/span><\/p>\n<p><span dir=\"auto\">Pokud jde o \u0159e\u0161en\u00ed dvou st\u00e1t\u016f \u2013 konkr\u00e9tn\u011b o vytvo\u0159en\u00ed suver\u00e9nn\u00edho palestinsk\u00e9ho st\u00e1tu \u2013 Netanjahu jej v\u00fdslovn\u011b odm\u00edtl jako sch\u016fdnou nebo bezprost\u0159edn\u00ed cestu a vykreslil ho jako nebezpe\u010dn\u00fd \u00fastupek, kter\u00fd by umo\u017enil dal\u0161\u00ed \u00fatoky na Izrael. Tvrdil, \u017ee takov\u00fd st\u00e1t by se nevyhnuteln\u011b stal \u201eteroristick\u00fdm st\u00e1tem\u201c ovl\u00e1dan\u00fdm skupinami jako Ham\u00e1s, a \u00fatok ze 7. \u0159\u00edjna 2023 uvedl jako d\u016fkaz, \u017ee palestinsk\u00e1 st\u00e1tnost p\u0159edstavuje za sou\u010dasn\u00fdch podm\u00ednek existen\u010dn\u00ed hrozbu. Ve sv\u00e9m projevu zd\u016fraznil, \u017ee Izrael nep\u0159ijme \u017e\u00e1dn\u00e1 \u0159e\u0161en\u00ed vnucen\u00e1 mezin\u00e1rodn\u00edm spole\u010denstv\u00edm a up\u0159ednostn\u00ed bezpe\u010dnostn\u00ed kontrolu nad Z\u00e1padn\u00edm b\u0159ehem Jord\u00e1nu (ozna\u010dovan\u00fdm jako Judea a Sama\u0159\u00ed) a p\u00e1smem Gazy.<\/span><\/p>\n<p><span dir=\"auto\">Na dne\u0161n\u00ed spole\u010dn\u00e9 tiskov\u00e9 konferenci pl\u00e1n Netanjahu schv\u00e1lil, ale vyhnul se z\u00e1vazku k \u0159e\u0161en\u00ed zalo\u017een\u00e9mu na existenci dvou st\u00e1t\u016f. Prohl\u00e1sil: \u201eTento pl\u00e1n dosahuje v\u00e1le\u010dn\u00fdch c\u00edl\u016f Izraele \u2013 ni\u010d\u00ed vojensk\u00e9 kapacity Ham\u00e1su, zabezpe\u010duje na\u0161e hranice a zaji\u0161\u0165uje, aby Gaza nep\u0159edstavovala hrozbu.\u201c Na ot\u00e1zku ohledn\u011b palestinsk\u00e9 st\u00e1tnosti se vyhnul a \u0159ekl: \u201eM\u00edr vy\u017eaduje p\u0159edev\u0161\u00edm bezpe\u010dnost, nikoli abstraktn\u00ed pojmy suverenity, kter\u00e9 ignoruj\u00ed realitu.\u201c V\u00e1gn\u00ed \u201ecesta k sebeur\u010den\u00ed\u201c v Trumpov\u011b pl\u00e1nu mu umo\u017enila obej\u00edt v\u00fdslovn\u00e9 odm\u00edtnut\u00ed a z\u00e1rove\u0148 si zachovat izraelskou bezpe\u010dnostn\u00ed kontrolu nad Gazou a Z\u00e1padn\u00edm b\u0159ehem Jord\u00e1nu.<\/span><\/p>\n<p><span dir=\"auto\">Ne\u0161lo v\u0161ak o nic v\u00edc ne\u017e o politick\u00e9 divadlo zam\u011b\u0159en\u00e9 na americkou ve\u0159ejnost. Netanjahu\u016fv postoj k \u0159e\u0161en\u00ed zalo\u017een\u00e9mu na existenci dvou st\u00e1t\u016f se od \u0159\u00edjna 2023 nezm\u011bnil:<\/span><\/p>\n<ul>\n<li><span dir=\"auto\">18. ledna 2024 (tiskov\u00e1 konference): Netanjahu odm\u00edtl po\u017eadavky USA na palestinsk\u00fd st\u00e1t a prohl\u00e1sil: \u201eV jak\u00e9koli budouc\u00ed dohod\u011b&#8230; mus\u00ed m\u00edt Izrael bezpe\u010dnostn\u00ed kontrolu nad cel\u00fdm \u00fazem\u00edm z\u00e1padn\u011b od Jord\u00e1nu. To je v rozporu s my\u0161lenkou suverenity [Palestinc\u016f].\u201c Tvrdil, \u017ee palestinsk\u00fd st\u00e1t by se po sta\u017een\u00ed vojsk z roku 2005 stal \u201eteroristick\u00e1 z\u00e1kladna\u201c jako Gaza.<\/span><\/li>\n<li><span dir=\"auto\">\u00danor 2024 (prohl\u00e1\u0161en\u00ed kabinetu): Uprost\u0159ed n\u00e1vrh\u016f USA a arabsk\u00fdch st\u00e1t\u016f na pov\u00e1le\u010dn\u00fd pl\u00e1n pro p\u00e1smo Gazy s perspektivou dvou st\u00e1t\u016f schv\u00e1lila Netanjahuova vl\u00e1da rezoluci, v n\u00ed\u017e odm\u00edtla \u201emezin\u00e1rodn\u00ed dikt\u00e1ty\u201c pro palestinsk\u00fd st\u00e1t s t\u00edm, \u017ee by to \u201ezp\u016fsobilo Izraeli bezprecedentn\u00ed \u0161kodu\u201c a odm\u011bnilo by to terorismus po 7. \u0159\u00edjnu. Zd\u016fraznil: \u201eIzrael bude i nad\u00e1le oponovat jednostrann\u00e9mu uzn\u00e1n\u00ed palestinsk\u00e9ho st\u00e1tu.\u201c<\/span><\/li>\n<li><span dir=\"auto\">17. \u010dervence 2024 (projev v Knesetu): Tv\u00e1\u0159\u00ed v tv\u00e1\u0159 obnoven\u00e9mu mezin\u00e1rodn\u00edmu tlaku Netanjahu zopakoval: \u201eNedovol\u00edme, aby v Judeji a Sama\u0159\u00ed [Z\u00e1padn\u00edm b\u0159ehu Jord\u00e1nu] vznikl teroristick\u00fd st\u00e1t, kter\u00fd by ohrozil na\u0161i samotnou existenci&#8230; Odpov\u011b\u010f zn\u00ed ne.\u201c Jako d\u016fkaz toho, \u017ee palestinsk\u00fd st\u00e1t by vedl k \u00edr\u00e1nsky podporovan\u00fdm militant\u016fm, uvedl kontrolu Ham\u00e1su nad p\u00e1smem Gazy.<\/span><\/li>\n<\/ul>\n<p><span dir=\"auto\">Nemysl\u00edm si, \u017ee Netanjahu zm\u011bn\u00ed sv\u016fj postoj. Tak\u00e9 se domn\u00edv\u00e1m, \u017ee v\u011bt\u0161ina jeho soukrom\u00e9 sch\u016fzky s Trumpem byla v\u011bnov\u00e1na diskusi o dal\u0161\u00edm kole \u00fatok\u016f na \u00cdr\u00e1n&#8230; Tolik k Trumpov\u00fdm nad\u011bj\u00edm na Nobelovu cenu m\u00edru. Ani Trump, ani Netanjahu to s m\u00edrov\u00fdm ukon\u010den\u00edm izraelsk\u00e9 genocidn\u00ed v\u00e1lky nemysl\u00ed v\u00e1\u017en\u011b&#8230; Zab\u00edjen\u00ed bude pokra\u010dovat.<\/span><\/p>\n<\/div>\n<\/div>\n<div class=\"elementor-element elementor-element-8c57238 quelle dc-has-condition dc-condition-empty elementor-widget elementor-widget-heading\" data-id=\"8c57238\" data-element_type=\"widget\" data-widget_type=\"heading.default\">\n<div class=\"elementor-widget-container\">\n<h3 class=\"elementor-heading-title elementor-size-default\"><span style=\"font-size: 10pt;\"><a href=\"https:\/\/sonar21.com\/donald-trumps-proposed-peace-plan-for-gaza-is-d-o-a\/?jetpack_skip_subscription_popup\" target=\"_blank\" rel=\"nofollow noopener\"><span dir=\"auto\">Zdroj<\/span><\/a><\/span><\/h3>\n<p><img decoding=\"async\" loading=\"lazy\" class=\"wp-image-86739 aligncenter\" src=\"http:\/\/www.infokuryr.cz\/n\/wp-content\/uploads\/2025\/08\/volby-program-211x300.png\" alt=\"\" width=\"733\" height=\"1042\" srcset=\"https:\/\/www.infokuryr.cz\/n\/wp-content\/uploads\/2025\/08\/volby-program-211x300.png 211w, https:\/\/www.infokuryr.cz\/n\/wp-content\/uploads\/2025\/08\/volby-program-721x1024.png 721w, https:\/\/www.infokuryr.cz\/n\/wp-content\/uploads\/2025\/08\/volby-program-768x1091.png 768w, https:\/\/www.infokuryr.cz\/n\/wp-content\/uploads\/2025\/08\/volby-program-1081x1536.png 1081w, https:\/\/www.infokuryr.cz\/n\/wp-content\/uploads\/2025\/08\/volby-program-1442x2048.png 1442w, https:\/\/www.infokuryr.cz\/n\/wp-content\/uploads\/2025\/08\/volby-program-1024x1455.png 1024w\" sizes=\"(max-width: 733px) 100vw, 733px\" \/><\/p>\n<\/div>\n<\/div>\n","protected":false},"excerpt":{"rendered":"<p>Hned v\u00e1m \u0159eknu, k \u010demu to ve v\u00fdsledku je: Sionist\u00e9, nejen izraelsk\u00fd premi\u00e9r Netanjahu, zcela&#8230;<\/p>\n","protected":false},"author":2,"featured_media":81632,"comment_status":"closed","ping_status":"closed","sticky":false,"template":"","format":"standard","meta":[],"categories":[7],"tags":[1042,348,107,1505,452],"_links":{"self":[{"href":"https:\/\/www.infokuryr.cz\/n\/wp-json\/wp\/v2\/posts\/88984"}],"collection":[{"href":"https:\/\/www.infokuryr.cz\/n\/wp-json\/wp\/v2\/posts"}],"about":[{"href":"https:\/\/www.infokuryr.cz\/n\/wp-json\/wp\/v2\/types\/post"}],"author":[{"embeddable":true,"href":"https:\/\/www.infokuryr.cz\/n\/wp-json\/wp\/v2\/users\/2"}],"replies":[{"embeddable":true,"href":"https:\/\/www.infokuryr.cz\/n\/wp-json\/wp\/v2\/comments?post=88984"}],"version-history":[{"count":0,"href":"https:\/\/www.infokuryr.cz\/n\/wp-json\/wp\/v2\/posts\/88984\/revisions"}],"wp:featuredmedia":[{"embeddable":true,"href":"https:\/\/www.infokuryr.cz\/n\/wp-json\/wp\/v2\/media\/81632"}],"wp:attachment":[{"href":"https:\/\/www.infokuryr.cz\/n\/wp-json\/wp\/v2\/media?parent=88984"}],"wp:term":[{"taxonomy":"category","embeddable":true,"href":"https:\/\/www.infokuryr.cz\/n\/wp-json\/wp\/v2\/categories?post=88984"},{"taxonomy":"post_tag","embeddable":true,"href":"https:\/\/www.infokuryr.cz\/n\/wp-json\/wp\/v2\/tags?post=88984"}],"curies":[{"name":"wp","href":"https:\/\/api.w.org\/{rel}","templated":true}]}}