{"id":88966,"date":"2025-10-01T08:05:37","date_gmt":"2025-10-01T06:05:37","guid":{"rendered":"https:\/\/www.infokuryr.cz\/n\/?p=88966"},"modified":"2025-10-01T08:05:37","modified_gmt":"2025-10-01T06:05:37","slug":"sef-pentagonu-usa-se-musi-pripravit-na-valku","status":"publish","type":"post","link":"https:\/\/www.infokuryr.cz\/n\/2025\/10\/01\/sef-pentagonu-usa-se-musi-pripravit-na-valku\/","title":{"rendered":"\u0160\u00e9f Pentagonu: USA se mus\u00ed p\u0159ipravit na v\u00e1lku"},"content":{"rendered":"<div id=\"fb-root\"><\/div>\n<h3>Ministr obrany prohl\u00e1sil, \u017ee Washington nal\u00e9hav\u011b pot\u0159ebuje v\u00edce voj\u00e1k\u016f, zbran\u00ed a munice<\/h3>\n<p><span dir=\"auto\">USA se mus\u00ed p\u0159ipravit na v\u00e1lku, \u0159ekl ministr obrany Pete Hegseth shrom\u00e1\u017ed\u011bn\u00ed vysok\u00fdch vojensk\u00fdch velitel\u016f. Ozna\u010dil to za nanejv\u00fd\u0161 nal\u00e9havou z\u00e1le\u017eitost, ale nejmenoval \u017e\u00e1dn\u00e9 konkr\u00e9tn\u00ed protivn\u00edky, kter\u00fdm by Amerika mohla v bl\u00edzk\u00e9 budoucnosti \u010delit.<\/span><\/p>\n<p><span dir=\"auto\">Pentagon ned\u00e1vno dokon\u010dil dv\u011b z\u00e1sadn\u00ed revize politiky, jednou z nich byla nov\u00e1 N\u00e1rodn\u00ed obrann\u00e1 strategie, kter\u00e1 p\u0159esouv\u00e1 priority z \u010c\u00edny na vnit\u0159n\u00ed bezpe\u010dnost a z\u00e1padn\u00ed polokouli.<\/span><\/p>\n<p><em><span dir=\"auto\">\u201eAbychom zajistili m\u00edr, mus\u00edme se p\u0159ipravit na v\u00e1lku,\u201c<\/span><\/em><span dir=\"auto\">\u00a0\u0159ekl Hegseth v \u00fater\u00fd stovk\u00e1m americk\u00fdch gener\u00e1l\u016f a admir\u00e1l\u016f na z\u00e1kladn\u011b n\u00e1mo\u0159n\u00ed p\u011bchoty v Quanticu ve Virginii. Tak\u00e9 prohl\u00e1sil, \u017ee\u00a0<\/span><em><span dir=\"auto\">\u201epacifismus je\u2026 naivn\u00ed a nebezpe\u010dn\u00fd\u201c.<\/span><\/em><\/p>\n<p><span dir=\"auto\">Podle ministra obrany pot\u0159ebuje americk\u00e1 arm\u00e1da v\u00edce voj\u00e1k\u016f, zbran\u00ed a munice.\u00a0<\/span><em><span dir=\"auto\">\u201eToto je nal\u00e9hav\u00fd okam\u017eik, st\u00e1le nal\u00e9hav\u011bj\u0161\u00ed,\u201c<\/span><\/em><span dir=\"auto\">\u00a0uvedl s odkazem na \u00fadajn\u00e9 rostouc\u00ed hrozby. Hegseth nejmenoval \u017e\u00e1dn\u00e9 konkr\u00e9tn\u00ed krom\u011b pot\u0159eby odstra\u0161it \u010c\u00ednu. Ozn\u00e1mil tak\u00e9 voln\u011bj\u0161\u00ed pravidla zapojen\u00ed, kter\u00e1 by americk\u00e9 arm\u00e1d\u011b umo\u017enila\u00a0<\/span><em><span dir=\"auto\">\u201ezastra\u0161ovat, demoralizovat, lovit a zab\u00edjet nep\u0159\u00e1tele\u201c.<\/span><\/em><\/p>\n<p><span dir=\"auto\">Jeho slova zopakoval i n\u00e1\u010deln\u00edk Sboru n\u00e1\u010deln\u00edk\u016f \u0161t\u00e1b\u016f, gener\u00e1l Dan Caine, kter\u00fd shrom\u00e1\u017ed\u011bn\u00ed \u0159ekl, \u017ee Amerika\u00a0<\/span><em><span dir=\"auto\">\u201emus\u00ed b\u00fdt p\u0159ipravena na v\u00e1lku\u201c.<\/span><\/em><span dir=\"auto\">\u00a0Zm\u00ednil tak\u00e9 bl\u00ed\u017ee neur\u010den\u00e1\u00a0<\/span><em><span dir=\"auto\">\u201eglob\u00e1ln\u00ed rizika\u201c<\/span><\/em><span dir=\"auto\">\u00a0, kter\u00e1 podle n\u011bj\u00a0<\/span><em><span dir=\"auto\">\u201erostou\u201c.<\/span><\/em><\/p>\n<p><span dir=\"auto\">Minul\u00fd m\u011bs\u00edc prezident Donald Trump p\u0159ejmenoval ministerstvo obrany na ministerstvo v\u00e1lky. V \u00fater\u00fd Hegseth prohl\u00e1sil, \u017ee jeho jedin\u00fdm posl\u00e1n\u00edm bude veden\u00ed v\u00e1lek. Tato ozn\u00e1men\u00ed p\u0159i\u0161la v dob\u011b, kdy Pentagon ud\u011blil v\u00fdrobci zbran\u00ed Raytheon kontrakt v hodnot\u011b 5 miliard dolar\u016f na jeho raketov\u00fd syst\u00e9m Coyote uprost\u0159ed bezprecedentn\u00edho nav\u00fd\u0161en\u00ed rozpo\u010dtu.<\/span><\/p>\n<p><span dir=\"auto\">Po\u017eadovan\u00fd rozpo\u010det B\u00edl\u00e9ho domu na obranu na fisk\u00e1ln\u00ed rok 2026 \u010dinil 1,01 bilionu dolar\u016f, co\u017e p\u0159edstavuje n\u00e1r\u016fst o 13,4 % oproti p\u0159edchoz\u00edmu roku. Wall Street Journal d\u0159\u00edve informoval, \u017ee Pentagon se sna\u017e\u00ed\u00a0<\/span><em><span dir=\"auto\">\u201ezdvojn\u00e1sobit nebo dokonce z\u010dty\u0159n\u00e1sobit\u201c<\/span><\/em><span dir=\"auto\">\u00a0produkci raket s odvol\u00e1n\u00edm na obavy z vy\u010derp\u00e1n\u00ed z\u00e1sob. Zpr\u00e1va to spojila s mo\u017en\u00fdmi p\u0159\u00edpravami na konflikt s \u010c\u00ednou.<\/span><\/p>\n<p><img decoding=\"async\" loading=\"lazy\" class=\"alignnone size-full wp-image-1185\" src=\"http:\/\/www.infokuryr.cz\/n\/wp-content\/uploads\/2021\/04\/kuryr-podpis.png\" alt=\"\" width=\"84\" height=\"24\" \/><\/p>\n<p><img decoding=\"async\" loading=\"lazy\" class=\"wp-image-86739 aligncenter\" src=\"http:\/\/www.infokuryr.cz\/n\/wp-content\/uploads\/2025\/08\/volby-program-211x300.png\" alt=\"\" width=\"726\" height=\"1032\" srcset=\"https:\/\/www.infokuryr.cz\/n\/wp-content\/uploads\/2025\/08\/volby-program-211x300.png 211w, https:\/\/www.infokuryr.cz\/n\/wp-content\/uploads\/2025\/08\/volby-program-721x1024.png 721w, https:\/\/www.infokuryr.cz\/n\/wp-content\/uploads\/2025\/08\/volby-program-768x1091.png 768w, https:\/\/www.infokuryr.cz\/n\/wp-content\/uploads\/2025\/08\/volby-program-1081x1536.png 1081w, https:\/\/www.infokuryr.cz\/n\/wp-content\/uploads\/2025\/08\/volby-program-1442x2048.png 1442w, https:\/\/www.infokuryr.cz\/n\/wp-content\/uploads\/2025\/08\/volby-program-1024x1455.png 1024w\" sizes=\"(max-width: 726px) 100vw, 726px\" \/><\/p>\n","protected":false},"excerpt":{"rendered":"<p>Ministr obrany prohl\u00e1sil, \u017ee Washington nal\u00e9hav\u011b pot\u0159ebuje v\u00edce voj\u00e1k\u016f, zbran\u00ed a munice USA se mus\u00ed&#8230;<\/p>\n","protected":false},"author":2,"featured_media":88967,"comment_status":"closed","ping_status":"closed","sticky":false,"template":"","format":"standard","meta":[],"categories":[7],"tags":[380,37,40],"_links":{"self":[{"href":"https:\/\/www.infokuryr.cz\/n\/wp-json\/wp\/v2\/posts\/88966"}],"collection":[{"href":"https:\/\/www.infokuryr.cz\/n\/wp-json\/wp\/v2\/posts"}],"about":[{"href":"https:\/\/www.infokuryr.cz\/n\/wp-json\/wp\/v2\/types\/post"}],"author":[{"embeddable":true,"href":"https:\/\/www.infokuryr.cz\/n\/wp-json\/wp\/v2\/users\/2"}],"replies":[{"embeddable":true,"href":"https:\/\/www.infokuryr.cz\/n\/wp-json\/wp\/v2\/comments?post=88966"}],"version-history":[{"count":0,"href":"https:\/\/www.infokuryr.cz\/n\/wp-json\/wp\/v2\/posts\/88966\/revisions"}],"wp:featuredmedia":[{"embeddable":true,"href":"https:\/\/www.infokuryr.cz\/n\/wp-json\/wp\/v2\/media\/88967"}],"wp:attachment":[{"href":"https:\/\/www.infokuryr.cz\/n\/wp-json\/wp\/v2\/media?parent=88966"}],"wp:term":[{"taxonomy":"category","embeddable":true,"href":"https:\/\/www.infokuryr.cz\/n\/wp-json\/wp\/v2\/categories?post=88966"},{"taxonomy":"post_tag","embeddable":true,"href":"https:\/\/www.infokuryr.cz\/n\/wp-json\/wp\/v2\/tags?post=88966"}],"curies":[{"name":"wp","href":"https:\/\/api.w.org\/{rel}","templated":true}]}}