{"id":88936,"date":"2025-10-01T00:18:37","date_gmt":"2025-09-30T22:18:37","guid":{"rendered":"https:\/\/www.infokuryr.cz\/n\/?p=88936"},"modified":"2025-09-30T14:46:50","modified_gmt":"2025-09-30T12:46:50","slug":"globalni-prevrat-probiha-digitalni-identifikace-konec-hry-pro-lidstvo","status":"publish","type":"post","link":"https:\/\/www.infokuryr.cz\/n\/2025\/10\/01\/globalni-prevrat-probiha-digitalni-identifikace-konec-hry-pro-lidstvo\/","title":{"rendered":"Glob\u00e1ln\u00ed p\u0159evrat prob\u00edh\u00e1 \u2013 Digit\u00e1ln\u00ed identifikace, konec hry pro lidstvo"},"content":{"rendered":"<div id=\"fb-root\"><\/div>\n<div class=\"elementor-element elementor-element-1fb4c2c elementor-widget elementor-widget-theme-post-content\" data-id=\"1fb4c2c\" data-element_type=\"widget\" data-widget_type=\"theme-post-content.default\">\n<div class=\"elementor-widget-container\">\n<h2 class=\"wp-block-heading\"><span dir=\"auto\">Digit\u00e1ln\u00ed ID \u2013 Dokonal\u00fd kontroln\u00ed n\u00e1stroj<\/span><\/h2>\n<p><strong><span dir=\"auto\">\u201eJakmile bude zaveden digit\u00e1ln\u00ed identifika\u010dn\u00ed k\u00f3d, bude pro lidstvo konec.\u201c<\/span><\/strong><br \/>\n<span dir=\"auto\">Touto v\u011btou je zakon\u010deno video, kter\u00e9 v sou\u010dasn\u00e9 dob\u011b na internetu vyvol\u00e1v\u00e1 rozruch. A v\u00fdsti\u017en\u011b shrnuje sd\u011blen\u00ed: Nejde o pohodl\u00ed, ale o moc.<\/span><\/p>\n<h3 class=\"wp-block-heading\"><span dir=\"auto\">Star\u00fd p\u0159\u00edb\u011bh \u2013 p\u0159ebalen\u00fd<\/span><\/h3>\n<p><span dir=\"auto\">Touha ovl\u00e1dat lidi je star\u00e1 jako lidstvo samo. Ale to, co se kdysi d\u011blo s hranicemi, pasy a dan\u011bmi, se nyn\u00ed digitalizuje. Mluv\u00edme o\u00a0<\/span><strong><span dir=\"auto\">kone\u010dn\u00e9 centralizaci kontroly<\/span><\/strong><span dir=\"auto\">\u00a0v rukou\u00a0<\/span><strong><span dir=\"auto\">nevolen\u00fdch, nadn\u00e1rodn\u00edch organizac\u00ed<\/span><\/strong><span dir=\"auto\">\u00a0. Zdroje, energie, potraviny \u2013 v\u0161e by m\u011blo skon\u010dit ve stejn\u00fdch soukrom\u00fdch kaps\u00e1ch.<\/span><\/p>\n<h3 class=\"wp-block-heading\"><span dir=\"auto\">Od demokracie k technokracii<\/span><\/h3>\n<p><span dir=\"auto\">P\u0159epis popisuje radik\u00e1ln\u00ed transformaci:\u00a0<\/span><strong><span dir=\"auto\">svr\u017een\u00ed liber\u00e1ln\u00ed demokracie<\/span><\/strong><span dir=\"auto\">\u00a0ve prosp\u011bch\u00a0<\/span><strong><span dir=\"auto\">glob\u00e1ln\u00ed technokracie<\/span><\/strong><span dir=\"auto\">\u00a0. \u201eSt\u00e1tn\u00ed p\u0159evrat bez tank\u016f\u201c \u2013 s pravidly, digit\u00e1ln\u00edmi m\u011bnami a soci\u00e1ln\u00edmi kreditn\u00edmi body m\u00edsto hotovosti a volebn\u00edho pr\u00e1va.\u00a0<\/span><strong><span dir=\"auto\">Obr\u00e1cen\u00e9 v\u011bzen\u00ed<\/span><\/strong><span dir=\"auto\">\u00a0: form\u00e1ln\u011b svobodn\u00ed, ve skute\u010dnosti z\u00e1visl\u00ed.<\/span><\/p>\n<h3 class=\"wp-block-heading\"><span dir=\"auto\">Klima jako z\u00e1minka<\/span><\/h3>\n<p><span dir=\"auto\">Pl\u00e1n: ovl\u00e1dnout p\u016fdu, omezit zem\u011bd\u011blstv\u00ed a transformovat dod\u00e1vky potravin a energie \u2013 to v\u0161e pod z\u00e1minkou klimatick\u00e9 krize, kter\u00e1\u00a0<\/span><strong><span dir=\"auto\">nen\u00ed jasn\u011b v\u011bdecky prok\u00e1z\u00e1na<\/span><\/strong><span dir=\"auto\">\u00a0. Video popisuje \u201e\u010distou nulovou produkci\u201c jako\u00a0<\/span><strong><span dir=\"auto\">\u201eekonomickou sebevra\u017edu<\/span><\/strong><span dir=\"auto\">\u00a0\u201c Evropy, jako\u00a0<\/span><strong><span dir=\"auto\">\u00famyslnou deindustrializaci<\/span><\/strong><span dir=\"auto\">\u00a0a zb\u00edda\u010dov\u00e1n\u00ed populace.<\/span><\/p>\n<h3 class=\"wp-block-heading\"><span dir=\"auto\">V\u00e1lka proti zem\u011bd\u011blstv\u00ed<\/span><\/h3>\n<p><span dir=\"auto\">Obzvl\u00e1\u0161t\u011b v\u00fdbu\u0161n\u00e9: \u0158e\u010dn\u00edk hovo\u0159\u00ed o\u00a0<\/span><strong><span dir=\"auto\">\u201eglob\u00e1ln\u00ed v\u00e1lce proti zem\u011bd\u011blstv\u00ed<\/span><\/strong><span dir=\"auto\">\u00a0\u201c. Zem\u011bd\u011blci se vzd\u00e1vaj\u00ed a hroz\u00ed nedostatek potravin. Ti, kdo nahrazuj\u00ed skute\u010dn\u00e9 potraviny \u201efarmaceutick\u00fdmi potravinami\u201c, neovl\u00e1daj\u00ed jen trhy, ale i samotn\u00e9 lidstvo.<\/span><\/p>\n<h3 class=\"wp-block-heading\"><span dir=\"auto\">PR podvod, nebo pl\u00e1n?<\/span><\/h3>\n<p><span dir=\"auto\">To, co se prod\u00e1v\u00e1 jako klimatick\u00e1 politika, se zde jev\u00ed jako\u00a0<\/span><strong><span dir=\"auto\">nejv\u011bt\u0161\u00ed PR podvod ve sv\u011btov\u00fdch d\u011bjin\u00e1ch<\/span><\/strong><span dir=\"auto\">\u00a0\u2013 a jako\u00a0<\/span><strong><span dir=\"auto\">ak\u010dn\u00ed pl\u00e1n<\/span><\/strong><span dir=\"auto\">\u00a0: tot\u00e1ln\u00ed dohled nad ka\u017edou \u010dinnost\u00ed, od spot\u0159eby energie a\u017e po \u017eivotn\u00ed styl.<\/span><\/p>\n<h3 class=\"wp-block-heading\"><span dir=\"auto\">Digit\u00e1ln\u00ed identifika\u010dn\u00ed \u010d\u00edslo jako koncov\u00fd bod<\/span><\/h3>\n<p><span dir=\"auto\">Posledn\u00ed v\u011bta videa je \u0161okuj\u00edc\u00ed:<\/span><\/p>\n<p><em><span dir=\"auto\">\u201eJakmile bude zaveden digit\u00e1ln\u00ed identifika\u010dn\u00ed k\u00f3d, bude to pro lidstvo konec.\u201c<\/span><\/em><\/p>\n<p><span dir=\"auto\">Z toho je jasn\u00e9: digit\u00e1ln\u00ed identita nen\u00ed jen dal\u0161\u00edm pohodln\u00fdm n\u00e1strojem \u2013 je to\u00a0<\/span><strong><span dir=\"auto\">kl\u00ed\u010d k \u00fapln\u00e9 kontrole<\/span><\/strong><span dir=\"auto\">\u00a0. Kdokoli vlastn\u00ed syst\u00e9m, rozhoduje o tom, kdo dal\u0161\u00ed se m\u016f\u017ee zapojit.<\/span><\/p>\n<h3 class=\"wp-block-heading\"><span dir=\"auto\">Z\u00e1v\u011br<\/span><\/h3>\n<p><span dir=\"auto\">A\u0165 u\u017e s anal\u00fdzou videa souhlas\u00edte, nebo ne, zd\u016fraz\u0148uje kl\u00ed\u010dovou ot\u00e1zku na\u0161\u00ed doby:\u00a0<\/span><strong><span dir=\"auto\">Komu pat\u0159\u00ed infrastruktura, na kter\u00e9 \u017eijeme?<\/span><\/strong><span dir=\"auto\">\u00a0Odpov\u011b\u010f na tuto ot\u00e1zku ur\u010d\u00ed, zda se demokracie stane p\u0159e\u017eitkem minulosti, \u010di nikoli.<\/span><\/p>\n<p><span dir=\"auto\">Video s\u00a0<\/span><a href=\"https:\/\/www.bitchute.com\/video\/3OEyzKumuPkG\" target=\"_blank\" rel=\"noreferrer noopener\" data-type=\"link\" data-id=\"https:\/\/www.bitchute.com\/video\/3OEyzKumuPkG\"><span dir=\"auto\">n\u011bmeck\u00fdmi titulky<\/span><\/a><span dir=\"auto\">\u00a0:<\/span><\/p>\n<p><iframe src=\"https:\/\/www.bitchute.com\/embed\/3OEyzKumuPkG\" frameborder=\"0\" scrolling=\"no\" allowfullscreen=\"allowfullscreen\" data-mce-fragment=\"1\"><\/iframe><\/p>\n<p><img decoding=\"async\" loading=\"lazy\" class=\"alignnone size-full wp-image-1185\" src=\"http:\/\/www.infokuryr.cz\/n\/wp-content\/uploads\/2021\/04\/kuryr-podpis.png\" alt=\"\" width=\"84\" height=\"24\" \/><\/p>\n<p><img decoding=\"async\" loading=\"lazy\" class=\"wp-image-86739 aligncenter\" src=\"http:\/\/www.infokuryr.cz\/n\/wp-content\/uploads\/2025\/08\/volby-program-211x300.png\" alt=\"\" width=\"736\" height=\"1046\" srcset=\"https:\/\/www.infokuryr.cz\/n\/wp-content\/uploads\/2025\/08\/volby-program-211x300.png 211w, https:\/\/www.infokuryr.cz\/n\/wp-content\/uploads\/2025\/08\/volby-program-721x1024.png 721w, https:\/\/www.infokuryr.cz\/n\/wp-content\/uploads\/2025\/08\/volby-program-768x1091.png 768w, https:\/\/www.infokuryr.cz\/n\/wp-content\/uploads\/2025\/08\/volby-program-1081x1536.png 1081w, https:\/\/www.infokuryr.cz\/n\/wp-content\/uploads\/2025\/08\/volby-program-1442x2048.png 1442w, https:\/\/www.infokuryr.cz\/n\/wp-content\/uploads\/2025\/08\/volby-program-1024x1455.png 1024w\" sizes=\"(max-width: 736px) 100vw, 736px\" \/><\/div>\n<\/div>\n<div class=\"elementor-element elementor-element-46a8472 elementor-grid-3 elementor-grid-tablet-2 elementor-grid-mobile-1 elementor-posts--thumbnail-top elementor-widget elementor-widget-posts\" data-id=\"46a8472\" data-element_type=\"widget\" data-settings=\"{&quot;classic_row_gap&quot;:{&quot;unit&quot;:&quot;px&quot;,&quot;size&quot;:25,&quot;sizes&quot;:[]},&quot;classic_columns&quot;:&quot;3&quot;,&quot;classic_columns_tablet&quot;:&quot;2&quot;,&quot;classic_columns_mobile&quot;:&quot;1&quot;,&quot;classic_row_gap_tablet&quot;:{&quot;unit&quot;:&quot;px&quot;,&quot;size&quot;:&quot;&quot;,&quot;sizes&quot;:[]},&quot;classic_row_gap_mobile&quot;:{&quot;unit&quot;:&quot;px&quot;,&quot;size&quot;:&quot;&quot;,&quot;sizes&quot;:[]}}\" data-widget_type=\"posts.classic\">\n<div class=\"elementor-widget-container\">\n<div class=\"elementor-posts-container elementor-posts elementor-posts--skin-classic elementor-grid elementor-has-item-ratio\" role=\"list\"><\/div>\n<\/div>\n<\/div>\n","protected":false},"excerpt":{"rendered":"<p>Digit\u00e1ln\u00ed ID \u2013 Dokonal\u00fd kontroln\u00ed n\u00e1stroj \u201eJakmile bude zaveden digit\u00e1ln\u00ed identifika\u010dn\u00ed k\u00f3d, bude pro lidstvo&#8230;<\/p>\n","protected":false},"author":2,"featured_media":83817,"comment_status":"closed","ping_status":"closed","sticky":false,"template":"","format":"standard","meta":[],"categories":[7],"tags":[2214,279,794,276],"_links":{"self":[{"href":"https:\/\/www.infokuryr.cz\/n\/wp-json\/wp\/v2\/posts\/88936"}],"collection":[{"href":"https:\/\/www.infokuryr.cz\/n\/wp-json\/wp\/v2\/posts"}],"about":[{"href":"https:\/\/www.infokuryr.cz\/n\/wp-json\/wp\/v2\/types\/post"}],"author":[{"embeddable":true,"href":"https:\/\/www.infokuryr.cz\/n\/wp-json\/wp\/v2\/users\/2"}],"replies":[{"embeddable":true,"href":"https:\/\/www.infokuryr.cz\/n\/wp-json\/wp\/v2\/comments?post=88936"}],"version-history":[{"count":1,"href":"https:\/\/www.infokuryr.cz\/n\/wp-json\/wp\/v2\/posts\/88936\/revisions"}],"predecessor-version":[{"id":88937,"href":"https:\/\/www.infokuryr.cz\/n\/wp-json\/wp\/v2\/posts\/88936\/revisions\/88937"}],"wp:featuredmedia":[{"embeddable":true,"href":"https:\/\/www.infokuryr.cz\/n\/wp-json\/wp\/v2\/media\/83817"}],"wp:attachment":[{"href":"https:\/\/www.infokuryr.cz\/n\/wp-json\/wp\/v2\/media?parent=88936"}],"wp:term":[{"taxonomy":"category","embeddable":true,"href":"https:\/\/www.infokuryr.cz\/n\/wp-json\/wp\/v2\/categories?post=88936"},{"taxonomy":"post_tag","embeddable":true,"href":"https:\/\/www.infokuryr.cz\/n\/wp-json\/wp\/v2\/tags?post=88936"}],"curies":[{"name":"wp","href":"https:\/\/api.w.org\/{rel}","templated":true}]}}