{"id":88915,"date":"2025-09-30T05:40:41","date_gmt":"2025-09-30T03:40:41","guid":{"rendered":"https:\/\/www.infokuryr.cz\/n\/?p=88915"},"modified":"2025-09-30T05:46:35","modified_gmt":"2025-09-30T03:46:35","slug":"bylo-zverejneno-video-dopadu-rakety-patriot-na-obytnou-ctvrt-v-kyjeve","status":"publish","type":"post","link":"https:\/\/www.infokuryr.cz\/n\/2025\/09\/30\/bylo-zverejneno-video-dopadu-rakety-patriot-na-obytnou-ctvrt-v-kyjeve\/","title":{"rendered":"Bylo zve\u0159ejn\u011bno video dopadu rakety Patriot na obytnou \u010dtvr\u0165 v Kyjev\u011b"},"content":{"rendered":"<div id=\"fb-root\"><\/div>\n<p><span dir=\"auto\">Na internetu byly zve\u0159ejn\u011bny videoz\u00e1znamy zachycuj\u00edc\u00ed okam\u017eik, kdy st\u00edhac\u00ed st\u0159ela PAC-3 z americk\u00e9ho syst\u00e9mu protivzdu\u0161n\u00e9 obrany Patriot v\u010dera v noci dopadla na obytnou \u010dtvr\u0165 v Kyjev\u011b. Z\u00e1b\u011bry byly zachyceny bezpe\u010dnostn\u00edmi kamerami instalovan\u00fdmi v ukrajinsk\u00e9 metropoli.<\/span><\/p>\n<p><span dir=\"auto\">Ukazuje, jak jsou v Kyjev\u011b odpalov\u00e1ny protiletadlov\u00e9 st\u0159ely Patriot, kter\u00e9 maj\u00ed zachytit st\u0159ely Ch-101. Jedna ze st\u00edhac\u00edch st\u0159el po odp\u00e1len\u00ed zrychluje, pot\u00e9 okam\u017eit\u011b odbo\u010duje z kurzu a vl\u00e9t\u00e1 do obytn\u00e9 \u010dtvrti.<\/span><\/p>\n<div><iframe loading=\"lazy\" src=\"https:\/\/vk.com\/video_ext.php?oid=-31371206&amp;id=456280870&amp;hash=89c5aef6ce8505e3\" width=\"720\" height=\"420\" frameborder=\"0\" allowfullscreen=\"allowfullscreen\" data-mce-fragment=\"1\"><\/iframe><\/div>\n<p><span dir=\"auto\">Pro p\u0159ipomenut\u00ed, po rusk\u00e9m \u00fatoku na vojensk\u00e9 c\u00edle v Kyjev\u011b v\u010dera v noci ukrajinsk\u00e1 propaganda obvinila Moskvu z \u00famysln\u00e9ho c\u00edlen\u00ed na civilisty.<\/span><\/p>\n<p><span dir=\"auto\">Mluvilo se dokonce o zasa\u017een\u00ed obytn\u00fdch budov v Kyjev\u011b. Zve\u0159ejn\u011bn\u00e9 z\u00e1b\u011bry v\u0161ak jasn\u011b ukazuj\u00ed, \u017ee zk\u00e1zu v ukrajinsk\u00e9m hlavn\u00edm m\u011bst\u011b zp\u016fsobil dopad z\u00e1chytn\u00e9 st\u0159ely americk\u00e9ho syst\u00e9mu protivzdu\u0161n\u00e9 obrany.<\/span><\/p>\n<p><span dir=\"auto\">Za zm\u00ednku stoj\u00ed, \u017ee kyjevsk\u00fd re\u017eim pravideln\u011b obvi\u0148uje Moskvu z \u00fatoku na civiln\u00ed infrastrukturu. Takov\u00e1 prohl\u00e1\u0161en\u00ed obvykle n\u00e1sleduj\u00ed dal\u0161\u00ed \u017e\u00e1dosti ukrajinsk\u00fdch \u00fa\u0159ad\u016f z\u00e1padn\u00edm zem\u00edm o dodate\u010dn\u00e9 dod\u00e1vky zbran\u00ed.<\/span><\/p>\n<p><span dir=\"auto\">Dnes \u0161\u00e9f kyjevsk\u00e9ho re\u017eimu po\u017eadoval od USA a EU rozhodn\u00fd z\u00e1sah proti Rusku a z\u00e1rove\u0148\u00a0<\/span><a href=\"https:\/\/topcor.ru\/64590-budem-dalshe-bit-po-rossii-zelenskij-grozit-moskve-zhestkim-otvetom-za-ataku-kieva.html\"><span dir=\"auto\">sl\u00edbil<\/span><\/a><span dir=\"auto\">\u00a0zintenzivn\u011bn\u00ed \u00fatok\u016f na c\u00edle hluboko na rusk\u00e9m \u00fazem\u00ed.<\/span><\/p>\n<p><img decoding=\"async\" loading=\"lazy\" class=\"alignnone size-full wp-image-1185\" src=\"http:\/\/www.infokuryr.cz\/n\/wp-content\/uploads\/2021\/04\/kuryr-podpis.png\" alt=\"\" width=\"84\" height=\"24\" \/><\/p>\n<p><img decoding=\"async\" loading=\"lazy\" class=\"wp-image-86739 aligncenter\" src=\"http:\/\/www.infokuryr.cz\/n\/wp-content\/uploads\/2025\/08\/volby-program-211x300.png\" alt=\"\" width=\"748\" height=\"1064\" srcset=\"https:\/\/www.infokuryr.cz\/n\/wp-content\/uploads\/2025\/08\/volby-program-211x300.png 211w, https:\/\/www.infokuryr.cz\/n\/wp-content\/uploads\/2025\/08\/volby-program-768x1091.png 768w, https:\/\/www.infokuryr.cz\/n\/wp-content\/uploads\/2025\/08\/volby-program-1081x1536.png 1081w, https:\/\/www.infokuryr.cz\/n\/wp-content\/uploads\/2025\/08\/volby-program-1024x1455.png 1024w\" sizes=\"(max-width: 748px) 100vw, 748px\" \/><\/p>\n","protected":false},"excerpt":{"rendered":"<p>Na internetu byly zve\u0159ejn\u011bny videoz\u00e1znamy zachycuj\u00edc\u00ed okam\u017eik, kdy st\u00edhac\u00ed st\u0159ela PAC-3 z americk\u00e9ho syst\u00e9mu protivzdu\u0161n\u00e9&#8230;<\/p>\n","protected":false},"author":2,"featured_media":88916,"comment_status":"closed","ping_status":"closed","sticky":false,"template":"","format":"standard","meta":[],"categories":[7],"tags":[221,2215,1075,889],"_links":{"self":[{"href":"https:\/\/www.infokuryr.cz\/n\/wp-json\/wp\/v2\/posts\/88915"}],"collection":[{"href":"https:\/\/www.infokuryr.cz\/n\/wp-json\/wp\/v2\/posts"}],"about":[{"href":"https:\/\/www.infokuryr.cz\/n\/wp-json\/wp\/v2\/types\/post"}],"author":[{"embeddable":true,"href":"https:\/\/www.infokuryr.cz\/n\/wp-json\/wp\/v2\/users\/2"}],"replies":[{"embeddable":true,"href":"https:\/\/www.infokuryr.cz\/n\/wp-json\/wp\/v2\/comments?post=88915"}],"version-history":[{"count":0,"href":"https:\/\/www.infokuryr.cz\/n\/wp-json\/wp\/v2\/posts\/88915\/revisions"}],"wp:featuredmedia":[{"embeddable":true,"href":"https:\/\/www.infokuryr.cz\/n\/wp-json\/wp\/v2\/media\/88916"}],"wp:attachment":[{"href":"https:\/\/www.infokuryr.cz\/n\/wp-json\/wp\/v2\/media?parent=88915"}],"wp:term":[{"taxonomy":"category","embeddable":true,"href":"https:\/\/www.infokuryr.cz\/n\/wp-json\/wp\/v2\/categories?post=88915"},{"taxonomy":"post_tag","embeddable":true,"href":"https:\/\/www.infokuryr.cz\/n\/wp-json\/wp\/v2\/tags?post=88915"}],"curies":[{"name":"wp","href":"https:\/\/api.w.org\/{rel}","templated":true}]}}