{"id":88887,"date":"2025-09-30T04:18:18","date_gmt":"2025-09-30T02:18:18","guid":{"rendered":"https:\/\/www.infokuryr.cz\/n\/?p=88887"},"modified":"2025-09-30T04:18:18","modified_gmt":"2025-09-30T02:18:18","slug":"dcera-americke-celebrity-na-pude-osn-v-roce-2025-zada-globalni-zavedeni-povinnych-rousek","status":"publish","type":"post","link":"https:\/\/www.infokuryr.cz\/n\/2025\/09\/30\/dcera-americke-celebrity-na-pude-osn-v-roce-2025-zada-globalni-zavedeni-povinnych-rousek\/","title":{"rendered":"Dcera americk\u00e9 celebrity na p\u016fd\u011b OSN v roce 2025 \u017e\u00e1d\u00e1 glob\u00e1ln\u00ed zaveden\u00ed povinn\u00fdch rou\u0161ek"},"content":{"rendered":"<div id=\"fb-root\"><\/div>\n<p><span dir=\"auto\">(Baxter Dmitry,\u00a0<\/span><a href=\"https:\/\/thepeoplesvoice.tv\/ben-affleck-jennifer-garners-daughter-un-permanent-masking-worldwide\/\" target=\"_blank\" rel=\"noopener\"><span dir=\"auto\">The People&#8217;s Voice ) Tento t\u00fdden v Organizaci spojen\u00fdch n\u00e1rod\u016f vyu\u017eila Violet Affleckov\u00e1 (dcera Jennifer Garnerov\u00e9 a Bena Afflecka) jako \u201eadvok\u00e1tka ml\u00e1de\u017ee\u201c sv\u016fj glob\u00e1ln\u00ed debut na prohl\u00e1\u0161en\u00ed, \u017ee pandemie Covidu-19 st\u00e1le \u201eprob\u00edh\u00e1\u201c, a proto \u017e\u00e1d\u00e1,\u00a0<\/span><\/a><a href=\"https:\/\/www.badatel.net\/povinne-ruska-sposobili-detom-nezvratne-poskodenie-mozgu-pojdu-krajci-s-mikasom-do-vazenia\/\"><span dir=\"auto\">aby<\/span><\/a><span dir=\"auto\">\u00a0trval, prob\u00edh\u00e1, a proto \u017e\u00e1d\u00e1, aby trval, prob\u00edh\u00e1\u00a0.<\/span><\/p>\n<p><span dir=\"auto\">Devaten\u00e1ctilet\u00e1 prv\u0148\u00e1\u010dka z Univerzity v Yale, kter\u00e1 b\u011bhem cel\u00e9ho projevu m\u011bla nasazen hrub\u00fd respir\u00e1tor N95, \u0159ekla, \u017ee no\u0161en\u00ed rou\u0161ek a filtrace vzduchu by m\u011bly b\u00fdt pova\u017eov\u00e1ny za z\u00e1kladn\u00ed lidsk\u00e1 pr\u00e1va a m\u011bly by b\u00fdt trvale za\u010dlen\u011bny do ka\u017edodenn\u00edho \u017eivota.<\/span><\/p>\n<p><em><span dir=\"auto\">\u201eL\u00edd\u0159i na v\u0161ech \u00farovn\u00edch n\u00e1m \u0159\u00edkaj\u00ed, \u017ee jsme budoucnost,\u201c<\/span><\/em><span dir=\"auto\">\u00a0\u0159ekla ve sv\u00e9m projevu ze dne 23. z\u00e1\u0159\u00ed 2025.<\/span><\/p>\n<p><em><span dir=\"auto\">\u201eAle pokud jde o prob\u00edhaj\u00edc\u00ed pandemii, na\u0161e p\u0159\u00edtomnost je kraden\u00e1 p\u0159\u00edmo p\u0159ed na\u0161ima o\u010dima.\u201c<\/span><\/em><\/p>\n<p><span dir=\"auto\">Jin\u00fdmi slovy: Violetin\u00fdm \u0159e\u0161en\u00edm toho, co popisuje jako nekone\u010dnou krizi, je, aby cel\u00e9 lidstvo \u017eilo donekone\u010dna za vzduchov\u00fdmi filtry a l\u00e1tkami na tv\u00e1\u0159i.<\/span><\/p>\n<p><span dir=\"auto\">Svou vizi p\u0159irovnala k z\u00e1kaz\u016fm kou\u0159en\u00ed v minulosti a navrhla, aby si spole\u010dnost tak zvykla na rou\u0161ky a r\u016fzn\u00e9 d\u00fdchac\u00ed syst\u00e9my, \u017ee d\u011bti vyrostou tak, \u017ee je nikdy nebudou zpochyb\u0148ovat.<\/span><\/p>\n<p><img decoding=\"async\" loading=\"lazy\" class=\"aligncenter size-full wp-image-70692\" src=\"https:\/\/www.badatel.net\/wp-content\/uploads\/2025\/09\/garner-affleck.jpeg\" sizes=\"(max-width: 640px) 100vw, 640px\" srcset=\"https:\/\/www.badatel.net\/wp-content\/uploads\/2025\/09\/garner-affleck.jpeg 640w, https:\/\/www.badatel.net\/wp-content\/uploads\/2025\/09\/garner-affleck-300x225.jpeg 300w\" alt=\"\" width=\"640\" height=\"480\" \/><\/p>\n<p><em><span dir=\"auto\">Jennifer Garnerov\u00e1 se svou dcerou Violet v Los Angeles<\/span><\/em><\/p>\n<h2><span dir=\"auto\">Nejde o ojedin\u011bl\u00fd projev \u0161\u00edlenstv\u00ed<\/span><\/h2>\n<p><span dir=\"auto\">Tento projev nebyl jednor\u00e1zov\u00fd. Za\u010d\u00e1tkem leto\u0161n\u00edho roku Violet publikovala esej v \u010dasopise\u00a0<\/span><em><span dir=\"auto\">The Yale Global Health Review<\/span><\/em><span dir=\"auto\">\u00a0, ve kter\u00e9 p\u0159irovnala reakci na pandemii ke klimatick\u00fdm zm\u011bn\u00e1m.<\/span><\/p>\n<p><span dir=\"auto\">V \u010dervenci 2024 zase vypov\u00eddala p\u0159ed Radou okresu Los Angeles, ve kter\u00e9 po\u017eadovala \u201edostupnost rou\u0161ek, test\u016f a l\u00e9\u010dby, filtraci vzduchu ve vl\u00e1dn\u00edch za\u0159\u00edzen\u00edch a odpor v\u016f\u010di z\u00e1kaz\u016fm rou\u0161ek\u201c.<\/span><\/p>\n<p><em><span dir=\"auto\">\u201eV roce 2019 jsem se nakazila post-virovou chorobou,\u201c<\/span><\/em><span dir=\"auto\">\u00a0uvedla.<\/span><\/p>\n<p><em><span dir=\"auto\">&#8222;Te\u010f jsem v po\u0159\u00e1dku, ale na vlastn\u00ed o\u010di jsem vid\u011bla, \u017ee medic\u00edna nem\u00e1 v\u017edy odpov\u011bdi na n\u00e1sledky ani men\u0161\u00edch vir\u016f. Pandemie Covidu-19 to je\u0161t\u011b v\u00edce zv\u00fdraznila.&#8220;<\/span><\/em><\/p>\n<p><span dir=\"auto\">Kritici v\u0161ak jej\u00ed vystoupen\u00ed v OSN vn\u00edmali jako \u010dist\u00e9 divadlo. Optika dcery celebrity s maskou p\u0159ed mikrofonem a trvaj\u00edc\u00ed na tom, \u017ee pandemie nikdy neskon\u010dila, mnoh\u00fdm p\u0159ipadala jako pokus potrestat ve\u0159ejnost omezen\u00edmi, kter\u00e1 jsou pro v\u011bt\u0161inu lid\u00ed u\u017e d\u00e1vnou minulost\u00ed.<\/span><\/p>\n<p><span dir=\"auto\">To, co bylo prezentov\u00e1no jako obhajoba \u201e\u010dist\u00e9ho ovzdu\u0161\u00ed\u201c, p\u016fsobilo m\u00edsto toho jako sadistick\u00fd po\u017eadavek na trvalou pandemii \u2013 vize lidstva nav\u017edy za rou\u0161kami, kterou p\u0159ednesl n\u011bkdo, komu dve\u0159e na sv\u011btovou sc\u00e9nu otev\u0159eli celebritn\u00ed rodi\u010de, ne jej\u00ed odborn\u00e9 znalosti.<\/span><\/p>\n<p><span dir=\"auto\">Autor: Baxter Dmitry, Zdroj:\u00a0<\/span><a href=\"https:\/\/thepeoplesvoice.tv\/ben-affleck-jennifer-garners-daughter-un-permanent-masking-worldwide\/\" target=\"_blank\" rel=\"noopener\"><span dir=\"auto\">thepeoplesvoice.tv<\/span><\/a><span dir=\"auto\">\u00a0<\/span><\/p>\n<p><img decoding=\"async\" loading=\"lazy\" class=\"wp-image-86739 aligncenter\" src=\"http:\/\/www.infokuryr.cz\/n\/wp-content\/uploads\/2025\/08\/volby-program-211x300.png\" alt=\"\" width=\"785\" height=\"1116\" srcset=\"https:\/\/www.infokuryr.cz\/n\/wp-content\/uploads\/2025\/08\/volby-program-211x300.png 211w, https:\/\/www.infokuryr.cz\/n\/wp-content\/uploads\/2025\/08\/volby-program-721x1024.png 721w, https:\/\/www.infokuryr.cz\/n\/wp-content\/uploads\/2025\/08\/volby-program-768x1091.png 768w, https:\/\/www.infokuryr.cz\/n\/wp-content\/uploads\/2025\/08\/volby-program-1081x1536.png 1081w, https:\/\/www.infokuryr.cz\/n\/wp-content\/uploads\/2025\/08\/volby-program-1442x2048.png 1442w, https:\/\/www.infokuryr.cz\/n\/wp-content\/uploads\/2025\/08\/volby-program-1024x1455.png 1024w\" sizes=\"(max-width: 785px) 100vw, 785px\" \/><\/p>\n","protected":false},"excerpt":{"rendered":"<p>(Baxter Dmitry,\u00a0The People&#8217;s Voice ) Tento t\u00fdden v Organizaci spojen\u00fdch n\u00e1rod\u016f vyu\u017eila Violet Affleckov\u00e1 (dcera&#8230;<\/p>\n","protected":false},"author":2,"featured_media":88888,"comment_status":"closed","ping_status":"closed","sticky":false,"template":"","format":"standard","meta":[],"categories":[7],"tags":[1503,98,21],"_links":{"self":[{"href":"https:\/\/www.infokuryr.cz\/n\/wp-json\/wp\/v2\/posts\/88887"}],"collection":[{"href":"https:\/\/www.infokuryr.cz\/n\/wp-json\/wp\/v2\/posts"}],"about":[{"href":"https:\/\/www.infokuryr.cz\/n\/wp-json\/wp\/v2\/types\/post"}],"author":[{"embeddable":true,"href":"https:\/\/www.infokuryr.cz\/n\/wp-json\/wp\/v2\/users\/2"}],"replies":[{"embeddable":true,"href":"https:\/\/www.infokuryr.cz\/n\/wp-json\/wp\/v2\/comments?post=88887"}],"version-history":[{"count":0,"href":"https:\/\/www.infokuryr.cz\/n\/wp-json\/wp\/v2\/posts\/88887\/revisions"}],"wp:featuredmedia":[{"embeddable":true,"href":"https:\/\/www.infokuryr.cz\/n\/wp-json\/wp\/v2\/media\/88888"}],"wp:attachment":[{"href":"https:\/\/www.infokuryr.cz\/n\/wp-json\/wp\/v2\/media?parent=88887"}],"wp:term":[{"taxonomy":"category","embeddable":true,"href":"https:\/\/www.infokuryr.cz\/n\/wp-json\/wp\/v2\/categories?post=88887"},{"taxonomy":"post_tag","embeddable":true,"href":"https:\/\/www.infokuryr.cz\/n\/wp-json\/wp\/v2\/tags?post=88887"}],"curies":[{"name":"wp","href":"https:\/\/api.w.org\/{rel}","templated":true}]}}