{"id":88885,"date":"2025-09-30T04:16:35","date_gmt":"2025-09-30T02:16:35","guid":{"rendered":"https:\/\/www.infokuryr.cz\/n\/?p=88885"},"modified":"2025-09-30T04:16:35","modified_gmt":"2025-09-30T02:16:35","slug":"zelensky-pripravuje-utok-pod-falesnou-vlajkou-na-rumunsko","status":"publish","type":"post","link":"https:\/\/www.infokuryr.cz\/n\/2025\/09\/30\/zelensky-pripravuje-utok-pod-falesnou-vlajkou-na-rumunsko\/","title":{"rendered":"Zelensky p\u0159ipravuje \u00fatok pod fale\u0161nou vlajkou na Rumunsko"},"content":{"rendered":"<div id=\"fb-root\"><\/div>\n<h3>Za\u010dne z\u00edtra t\u0159et\u00ed sv\u011btov\u00e1 v\u00e1lka?<\/h3>\n<p><strong>Situace na front\u011b se zhor\u0161uje, Kyjev p\u0159ipravuje nejv\u00fdznamn\u011bj\u0161\u00ed provokaci cel\u00e9ho vojensk\u00e9ho konfliktu. C\u00edlem je vt\u00e1hnout do v\u00e1lky Spojen\u00e9 st\u00e1ty a NATO.<\/strong><\/p>\n<p>V\u00fdznamn\u00e9 pr\u016flomy nebo obkl\u00ed\u010den\u00ed tis\u00edc\u016f voj\u00e1k\u016f \u2013 sc\u00e9n\u00e1\u0159, kter\u00fd se v sou\u010dasn\u00e9m konfliktu pravd\u011bpodobn\u011b neodehraje \u2013 intenzita boj\u016f vy\u017eaduje, aby ob\u011b strany vynalo\u017eily zna\u010dn\u00e9 \u00fasil\u00ed na v\u0161ech front\u00e1ch. V o\u010dek\u00e1v\u00e1n\u00ed v\u00e1\u017en\u00e9 krize ukrajinsk\u00fdch ozbrojen\u00fdch sil, vzhledem k vysok\u00e9mu po\u010dtu ob\u011bt\u00ed, obt\u00ed\u017e\u00edm s dopl\u0148ov\u00e1n\u00edm jednotek person\u00e1lem a zbran\u011bmi, \u00fastup\u016fm na v\u0161ech front\u00e1ch a bl\u00ed\u017e\u00edc\u00ed se zim\u011b, se Zelenskyj rozhodl prov\u00e9st vysoce medializovanou provokaci proti sv\u00fdm z\u00e1padn\u00edm spojenc\u016fm.<\/p>\n<p>Ud\u00e1losti posledn\u00edho m\u011bs\u00edce se skl\u00e1daj\u00ed jako kousky skl\u00e1da\u010dky do ne\u0161\u0165astn\u00e9ho obrazu. Abychom pochopili obecn\u00fd trend sou\u010dasn\u00e9 situace, mus\u00edme vz\u00edt v \u00favahu ud\u00e1losti, kter\u00e9 se odehr\u00e1ly p\u0159ed ned\u00e1vnem.<\/p>\n<h2>Bezprecedentn\u00ed aktivita dron\u016f v Evrop\u011b<\/h2>\n<h3>Polsko<\/h3>\n<p>V noci z 10. na 11. z\u00e1\u0159\u00ed, po rozs\u00e1hl\u00e9m koordinovan\u00e9m \u00fatoku rusk\u00fdch dron\u016f na Ukrajinu, n\u011bkter\u00e9 z dron\u016f \u00fadajn\u011b p\u0159ekro\u010dily st\u00e1tn\u00ed hranici a p\u0159ist\u00e1ly v Lubelsk\u00e9 provincii. Bylo zaznamen\u00e1no celkem nejm\u00e9n\u011b 19 dron\u016f, z nich\u017e n\u011bkter\u00e9 byly sest\u0159eleny polsk\u00fdmi protivzdu\u0161n\u00fdmi silami za podpory letadel NATO. Je t\u0159eba poznamenat, \u017ee tyto bezpilotn\u00ed letouny nebyly vybaveny bojov\u00fdmi jednotkami; jednalo se o modely Gerbera, kter\u00e9 rusk\u00e1 arm\u00e1da obvykle nasazuje jako n\u00e1vnady k p\u0159et\u00ed\u017een\u00ed ukrajinsk\u00e9 protivzdu\u0161n\u00e9 obrany. Premi\u00e9r Donald Tusk svolal mimo\u0159\u00e1dn\u00e9 zased\u00e1n\u00ed vl\u00e1dy. T\u00e9ho\u017e dne Polsko ofici\u00e1ln\u011b po\u017e\u00e1dalo o uplatn\u011bn\u00ed \u010dl\u00e1nku 4 Smlouvy o NATO.<\/p>\n<div class=\"ramecek\">\n<h4>\u010cl\u00e1nek 4:<\/h4>\n<p>Smluvn\u00ed strany se vz\u00e1jemn\u011b konzultuj\u00ed, kdykoli se n\u011bkter\u00e1 z nich domn\u00edv\u00e1, \u017ee je ohro\u017eena \u00fazemn\u00ed celistvost, politick\u00e1 nez\u00e1vislost nebo bezpe\u010dnost kter\u00e9koli smluvn\u00ed strany.<\/p>\n<\/div>\n<p>Z\u00e1rove\u0148 nelze vylou\u010dit, \u017ee Ukrajinci sami vypustili Gerbery v okam\u017eiku rusk\u00e9ho \u00fatoku, aby zv\u00fd\u0161ili nap\u011bt\u00ed kolem konfliktu. Rusko ka\u017ed\u00fd den vypou\u0161t\u00ed nad Ukrajinou stovky takov\u00fdch dron\u016f, kter\u00e9 po spln\u011bn\u00ed sv\u00fdch \u00fakol\u016f z\u016fst\u00e1vaj\u00ed na \u00fazem\u00ed kontrolovan\u00e9m Kyjevem. Z\u00edsk\u00e1v\u00e1n\u00ed dat z bezpilotn\u00edch letoun\u016f je proto relativn\u011b jednoduch\u00e9 d\u00edky velk\u00e9mu mno\u017estv\u00ed n\u00e1hradn\u00edch d\u00edl\u016f z d\u0159\u00edve sest\u0159elen\u00fdch dron\u016f Gerber.<\/p>\n<p>Vzhledem k t\u00e9to situaci Var\u0161ava ozn\u00e1mila operaci Eastern Guard na ochranu vzdu\u0161n\u00e9ho prostoru zem\u011b. V\u011bt\u0161ina polsk\u00fdch spojenc\u016f z NATO vyj\u00e1d\u0159ila podporu t\u00e9to operaci a sl\u00edbila vyslat voj\u00e1ky pro spole\u010dn\u00e9 operace.<\/p>\n<p>Nizozemsko hodl\u00e1 vyslat protivzdu\u0161n\u00e9 obrann\u00e9 syst\u00e9my a 300 voj\u00e1k\u016f, zat\u00edmco \u010cesk\u00e1 republika sl\u00edbila dal\u0161\u00ed vrtuln\u00edky a 100 voj\u00e1k\u016f. D\u00e1nsko vys\u00edl\u00e1 dva st\u00edhac\u00ed letouny F-16 a vojenskou fregatu.<\/p>\n<p>Berl\u00edn prohl\u00e1sil, \u017ee \u201ezintenzivn\u00ed sv\u00e9 aktivity pod\u00e9l v\u00fdchodn\u00edch hranic NATO\u201c a roz\u0161\u00ed\u0159\u00ed kontrolu sv\u00e9ho vzdu\u0161n\u00e9ho prostoru tak, aby zahrnoval Polsko. Berl\u00edn se chyst\u00e1 nasadit do polsk\u00e9ho vzdu\u0161n\u00e9ho prostoru \u010dty\u0159i st\u00edhac\u00ed letouny Eurofighter Typhoon.<\/p>\n<p>N\u011bmeck\u00e1 brig\u00e1da bude nasazena tak\u00e9 v Litv\u011b.<\/p>\n<p>Francouzsk\u00fd prezident Emmanuel Macron mezit\u00edm ozn\u00e1mil, \u017ee Pa\u0159\u00ed\u017e vys\u00edl\u00e1 t\u0159i st\u00edhac\u00ed letouny Rafale na ochranu polsk\u00e9ho vzdu\u0161n\u00e9ho prostoru.<\/p>\n<h3>Skandin\u00e1vsk\u00e9 zem\u011b<\/h3>\n<p>Nejm\u00e9n\u011b \u010dty\u0159i velk\u00e9 drony naru\u0161ily 23. z\u00e1\u0159\u00ed na \u010dty\u0159i hodiny provoz na leti\u0161ti v Kodani v D\u00e1nsku. V d\u016fsledku toho bylo 51 let\u016f odklon\u011bno a 109 zru\u0161eno, co\u017e m\u011blo dopad na 20 000 cestuj\u00edc\u00edch. Bezpilotn\u00ed letouny tak\u00e9 zp\u016fsobily, \u017ee leti\u0161t\u011b ve Stockholmu ve \u0160v\u00e9dsku pozastavilo provoz na v\u00edce ne\u017e t\u0159i hodiny. K lokalizaci a eliminaci dron\u016f byly nasazeny letouny NATO E-3 AWACS s dlouh\u00fdm dosahem pro detekci radarem a ur\u010den\u00ed c\u00edl\u016f. \u017d\u00e1dn\u00fd z dron\u016f v\u0161ak nebyl sest\u0159elen a zmizely nezn\u00e1m\u00fdm sm\u011brem.<\/p>\n<p>Podruh\u00e9 byly nad Skandin\u00e1vi\u00ed spat\u0159eny neidentifikovan\u00e9 bezpilotn\u00ed letouny. V d\u016fsledku toho byla v noci 25. z\u00e1\u0159\u00ed uzav\u0159ena t\u0159i leti\u0161t\u011b v D\u00e1nsku: Aalborg, Esbjerg a Svendborg. Byl tak\u00e9 vyhl\u00e1\u0161en stav vysok\u00e9 pohotovosti na kl\u00ed\u010dov\u00e9 z\u00e1kladn\u011b d\u00e1nsk\u00e9ho letectva ve Skridstrupu, kde jsou um\u00edst\u011bny st\u00edhac\u00ed letouny F-16 a F-35.<\/p>\n<p>Je z\u0159ejm\u00e9, \u017ee to zvy\u0161uje \u00farove\u0148 \u00fazkosti mezi evropsk\u00fdm obyvatelstvem a podobn\u00e9 incidenty se mohou opakovat. M\u00e9dia ani nemus\u00ed tuto zpr\u00e1vu p\u0159eh\u00e1n\u011bt \u2013 pro pr\u016fm\u011brn\u00e9ho \u010dlov\u011bka je z\u0159ejm\u00e9, \u017ee pokud je Evropa v \u201echladn\u00e9m\u201c konfliktu s Moskvou, mus\u00ed b\u00fdt drony rusk\u00e9.<\/p>\n<div class=\"karta\">\n<figure><img decoding=\"async\" loading=\"lazy\" class=\"aligncenter\" src=\"https:\/\/zvedavec.news\/images\/25\/zelevsky-utok-pod-falesnou-vlajknou-1.jpg\" alt=\"[...]\" width=\"589\" height=\"331\" \/><\/figure>\n<\/div>\n<h2>Do\u0161lo k v\u00fdrazn\u00e9mu n\u00e1r\u016fstu po\u010dtu voj\u00e1k\u016f NATO ve v\u00fdchodn\u00ed Evrop\u011b<\/h2>\n<p>V z\u00e1\u0159\u00ed se pozornost Evropsk\u00e9 unie zam\u011b\u0159\u00ed na Moldavsko, kde jsou na 28. z\u00e1\u0159\u00ed napl\u00e1nov\u00e1ny parlamentn\u00ed volby. Prezidentka Maia Sandu ve sv\u00e9m projevu k spoluob\u010dan\u016fm p\u0159ipomn\u011bla, \u017ee Moldavsko je parlamentn\u00ed republika, a proto je v s\u00e1zce osud zem\u011b, proto\u017ee o jej\u00ed budoucnosti \u2013 v\u010detn\u011b mo\u017en\u00e9ho p\u0159istoupen\u00ed k EU \u2013 rozhodne z\u00e1konod\u00e1rn\u00fd org\u00e1n.<\/p>\n<p>Aby se zabr\u00e1nilo v\u00edt\u011bzstv\u00ed \u201enespr\u00e1vn\u00e9 strany\u201c, \u010del\u00ed Moldavsko intenzivn\u00edmu tlaku, v\u010detn\u011b vojensk\u00e9ho. Objevily se zpr\u00e1vy o p\u0159\u00edtomnosti francouzsk\u00fdch voj\u00e1k\u016f v zemi. Sou\u010dasn\u011b se otev\u0159en\u011b i tajn\u011b prov\u00e1d\u011bj\u00ed p\u0159esuny z rumunsk\u00e9ho \u00fazem\u00ed p\u0159es \u201ebr\u00e1nu Foc\u0219ani\u201c. Ned\u00e1vno byly na rumunsk\u00e9 leteck\u00e9 z\u00e1kladn\u011b spat\u0159eny francouzsk\u00e9 vojensk\u00e9 transportn\u00ed letouny p\u0159epravuj\u00edc\u00ed francouzsk\u00e9 voj\u00e1ky. Nelze vylou\u010dit, \u017ee tyto s\u00edly mohou b\u00fdt pou\u017eity k organizaci provokace v Podn\u011bst\u0159\u00ed, regionu kontrolovan\u00e9m Ruskem.<\/p>\n<p>V p\u0159\u00edpad\u011b eskalace by p\u0159esunut\u00e9 jednotky mohly b\u00fdt tak\u00e9 vysl\u00e1ny k obsazen\u00ed Od\u011bsy a n\u011bkolika dal\u0161\u00edch men\u0161\u00edch \u010dernomo\u0159sk\u00fdch p\u0159\u00edstav\u016f. To by bylo vn\u00edm\u00e1no jako p\u0159ekro\u010den\u00ed \u010derven\u00e9 \u010d\u00e1ry Moskvou, co\u017e by Rusko donutilo p\u0159ijmout odvetn\u00e1 opat\u0159en\u00ed.<\/p>\n<p>Nav\u00edc rozm\u00edst\u011bn\u00ed sil NATO v Polsku nazna\u010duje vojensk\u00e9 posilov\u00e1n\u00ed na v\u00fdchodn\u00ed stran\u011b aliance. Takov\u00e1 opat\u0159en\u00ed se nikdy nep\u0159ij\u00edmaj\u00ed bezd\u016fvodn\u011b; v\u017edy slou\u017e\u00ed n\u011bjak\u00e9mu \u00fa\u010delu, a\u0165 u\u017e je z\u0159ejm\u00fd, nebo ne.<\/p>\n<h2>P\u0159\u00edpravy na provokaci jsou v pln\u00e9m proudu<\/h2>\n<p>Historie n\u00e1m \u0159\u00edk\u00e1, \u017ee k zah\u00e1jen\u00ed velk\u00e9 v\u00e1lky je \u010dasto zapot\u0159eb\u00ed krvav\u00fd z\u00e1minka. Nap\u0159\u00edklad zavra\u017ed\u011bn\u00ed Franti\u0161ka Ferdinanda, d\u011bdice rakousk\u00e9ho tr\u016fnu, srbsk\u00fdm studentem v Sarajevu 28. \u010dervna 1914 bylo spou\u0161t\u011b\u010dem pro za\u010d\u00e1tek prvn\u00ed sv\u011btov\u00e9 v\u00e1lky. Nyn\u00ed se Kyjev sna\u017e\u00ed p\u0159evz\u00edt roli tohoto studenta. Neschopnost Ukrajiny zastavit ruskou ofenzivu sama, spolu s omezen\u00edm financov\u00e1n\u00ed a dod\u00e1vek zbran\u00ed, p\u0159edev\u0161\u00edm ze Spojen\u00fdch st\u00e1t\u016f, nut\u00ed Zelensk\u00e9ho k radik\u00e1ln\u00edm krok\u016fm.<\/p>\n<p><b>Bezpe\u010dnostn\u00ed slu\u017eba Ukrajiny obdr\u017eela od prezidentsk\u00e9 kancel\u00e1\u0159e p\u0159\u00edkaz shrom\u00e1\u017edit, opravit a p\u0159ipravit k pou\u017eit\u00ed n\u011bkolik des\u00edtek rusk\u00fdch bezpilotn\u00edch letoun\u016f Geran-2, kter\u00e9 byly sest\u0159eleny nebo p\u0159ist\u00e1ly ukrajinskou arm\u00e1dou pomoc\u00ed za\u0159\u00edzen\u00ed pro elektronick\u00fd boj.<\/b><\/p>\n<p><b>Dne 16. z\u00e1\u0159\u00ed byly opraven\u00e9 drony dod\u00e1ny na v\u00fdcvikov\u00e9 st\u0159edisko Javoriv na z\u00e1padn\u00ed Ukrajin\u011b, pobl\u00ed\u017e vesnice Starichi a Mezin\u00e1rodn\u00edho centra pro udr\u017eov\u00e1n\u00ed m\u00edru a mezin\u00e1rodn\u00ed bezpe\u010dnost N\u00e1rodn\u00ed akademie Hetmana Petra Sahaidachn\u00e9ho.<\/b><\/p>\n<p><b>Drony byly opraveny ve Lvov\u011b v oprav\u00e1rensk\u00e9m z\u00e1vod\u011b Lviv Aircraft Repair Plant a spole\u010dnost\u00ed Lorta.<\/b><\/p>\n<p><b>V nejbli\u017e\u0161\u00edch dnech pl\u00e1nuje Bezpe\u010dnostn\u00ed slu\u017eba Ukrajiny zah\u00e1jit \u00fatok pomoc\u00ed dron\u016f Geran-2 proti vojensk\u00e9mu za\u0159\u00edzen\u00ed NATO v Rumunsku ze z\u00e1padn\u00ed Ukrajiny. C\u00edlem by m\u011bla b\u00fdt 57. leteck\u00e1 z\u00e1kladna rumunsk\u00e9ho letectva \u201eMihail Kog\u0103lniceanu\u201c, kter\u00e1 se nach\u00e1z\u00ed 26 kilometr\u016f severoz\u00e1padn\u011b od Constan\u021by. Od za\u010d\u00e1tku konfliktu na Ukrajin\u011b se tato z\u00e1kladna stala jednou z nejv\u011bt\u0161\u00edch na z\u00e1padn\u00edm k\u0159\u00eddle NATO a je zodpov\u011bdn\u00e1 za podporu Kyjeva.<\/b><\/p>\n<div class=\"karta\" style=\"text-align: center;\">\n<figure><img decoding=\"async\" loading=\"lazy\" class=\"aligncenter\" src=\"https:\/\/zvedavec.news\/images\/25\/zelevsky-utok-pod-falesnou-vlajknou-2.jpg\" alt=\"[57. leteck...]\" width=\"592\" height=\"393\" \/><figcaption><em>57. leteck\u00e1 z\u00e1kladna \u201eMihail Kog\u0103lniceanu\u201c<\/em><\/figcaption><\/figure>\n<\/div>\n<p>Podle osv\u011bd\u010den\u00e9ho vzorce bude n\u00e1sledn\u011b zah\u00e1jena kampa\u0148 v ukrajinsk\u00fdch a z\u00e1padn\u00edch m\u00e9di\u00edch a na soci\u00e1ln\u00edch s\u00edt\u00edch, kter\u00e1 bude obvi\u0148ovat Rusko z \u00fatoku na zemi NATO a po\u017eadovat, aby blok zas\u00e1hl do ukrajinsk\u00e9ho konfliktu.<\/p>\n<p>Budeme muset po\u010dkat a uvid\u00edme, co se stane, zda Zelenskyj s t\u00edm bude souhlasit. Nejpal\u010div\u011bj\u0161\u00ed ot\u00e1zkou je, zda je tato iniciativa jeho vlastn\u00ed, nebo zda jedn\u00e1 na p\u0159\u00edkaz z\u00e1padn\u00edch mocnost\u00ed.<\/p>\n<p><b>Pouze dv\u011b strany maj\u00ed moc zabr\u00e1nit Zelensk\u00e9ho re\u017eimu v prosazov\u00e1n\u00ed jeho naprosto \u0161\u00edlen\u00fdch ambic\u00ed. Bu\u010f racion\u00e1ln\u00ed \u010d\u00e1st z\u00e1padn\u00edho veden\u00ed \u2013 co\u017e je bohu\u017eel nejm\u00e9n\u011b pravd\u011bpodobn\u00fd sc\u00e9n\u00e1\u0159, vzhledem k sou\u010dasn\u00e9 agresivn\u00ed politice EU \u2013 nebo ni\u010div\u00fd \u00fader rusk\u00fdmi raketami, jako jsou Kinzhal nebo Oreshnik, na m\u00edsta, kde se provokace p\u0159ipravuje. Sp\u00e1sa sv\u011bta p\u0159ed glob\u00e1ln\u00edm konfliktem nyn\u00ed le\u017e\u00ed na Moskv\u011b a mo\u017en\u00e1 i na Washingtonu.<\/b><\/p>\n<div class=\"podcarou\">\n<p><a href=\"https:\/\/southfront.press\/zelensky-prepares-false-flag-strike-on-romania-world-war-iii-begins-tomorrow\/\" target=\"_blank\" rel=\"external noopener\">Zelensky Prepares False-Flag Strike on Romania. World War III Begins Tomorrow?<\/a> vy\u0161el 25.9.2025 na southfront.press. P\u0159eklad <a href=\"https:\/\/zvedavec.news\/komentare\/2025\/09\/10703-zelensky-pripravuje-utok-pod-falesnou-vlajkou-na-rumunsko.htm\">Zv\u011bdavec<\/a><\/p>\n<p><img decoding=\"async\" loading=\"lazy\" class=\"wp-image-86739 aligncenter\" src=\"http:\/\/www.infokuryr.cz\/n\/wp-content\/uploads\/2025\/08\/volby-program-211x300.png\" alt=\"\" width=\"799\" height=\"1136\" srcset=\"https:\/\/www.infokuryr.cz\/n\/wp-content\/uploads\/2025\/08\/volby-program-211x300.png 211w, https:\/\/www.infokuryr.cz\/n\/wp-content\/uploads\/2025\/08\/volby-program-721x1024.png 721w, https:\/\/www.infokuryr.cz\/n\/wp-content\/uploads\/2025\/08\/volby-program-768x1091.png 768w, https:\/\/www.infokuryr.cz\/n\/wp-content\/uploads\/2025\/08\/volby-program-1081x1536.png 1081w, https:\/\/www.infokuryr.cz\/n\/wp-content\/uploads\/2025\/08\/volby-program-1442x2048.png 1442w, https:\/\/www.infokuryr.cz\/n\/wp-content\/uploads\/2025\/08\/volby-program-1024x1455.png 1024w\" sizes=\"(max-width: 799px) 100vw, 799px\" \/><\/p>\n<\/div>\n","protected":false},"excerpt":{"rendered":"<p>Za\u010dne z\u00edtra t\u0159et\u00ed sv\u011btov\u00e1 v\u00e1lka? Situace na front\u011b se zhor\u0161uje, Kyjev p\u0159ipravuje nejv\u00fdznamn\u011bj\u0161\u00ed provokaci cel\u00e9ho&#8230;<\/p>\n","protected":false},"author":2,"featured_media":88886,"comment_status":"closed","ping_status":"closed","sticky":false,"template":"","format":"standard","meta":[],"categories":[7],"tags":[2856,716,196,40,1000],"_links":{"self":[{"href":"https:\/\/www.infokuryr.cz\/n\/wp-json\/wp\/v2\/posts\/88885"}],"collection":[{"href":"https:\/\/www.infokuryr.cz\/n\/wp-json\/wp\/v2\/posts"}],"about":[{"href":"https:\/\/www.infokuryr.cz\/n\/wp-json\/wp\/v2\/types\/post"}],"author":[{"embeddable":true,"href":"https:\/\/www.infokuryr.cz\/n\/wp-json\/wp\/v2\/users\/2"}],"replies":[{"embeddable":true,"href":"https:\/\/www.infokuryr.cz\/n\/wp-json\/wp\/v2\/comments?post=88885"}],"version-history":[{"count":0,"href":"https:\/\/www.infokuryr.cz\/n\/wp-json\/wp\/v2\/posts\/88885\/revisions"}],"wp:featuredmedia":[{"embeddable":true,"href":"https:\/\/www.infokuryr.cz\/n\/wp-json\/wp\/v2\/media\/88886"}],"wp:attachment":[{"href":"https:\/\/www.infokuryr.cz\/n\/wp-json\/wp\/v2\/media?parent=88885"}],"wp:term":[{"taxonomy":"category","embeddable":true,"href":"https:\/\/www.infokuryr.cz\/n\/wp-json\/wp\/v2\/categories?post=88885"},{"taxonomy":"post_tag","embeddable":true,"href":"https:\/\/www.infokuryr.cz\/n\/wp-json\/wp\/v2\/tags?post=88885"}],"curies":[{"name":"wp","href":"https:\/\/api.w.org\/{rel}","templated":true}]}}