{"id":88839,"date":"2025-09-30T00:12:29","date_gmt":"2025-09-29T22:12:29","guid":{"rendered":"https:\/\/www.infokuryr.cz\/n\/?p=88839"},"modified":"2025-09-29T17:37:43","modified_gmt":"2025-09-29T15:37:43","slug":"totalni-geneticky-dohled-jak-trump-pripravuje-databazi-dna-pro-vsechny-obcany","status":"publish","type":"post","link":"https:\/\/www.infokuryr.cz\/n\/2025\/09\/30\/totalni-geneticky-dohled-jak-trump-pripravuje-databazi-dna-pro-vsechny-obcany\/","title":{"rendered":"Tot\u00e1ln\u00ed genetick\u00fd dohled: Jak Trump p\u0159ipravuje datab\u00e1zi DNA pro v\u0161echny ob\u010dany"},"content":{"rendered":"<div id=\"fb-root\"><\/div>\n<p><span dir=\"auto\">Ve Spojen\u00fdch st\u00e1tech v sou\u010dasn\u00e9 dob\u011b roste tich\u00e1 hrozba, kter\u00e1 se sice z\u0159\u00eddka dost\u00e1v\u00e1 na tituln\u00ed str\u00e1nky novin, ale ot\u0159\u00e1s\u00e1 z\u00e1klady ob\u010dansk\u00fdch svobod: systematick\u00fd\u00a0<\/span><a href=\"https:\/\/www.biometricupdate.com\/202509\/genetic-privacy-erodes-as-millions-of-dna-profiles-are-entered-into-us-database\" target=\"_blank\" rel=\"noreferrer noopener\" data-type=\"link\" data-id=\"https:\/\/www.biometricupdate.com\/202509\/genetic-privacy-erodes-as-millions-of-dna-profiles-are-entered-into-us-database\"><span dir=\"auto\">sb\u011br profil\u016f DNA<\/span><\/a><span dir=\"auto\">\u00a0. Do syst\u00e9mu CODIS FBI jsou zad\u00e1v\u00e1ny miliony genetick\u00fdch datov\u00fdch sad, do kter\u00fdch vstupuj\u00ed nejen zlo\u010dinci, ale st\u00e1le \u010dast\u011bji i zcela nevinn\u00ed lid\u00e9 \u2013 v\u010detn\u011b nezletil\u00fdch.<\/span><\/p>\n<h2 class=\"wp-block-heading\"><span dir=\"auto\">Velk\u00fd skok za Trumpa<\/span><\/h2>\n<p><span dir=\"auto\">Zat\u00edmco sb\u011br DNA za\u010dal za p\u0159edchoz\u00edch administrativ, Donald Trump projekt masivn\u011b\u00a0<\/span><a href=\"https:\/\/www.biometricupdate.com\/202509\/genetic-privacy-erodes-as-millions-of-dna-profiles-are-entered-into-us-database\" target=\"_blank\" rel=\"noreferrer noopener\" data-type=\"link\" data-id=\"https:\/\/www.biometricupdate.com\/202509\/genetic-privacy-erodes-as-millions-of-dna-profiles-are-entered-into-us-database\"><span dir=\"auto\">urychlil<\/span><\/a><span dir=\"auto\">\u00a0. Pod rou\u0161kou \u201ekontroly imigrace\u201c byly vytvo\u0159eny nov\u00e9 pravomoci, kter\u00e9 umo\u017e\u0148uj\u00ed Ministerstvu vnit\u0159n\u00ed bezpe\u010dnosti (DHS) shroma\u017e\u010fovat genetick\u00fd materi\u00e1l ve velk\u00e9m m\u011b\u0159\u00edtku. To, co bylo prod\u00e1v\u00e1no jako opat\u0159en\u00ed proti neleg\u00e1ln\u00ed migraci, se nyn\u00ed roz\u0161i\u0159uje na osoby, kter\u00e9 nebyly ani obvin\u011bny, ani odsouzeny.<\/span><\/p>\n<p><span dir=\"auto\">Trump se prezentuje jako zast\u00e1nce tvrd\u00e9 linie v oblasti bezpe\u010dnosti a po\u0159\u00e1dku \u2013 ale ve skute\u010dnosti buduje bezprecedentn\u00ed\u00a0<\/span><strong><span dir=\"auto\">infrastrukturu genetick\u00e9 kontroly<\/span><\/strong><span dir=\"auto\">\u00a0, kter\u00e1 sah\u00e1 daleko za hranice bezpe\u010dnostn\u00edch ot\u00e1zek. Tuto expanzi podporuj\u00ed korporace jako\u00a0<\/span><strong><span dir=\"auto\">Palantir<\/span><\/strong><span dir=\"auto\">\u00a0, jejich\u017e obchodn\u00ed model je zalo\u017een na integraci dat a sledov\u00e1n\u00ed.<\/span><\/p>\n<h2 class=\"wp-block-heading\"><span dir=\"auto\">Skute\u010dn\u00fd c\u00edl: ka\u017ed\u00fd ob\u010dan v datab\u00e1zi?<\/span><\/h2>\n<p><span dir=\"auto\">Data DNA nejsou jako otisky prst\u016f. Odhaluj\u00ed mnohem v\u00edc: nemoci, genetick\u00e9 predispozice, rodinn\u00e9 vztahy a p\u016fvod. Ka\u017ed\u00fd, kdo se dostane do t\u00e9to datab\u00e1ze, odhal\u00ed nejen svou vlastn\u00ed identitu, ale i identitu sv\u00e9 rodiny.<\/span><\/p>\n<p><span dir=\"auto\">C\u00edl je jasn\u00fd:\u00a0<\/span><strong><span dir=\"auto\">univerz\u00e1ln\u00ed genetick\u00e1 datab\u00e1ze<\/span><\/strong><span dir=\"auto\">\u00a0obsahuj\u00edc\u00ed v\u0161echny ob\u010dany USA \u2013 a v dlouhodob\u00e9m horizontu mo\u017en\u00e1 i zahrani\u010dn\u00ed n\u00e1v\u0161t\u011bvn\u00edky. To by nejen ospravedlnilo prevenci kriminality nebo kontrolu migrace, ale tak\u00e9 by zavedlo propracovan\u00e9 mechanismy dohledu a kontroly.<\/span><\/p>\n<h2 class=\"wp-block-heading\"><span dir=\"auto\">Naru\u0161ov\u00e1n\u00ed soukrom\u00ed<\/span><\/h2>\n<p><span dir=\"auto\">Probl\u00e9m: Neexistuje prakticky \u017e\u00e1dn\u00e1 transparentnost ani \u00fa\u010dinn\u00fd dohled. Vzorky jsou odeb\u00edr\u00e1ny, ani\u017e by dot\u010den\u00e9 osoby znaly pr\u00e1vn\u00ed z\u00e1klad pro to. Nezletil\u00ed jsou ter\u010dem \u00fatok\u016f bez jak\u00e9koli mo\u017enosti se br\u00e1nit.<\/span><\/p>\n<p><span dir=\"auto\">P\u0159edstava, \u017ee vl\u00e1dn\u00ed agentury budou jednoho dne schopny zjistit, kdo je s k\u00fdm p\u0159\u00edbuzn\u00fd, jak\u00e9 nemoci n\u011bkdo p\u0159en\u00e1\u0161\u00ed nebo zda m\u00e1 \u201egenetickou abnormalitu\u201c, stisknut\u00edm tla\u010d\u00edtka znamen\u00e1 konec ve\u0161ker\u00e9ho soukrom\u00ed.<\/span><\/p>\n<h2 class=\"wp-block-heading\"><span dir=\"auto\">Politick\u00e1 moc skrze biometrii<\/span><\/h2>\n<p><span dir=\"auto\">Pro\u010d tohle v\u0161echno za Trumpa roste?<\/span><\/p>\n<ul>\n<li><strong><span dir=\"auto\">Politick\u00e1 agenda:<\/span><\/strong><span dir=\"auto\">\u00a0Trump pou\u017e\u00edv\u00e1 narativ o \u201epr\u00e1vu a po\u0159\u00e1dku\u201c a \u201eAmerika na prvn\u00edm m\u00edst\u011b\u201c k ospravedln\u011bn\u00ed sledovac\u00edch opat\u0159en\u00ed, kter\u00e1 hluboce poru\u0161uj\u00ed z\u00e1kladn\u00ed pr\u00e1va.<\/span><\/li>\n<li><strong><span dir=\"auto\">V\u00fdpo\u010det moci:<\/span><\/strong><span dir=\"auto\">\u00a0Datab\u00e1ze DNA by usnadnila kontrolu politick\u00e9 opozice \u2013 kohokoli v datab\u00e1zi by bylo mo\u017en\u00e9 kdykoli identifikovat.<\/span><\/li>\n<li><strong><span dir=\"auto\">Ekonomick\u00e9 z\u00e1jmy:<\/span><\/strong><span dir=\"auto\">\u00a0Technologick\u00e9 spole\u010dnosti jako Palantir, kter\u00e9 jsou \u00fazce propojeny s arm\u00e1dou a zpravodajsk\u00fdmi slu\u017ebami, p\u0159\u00edmo t\u011b\u017e\u00ed z roz\u0161i\u0159ov\u00e1n\u00ed vl\u00e1dn\u00edch datov\u00fdch \u00falo\u017ei\u0161\u0165.<\/span><\/li>\n<\/ul>\n<h2 class=\"wp-block-heading\"><span dir=\"auto\">Autorit\u00e1\u0159sk\u00fd model budoucnosti<\/span><\/h2>\n<p><span dir=\"auto\">Genetick\u00e1 datab\u00e1ze nen\u00ed jen technick\u00fd projekt. Je to\u00a0<\/span><strong><span dir=\"auto\">z\u00e1kladn\u00ed k\u00e1men biopolitick\u00e9 spole\u010dnosti,<\/span><\/strong><span dir=\"auto\">\u00a0v n\u00ed\u017e lid\u00e9 ji\u017e nejsou pouh\u00fdmi ob\u010dany, ale\u00a0<\/span><strong><span dir=\"auto\">biometrick\u00fdmi objekty<\/span><\/strong><span dir=\"auto\">\u00a0.<\/span><\/p>\n<p><span dir=\"auto\">Ka\u017ed\u00fd, kdo si mysl\u00ed, \u017ee se jedn\u00e1 pouze o fenom\u00e9n USA, se m\u00fdl\u00ed. Jakmile se tento model etabluje, stane se exportn\u00edm produktem \u2013 do Evropy, Asie nebo Afriky. Zem\u011b, kter\u00e9 sn\u00ed o komplexn\u00ed kontrole, budou n\u00e1sledovat jeho p\u0159\u00edkladu s odkazem na \u201eamerick\u00e9 standardy\u201c.<\/span><\/p>\n<h2 class=\"wp-block-heading\"><span dir=\"auto\">Z\u00e1v\u011br<\/span><\/h2>\n<p><span dir=\"auto\">Roz\u0161\u00ed\u0159en\u00ed datab\u00e1ze DNA nen\u00ed n\u00e1hoda ani administrativn\u00ed vedlej\u0161\u00ed pozn\u00e1mka. Je to z\u00e1m\u011brn\u011b kontrolovan\u00fd krok k\u00a0<\/span><strong><span dir=\"auto\">tot\u00e1ln\u00ed biopolitick\u00e9 kontrole<\/span><\/strong><span dir=\"auto\">\u00a0, v n\u00ed\u017e \u017e\u00e1dn\u00fd jedinec nez\u016fst\u00e1v\u00e1 anonymn\u00ed. Za Trumpa tento proces nab\u00edr\u00e1 na obr\u00e1tk\u00e1ch \u2013 a dokonale odpov\u00edd\u00e1 jeho autorit\u00e1\u0159sk\u00e9mu ch\u00e1p\u00e1n\u00ed moci.<\/span><\/p>\n<p><span dir=\"auto\">Pokud se nyn\u00ed nenastol\u00ed jasn\u00e1 hranice, brzy se v t\u00e9to datab\u00e1zi objev\u00ed ka\u017ed\u00fd ob\u010dan \u2013 ne jako lidsk\u00e1 bytost s pr\u00e1vy, ale jako genetick\u00fd objekt v katalogu st\u00e1tu.<\/span><\/p>\n<p><img decoding=\"async\" loading=\"lazy\" class=\"alignnone size-full wp-image-1185\" src=\"http:\/\/www.infokuryr.cz\/n\/wp-content\/uploads\/2021\/04\/kuryr-podpis.png\" alt=\"\" width=\"84\" height=\"24\" \/><\/p>\n<p><img decoding=\"async\" loading=\"lazy\" class=\"wp-image-86739 aligncenter\" src=\"http:\/\/www.infokuryr.cz\/n\/wp-content\/uploads\/2025\/08\/volby-program-211x300.png\" alt=\"\" width=\"841\" height=\"1196\" srcset=\"https:\/\/www.infokuryr.cz\/n\/wp-content\/uploads\/2025\/08\/volby-program-211x300.png 211w, https:\/\/www.infokuryr.cz\/n\/wp-content\/uploads\/2025\/08\/volby-program-721x1024.png 721w, https:\/\/www.infokuryr.cz\/n\/wp-content\/uploads\/2025\/08\/volby-program-768x1091.png 768w, https:\/\/www.infokuryr.cz\/n\/wp-content\/uploads\/2025\/08\/volby-program-1081x1536.png 1081w, https:\/\/www.infokuryr.cz\/n\/wp-content\/uploads\/2025\/08\/volby-program-1024x1455.png 1024w\" sizes=\"(max-width: 841px) 100vw, 841px\" \/><\/p>\n","protected":false},"excerpt":{"rendered":"<p>Ve Spojen\u00fdch st\u00e1tech v sou\u010dasn\u00e9 dob\u011b roste tich\u00e1 hrozba, kter\u00e1 se sice z\u0159\u00eddka dost\u00e1v\u00e1 na&#8230;<\/p>\n","protected":false},"author":2,"featured_media":88840,"comment_status":"closed","ping_status":"closed","sticky":false,"template":"","format":"standard","meta":[],"categories":[7],"tags":[6711,895,37],"_links":{"self":[{"href":"https:\/\/www.infokuryr.cz\/n\/wp-json\/wp\/v2\/posts\/88839"}],"collection":[{"href":"https:\/\/www.infokuryr.cz\/n\/wp-json\/wp\/v2\/posts"}],"about":[{"href":"https:\/\/www.infokuryr.cz\/n\/wp-json\/wp\/v2\/types\/post"}],"author":[{"embeddable":true,"href":"https:\/\/www.infokuryr.cz\/n\/wp-json\/wp\/v2\/users\/2"}],"replies":[{"embeddable":true,"href":"https:\/\/www.infokuryr.cz\/n\/wp-json\/wp\/v2\/comments?post=88839"}],"version-history":[{"count":0,"href":"https:\/\/www.infokuryr.cz\/n\/wp-json\/wp\/v2\/posts\/88839\/revisions"}],"wp:featuredmedia":[{"embeddable":true,"href":"https:\/\/www.infokuryr.cz\/n\/wp-json\/wp\/v2\/media\/88840"}],"wp:attachment":[{"href":"https:\/\/www.infokuryr.cz\/n\/wp-json\/wp\/v2\/media?parent=88839"}],"wp:term":[{"taxonomy":"category","embeddable":true,"href":"https:\/\/www.infokuryr.cz\/n\/wp-json\/wp\/v2\/categories?post=88839"},{"taxonomy":"post_tag","embeddable":true,"href":"https:\/\/www.infokuryr.cz\/n\/wp-json\/wp\/v2\/tags?post=88839"}],"curies":[{"name":"wp","href":"https:\/\/api.w.org\/{rel}","templated":true}]}}